{"id":174253,"date":"2026-04-30T21:10:01","date_gmt":"2026-04-30T19:10:01","guid":{"rendered":"https:\/\/likemetkovic.hr\/portal\/?p=174253"},"modified":"2026-04-30T21:10:01","modified_gmt":"2026-04-30T19:10:01","slug":"maloljetnici-koji-su-lazno-prijetili-bombama-osumnjiceni-za-terorizam-otkriveno-kako-su-se-povezali","status":"publish","type":"post","link":"https:\/\/likemetkovic.hr\/portal\/maloljetnici-koji-su-lazno-prijetili-bombama-osumnjiceni-za-terorizam-otkriveno-kako-su-se-povezali\/","title":{"rendered":"Maloljetnici koji su la\u017eno prijetili bombama osumnji\u010deni za terorizam, otkriveno kako su se povezali!"},"content":{"rendered":"<p>Mladi\u0107i, od kojih su najmanje dvojica maloljetni, uhi\u0107eni zbog slanja la\u017enih prijetnji bombama sada se suo\u010davaju s policijskim optu\u017ebama za terorizam. Iako su isprva bili privedeni zbog sumnje na kazneno djelo la\u017ene uzbune, istra\u017eitelji su zaklju\u010dili da je slanjem oko 220 prijete\u0107ih mailova na adrese brojnih dr\u017eavnih institucija po\u010dinjeno ozbiljno zastra\u0161ivanje stanovni\u0161tva, pi\u0161e Marin De\u0161kovi\u0107 za\u00a0<a href=\"https:\/\/www.jutarnji.hr\/vijesti\/crna-kronika\/maloljetnici-gamerski-chatovi-terete-za-terorizam-220-prijetnji-bombama-15704092?cx_linkref=jl_home_g1\" target=\"blank\">Jutarnji list<\/a>.<\/p>\n<p>Policija je u proteklih 48 sati privela najmanje tri mla\u0111e osobe u Zagrebu i Splitu zbog povezanosti sa slanjem prijete\u0107ih poruka koje su posljednjih desetak dana stizale na adrese policijskih postaja, bolnica, \u0161kola, vrti\u0107a, medija i trgova\u010dkih centara. Zbog sumnje na po\u010dinjenje kaznenog djela terorizma prijeti im kazna od jedne do osam godina zatvora. O tome ho\u0107e li nadle\u017ena dr\u017eavna odvjetni\u0161tva prihvatiti ovakvu kvalifikaciju optu\u017ebi znat \u0107e se uskoro.<\/p>\n<h3>Povezali se preko interneta<\/h3>\n<p>Na podru\u010dju Dalmacije uhi\u0107ene su dvije osobe, me\u0111u kojima i jedan srednjo\u0161kolac, dok je u Zagrebu priveden petnaestogodi\u0161njak. Prema dostupnim informacijama, osumnji\u010denici se nisu osobno poznavali, no policija je opse\u017enim istra\u017eivanjem otkrila da su svi bili sudionici raznih gamerskih chat grupa. Upravo su se u tim grupama, gdje su korisnici komunicirali pod nadimcima, rodile ideje o slanju prijete\u0107ih poruka, koje su maloljetnicima predstavljene kao svojevrsni izazov.<\/p>\n<p>Dalmatinski portal ju\u010der je objavio kako je\u00a0policiju istraga oko prijete\u0107ih e-mailova dovela i do 16-godi\u0161njeg gimnazijalca. Prema neslu\u017ebenim informacijama, 16-godi\u0161njak se za slanje poruka spajao na server u Estoniji.<\/p>\n<p>Za kaznena djela povezana s terorizmom Kazneni zakon predvi\u0111a visoke kazne. Za prijetnje takvim djelima propisana je kazna od jedne do osam godina zatvora, dok se za te\u017ee oblike, poput napada s ciljem zastra\u0161ivanja stanovni\u0161tva ili prisiljavanja dr\u017eave, predvi\u0111aju kazne od tri do petnaest godina zatvora.<\/p>\n","protected":false},"excerpt":{"rendered":"<p>Mladi\u0107i, od kojih su najmanje dvojica maloljetni, uhi\u0107eni zbog slanja la\u017enih prijetnji bombama sada se suo\u010davaju s policijskim optu\u017ebama za terorizam. Iako su isprva bili privedeni zbog sumnje na kazneno djelo la\u017ene uzbune, istra\u017eitelji su zaklju\u010dili da je slanjem oko 220 prijete\u0107ih mailova na adrese brojnih dr\u017eavnih institucija po\u010dinjeno ozbiljno zastra\u0161ivanje stanovni\u0161tva, pi\u0161e Marin De\u0161kovi\u0107 [&hellip;]<\/p>\n","protected":false},"author":9,"featured_media":167322,"comment_status":"open","ping_status":"open","sticky":false,"template":"","format":"standard","meta":{"footnotes":""},"categories":[296,305],"tags":[13685],"class_list":{"0":"post-174253","1":"post","2":"type-post","3":"status-publish","4":"format-standard","5":"has-post-thumbnail","7":"category-ab","8":"category-crna-kronika","9":"tag-prijetece-poruke"},"yoast_head":"<!-- This site is optimized with the Yoast SEO plugin v25.2 - https:\/\/yoast.com\/wordpress\/plugins\/seo\/ -->\n<title>Maloljetnici koji su la\u017eno prijetili bombama osumnji\u010deni za terorizam, otkriveno kako su se povezali! - likemetkovic.hr<\/title>\n<meta name=\"robots\" content=\"index, follow, max-snippet:-1, max-image-preview:large, max-video-preview:-1\" \/>\n<link rel=\"canonical\" href=\"https:\/\/likemetkovic.hr\/portal\/maloljetnici-koji-su-lazno-prijetili-bombama-osumnjiceni-za-terorizam-otkriveno-kako-su-se-povezali\/\" \/>\n<meta property=\"og:locale\" content=\"hr_HR\" \/>\n<meta property=\"og:type\" content=\"article\" \/>\n<meta property=\"og:title\" content=\"Maloljetnici koji su la\u017eno prijetili bombama osumnji\u010deni za terorizam, otkriveno kako su se povezali! - likemetkovic.hr\" \/>\n<meta property=\"og:description\" content=\"Mladi\u0107i, od kojih su najmanje dvojica maloljetni, uhi\u0107eni zbog slanja la\u017enih prijetnji bombama sada se suo\u010davaju s policijskim optu\u017ebama za terorizam. Iako su isprva bili privedeni zbog sumnje na kazneno djelo la\u017ene uzbune, istra\u017eitelji su zaklju\u010dili da je slanjem oko 220 prijete\u0107ih mailova na adrese brojnih dr\u017eavnih institucija po\u010dinjeno ozbiljno zastra\u0161ivanje stanovni\u0161tva, pi\u0161e Marin De\u0161kovi\u0107 [&hellip;]\" \/>\n<meta property=\"og:url\" content=\"https:\/\/likemetkovic.hr\/portal\/maloljetnici-koji-su-lazno-prijetili-bombama-osumnjiceni-za-terorizam-otkriveno-kako-su-se-povezali\/\" \/>\n<meta property=\"og:site_name\" content=\"likemetkovic.hr\" \/>\n<meta property=\"article:publisher\" content=\"https:\/\/www.facebook.com\/likemetkovic.hr\/\" \/>\n<meta property=\"article:published_time\" content=\"2026-04-30T19:10:01+00:00\" \/>\n<meta property=\"og:image\" content=\"https:\/\/likemetkovic.hr\/portal\/wp-content\/uploads\/2025\/07\/bljeskalica-policija.jpg\" \/>\n\t<meta property=\"og:image:width\" content=\"750\" \/>\n\t<meta property=\"og:image:height\" content=\"500\" \/>\n\t<meta property=\"og:image:type\" content=\"image\/jpeg\" \/>\n<meta name=\"author\" content=\"K. J.\" \/>\n<meta name=\"twitter:card\" content=\"summary_large_image\" \/>\n<meta name=\"twitter:label1\" content=\"Napisao\/la\" \/>\n\t<meta name=\"twitter:data1\" content=\"K. J.\" \/>\n\t<meta name=\"twitter:label2\" content=\"Procijenjeno vrijeme \u010ditanja\" \/>\n\t<meta name=\"twitter:data2\" content=\"2 minute\" \/>\n<script type=\"application\/ld+json\" class=\"yoast-schema-graph\">{\"@context\":\"https:\/\/schema.org\",\"@graph\":[{\"@type\":\"WebPage\",\"@id\":\"https:\/\/likemetkovic.hr\/portal\/maloljetnici-koji-su-lazno-prijetili-bombama-osumnjiceni-za-terorizam-otkriveno-kako-su-se-povezali\/\",\"url\":\"https:\/\/likemetkovic.hr\/portal\/maloljetnici-koji-su-lazno-prijetili-bombama-osumnjiceni-za-terorizam-otkriveno-kako-su-se-povezali\/\",\"name\":\"Maloljetnici koji su la\u017eno prijetili bombama osumnji\u010deni za terorizam, otkriveno kako su se povezali! - likemetkovic.hr\",\"isPartOf\":{\"@id\":\"https:\/\/likemetkovic.hr\/#website\"},\"primaryImageOfPage\":{\"@id\":\"https:\/\/likemetkovic.hr\/portal\/maloljetnici-koji-su-lazno-prijetili-bombama-osumnjiceni-za-terorizam-otkriveno-kako-su-se-povezali\/#primaryimage\"},\"image\":{\"@id\":\"https:\/\/likemetkovic.hr\/portal\/maloljetnici-koji-su-lazno-prijetili-bombama-osumnjiceni-za-terorizam-otkriveno-kako-su-se-povezali\/#primaryimage\"},\"thumbnailUrl\":\"https:\/\/likemetkovic.hr\/portal\/wp-content\/uploads\/2025\/07\/bljeskalica-policija.jpg\",\"datePublished\":\"2026-04-30T19:10:01+00:00\",\"author\":{\"@id\":\"https:\/\/likemetkovic.hr\/#\/schema\/person\/0a8b4ebfdfe1ff01192dccda40c5da0c\"},\"breadcrumb\":{\"@id\":\"https:\/\/likemetkovic.hr\/portal\/maloljetnici-koji-su-lazno-prijetili-bombama-osumnjiceni-za-terorizam-otkriveno-kako-su-se-povezali\/#breadcrumb\"},\"inLanguage\":\"hr\",\"potentialAction\":[{\"@type\":\"ReadAction\",\"target\":[\"https:\/\/likemetkovic.hr\/portal\/maloljetnici-koji-su-lazno-prijetili-bombama-osumnjiceni-za-terorizam-otkriveno-kako-su-se-povezali\/\"]}]},{\"@type\":\"ImageObject\",\"inLanguage\":\"hr\",\"@id\":\"https:\/\/likemetkovic.hr\/portal\/maloljetnici-koji-su-lazno-prijetili-bombama-osumnjiceni-za-terorizam-otkriveno-kako-su-se-povezali\/#primaryimage\",\"url\":\"https:\/\/likemetkovic.hr\/portal\/wp-content\/uploads\/2025\/07\/bljeskalica-policija.jpg\",\"contentUrl\":\"https:\/\/likemetkovic.hr\/portal\/wp-content\/uploads\/2025\/07\/bljeskalica-policija.jpg\",\"width\":750,\"height\":500},{\"@type\":\"BreadcrumbList\",\"@id\":\"https:\/\/likemetkovic.hr\/portal\/maloljetnici-koji-su-lazno-prijetili-bombama-osumnjiceni-za-terorizam-otkriveno-kako-su-se-povezali\/#breadcrumb\",\"itemListElement\":[{\"@type\":\"ListItem\",\"position\":1,\"name\":\"Po\u010detna stranica\",\"item\":\"https:\/\/likemetkovic.hr\/portal\/\"},{\"@type\":\"ListItem\",\"position\":2,\"name\":\"Maloljetnici koji su la\u017eno prijetili bombama osumnji\u010deni za terorizam, otkriveno kako su se povezali!\"}]},{\"@type\":\"WebSite\",\"@id\":\"https:\/\/likemetkovic.hr\/#website\",\"url\":\"https:\/\/likemetkovic.hr\/\",\"name\":\"likemetkovic.hr\",\"description\":\"Misli pozitivno... \u010ditaj LIKE\",\"potentialAction\":[{\"@type\":\"SearchAction\",\"target\":{\"@type\":\"EntryPoint\",\"urlTemplate\":\"https:\/\/likemetkovic.hr\/?s={search_term_string}\"},\"query-input\":{\"@type\":\"PropertyValueSpecification\",\"valueRequired\":true,\"valueName\":\"search_term_string\"}}],\"inLanguage\":\"hr\"},{\"@type\":\"Person\",\"@id\":\"https:\/\/likemetkovic.hr\/#\/schema\/person\/0a8b4ebfdfe1ff01192dccda40c5da0c\",\"name\":\"K. J.\",\"url\":\"https:\/\/likemetkovic.hr\/portal\/author\/likemetkovic\/\"}]}<\/script>\n<!-- \/ Yoast SEO plugin. -->","yoast_head_json":{"title":"Maloljetnici koji su la\u017eno prijetili bombama osumnji\u010deni za terorizam, otkriveno kako su se povezali! - likemetkovic.hr","robots":{"index":"index","follow":"follow","max-snippet":"max-snippet:-1","max-image-preview":"max-image-preview:large","max-video-preview":"max-video-preview:-1"},"canonical":"https:\/\/likemetkovic.hr\/portal\/maloljetnici-koji-su-lazno-prijetili-bombama-osumnjiceni-za-terorizam-otkriveno-kako-su-se-povezali\/","og_locale":"hr_HR","og_type":"article","og_title":"Maloljetnici koji su la\u017eno prijetili bombama osumnji\u010deni za terorizam, otkriveno kako su se povezali! - likemetkovic.hr","og_description":"Mladi\u0107i, od kojih su najmanje dvojica maloljetni, uhi\u0107eni zbog slanja la\u017enih prijetnji bombama sada se suo\u010davaju s policijskim optu\u017ebama za terorizam. Iako su isprva bili privedeni zbog sumnje na kazneno djelo la\u017ene uzbune, istra\u017eitelji su zaklju\u010dili da je slanjem oko 220 prijete\u0107ih mailova na adrese brojnih dr\u017eavnih institucija po\u010dinjeno ozbiljno zastra\u0161ivanje stanovni\u0161tva, pi\u0161e Marin De\u0161kovi\u0107 [&hellip;]","og_url":"https:\/\/likemetkovic.hr\/portal\/maloljetnici-koji-su-lazno-prijetili-bombama-osumnjiceni-za-terorizam-otkriveno-kako-su-se-povezali\/","og_site_name":"likemetkovic.hr","article_publisher":"https:\/\/www.facebook.com\/likemetkovic.hr\/","article_published_time":"2026-04-30T19:10:01+00:00","og_image":[{"width":750,"height":500,"url":"https:\/\/likemetkovic.hr\/portal\/wp-content\/uploads\/2025\/07\/bljeskalica-policija.jpg","type":"image\/jpeg"}],"author":"K. J.","twitter_card":"summary_large_image","twitter_misc":{"Napisao\/la":"K. J.","Procijenjeno vrijeme \u010ditanja":"2 minute"},"schema":{"@context":"https:\/\/schema.org","@graph":[{"@type":"WebPage","@id":"https:\/\/likemetkovic.hr\/portal\/maloljetnici-koji-su-lazno-prijetili-bombama-osumnjiceni-za-terorizam-otkriveno-kako-su-se-povezali\/","url":"https:\/\/likemetkovic.hr\/portal\/maloljetnici-koji-su-lazno-prijetili-bombama-osumnjiceni-za-terorizam-otkriveno-kako-su-se-povezali\/","name":"Maloljetnici koji su la\u017eno prijetili bombama osumnji\u010deni za terorizam, otkriveno kako su se povezali! - likemetkovic.hr","isPartOf":{"@id":"https:\/\/likemetkovic.hr\/#website"},"primaryImageOfPage":{"@id":"https:\/\/likemetkovic.hr\/portal\/maloljetnici-koji-su-lazno-prijetili-bombama-osumnjiceni-za-terorizam-otkriveno-kako-su-se-povezali\/#primaryimage"},"image":{"@id":"https:\/\/likemetkovic.hr\/portal\/maloljetnici-koji-su-lazno-prijetili-bombama-osumnjiceni-za-terorizam-otkriveno-kako-su-se-povezali\/#primaryimage"},"thumbnailUrl":"https:\/\/likemetkovic.hr\/portal\/wp-content\/uploads\/2025\/07\/bljeskalica-policija.jpg","datePublished":"2026-04-30T19:10:01+00:00","author":{"@id":"https:\/\/likemetkovic.hr\/#\/schema\/person\/0a8b4ebfdfe1ff01192dccda40c5da0c"},"breadcrumb":{"@id":"https:\/\/likemetkovic.hr\/portal\/maloljetnici-koji-su-lazno-prijetili-bombama-osumnjiceni-za-terorizam-otkriveno-kako-su-se-povezali\/#breadcrumb"},"inLanguage":"hr","potentialAction":[{"@type":"ReadAction","target":["https:\/\/likemetkovic.hr\/portal\/maloljetnici-koji-su-lazno-prijetili-bombama-osumnjiceni-za-terorizam-otkriveno-kako-su-se-povezali\/"]}]},{"@type":"ImageObject","inLanguage":"hr","@id":"https:\/\/likemetkovic.hr\/portal\/maloljetnici-koji-su-lazno-prijetili-bombama-osumnjiceni-za-terorizam-otkriveno-kako-su-se-povezali\/#primaryimage","url":"https:\/\/likemetkovic.hr\/portal\/wp-content\/uploads\/2025\/07\/bljeskalica-policija.jpg","contentUrl":"https:\/\/likemetkovic.hr\/portal\/wp-content\/uploads\/2025\/07\/bljeskalica-policija.jpg","width":750,"height":500},{"@type":"BreadcrumbList","@id":"https:\/\/likemetkovic.hr\/portal\/maloljetnici-koji-su-lazno-prijetili-bombama-osumnjiceni-za-terorizam-otkriveno-kako-su-se-povezali\/#breadcrumb","itemListElement":[{"@type":"ListItem","position":1,"name":"Po\u010detna stranica","item":"https:\/\/likemetkovic.hr\/portal\/"},{"@type":"ListItem","position":2,"name":"Maloljetnici koji su la\u017eno prijetili bombama osumnji\u010deni za terorizam, otkriveno kako su se povezali!"}]},{"@type":"WebSite","@id":"https:\/\/likemetkovic.hr\/#website","url":"https:\/\/likemetkovic.hr\/","name":"likemetkovic.hr","description":"Misli pozitivno... \u010ditaj LIKE","potentialAction":[{"@type":"SearchAction","target":{"@type":"EntryPoint","urlTemplate":"https:\/\/likemetkovic.hr\/?s={search_term_string}"},"query-input":{"@type":"PropertyValueSpecification","valueRequired":true,"valueName":"search_term_string"}}],"inLanguage":"hr"},{"@type":"Person","@id":"https:\/\/likemetkovic.hr\/#\/schema\/person\/0a8b4ebfdfe1ff01192dccda40c5da0c","name":"K. J.","url":"https:\/\/likemetkovic.hr\/portal\/author\/likemetkovic\/"}]}},"_links":{"self":[{"href":"https:\/\/likemetkovic.hr\/portal\/wp-json\/wp\/v2\/posts\/174253","targetHints":{"allow":["GET"]}}],"collection":[{"href":"https:\/\/likemetkovic.hr\/portal\/wp-json\/wp\/v2\/posts"}],"about":[{"href":"https:\/\/likemetkovic.hr\/portal\/wp-json\/wp\/v2\/types\/post"}],"author":[{"embeddable":true,"href":"https:\/\/likemetkovic.hr\/portal\/wp-json\/wp\/v2\/users\/9"}],"replies":[{"embeddable":true,"href":"https:\/\/likemetkovic.hr\/portal\/wp-json\/wp\/v2\/comments?post=174253"}],"version-history":[{"count":1,"href":"https:\/\/likemetkovic.hr\/portal\/wp-json\/wp\/v2\/posts\/174253\/revisions"}],"predecessor-version":[{"id":174254,"href":"https:\/\/likemetkovic.hr\/portal\/wp-json\/wp\/v2\/posts\/174253\/revisions\/174254"}],"wp:featuredmedia":[{"embeddable":true,"href":"https:\/\/likemetkovic.hr\/portal\/wp-json\/wp\/v2\/media\/167322"}],"wp:attachment":[{"href":"https:\/\/likemetkovic.hr\/portal\/wp-json\/wp\/v2\/media?parent=174253"}],"wp:term":[{"taxonomy":"category","embeddable":true,"href":"https:\/\/likemetkovic.hr\/portal\/wp-json\/wp\/v2\/categories?post=174253"},{"taxonomy":"post_tag","embeddable":true,"href":"https:\/\/likemetkovic.hr\/portal\/wp-json\/wp\/v2\/tags?post=174253"}],"curies":[{"name":"wp","href":"https:\/\/api.w.org\/{rel}","templated":true}]}}