{"id":174272,"date":"2026-05-01T18:00:39","date_gmt":"2026-05-01T16:00:39","guid":{"rendered":"https:\/\/likemetkovic.hr\/portal\/?p=174272"},"modified":"2026-05-01T18:01:50","modified_gmt":"2026-05-01T16:01:50","slug":"istrage-protiv-19-godisnjaka-iz-ploca-zbog-sumnje-na-terorizam","status":"publish","type":"post","link":"https:\/\/likemetkovic.hr\/portal\/istrage-protiv-19-godisnjaka-iz-ploca-zbog-sumnje-na-terorizam\/","title":{"rendered":"Istraga protiv 19-godi\u0161njaka iz Plo\u010da zbog sumnje na terorizam"},"content":{"rendered":"<p>USKOK je, na temelju kaznene prijave PNUSKOK-a, Slu\u017ebe terorizma, donio rje\u0161enje o provo\u0111enju istrage protiv hrvatskog dr\u017eavljanina (2007.) zbog osnovane sumnje na po\u010dinjenje kaznenog djela terorizma iz \u010dlanka 97. stavka 1. to\u010dke 1. i 4. u vezi sa stavkom 2. Kaznenog zakona,\u00a0<a href=\"https:\/\/uskok.hr\/hr\/priopcenja\/doneseno-rjesenje-o-provodenju-istrage-protiv-19-godisnjaka-zbog-sumnje-na-terorizam\" target=\"_blank\" rel=\"noopener\">objavili su na svojim stranicam, objavio je Klik Plo\u010de.<\/a><\/p>\n<p>Osnovano se sumnja da je okrivljenik od 24. do 29. travnja 2026. u Plo\u010dama, radi te\u0161kog i stvarnog izazivanja bojazni i masovne panike gra\u0111ana, kori\u0161tenjem mobilnog ure\u0111aja pristupio jednom internetskom servisu na kojem je putem korisni\u010dkog ra\u010duna otvorenog na ime druge osobe uputio vi\u0161e e-mail poruka na ve\u0107i broj adresa elektroni\u010dke po\u0161te institucija i tijela Republike Hrvatske u kojima je naveo prijetnje o aktiviranju postavljenih eksplozivnih naprava u vi\u0161e obrazovnih i odgojnih ustanova na podru\u010dju Zagreba, Zadra, Opuzena, Splita i Plo\u010da.<\/p>\n<p>S obzirom na prijete\u0107i sadr\u017eaj e-mail poruka o aktiviranju eksplozivnih naprava i izazivanje masovnih \u017ertvi, panike i materijalne \u0161tete, izvr\u0161ena je evakuacija nazna\u010denih \u0161kola i vrti\u0107a te protueksplozivni pregled objekata od strane nadle\u017enih policijskih slu\u017ebi \u0161to je izazvalo uznemirenje i strah djece, zaposlenika kao i uznemirenje javnosti.<\/p>\n<p>Nakon ispitivanja okrivljenika i dono\u0161enja rje\u0161enja o provo\u0111enju istrage USKOK \u0107e sucu istrage \u017dupanijskog suda u Splitu predlo\u017eiti odre\u0111ivanje istra\u017enog zatvora protiv okrivljenika zbog opasnosti od ponavljanja kaznenog djela (\u010dlanak 123. stavak 1. to\u010dka 3. Zakona o kaznenom postupku), napisali su.<\/p>\n","protected":false},"excerpt":{"rendered":"<p>USKOK je, na temelju kaznene prijave PNUSKOK-a, Slu\u017ebe terorizma, donio rje\u0161enje o provo\u0111enju istrage protiv hrvatskog dr\u017eavljanina (2007.) zbog osnovane sumnje na po\u010dinjenje kaznenog djela terorizma iz \u010dlanka 97. stavka 1. to\u010dke 1. i 4. u vezi sa stavkom 2. Kaznenog zakona,\u00a0objavili su na svojim stranicam, objavio je Klik Plo\u010de. Osnovano se sumnja da je [&hellip;]<\/p>\n","protected":false},"author":7,"featured_media":172679,"comment_status":"open","ping_status":"open","sticky":false,"template":"","format":"standard","meta":{"footnotes":""},"categories":[296,305],"tags":[6877,6945],"class_list":{"0":"post-174272","1":"post","2":"type-post","3":"status-publish","4":"format-standard","5":"has-post-thumbnail","7":"category-ab","8":"category-crna-kronika","9":"tag-uhicenje","10":"tag-uskok"},"yoast_head":"<!-- This site is optimized with the Yoast SEO plugin v25.2 - https:\/\/yoast.com\/wordpress\/plugins\/seo\/ -->\n<title>Istraga protiv 19-godi\u0161njaka iz Plo\u010da zbog sumnje na terorizam - likemetkovic.hr<\/title>\n<meta name=\"robots\" content=\"index, follow, max-snippet:-1, max-image-preview:large, max-video-preview:-1\" \/>\n<link rel=\"canonical\" href=\"https:\/\/likemetkovic.hr\/portal\/istrage-protiv-19-godisnjaka-iz-ploca-zbog-sumnje-na-terorizam\/\" \/>\n<meta property=\"og:locale\" content=\"hr_HR\" \/>\n<meta property=\"og:type\" content=\"article\" \/>\n<meta property=\"og:title\" content=\"Istraga protiv 19-godi\u0161njaka iz Plo\u010da zbog sumnje na terorizam - likemetkovic.hr\" \/>\n<meta property=\"og:description\" content=\"USKOK je, na temelju kaznene prijave PNUSKOK-a, Slu\u017ebe terorizma, donio rje\u0161enje o provo\u0111enju istrage protiv hrvatskog dr\u017eavljanina (2007.) zbog osnovane sumnje na po\u010dinjenje kaznenog djela terorizma iz \u010dlanka 97. stavka 1. to\u010dke 1. i 4. u vezi sa stavkom 2. Kaznenog zakona,\u00a0objavili su na svojim stranicam, objavio je Klik Plo\u010de. Osnovano se sumnja da je [&hellip;]\" \/>\n<meta property=\"og:url\" content=\"https:\/\/likemetkovic.hr\/portal\/istrage-protiv-19-godisnjaka-iz-ploca-zbog-sumnje-na-terorizam\/\" \/>\n<meta property=\"og:site_name\" content=\"likemetkovic.hr\" \/>\n<meta property=\"article:publisher\" content=\"https:\/\/www.facebook.com\/likemetkovic.hr\/\" \/>\n<meta property=\"article:published_time\" content=\"2026-05-01T16:00:39+00:00\" \/>\n<meta property=\"article:modified_time\" content=\"2026-05-01T16:01:50+00:00\" \/>\n<meta property=\"og:image\" content=\"https:\/\/likemetkovic.hr\/portal\/wp-content\/uploads\/2026\/03\/policija_auto.jpg\" \/>\n\t<meta property=\"og:image:width\" content=\"750\" \/>\n\t<meta property=\"og:image:height\" content=\"375\" \/>\n\t<meta property=\"og:image:type\" content=\"image\/jpeg\" \/>\n<meta name=\"author\" content=\"LIKEmetkovic.hr\" \/>\n<meta name=\"twitter:card\" content=\"summary_large_image\" \/>\n<meta name=\"twitter:label1\" content=\"Napisao\/la\" \/>\n\t<meta name=\"twitter:data1\" content=\"LIKEmetkovic.hr\" \/>\n\t<meta name=\"twitter:label2\" content=\"Procijenjeno vrijeme \u010ditanja\" \/>\n\t<meta name=\"twitter:data2\" content=\"2 minute\" \/>\n<script type=\"application\/ld+json\" class=\"yoast-schema-graph\">{\"@context\":\"https:\/\/schema.org\",\"@graph\":[{\"@type\":\"WebPage\",\"@id\":\"https:\/\/likemetkovic.hr\/portal\/istrage-protiv-19-godisnjaka-iz-ploca-zbog-sumnje-na-terorizam\/\",\"url\":\"https:\/\/likemetkovic.hr\/portal\/istrage-protiv-19-godisnjaka-iz-ploca-zbog-sumnje-na-terorizam\/\",\"name\":\"Istraga protiv 19-godi\u0161njaka iz Plo\u010da zbog sumnje na terorizam - likemetkovic.hr\",\"isPartOf\":{\"@id\":\"https:\/\/likemetkovic.hr\/#website\"},\"primaryImageOfPage\":{\"@id\":\"https:\/\/likemetkovic.hr\/portal\/istrage-protiv-19-godisnjaka-iz-ploca-zbog-sumnje-na-terorizam\/#primaryimage\"},\"image\":{\"@id\":\"https:\/\/likemetkovic.hr\/portal\/istrage-protiv-19-godisnjaka-iz-ploca-zbog-sumnje-na-terorizam\/#primaryimage\"},\"thumbnailUrl\":\"https:\/\/likemetkovic.hr\/portal\/wp-content\/uploads\/2026\/03\/policija_auto.jpg\",\"datePublished\":\"2026-05-01T16:00:39+00:00\",\"dateModified\":\"2026-05-01T16:01:50+00:00\",\"author\":{\"@id\":\"https:\/\/likemetkovic.hr\/#\/schema\/person\/a42711f3385a0e2be6f7e0443bfb28f0\"},\"breadcrumb\":{\"@id\":\"https:\/\/likemetkovic.hr\/portal\/istrage-protiv-19-godisnjaka-iz-ploca-zbog-sumnje-na-terorizam\/#breadcrumb\"},\"inLanguage\":\"hr\",\"potentialAction\":[{\"@type\":\"ReadAction\",\"target\":[\"https:\/\/likemetkovic.hr\/portal\/istrage-protiv-19-godisnjaka-iz-ploca-zbog-sumnje-na-terorizam\/\"]}]},{\"@type\":\"ImageObject\",\"inLanguage\":\"hr\",\"@id\":\"https:\/\/likemetkovic.hr\/portal\/istrage-protiv-19-godisnjaka-iz-ploca-zbog-sumnje-na-terorizam\/#primaryimage\",\"url\":\"https:\/\/likemetkovic.hr\/portal\/wp-content\/uploads\/2026\/03\/policija_auto.jpg\",\"contentUrl\":\"https:\/\/likemetkovic.hr\/portal\/wp-content\/uploads\/2026\/03\/policija_auto.jpg\",\"width\":750,\"height\":375},{\"@type\":\"BreadcrumbList\",\"@id\":\"https:\/\/likemetkovic.hr\/portal\/istrage-protiv-19-godisnjaka-iz-ploca-zbog-sumnje-na-terorizam\/#breadcrumb\",\"itemListElement\":[{\"@type\":\"ListItem\",\"position\":1,\"name\":\"Po\u010detna stranica\",\"item\":\"https:\/\/likemetkovic.hr\/portal\/\"},{\"@type\":\"ListItem\",\"position\":2,\"name\":\"Istraga protiv 19-godi\u0161njaka iz Plo\u010da zbog sumnje na terorizam\"}]},{\"@type\":\"WebSite\",\"@id\":\"https:\/\/likemetkovic.hr\/#website\",\"url\":\"https:\/\/likemetkovic.hr\/\",\"name\":\"likemetkovic.hr\",\"description\":\"Misli pozitivno... \u010ditaj LIKE\",\"potentialAction\":[{\"@type\":\"SearchAction\",\"target\":{\"@type\":\"EntryPoint\",\"urlTemplate\":\"https:\/\/likemetkovic.hr\/?s={search_term_string}\"},\"query-input\":{\"@type\":\"PropertyValueSpecification\",\"valueRequired\":true,\"valueName\":\"search_term_string\"}}],\"inLanguage\":\"hr\"},{\"@type\":\"Person\",\"@id\":\"https:\/\/likemetkovic.hr\/#\/schema\/person\/a42711f3385a0e2be6f7e0443bfb28f0\",\"name\":\"LIKEmetkovic.hr\",\"sameAs\":[\"http:\/\/likemetkovic.hr\"],\"url\":\"https:\/\/likemetkovic.hr\/portal\/author\/likemetkovic-hr\/\"}]}<\/script>\n<!-- \/ Yoast SEO plugin. -->","yoast_head_json":{"title":"Istraga protiv 19-godi\u0161njaka iz Plo\u010da zbog sumnje na terorizam - likemetkovic.hr","robots":{"index":"index","follow":"follow","max-snippet":"max-snippet:-1","max-image-preview":"max-image-preview:large","max-video-preview":"max-video-preview:-1"},"canonical":"https:\/\/likemetkovic.hr\/portal\/istrage-protiv-19-godisnjaka-iz-ploca-zbog-sumnje-na-terorizam\/","og_locale":"hr_HR","og_type":"article","og_title":"Istraga protiv 19-godi\u0161njaka iz Plo\u010da zbog sumnje na terorizam - likemetkovic.hr","og_description":"USKOK je, na temelju kaznene prijave PNUSKOK-a, Slu\u017ebe terorizma, donio rje\u0161enje o provo\u0111enju istrage protiv hrvatskog dr\u017eavljanina (2007.) zbog osnovane sumnje na po\u010dinjenje kaznenog djela terorizma iz \u010dlanka 97. stavka 1. to\u010dke 1. i 4. u vezi sa stavkom 2. Kaznenog zakona,\u00a0objavili su na svojim stranicam, objavio je Klik Plo\u010de. Osnovano se sumnja da je [&hellip;]","og_url":"https:\/\/likemetkovic.hr\/portal\/istrage-protiv-19-godisnjaka-iz-ploca-zbog-sumnje-na-terorizam\/","og_site_name":"likemetkovic.hr","article_publisher":"https:\/\/www.facebook.com\/likemetkovic.hr\/","article_published_time":"2026-05-01T16:00:39+00:00","article_modified_time":"2026-05-01T16:01:50+00:00","og_image":[{"width":750,"height":375,"url":"https:\/\/likemetkovic.hr\/portal\/wp-content\/uploads\/2026\/03\/policija_auto.jpg","type":"image\/jpeg"}],"author":"LIKEmetkovic.hr","twitter_card":"summary_large_image","twitter_misc":{"Napisao\/la":"LIKEmetkovic.hr","Procijenjeno vrijeme \u010ditanja":"2 minute"},"schema":{"@context":"https:\/\/schema.org","@graph":[{"@type":"WebPage","@id":"https:\/\/likemetkovic.hr\/portal\/istrage-protiv-19-godisnjaka-iz-ploca-zbog-sumnje-na-terorizam\/","url":"https:\/\/likemetkovic.hr\/portal\/istrage-protiv-19-godisnjaka-iz-ploca-zbog-sumnje-na-terorizam\/","name":"Istraga protiv 19-godi\u0161njaka iz Plo\u010da zbog sumnje na terorizam - likemetkovic.hr","isPartOf":{"@id":"https:\/\/likemetkovic.hr\/#website"},"primaryImageOfPage":{"@id":"https:\/\/likemetkovic.hr\/portal\/istrage-protiv-19-godisnjaka-iz-ploca-zbog-sumnje-na-terorizam\/#primaryimage"},"image":{"@id":"https:\/\/likemetkovic.hr\/portal\/istrage-protiv-19-godisnjaka-iz-ploca-zbog-sumnje-na-terorizam\/#primaryimage"},"thumbnailUrl":"https:\/\/likemetkovic.hr\/portal\/wp-content\/uploads\/2026\/03\/policija_auto.jpg","datePublished":"2026-05-01T16:00:39+00:00","dateModified":"2026-05-01T16:01:50+00:00","author":{"@id":"https:\/\/likemetkovic.hr\/#\/schema\/person\/a42711f3385a0e2be6f7e0443bfb28f0"},"breadcrumb":{"@id":"https:\/\/likemetkovic.hr\/portal\/istrage-protiv-19-godisnjaka-iz-ploca-zbog-sumnje-na-terorizam\/#breadcrumb"},"inLanguage":"hr","potentialAction":[{"@type":"ReadAction","target":["https:\/\/likemetkovic.hr\/portal\/istrage-protiv-19-godisnjaka-iz-ploca-zbog-sumnje-na-terorizam\/"]}]},{"@type":"ImageObject","inLanguage":"hr","@id":"https:\/\/likemetkovic.hr\/portal\/istrage-protiv-19-godisnjaka-iz-ploca-zbog-sumnje-na-terorizam\/#primaryimage","url":"https:\/\/likemetkovic.hr\/portal\/wp-content\/uploads\/2026\/03\/policija_auto.jpg","contentUrl":"https:\/\/likemetkovic.hr\/portal\/wp-content\/uploads\/2026\/03\/policija_auto.jpg","width":750,"height":375},{"@type":"BreadcrumbList","@id":"https:\/\/likemetkovic.hr\/portal\/istrage-protiv-19-godisnjaka-iz-ploca-zbog-sumnje-na-terorizam\/#breadcrumb","itemListElement":[{"@type":"ListItem","position":1,"name":"Po\u010detna stranica","item":"https:\/\/likemetkovic.hr\/portal\/"},{"@type":"ListItem","position":2,"name":"Istraga protiv 19-godi\u0161njaka iz Plo\u010da zbog sumnje na terorizam"}]},{"@type":"WebSite","@id":"https:\/\/likemetkovic.hr\/#website","url":"https:\/\/likemetkovic.hr\/","name":"likemetkovic.hr","description":"Misli pozitivno... \u010ditaj LIKE","potentialAction":[{"@type":"SearchAction","target":{"@type":"EntryPoint","urlTemplate":"https:\/\/likemetkovic.hr\/?s={search_term_string}"},"query-input":{"@type":"PropertyValueSpecification","valueRequired":true,"valueName":"search_term_string"}}],"inLanguage":"hr"},{"@type":"Person","@id":"https:\/\/likemetkovic.hr\/#\/schema\/person\/a42711f3385a0e2be6f7e0443bfb28f0","name":"LIKEmetkovic.hr","sameAs":["http:\/\/likemetkovic.hr"],"url":"https:\/\/likemetkovic.hr\/portal\/author\/likemetkovic-hr\/"}]}},"_links":{"self":[{"href":"https:\/\/likemetkovic.hr\/portal\/wp-json\/wp\/v2\/posts\/174272","targetHints":{"allow":["GET"]}}],"collection":[{"href":"https:\/\/likemetkovic.hr\/portal\/wp-json\/wp\/v2\/posts"}],"about":[{"href":"https:\/\/likemetkovic.hr\/portal\/wp-json\/wp\/v2\/types\/post"}],"author":[{"embeddable":true,"href":"https:\/\/likemetkovic.hr\/portal\/wp-json\/wp\/v2\/users\/7"}],"replies":[{"embeddable":true,"href":"https:\/\/likemetkovic.hr\/portal\/wp-json\/wp\/v2\/comments?post=174272"}],"version-history":[{"count":2,"href":"https:\/\/likemetkovic.hr\/portal\/wp-json\/wp\/v2\/posts\/174272\/revisions"}],"predecessor-version":[{"id":174274,"href":"https:\/\/likemetkovic.hr\/portal\/wp-json\/wp\/v2\/posts\/174272\/revisions\/174274"}],"wp:featuredmedia":[{"embeddable":true,"href":"https:\/\/likemetkovic.hr\/portal\/wp-json\/wp\/v2\/media\/172679"}],"wp:attachment":[{"href":"https:\/\/likemetkovic.hr\/portal\/wp-json\/wp\/v2\/media?parent=174272"}],"wp:term":[{"taxonomy":"category","embeddable":true,"href":"https:\/\/likemetkovic.hr\/portal\/wp-json\/wp\/v2\/categories?post=174272"},{"taxonomy":"post_tag","embeddable":true,"href":"https:\/\/likemetkovic.hr\/portal\/wp-json\/wp\/v2\/tags?post=174272"}],"curies":[{"name":"wp","href":"https:\/\/api.w.org\/{rel}","templated":true}]}}