{"id":174275,"date":"2026-05-01T21:15:01","date_gmt":"2026-05-01T19:15:01","guid":{"rendered":"https:\/\/likemetkovic.hr\/portal\/?p=174275"},"modified":"2026-05-01T21:15:01","modified_gmt":"2026-05-01T19:15:01","slug":"denis-zderic-ponovno-izabran-za-clana-upravnog-odbora-hrvatskog-karate-saveza","status":"publish","type":"post","link":"https:\/\/likemetkovic.hr\/portal\/denis-zderic-ponovno-izabran-za-clana-upravnog-odbora-hrvatskog-karate-saveza\/","title":{"rendered":"Denis \u017dderi\u0107 ponovno izabran za \u010dlana Upravnog odbora Hrvatskog karate saveza"},"content":{"rendered":"<div dir=\"auto\">U \u010detvrtak, 30. travnja 2026., u Jastrebarskom u hotelu Princess,\u00a0 odr\u017eana je izborna skup\u0161tina Hrvatskog karate saveza za mandatno razdoblje 2026.\u20132030. Na skup\u0161tini je Denis \u017dderi\u0107, glavni trener i tajnik Karate kluba Metkovi\u0107, ponovno izabran za \u010dlana Upravnog odbora Hrvatskog karate saveza, kao predstavnik karate sredi\u0161ta Dalmacija.<\/div>\n<div dir=\"auto\"><\/div>\n<div dir=\"auto\">Upravni odbor, koji je nakon skup\u0161tine najvi\u0161e tijelo Saveza i upravlja njegovim radom izme\u0111u sjednica skup\u0161tine, sastoji se od devet \u010dlanova. U njegov sastav ulazi \u0161est predstavnika karate sredi\u0161ta (Zagreba\u010dko, Istarsko-primorsko-goransko, Sjeverozapadno hrvatsko, Slavonsko-baranjsko, Sisa\u010dko-karlova\u010dko-li\u010dko i Dalmatinsko), jedan predstavnik sporta\u0161a, najmanje jedan predstavnik podzastupljenog spola te predsjednik Saveza.<\/div>\n","protected":false},"excerpt":{"rendered":"<p>U \u010detvrtak, 30. travnja 2026., u Jastrebarskom u hotelu Princess,\u00a0 odr\u017eana je izborna skup\u0161tina Hrvatskog karate saveza za mandatno razdoblje 2026.\u20132030. Na skup\u0161tini je Denis \u017dderi\u0107, glavni trener i tajnik Karate kluba Metkovi\u0107, ponovno izabran za \u010dlana Upravnog odbora Hrvatskog karate saveza, kao predstavnik karate sredi\u0161ta Dalmacija. Upravni odbor, koji je nakon skup\u0161tine najvi\u0161e tijelo [&hellip;]<\/p>\n","protected":false},"author":9,"featured_media":130960,"comment_status":"open","ping_status":"open","sticky":false,"template":"","format":"standard","meta":{"footnotes":""},"categories":[296,33],"tags":[5295],"class_list":{"0":"post-174275","1":"post","2":"type-post","3":"status-publish","4":"format-standard","5":"has-post-thumbnail","7":"category-ab","8":"category-karate","9":"tag-denis-zderic"},"yoast_head":"<!-- This site is optimized with the Yoast SEO plugin v25.2 - https:\/\/yoast.com\/wordpress\/plugins\/seo\/ -->\n<title>Denis \u017dderi\u0107 ponovno izabran za \u010dlana Upravnog odbora Hrvatskog karate saveza - likemetkovic.hr<\/title>\n<meta name=\"robots\" content=\"index, follow, max-snippet:-1, max-image-preview:large, max-video-preview:-1\" \/>\n<link rel=\"canonical\" href=\"https:\/\/likemetkovic.hr\/portal\/denis-zderic-ponovno-izabran-za-clana-upravnog-odbora-hrvatskog-karate-saveza\/\" \/>\n<meta property=\"og:locale\" content=\"hr_HR\" \/>\n<meta property=\"og:type\" content=\"article\" \/>\n<meta property=\"og:title\" content=\"Denis \u017dderi\u0107 ponovno izabran za \u010dlana Upravnog odbora Hrvatskog karate saveza - likemetkovic.hr\" \/>\n<meta property=\"og:description\" content=\"U \u010detvrtak, 30. travnja 2026., u Jastrebarskom u hotelu Princess,\u00a0 odr\u017eana je izborna skup\u0161tina Hrvatskog karate saveza za mandatno razdoblje 2026.\u20132030. Na skup\u0161tini je Denis \u017dderi\u0107, glavni trener i tajnik Karate kluba Metkovi\u0107, ponovno izabran za \u010dlana Upravnog odbora Hrvatskog karate saveza, kao predstavnik karate sredi\u0161ta Dalmacija. Upravni odbor, koji je nakon skup\u0161tine najvi\u0161e tijelo [&hellip;]\" \/>\n<meta property=\"og:url\" content=\"https:\/\/likemetkovic.hr\/portal\/denis-zderic-ponovno-izabran-za-clana-upravnog-odbora-hrvatskog-karate-saveza\/\" \/>\n<meta property=\"og:site_name\" content=\"likemetkovic.hr\" \/>\n<meta property=\"article:publisher\" content=\"https:\/\/www.facebook.com\/likemetkovic.hr\/\" \/>\n<meta property=\"article:published_time\" content=\"2026-05-01T19:15:01+00:00\" \/>\n<meta property=\"og:image\" content=\"https:\/\/likemetkovic.hr\/portal\/wp-content\/uploads\/2022\/05\/danis-zderic.jpg\" \/>\n\t<meta property=\"og:image:width\" content=\"800\" \/>\n\t<meta property=\"og:image:height\" content=\"599\" \/>\n\t<meta property=\"og:image:type\" content=\"image\/jpeg\" \/>\n<meta name=\"author\" content=\"K. J.\" \/>\n<meta name=\"twitter:card\" content=\"summary_large_image\" \/>\n<meta name=\"twitter:label1\" content=\"Napisao\/la\" \/>\n\t<meta name=\"twitter:data1\" content=\"K. J.\" \/>\n\t<meta name=\"twitter:label2\" content=\"Procijenjeno vrijeme \u010ditanja\" \/>\n\t<meta name=\"twitter:data2\" content=\"1 minuta\" \/>\n<script type=\"application\/ld+json\" class=\"yoast-schema-graph\">{\"@context\":\"https:\/\/schema.org\",\"@graph\":[{\"@type\":\"WebPage\",\"@id\":\"https:\/\/likemetkovic.hr\/portal\/denis-zderic-ponovno-izabran-za-clana-upravnog-odbora-hrvatskog-karate-saveza\/\",\"url\":\"https:\/\/likemetkovic.hr\/portal\/denis-zderic-ponovno-izabran-za-clana-upravnog-odbora-hrvatskog-karate-saveza\/\",\"name\":\"Denis \u017dderi\u0107 ponovno izabran za \u010dlana Upravnog odbora Hrvatskog karate saveza - likemetkovic.hr\",\"isPartOf\":{\"@id\":\"https:\/\/likemetkovic.hr\/#website\"},\"primaryImageOfPage\":{\"@id\":\"https:\/\/likemetkovic.hr\/portal\/denis-zderic-ponovno-izabran-za-clana-upravnog-odbora-hrvatskog-karate-saveza\/#primaryimage\"},\"image\":{\"@id\":\"https:\/\/likemetkovic.hr\/portal\/denis-zderic-ponovno-izabran-za-clana-upravnog-odbora-hrvatskog-karate-saveza\/#primaryimage\"},\"thumbnailUrl\":\"https:\/\/likemetkovic.hr\/portal\/wp-content\/uploads\/2022\/05\/danis-zderic.jpg\",\"datePublished\":\"2026-05-01T19:15:01+00:00\",\"author\":{\"@id\":\"https:\/\/likemetkovic.hr\/#\/schema\/person\/0a8b4ebfdfe1ff01192dccda40c5da0c\"},\"breadcrumb\":{\"@id\":\"https:\/\/likemetkovic.hr\/portal\/denis-zderic-ponovno-izabran-za-clana-upravnog-odbora-hrvatskog-karate-saveza\/#breadcrumb\"},\"inLanguage\":\"hr\",\"potentialAction\":[{\"@type\":\"ReadAction\",\"target\":[\"https:\/\/likemetkovic.hr\/portal\/denis-zderic-ponovno-izabran-za-clana-upravnog-odbora-hrvatskog-karate-saveza\/\"]}]},{\"@type\":\"ImageObject\",\"inLanguage\":\"hr\",\"@id\":\"https:\/\/likemetkovic.hr\/portal\/denis-zderic-ponovno-izabran-za-clana-upravnog-odbora-hrvatskog-karate-saveza\/#primaryimage\",\"url\":\"https:\/\/likemetkovic.hr\/portal\/wp-content\/uploads\/2022\/05\/danis-zderic.jpg\",\"contentUrl\":\"https:\/\/likemetkovic.hr\/portal\/wp-content\/uploads\/2022\/05\/danis-zderic.jpg\",\"width\":800,\"height\":599},{\"@type\":\"BreadcrumbList\",\"@id\":\"https:\/\/likemetkovic.hr\/portal\/denis-zderic-ponovno-izabran-za-clana-upravnog-odbora-hrvatskog-karate-saveza\/#breadcrumb\",\"itemListElement\":[{\"@type\":\"ListItem\",\"position\":1,\"name\":\"Po\u010detna stranica\",\"item\":\"https:\/\/likemetkovic.hr\/portal\/\"},{\"@type\":\"ListItem\",\"position\":2,\"name\":\"Denis \u017dderi\u0107 ponovno izabran za \u010dlana Upravnog odbora Hrvatskog karate saveza\"}]},{\"@type\":\"WebSite\",\"@id\":\"https:\/\/likemetkovic.hr\/#website\",\"url\":\"https:\/\/likemetkovic.hr\/\",\"name\":\"likemetkovic.hr\",\"description\":\"Misli pozitivno... \u010ditaj LIKE\",\"potentialAction\":[{\"@type\":\"SearchAction\",\"target\":{\"@type\":\"EntryPoint\",\"urlTemplate\":\"https:\/\/likemetkovic.hr\/?s={search_term_string}\"},\"query-input\":{\"@type\":\"PropertyValueSpecification\",\"valueRequired\":true,\"valueName\":\"search_term_string\"}}],\"inLanguage\":\"hr\"},{\"@type\":\"Person\",\"@id\":\"https:\/\/likemetkovic.hr\/#\/schema\/person\/0a8b4ebfdfe1ff01192dccda40c5da0c\",\"name\":\"K. J.\",\"url\":\"https:\/\/likemetkovic.hr\/portal\/author\/likemetkovic\/\"}]}<\/script>\n<!-- \/ Yoast SEO plugin. -->","yoast_head_json":{"title":"Denis \u017dderi\u0107 ponovno izabran za \u010dlana Upravnog odbora Hrvatskog karate saveza - likemetkovic.hr","robots":{"index":"index","follow":"follow","max-snippet":"max-snippet:-1","max-image-preview":"max-image-preview:large","max-video-preview":"max-video-preview:-1"},"canonical":"https:\/\/likemetkovic.hr\/portal\/denis-zderic-ponovno-izabran-za-clana-upravnog-odbora-hrvatskog-karate-saveza\/","og_locale":"hr_HR","og_type":"article","og_title":"Denis \u017dderi\u0107 ponovno izabran za \u010dlana Upravnog odbora Hrvatskog karate saveza - likemetkovic.hr","og_description":"U \u010detvrtak, 30. travnja 2026., u Jastrebarskom u hotelu Princess,\u00a0 odr\u017eana je izborna skup\u0161tina Hrvatskog karate saveza za mandatno razdoblje 2026.\u20132030. Na skup\u0161tini je Denis \u017dderi\u0107, glavni trener i tajnik Karate kluba Metkovi\u0107, ponovno izabran za \u010dlana Upravnog odbora Hrvatskog karate saveza, kao predstavnik karate sredi\u0161ta Dalmacija. Upravni odbor, koji je nakon skup\u0161tine najvi\u0161e tijelo [&hellip;]","og_url":"https:\/\/likemetkovic.hr\/portal\/denis-zderic-ponovno-izabran-za-clana-upravnog-odbora-hrvatskog-karate-saveza\/","og_site_name":"likemetkovic.hr","article_publisher":"https:\/\/www.facebook.com\/likemetkovic.hr\/","article_published_time":"2026-05-01T19:15:01+00:00","og_image":[{"width":800,"height":599,"url":"https:\/\/likemetkovic.hr\/portal\/wp-content\/uploads\/2022\/05\/danis-zderic.jpg","type":"image\/jpeg"}],"author":"K. J.","twitter_card":"summary_large_image","twitter_misc":{"Napisao\/la":"K. J.","Procijenjeno vrijeme \u010ditanja":"1 minuta"},"schema":{"@context":"https:\/\/schema.org","@graph":[{"@type":"WebPage","@id":"https:\/\/likemetkovic.hr\/portal\/denis-zderic-ponovno-izabran-za-clana-upravnog-odbora-hrvatskog-karate-saveza\/","url":"https:\/\/likemetkovic.hr\/portal\/denis-zderic-ponovno-izabran-za-clana-upravnog-odbora-hrvatskog-karate-saveza\/","name":"Denis \u017dderi\u0107 ponovno izabran za \u010dlana Upravnog odbora Hrvatskog karate saveza - likemetkovic.hr","isPartOf":{"@id":"https:\/\/likemetkovic.hr\/#website"},"primaryImageOfPage":{"@id":"https:\/\/likemetkovic.hr\/portal\/denis-zderic-ponovno-izabran-za-clana-upravnog-odbora-hrvatskog-karate-saveza\/#primaryimage"},"image":{"@id":"https:\/\/likemetkovic.hr\/portal\/denis-zderic-ponovno-izabran-za-clana-upravnog-odbora-hrvatskog-karate-saveza\/#primaryimage"},"thumbnailUrl":"https:\/\/likemetkovic.hr\/portal\/wp-content\/uploads\/2022\/05\/danis-zderic.jpg","datePublished":"2026-05-01T19:15:01+00:00","author":{"@id":"https:\/\/likemetkovic.hr\/#\/schema\/person\/0a8b4ebfdfe1ff01192dccda40c5da0c"},"breadcrumb":{"@id":"https:\/\/likemetkovic.hr\/portal\/denis-zderic-ponovno-izabran-za-clana-upravnog-odbora-hrvatskog-karate-saveza\/#breadcrumb"},"inLanguage":"hr","potentialAction":[{"@type":"ReadAction","target":["https:\/\/likemetkovic.hr\/portal\/denis-zderic-ponovno-izabran-za-clana-upravnog-odbora-hrvatskog-karate-saveza\/"]}]},{"@type":"ImageObject","inLanguage":"hr","@id":"https:\/\/likemetkovic.hr\/portal\/denis-zderic-ponovno-izabran-za-clana-upravnog-odbora-hrvatskog-karate-saveza\/#primaryimage","url":"https:\/\/likemetkovic.hr\/portal\/wp-content\/uploads\/2022\/05\/danis-zderic.jpg","contentUrl":"https:\/\/likemetkovic.hr\/portal\/wp-content\/uploads\/2022\/05\/danis-zderic.jpg","width":800,"height":599},{"@type":"BreadcrumbList","@id":"https:\/\/likemetkovic.hr\/portal\/denis-zderic-ponovno-izabran-za-clana-upravnog-odbora-hrvatskog-karate-saveza\/#breadcrumb","itemListElement":[{"@type":"ListItem","position":1,"name":"Po\u010detna stranica","item":"https:\/\/likemetkovic.hr\/portal\/"},{"@type":"ListItem","position":2,"name":"Denis \u017dderi\u0107 ponovno izabran za \u010dlana Upravnog odbora Hrvatskog karate saveza"}]},{"@type":"WebSite","@id":"https:\/\/likemetkovic.hr\/#website","url":"https:\/\/likemetkovic.hr\/","name":"likemetkovic.hr","description":"Misli pozitivno... \u010ditaj LIKE","potentialAction":[{"@type":"SearchAction","target":{"@type":"EntryPoint","urlTemplate":"https:\/\/likemetkovic.hr\/?s={search_term_string}"},"query-input":{"@type":"PropertyValueSpecification","valueRequired":true,"valueName":"search_term_string"}}],"inLanguage":"hr"},{"@type":"Person","@id":"https:\/\/likemetkovic.hr\/#\/schema\/person\/0a8b4ebfdfe1ff01192dccda40c5da0c","name":"K. J.","url":"https:\/\/likemetkovic.hr\/portal\/author\/likemetkovic\/"}]}},"_links":{"self":[{"href":"https:\/\/likemetkovic.hr\/portal\/wp-json\/wp\/v2\/posts\/174275","targetHints":{"allow":["GET"]}}],"collection":[{"href":"https:\/\/likemetkovic.hr\/portal\/wp-json\/wp\/v2\/posts"}],"about":[{"href":"https:\/\/likemetkovic.hr\/portal\/wp-json\/wp\/v2\/types\/post"}],"author":[{"embeddable":true,"href":"https:\/\/likemetkovic.hr\/portal\/wp-json\/wp\/v2\/users\/9"}],"replies":[{"embeddable":true,"href":"https:\/\/likemetkovic.hr\/portal\/wp-json\/wp\/v2\/comments?post=174275"}],"version-history":[{"count":1,"href":"https:\/\/likemetkovic.hr\/portal\/wp-json\/wp\/v2\/posts\/174275\/revisions"}],"predecessor-version":[{"id":174276,"href":"https:\/\/likemetkovic.hr\/portal\/wp-json\/wp\/v2\/posts\/174275\/revisions\/174276"}],"wp:featuredmedia":[{"embeddable":true,"href":"https:\/\/likemetkovic.hr\/portal\/wp-json\/wp\/v2\/media\/130960"}],"wp:attachment":[{"href":"https:\/\/likemetkovic.hr\/portal\/wp-json\/wp\/v2\/media?parent=174275"}],"wp:term":[{"taxonomy":"category","embeddable":true,"href":"https:\/\/likemetkovic.hr\/portal\/wp-json\/wp\/v2\/categories?post=174275"},{"taxonomy":"post_tag","embeddable":true,"href":"https:\/\/likemetkovic.hr\/portal\/wp-json\/wp\/v2\/tags?post=174275"}],"curies":[{"name":"wp","href":"https:\/\/api.w.org\/{rel}","templated":true}]}}