{"id":178390,"date":"2026-08-31T15:31:59","date_gmt":"2026-08-31T13:31:59","guid":{"rendered":"https:\/\/likemetkovic.hr\/portal\/?p=178390"},"modified":"2026-08-31T15:31:59","modified_gmt":"2026-08-31T13:31:59","slug":"novi-zupnik-stigao-u-vid-don-augustin-radovic-predvodio-svoju-prvu-misu-u-crkvi-gospe-snjezne","status":"publish","type":"post","link":"https:\/\/likemetkovic.hr\/portal\/novi-zupnik-stigao-u-vid-don-augustin-radovic-predvodio-svoju-prvu-misu-u-crkvi-gospe-snjezne\/","title":{"rendered":"Novi \u017eupnik stigao u Vid: don Augustin Radovi\u0107 predvodio svoju prvu misu u crkvi Gospe Snje\u017ene"},"content":{"rendered":"<p class=\"isSelectedEnd\">U \u017eupnoj crkvi <strong>Gospe Snje\u017ene u Vidu<\/strong> u nedjelju je svoju prvu svetu misu sa \u017eupljanima slavio novi \u017eupnik <strong>don Augustin Radovi\u0107<\/strong>, koji je tako preuzeo pastoralnu brigu o \u017eupi.<\/p>\n<p class=\"isSelectedEnd\">Na po\u010detku misnog slavlja <strong>Ines Ili\u0107<\/strong>, u ime \u017dupnog pastoralnog vije\u0107a i cijele \u017eupne zajednice, pozdravila je novog \u017eupnika te mu po\u017eeljela dobrodo\u0161licu u \u017eupu. Don Augustin zahvalio je na rije\u010dima dobrodo\u0161lice, nakon \u010dega je nastavljeno misno slavlje.<\/p>\n<p class=\"isSelectedEnd\">Pred kraj mise novi se \u017eupnik predstavio \u017eupljanima te ukratko govorio o sebi i svom dosada\u0161njem sve\u0107eni\u010dkom putu.<\/p>\n<p class=\"isSelectedEnd\"><strong><img decoding=\"async\" class=\"alignnone size-full wp-image-178391\" src=\"https:\/\/likemetkovic.hr\/portal\/wp-content\/uploads\/2026\/08\/Don-Augustin-Radovic_23.jpg\" alt=\"\" width=\"800\" height=\"530\" srcset=\"https:\/\/likemetkovic.hr\/portal\/wp-content\/uploads\/2026\/08\/Don-Augustin-Radovic_23.jpg 800w, https:\/\/likemetkovic.hr\/portal\/wp-content\/uploads\/2026\/08\/Don-Augustin-Radovic_23-768x509.jpg 768w, https:\/\/likemetkovic.hr\/portal\/wp-content\/uploads\/2026\/08\/Don-Augustin-Radovic_23-634x420.jpg 634w, https:\/\/likemetkovic.hr\/portal\/wp-content\/uploads\/2026\/08\/Don-Augustin-Radovic_23-150x99.jpg 150w, https:\/\/likemetkovic.hr\/portal\/wp-content\/uploads\/2026\/08\/Don-Augustin-Radovic_23-300x199.jpg 300w, https:\/\/likemetkovic.hr\/portal\/wp-content\/uploads\/2026\/08\/Don-Augustin-Radovic_23-696x461.jpg 696w\" sizes=\"(max-width: 800px) 100vw, 800px\" \/> <\/strong><\/p>\n<p class=\"isSelectedEnd\"><strong>Don Augustin Radovi\u0107 ro\u0111en je 1974. godine u Sinju.<\/strong> Red \u0111akonata primio je 21. studenoga 1999. godine u konkatedrali sv. Petra u Splitu, a \u0111akonsku slu\u017ebu vr\u0161io je u \u017eupi sv. Jakova apostola u Donjem Dicmu.<\/p>\n<p class=\"isSelectedEnd\">Za sve\u0107enika je zare\u0111en <strong>25. lipnja 2000. godine u konkatedrali sv. Petra u Splitu<\/strong>, dok je mladu misu slavio 30. srpnja iste godine u rodnoj \u017eupi Gospe Sinjske u Sinju.<\/p>\n<p class=\"isSelectedEnd\">Dio svog sve\u0107eni\u010dkog puta proveo i u <strong>Metkovi\u0107u<\/strong>. Od 2000. do 2003. godine slu\u017eio je kao \u017eupni vikar u \u017eupi sv. Nikole biskupa u Metkovi\u0107u.<\/p>\n<p class=\"isSelectedEnd\">U kolovozu 2003. godine preuzeo je slu\u017ebu \u017eupnika \u017eupe sv. Stjepana <strong>u Grohotama<\/strong>. Godine 2006. imenovan je \u017eupnikom \u017eupe Kraljice mu\u010denika <strong>u Radunu, Ka\u0161tel Stari<\/strong>, gdje je slu\u017eio do 2011. godine. Potom je preuzeo \u017eupu Karmelske Gospe <strong>u Bagalovi\u0107ima<\/strong>, a u kolovozu 2019. godine postao je \u017eupnik \u017eupe sv. Jakova apostola <strong>u Cisti Velikoj<\/strong>, gdje je ostao do ove godine.<\/p>\n<p>Dolaskom u Vid zapo\u010deo je novo razdoblje svog sve\u0107eni\u010dkog slu\u017eenja, a \u017eupljani su mu na prvoj misi po\u017eeljeli dobrodo\u0161licu te puno Bo\u017ejeg blagoslova i uspjeha u vo\u0111enju \u017eupne zajednice.<\/p>\n<p>Fotogaleriju mo\u017eete pogledati na portalu <strong><a href=\"https:\/\/www.vidonjac.com\/foto-2026\/don-augustin-radovic\/novi-zupnik.html\" target=\"_blank\" rel=\"noopener\">Vidonjac.com<\/a><\/strong>.<\/p>\n","protected":false},"excerpt":{"rendered":"<p>U \u017eupnoj crkvi Gospe Snje\u017ene u Vidu u nedjelju je svoju prvu svetu misu sa \u017eupljanima slavio novi \u017eupnik don Augustin Radovi\u0107, koji je tako preuzeo pastoralnu brigu o \u017eupi. Na po\u010detku misnog slavlja Ines Ili\u0107, u ime \u017dupnog pastoralnog vije\u0107a i cijele \u017eupne zajednice, pozdravila je novog \u017eupnika te mu po\u017eeljela dobrodo\u0161licu u \u017eupu. [&hellip;]<\/p>\n","protected":false},"author":7,"featured_media":178391,"comment_status":"open","ping_status":"open","sticky":false,"template":"","format":"standard","meta":{"footnotes":""},"categories":[296,27],"tags":[13751,440],"class_list":{"0":"post-178390","1":"post","2":"type-post","3":"status-publish","4":"format-standard","5":"has-post-thumbnail","7":"category-ab","8":"category-vjera-i-zivot","9":"tag-don-augustin-radovic","10":"tag-vid"},"yoast_head":"<!-- This site is optimized with the Yoast SEO plugin v27.7 - https:\/\/yoast.com\/product\/yoast-seo-wordpress\/ -->\n<title>Novi \u017eupnik stigao u Vid: don Augustin Radovi\u0107 predvodio svoju prvu misu u crkvi Gospe Snje\u017ene - likemetkovic.hr<\/title>\n<meta name=\"robots\" content=\"index, follow, max-snippet:-1, max-image-preview:large, max-video-preview:-1\" \/>\n<link rel=\"canonical\" href=\"https:\/\/likemetkovic.hr\/portal\/novi-zupnik-stigao-u-vid-don-augustin-radovic-predvodio-svoju-prvu-misu-u-crkvi-gospe-snjezne\/\" \/>\n<meta property=\"og:locale\" content=\"hr_HR\" \/>\n<meta property=\"og:type\" content=\"article\" \/>\n<meta property=\"og:title\" content=\"Novi \u017eupnik stigao u Vid: don Augustin Radovi\u0107 predvodio svoju prvu misu u crkvi Gospe Snje\u017ene - likemetkovic.hr\" \/>\n<meta property=\"og:description\" content=\"U \u017eupnoj crkvi Gospe Snje\u017ene u Vidu u nedjelju je svoju prvu svetu misu sa \u017eupljanima slavio novi \u017eupnik don Augustin Radovi\u0107, koji je tako preuzeo pastoralnu brigu o \u017eupi. Na po\u010detku misnog slavlja Ines Ili\u0107, u ime \u017dupnog pastoralnog vije\u0107a i cijele \u017eupne zajednice, pozdravila je novog \u017eupnika te mu po\u017eeljela dobrodo\u0161licu u \u017eupu. [&hellip;]\" \/>\n<meta property=\"og:url\" content=\"https:\/\/likemetkovic.hr\/portal\/novi-zupnik-stigao-u-vid-don-augustin-radovic-predvodio-svoju-prvu-misu-u-crkvi-gospe-snjezne\/\" \/>\n<meta property=\"og:site_name\" content=\"likemetkovic.hr\" \/>\n<meta property=\"article:publisher\" content=\"https:\/\/www.facebook.com\/likemetkovic.hr\/\" \/>\n<meta property=\"article:published_time\" content=\"2026-08-31T13:31:59+00:00\" \/>\n<meta property=\"og:image\" content=\"https:\/\/likemetkovic.hr\/portal\/wp-content\/uploads\/2026\/08\/Don-Augustin-Radovic_23.jpg\" \/>\n\t<meta property=\"og:image:width\" content=\"800\" \/>\n\t<meta property=\"og:image:height\" content=\"530\" \/>\n\t<meta property=\"og:image:type\" content=\"image\/jpeg\" \/>\n<meta name=\"author\" content=\"LIKEmetkovic.hr\" \/>\n<meta name=\"twitter:card\" content=\"summary_large_image\" \/>\n<meta name=\"twitter:label1\" content=\"Napisao\/la\" \/>\n\t<meta name=\"twitter:data1\" content=\"LIKEmetkovic.hr\" \/>\n\t<meta name=\"twitter:label2\" content=\"Procijenjeno vrijeme \u010ditanja\" \/>\n\t<meta name=\"twitter:data2\" content=\"2 minute\" \/>\n<script type=\"application\/ld+json\" class=\"yoast-schema-graph\">{\"@context\":\"https:\\\/\\\/schema.org\",\"@graph\":[{\"@type\":\"Article\",\"@id\":\"https:\\\/\\\/likemetkovic.hr\\\/portal\\\/novi-zupnik-stigao-u-vid-don-augustin-radovic-predvodio-svoju-prvu-misu-u-crkvi-gospe-snjezne\\\/#article\",\"isPartOf\":{\"@id\":\"https:\\\/\\\/likemetkovic.hr\\\/portal\\\/novi-zupnik-stigao-u-vid-don-augustin-radovic-predvodio-svoju-prvu-misu-u-crkvi-gospe-snjezne\\\/\"},\"author\":{\"name\":\"LIKEmetkovic.hr\",\"@id\":\"https:\\\/\\\/likemetkovic.hr\\\/#\\\/schema\\\/person\\\/a42711f3385a0e2be6f7e0443bfb28f0\"},\"headline\":\"Novi \u017eupnik stigao u Vid: don Augustin Radovi\u0107 predvodio svoju prvu misu u crkvi Gospe Snje\u017ene\",\"datePublished\":\"2026-08-31T13:31:59+00:00\",\"mainEntityOfPage\":{\"@id\":\"https:\\\/\\\/likemetkovic.hr\\\/portal\\\/novi-zupnik-stigao-u-vid-don-augustin-radovic-predvodio-svoju-prvu-misu-u-crkvi-gospe-snjezne\\\/\"},\"wordCount\":312,\"commentCount\":0,\"image\":{\"@id\":\"https:\\\/\\\/likemetkovic.hr\\\/portal\\\/novi-zupnik-stigao-u-vid-don-augustin-radovic-predvodio-svoju-prvu-misu-u-crkvi-gospe-snjezne\\\/#primaryimage\"},\"thumbnailUrl\":\"https:\\\/\\\/likemetkovic.hr\\\/portal\\\/wp-content\\\/uploads\\\/2026\\\/08\\\/Don-Augustin-Radovic_23.jpg\",\"keywords\":[\"don augustin radovi\u0107\",\"vid\"],\"articleSection\":[\"AB\",\"Vjera i \u017eivot\"],\"inLanguage\":\"hr\",\"potentialAction\":[{\"@type\":\"CommentAction\",\"name\":\"Comment\",\"target\":[\"https:\\\/\\\/likemetkovic.hr\\\/portal\\\/novi-zupnik-stigao-u-vid-don-augustin-radovic-predvodio-svoju-prvu-misu-u-crkvi-gospe-snjezne\\\/#respond\"]}]},{\"@type\":\"WebPage\",\"@id\":\"https:\\\/\\\/likemetkovic.hr\\\/portal\\\/novi-zupnik-stigao-u-vid-don-augustin-radovic-predvodio-svoju-prvu-misu-u-crkvi-gospe-snjezne\\\/\",\"url\":\"https:\\\/\\\/likemetkovic.hr\\\/portal\\\/novi-zupnik-stigao-u-vid-don-augustin-radovic-predvodio-svoju-prvu-misu-u-crkvi-gospe-snjezne\\\/\",\"name\":\"Novi \u017eupnik stigao u Vid: don Augustin Radovi\u0107 predvodio svoju prvu misu u crkvi Gospe Snje\u017ene - likemetkovic.hr\",\"isPartOf\":{\"@id\":\"https:\\\/\\\/likemetkovic.hr\\\/#website\"},\"primaryImageOfPage\":{\"@id\":\"https:\\\/\\\/likemetkovic.hr\\\/portal\\\/novi-zupnik-stigao-u-vid-don-augustin-radovic-predvodio-svoju-prvu-misu-u-crkvi-gospe-snjezne\\\/#primaryimage\"},\"image\":{\"@id\":\"https:\\\/\\\/likemetkovic.hr\\\/portal\\\/novi-zupnik-stigao-u-vid-don-augustin-radovic-predvodio-svoju-prvu-misu-u-crkvi-gospe-snjezne\\\/#primaryimage\"},\"thumbnailUrl\":\"https:\\\/\\\/likemetkovic.hr\\\/portal\\\/wp-content\\\/uploads\\\/2026\\\/08\\\/Don-Augustin-Radovic_23.jpg\",\"datePublished\":\"2026-08-31T13:31:59+00:00\",\"author\":{\"@id\":\"https:\\\/\\\/likemetkovic.hr\\\/#\\\/schema\\\/person\\\/a42711f3385a0e2be6f7e0443bfb28f0\"},\"breadcrumb\":{\"@id\":\"https:\\\/\\\/likemetkovic.hr\\\/portal\\\/novi-zupnik-stigao-u-vid-don-augustin-radovic-predvodio-svoju-prvu-misu-u-crkvi-gospe-snjezne\\\/#breadcrumb\"},\"inLanguage\":\"hr\",\"potentialAction\":[{\"@type\":\"ReadAction\",\"target\":[\"https:\\\/\\\/likemetkovic.hr\\\/portal\\\/novi-zupnik-stigao-u-vid-don-augustin-radovic-predvodio-svoju-prvu-misu-u-crkvi-gospe-snjezne\\\/\"]}]},{\"@type\":\"ImageObject\",\"inLanguage\":\"hr\",\"@id\":\"https:\\\/\\\/likemetkovic.hr\\\/portal\\\/novi-zupnik-stigao-u-vid-don-augustin-radovic-predvodio-svoju-prvu-misu-u-crkvi-gospe-snjezne\\\/#primaryimage\",\"url\":\"https:\\\/\\\/likemetkovic.hr\\\/portal\\\/wp-content\\\/uploads\\\/2026\\\/08\\\/Don-Augustin-Radovic_23.jpg\",\"contentUrl\":\"https:\\\/\\\/likemetkovic.hr\\\/portal\\\/wp-content\\\/uploads\\\/2026\\\/08\\\/Don-Augustin-Radovic_23.jpg\",\"width\":800,\"height\":530},{\"@type\":\"BreadcrumbList\",\"@id\":\"https:\\\/\\\/likemetkovic.hr\\\/portal\\\/novi-zupnik-stigao-u-vid-don-augustin-radovic-predvodio-svoju-prvu-misu-u-crkvi-gospe-snjezne\\\/#breadcrumb\",\"itemListElement\":[{\"@type\":\"ListItem\",\"position\":1,\"name\":\"Po\u010detna stranica\",\"item\":\"https:\\\/\\\/likemetkovic.hr\\\/portal\\\/\"},{\"@type\":\"ListItem\",\"position\":2,\"name\":\"Novi \u017eupnik stigao u Vid: don Augustin Radovi\u0107 predvodio svoju prvu misu u crkvi Gospe Snje\u017ene\"}]},{\"@type\":\"WebSite\",\"@id\":\"https:\\\/\\\/likemetkovic.hr\\\/#website\",\"url\":\"https:\\\/\\\/likemetkovic.hr\\\/\",\"name\":\"likemetkovic.hr\",\"description\":\"Misli pozitivno... \u010ditaj LIKE\",\"potentialAction\":[{\"@type\":\"SearchAction\",\"target\":{\"@type\":\"EntryPoint\",\"urlTemplate\":\"https:\\\/\\\/likemetkovic.hr\\\/?s={search_term_string}\"},\"query-input\":{\"@type\":\"PropertyValueSpecification\",\"valueRequired\":true,\"valueName\":\"search_term_string\"}}],\"inLanguage\":\"hr\"},{\"@type\":\"Person\",\"@id\":\"https:\\\/\\\/likemetkovic.hr\\\/#\\\/schema\\\/person\\\/a42711f3385a0e2be6f7e0443bfb28f0\",\"name\":\"LIKEmetkovic.hr\",\"sameAs\":[\"http:\\\/\\\/likemetkovic.hr\"],\"url\":\"https:\\\/\\\/likemetkovic.hr\\\/portal\\\/author\\\/likemetkovic-hr\\\/\"}]}<\/script>\n<!-- \/ Yoast SEO plugin. -->","yoast_head_json":{"title":"Novi \u017eupnik stigao u Vid: don Augustin Radovi\u0107 predvodio svoju prvu misu u crkvi Gospe Snje\u017ene - likemetkovic.hr","robots":{"index":"index","follow":"follow","max-snippet":"max-snippet:-1","max-image-preview":"max-image-preview:large","max-video-preview":"max-video-preview:-1"},"canonical":"https:\/\/likemetkovic.hr\/portal\/novi-zupnik-stigao-u-vid-don-augustin-radovic-predvodio-svoju-prvu-misu-u-crkvi-gospe-snjezne\/","og_locale":"hr_HR","og_type":"article","og_title":"Novi \u017eupnik stigao u Vid: don Augustin Radovi\u0107 predvodio svoju prvu misu u crkvi Gospe Snje\u017ene - likemetkovic.hr","og_description":"U \u017eupnoj crkvi Gospe Snje\u017ene u Vidu u nedjelju je svoju prvu svetu misu sa \u017eupljanima slavio novi \u017eupnik don Augustin Radovi\u0107, koji je tako preuzeo pastoralnu brigu o \u017eupi. Na po\u010detku misnog slavlja Ines Ili\u0107, u ime \u017dupnog pastoralnog vije\u0107a i cijele \u017eupne zajednice, pozdravila je novog \u017eupnika te mu po\u017eeljela dobrodo\u0161licu u \u017eupu. [&hellip;]","og_url":"https:\/\/likemetkovic.hr\/portal\/novi-zupnik-stigao-u-vid-don-augustin-radovic-predvodio-svoju-prvu-misu-u-crkvi-gospe-snjezne\/","og_site_name":"likemetkovic.hr","article_publisher":"https:\/\/www.facebook.com\/likemetkovic.hr\/","article_published_time":"2026-08-31T13:31:59+00:00","og_image":[{"width":800,"height":530,"url":"https:\/\/likemetkovic.hr\/portal\/wp-content\/uploads\/2026\/08\/Don-Augustin-Radovic_23.jpg","type":"image\/jpeg"}],"author":"LIKEmetkovic.hr","twitter_card":"summary_large_image","twitter_misc":{"Napisao\/la":"LIKEmetkovic.hr","Procijenjeno vrijeme \u010ditanja":"2 minute"},"schema":{"@context":"https:\/\/schema.org","@graph":[{"@type":"Article","@id":"https:\/\/likemetkovic.hr\/portal\/novi-zupnik-stigao-u-vid-don-augustin-radovic-predvodio-svoju-prvu-misu-u-crkvi-gospe-snjezne\/#article","isPartOf":{"@id":"https:\/\/likemetkovic.hr\/portal\/novi-zupnik-stigao-u-vid-don-augustin-radovic-predvodio-svoju-prvu-misu-u-crkvi-gospe-snjezne\/"},"author":{"name":"LIKEmetkovic.hr","@id":"https:\/\/likemetkovic.hr\/#\/schema\/person\/a42711f3385a0e2be6f7e0443bfb28f0"},"headline":"Novi \u017eupnik stigao u Vid: don Augustin Radovi\u0107 predvodio svoju prvu misu u crkvi Gospe Snje\u017ene","datePublished":"2026-08-31T13:31:59+00:00","mainEntityOfPage":{"@id":"https:\/\/likemetkovic.hr\/portal\/novi-zupnik-stigao-u-vid-don-augustin-radovic-predvodio-svoju-prvu-misu-u-crkvi-gospe-snjezne\/"},"wordCount":312,"commentCount":0,"image":{"@id":"https:\/\/likemetkovic.hr\/portal\/novi-zupnik-stigao-u-vid-don-augustin-radovic-predvodio-svoju-prvu-misu-u-crkvi-gospe-snjezne\/#primaryimage"},"thumbnailUrl":"https:\/\/likemetkovic.hr\/portal\/wp-content\/uploads\/2026\/08\/Don-Augustin-Radovic_23.jpg","keywords":["don augustin radovi\u0107","vid"],"articleSection":["AB","Vjera i \u017eivot"],"inLanguage":"hr","potentialAction":[{"@type":"CommentAction","name":"Comment","target":["https:\/\/likemetkovic.hr\/portal\/novi-zupnik-stigao-u-vid-don-augustin-radovic-predvodio-svoju-prvu-misu-u-crkvi-gospe-snjezne\/#respond"]}]},{"@type":"WebPage","@id":"https:\/\/likemetkovic.hr\/portal\/novi-zupnik-stigao-u-vid-don-augustin-radovic-predvodio-svoju-prvu-misu-u-crkvi-gospe-snjezne\/","url":"https:\/\/likemetkovic.hr\/portal\/novi-zupnik-stigao-u-vid-don-augustin-radovic-predvodio-svoju-prvu-misu-u-crkvi-gospe-snjezne\/","name":"Novi \u017eupnik stigao u Vid: don Augustin Radovi\u0107 predvodio svoju prvu misu u crkvi Gospe Snje\u017ene - likemetkovic.hr","isPartOf":{"@id":"https:\/\/likemetkovic.hr\/#website"},"primaryImageOfPage":{"@id":"https:\/\/likemetkovic.hr\/portal\/novi-zupnik-stigao-u-vid-don-augustin-radovic-predvodio-svoju-prvu-misu-u-crkvi-gospe-snjezne\/#primaryimage"},"image":{"@id":"https:\/\/likemetkovic.hr\/portal\/novi-zupnik-stigao-u-vid-don-augustin-radovic-predvodio-svoju-prvu-misu-u-crkvi-gospe-snjezne\/#primaryimage"},"thumbnailUrl":"https:\/\/likemetkovic.hr\/portal\/wp-content\/uploads\/2026\/08\/Don-Augustin-Radovic_23.jpg","datePublished":"2026-08-31T13:31:59+00:00","author":{"@id":"https:\/\/likemetkovic.hr\/#\/schema\/person\/a42711f3385a0e2be6f7e0443bfb28f0"},"breadcrumb":{"@id":"https:\/\/likemetkovic.hr\/portal\/novi-zupnik-stigao-u-vid-don-augustin-radovic-predvodio-svoju-prvu-misu-u-crkvi-gospe-snjezne\/#breadcrumb"},"inLanguage":"hr","potentialAction":[{"@type":"ReadAction","target":["https:\/\/likemetkovic.hr\/portal\/novi-zupnik-stigao-u-vid-don-augustin-radovic-predvodio-svoju-prvu-misu-u-crkvi-gospe-snjezne\/"]}]},{"@type":"ImageObject","inLanguage":"hr","@id":"https:\/\/likemetkovic.hr\/portal\/novi-zupnik-stigao-u-vid-don-augustin-radovic-predvodio-svoju-prvu-misu-u-crkvi-gospe-snjezne\/#primaryimage","url":"https:\/\/likemetkovic.hr\/portal\/wp-content\/uploads\/2026\/08\/Don-Augustin-Radovic_23.jpg","contentUrl":"https:\/\/likemetkovic.hr\/portal\/wp-content\/uploads\/2026\/08\/Don-Augustin-Radovic_23.jpg","width":800,"height":530},{"@type":"BreadcrumbList","@id":"https:\/\/likemetkovic.hr\/portal\/novi-zupnik-stigao-u-vid-don-augustin-radovic-predvodio-svoju-prvu-misu-u-crkvi-gospe-snjezne\/#breadcrumb","itemListElement":[{"@type":"ListItem","position":1,"name":"Po\u010detna stranica","item":"https:\/\/likemetkovic.hr\/portal\/"},{"@type":"ListItem","position":2,"name":"Novi \u017eupnik stigao u Vid: don Augustin Radovi\u0107 predvodio svoju prvu misu u crkvi Gospe Snje\u017ene"}]},{"@type":"WebSite","@id":"https:\/\/likemetkovic.hr\/#website","url":"https:\/\/likemetkovic.hr\/","name":"likemetkovic.hr","description":"Misli pozitivno... \u010ditaj LIKE","potentialAction":[{"@type":"SearchAction","target":{"@type":"EntryPoint","urlTemplate":"https:\/\/likemetkovic.hr\/?s={search_term_string}"},"query-input":{"@type":"PropertyValueSpecification","valueRequired":true,"valueName":"search_term_string"}}],"inLanguage":"hr"},{"@type":"Person","@id":"https:\/\/likemetkovic.hr\/#\/schema\/person\/a42711f3385a0e2be6f7e0443bfb28f0","name":"LIKEmetkovic.hr","sameAs":["http:\/\/likemetkovic.hr"],"url":"https:\/\/likemetkovic.hr\/portal\/author\/likemetkovic-hr\/"}]}},"_links":{"self":[{"href":"https:\/\/likemetkovic.hr\/portal\/wp-json\/wp\/v2\/posts\/178390","targetHints":{"allow":["GET"]}}],"collection":[{"href":"https:\/\/likemetkovic.hr\/portal\/wp-json\/wp\/v2\/posts"}],"about":[{"href":"https:\/\/likemetkovic.hr\/portal\/wp-json\/wp\/v2\/types\/post"}],"author":[{"embeddable":true,"href":"https:\/\/likemetkovic.hr\/portal\/wp-json\/wp\/v2\/users\/7"}],"replies":[{"embeddable":true,"href":"https:\/\/likemetkovic.hr\/portal\/wp-json\/wp\/v2\/comments?post=178390"}],"version-history":[{"count":1,"href":"https:\/\/likemetkovic.hr\/portal\/wp-json\/wp\/v2\/posts\/178390\/revisions"}],"predecessor-version":[{"id":178392,"href":"https:\/\/likemetkovic.hr\/portal\/wp-json\/wp\/v2\/posts\/178390\/revisions\/178392"}],"wp:featuredmedia":[{"embeddable":true,"href":"https:\/\/likemetkovic.hr\/portal\/wp-json\/wp\/v2\/media\/178391"}],"wp:attachment":[{"href":"https:\/\/likemetkovic.hr\/portal\/wp-json\/wp\/v2\/media?parent=178390"}],"wp:term":[{"taxonomy":"category","embeddable":true,"href":"https:\/\/likemetkovic.hr\/portal\/wp-json\/wp\/v2\/categories?post=178390"},{"taxonomy":"post_tag","embeddable":true,"href":"https:\/\/likemetkovic.hr\/portal\/wp-json\/wp\/v2\/tags?post=178390"}],"curies":[{"name":"wp","href":"https:\/\/api.w.org\/{rel}","templated":true}]}}