{"id":178393,"date":"2026-09-01T07:32:46","date_gmt":"2026-09-01T05:32:46","guid":{"rendered":"https:\/\/likemetkovic.hr\/portal\/?p=178393"},"modified":"2026-09-01T07:32:46","modified_gmt":"2026-09-01T05:32:46","slug":"burza-rada-nova-radna-mjesta-u-dolini-neretve-114","status":"publish","type":"post","link":"https:\/\/likemetkovic.hr\/portal\/burza-rada-nova-radna-mjesta-u-dolini-neretve-114\/","title":{"rendered":"BURZA RADA Nova radna mjesta u Dolini Neretve"},"content":{"rendered":"<p>Trenutno je na Burzi rada HZZ-a otvoreno 37 natje\u010daja za nova radna mjesta na podru\u010dju Metkovi\u0107a, Plo\u010da i Opuzena.<\/p>\n<h4><strong>Metkovi\u0107 (20):<\/strong><\/h4>\n<table id=\"ctl00_MainContent_gwSearch\" border=\"0\" cellspacing=\"0\" cellpadding=\"3\">\n<tbody>\n<tr align=\"left\">\n<td>\n<div class=\"row\">\n<div class=\"col-md-8\">\n<div class=\"prInfobox\"><a class=\"TitleLink\" href=\"https:\/\/burzarada.hzz.hr\/RadnoMjesto_Ispis.aspx?WebSifra=166013776\">KONOBAR (\u017d \/ M)<\/a><br \/>\nMjesto rada:\u00a0<span id=\"ctl00_MainContent_gwSearch_ctl02_MjeNazivLabel\">METKOVI\u0106<\/span><br \/>\nTra\u017eeno radnika:\u00a0<span id=\"ctl00_MainContent_gwSearch_ctl02_StvarnoTrazenoRadnikaLabel\">1<\/span><br \/>\nPoslodavac:\u00a0<span id=\"ctl00_MainContent_gwSearch_ctl02_PosNazivLabel\">NO LIMIT, obrt za ugostiteljstvo, vl. Mihovil \u0106erlek, Metkovi\u0107, \u0161portska b.b.<\/span><br \/>\nRok za prijavu:\u00a0<span id=\"ctl00_MainContent_gwSearch_ctl02_RadMjeRokPrijaveLabel\">6.9.2026.<\/span><\/div>\n<\/div>\n<div class=\"col-md-4\">\n<div class=\"prToolbox\"><\/div>\n<\/div>\n<\/div>\n<div class=\"row\">\n<div class=\"col-md-12\"><\/div>\n<\/div>\n<\/td>\n<\/tr>\n<tr align=\"left\">\n<td>\n<div class=\"row\">\n<div class=\"col-md-8\">\n<div class=\"prInfobox\"><a class=\"TitleLink\" href=\"https:\/\/burzarada.hzz.hr\/RadnoMjesto_Ispis.aspx?WebSifra=165979055\">POMO\u0106NI \/ A KUHAR \/ ICA<\/a><br \/>\nMjesto rada:\u00a0<span id=\"ctl00_MainContent_gwSearch_ctl03_MjeNazivLabel\">METKOVI\u0106<\/span><br \/>\nTra\u017eeno radnika:\u00a0<span id=\"ctl00_MainContent_gwSearch_ctl03_StvarnoTrazenoRadnikaLabel\">1<\/span><br \/>\nPoslodavac:\u00a0<span id=\"ctl00_MainContent_gwSearch_ctl03_PosNazivLabel\">MILANO, obrt za ugostiteljstvo, vl. Zoran Bo\u017einovi\u0107, Metkovi\u0107, Sportska 2<\/span><br \/>\nRok za prijavu:\u00a0<span id=\"ctl00_MainContent_gwSearch_ctl03_RadMjeRokPrijaveLabel\">30.9.2026.<\/span><\/div>\n<\/div>\n<div class=\"col-md-4\">\n<div class=\"prToolbox\"><\/div>\n<\/div>\n<\/div>\n<div class=\"row\">\n<div class=\"col-md-12\"><\/div>\n<\/div>\n<\/td>\n<\/tr>\n<tr align=\"left\">\n<td>\n<div class=\"row\">\n<div class=\"col-md-8\">\n<div class=\"prInfobox\"><a class=\"TitleLink\" href=\"https:\/\/burzarada.hzz.hr\/RadnoMjesto_Ispis.aspx?WebSifra=166009994\">OSOBNI ASISTENT \/ ASISTENTICA<\/a><br \/>\nMjesto rada:\u00a0<span id=\"ctl00_MainContent_gwSearch_ctl04_MjeNazivLabel\">METKOVI\u0106<\/span><br \/>\nTra\u017eeno radnika:\u00a0<span id=\"ctl00_MainContent_gwSearch_ctl04_StvarnoTrazenoRadnikaLabel\">1<\/span><br \/>\nPoslodavac:\u00a0<span id=\"ctl00_MainContent_gwSearch_ctl04_PosNazivLabel\">Udruga cerebralne i dje\u010dje paralize doline Neretve Leptiri\u0107i<\/span><br \/>\nRok za prijavu:\u00a0<span id=\"ctl00_MainContent_gwSearch_ctl04_RadMjeRokPrijaveLabel\">11.9.2026.<\/span><\/div>\n<\/div>\n<div class=\"col-md-4\">\n<div class=\"prToolbox\"><\/div>\n<\/div>\n<\/div>\n<div class=\"row\">\n<div class=\"col-md-12\"><\/div>\n<\/div>\n<\/td>\n<\/tr>\n<tr align=\"left\">\n<td>\n<div class=\"row\">\n<div class=\"col-md-8\">\n<div class=\"prInfobox\"><a class=\"TitleLink\" href=\"https:\/\/burzarada.hzz.hr\/RadnoMjesto_Ispis.aspx?WebSifra=165974987\">KONOBAR \/ ICA<\/a><br \/>\nMjesto rada:\u00a0<span id=\"ctl00_MainContent_gwSearch_ctl05_MjeNazivLabel\">METKOVI\u0106<\/span><br \/>\nTra\u017eeno radnika:\u00a0<span id=\"ctl00_MainContent_gwSearch_ctl05_StvarnoTrazenoRadnikaLabel\">1<\/span><br \/>\nPoslodavac:\u00a0<span id=\"ctl00_MainContent_gwSearch_ctl05_PosNazivLabel\">ILIJA, obrta za ugostiteljstvo, vl. Ilija To\u0161i\u0107, Metkovi\u0107, Sportska 4\/3<\/span><br \/>\nRok za prijavu:\u00a0<span id=\"ctl00_MainContent_gwSearch_ctl05_RadMjeRokPrijaveLabel\">1.10.2026.<\/span><\/div>\n<\/div>\n<div class=\"col-md-4\">\n<div class=\"prToolbox\"><\/div>\n<\/div>\n<\/div>\n<div class=\"row\">\n<div class=\"col-md-12\"><\/div>\n<\/div>\n<\/td>\n<\/tr>\n<tr align=\"left\">\n<td>\n<div class=\"row\">\n<div class=\"col-md-8\">\n<div class=\"prInfobox\"><a class=\"TitleLink\" href=\"https:\/\/burzarada.hzz.hr\/RadnoMjesto_Ispis.aspx?WebSifra=165817194\">GRA\u0110EVINSKI \/ RADNIK \/ CA<\/a><br \/>\nMjesto rada:\u00a0<span id=\"ctl00_MainContent_gwSearch_ctl06_MjeNazivLabel\">METKOVI\u0106<\/span><br \/>\nTra\u017eeno radnika:\u00a0<span id=\"ctl00_MainContent_gwSearch_ctl06_StvarnoTrazenoRadnikaLabel\">4<\/span><br \/>\nPoslodavac:\u00a0<span id=\"ctl00_MainContent_gwSearch_ctl06_PosNazivLabel\">CAPITAL ENGINEERING dru\u0161tvo s ograni\u010denom odgovorno\u0161\u0107u za gra\u0111evinarstvo, trgovinu i usluge<\/span><br \/>\nRok za prijavu:\u00a0<span id=\"ctl00_MainContent_gwSearch_ctl06_RadMjeRokPrijaveLabel\">25.9.2026.<\/span><\/div>\n<\/div>\n<div class=\"col-md-4\">\n<div class=\"prToolbox\"><\/div>\n<\/div>\n<\/div>\n<div class=\"row\">\n<div class=\"col-md-12\"><\/div>\n<\/div>\n<\/td>\n<\/tr>\n<tr align=\"left\">\n<td>\n<div class=\"row\">\n<div class=\"col-md-8\">\n<div class=\"prInfobox\"><a class=\"TitleLink\" href=\"https:\/\/burzarada.hzz.hr\/RadnoMjesto_Ispis.aspx?WebSifra=165817079\">TESAR \/ ICA<\/a><br \/>\nMjesto rada:\u00a0<span id=\"ctl00_MainContent_gwSearch_ctl07_MjeNazivLabel\">METKOVI\u0106<\/span><br \/>\nTra\u017eeno radnika:\u00a0<span id=\"ctl00_MainContent_gwSearch_ctl07_StvarnoTrazenoRadnikaLabel\">3<\/span><br \/>\nPoslodavac:\u00a0<span id=\"ctl00_MainContent_gwSearch_ctl07_PosNazivLabel\">CAPITAL ENGINEERING dru\u0161tvo s ograni\u010denom odgovorno\u0161\u0107u za gra\u0111evinarstvo, trgovinu i usluge<\/span><br \/>\nRok za prijavu:\u00a0<span id=\"ctl00_MainContent_gwSearch_ctl07_RadMjeRokPrijaveLabel\">25.9.2026.<\/span><\/div>\n<\/div>\n<div class=\"col-md-4\">\n<div class=\"prToolbox\"><\/div>\n<\/div>\n<\/div>\n<div class=\"row\">\n<div class=\"col-md-12\"><\/div>\n<\/div>\n<\/td>\n<\/tr>\n<tr align=\"left\">\n<td>\n<div class=\"row\">\n<div class=\"col-md-8\">\n<div class=\"prInfobox\"><a class=\"TitleLink\" href=\"https:\/\/burzarada.hzz.hr\/RadnoMjesto_Ispis.aspx?WebSifra=165816907\">ZIDAR(M \/ \u017d)<\/a><br \/>\nMjesto rada:\u00a0<span id=\"ctl00_MainContent_gwSearch_ctl08_MjeNazivLabel\">METKOVI\u0106<\/span><br \/>\nTra\u017eeno radnika:\u00a0<span id=\"ctl00_MainContent_gwSearch_ctl08_StvarnoTrazenoRadnikaLabel\">3<\/span><br \/>\nPoslodavac:\u00a0<span id=\"ctl00_MainContent_gwSearch_ctl08_PosNazivLabel\">CAPITAL ENGINEERING dru\u0161tvo s ograni\u010denom odgovorno\u0161\u0107u za gra\u0111evinarstvo, trgovinu i usluge<\/span><br \/>\nRok za prijavu:\u00a0<span id=\"ctl00_MainContent_gwSearch_ctl08_RadMjeRokPrijaveLabel\">25.9.2026.<\/span><\/div>\n<\/div>\n<div class=\"col-md-4\">\n<div class=\"prToolbox\"><\/div>\n<\/div>\n<\/div>\n<div class=\"row\">\n<div class=\"col-md-12\"><\/div>\n<\/div>\n<\/td>\n<\/tr>\n<tr align=\"left\">\n<td>\n<div class=\"row\">\n<div class=\"col-md-8\">\n<div class=\"prInfobox\"><a class=\"TitleLink\" href=\"https:\/\/burzarada.hzz.hr\/RadnoMjesto_Ispis.aspx?WebSifra=165782473\">KONOBAR \/ ICA<\/a><br \/>\nMjesto rada:\u00a0<span id=\"ctl00_MainContent_gwSearch_ctl09_MjeNazivLabel\">METKOVI\u0106<\/span><br \/>\nTra\u017eeno radnika:\u00a0<span id=\"ctl00_MainContent_gwSearch_ctl09_StvarnoTrazenoRadnikaLabel\">1<\/span><br \/>\nPoslodavac:\u00a0<span id=\"ctl00_MainContent_gwSearch_ctl09_PosNazivLabel\">MILANO, obrt za ugostiteljstvo, vl. Zoran Bo\u017einovi\u0107, Metkovi\u0107, Sportska 2<\/span><br \/>\nRok za prijavu:\u00a0<span id=\"ctl00_MainContent_gwSearch_ctl09_RadMjeRokPrijaveLabel\">30.9.2026.<\/span><\/div>\n<\/div>\n<div class=\"col-md-4\">\n<div class=\"prToolbox\"><\/div>\n<\/div>\n<\/div>\n<div class=\"row\">\n<div class=\"col-md-12\"><\/div>\n<\/div>\n<\/td>\n<\/tr>\n<tr align=\"left\">\n<td>\n<div class=\"row\">\n<div class=\"col-md-8\">\n<div class=\"prInfobox\"><a class=\"TitleLink\" href=\"https:\/\/burzarada.hzz.hr\/RadnoMjesto_Ispis.aspx?WebSifra=165809516\">FIZIOTERAPEUT \/ KINJA<\/a><br \/>\nMjesto rada:\u00a0<span id=\"ctl00_MainContent_gwSearch_ctl10_MjeNazivLabel\">METKOVI\u0106<\/span><br \/>\nTra\u017eeno radnika:\u00a0<span id=\"ctl00_MainContent_gwSearch_ctl10_StvarnoTrazenoRadnikaLabel\">1<\/span><br \/>\nPoslodavac:\u00a0<span id=\"ctl00_MainContent_gwSearch_ctl10_PosNazivLabel\">DOM RAGU\u017d d.o.o. za usluge<\/span><br \/>\nRok za prijavu:\u00a0<span id=\"ctl00_MainContent_gwSearch_ctl10_RadMjeRokPrijaveLabel\">30.9.2026.<\/span><\/div>\n<\/div>\n<div class=\"col-md-4\">\n<div class=\"prToolbox\"><\/div>\n<\/div>\n<\/div>\n<div class=\"row\">\n<div class=\"col-md-12\"><\/div>\n<\/div>\n<\/td>\n<\/tr>\n<tr align=\"left\">\n<td>\n<div class=\"row\">\n<div class=\"col-md-8\">\n<div class=\"prInfobox\"><a class=\"TitleLink\" href=\"https:\/\/burzarada.hzz.hr\/RadnoMjesto_Ispis.aspx?WebSifra=165809402\">MEDICINSKA SESTRA \/ MEDICINSKI TEHNI\u010cAR<\/a><br \/>\nMjesto rada:\u00a0<span id=\"ctl00_MainContent_gwSearch_ctl11_MjeNazivLabel\">METKOVI\u0106<\/span><br \/>\nTra\u017eeno radnika:\u00a0<span id=\"ctl00_MainContent_gwSearch_ctl11_StvarnoTrazenoRadnikaLabel\">1<\/span><br \/>\nPoslodavac:\u00a0<span id=\"ctl00_MainContent_gwSearch_ctl11_PosNazivLabel\">DOM RAGU\u017d d.o.o. za usluge<\/span><br \/>\nRok za prijavu:\u00a0<span id=\"ctl00_MainContent_gwSearch_ctl11_RadMjeRokPrijaveLabel\">30.9.2026.<\/span><\/div>\n<\/div>\n<\/div>\n<\/td>\n<\/tr>\n<\/tbody>\n<\/table>\n<table id=\"ctl00_MainContent_gwSearch\" border=\"0\" cellspacing=\"0\" cellpadding=\"3\">\n<tbody>\n<tr align=\"left\">\n<td>\n<div class=\"row\">\n<div class=\"col-md-8\">\n<div class=\"prInfobox\"><a class=\"TitleLink\" href=\"https:\/\/burzarada.hzz.hr\/RadnoMjesto_Ispis.aspx?WebSifra=165752163\">PRODAJNI SAVJETNIK (M \/ \u017d)<\/a><br \/>\nMjesto rada:\u00a0<span id=\"ctl00_MainContent_gwSearch_ctl02_MjeNazivLabel\">METKOVI\u0106<\/span><br \/>\nTra\u017eeno radnika:\u00a0<span id=\"ctl00_MainContent_gwSearch_ctl02_StvarnoTrazenoRadnikaLabel\">1<\/span><br \/>\nPoslodavac:\u00a0<span id=\"ctl00_MainContent_gwSearch_ctl02_PosNazivLabel\">PRIMA NAMJE\u0160TAJ &#8211; prodaja namje\u0161taja i opremanje objekata d.o.o.<\/span><br \/>\nRok za prijavu:\u00a0<span id=\"ctl00_MainContent_gwSearch_ctl02_RadMjeRokPrijaveLabel\">6.9.2026.<\/span><\/div>\n<\/div>\n<div class=\"col-md-4\">\n<div class=\"prToolbox\"><\/div>\n<\/div>\n<\/div>\n<div class=\"row\">\n<div class=\"col-md-12\"><\/div>\n<\/div>\n<\/td>\n<\/tr>\n<tr align=\"left\">\n<td>\n<div class=\"row\">\n<div class=\"col-md-8\">\n<div class=\"prInfobox\"><a class=\"TitleLink\" href=\"https:\/\/burzarada.hzz.hr\/RadnoMjesto_Ispis.aspx?WebSifra=165060661\">SKLADI\u0160NI RADNIK \/ CA U SORTIRNICI<\/a><br \/>\nMjesto rada:\u00a0<span id=\"ctl00_MainContent_gwSearch_ctl03_MjeNazivLabel\">METKOVI\u0106<\/span><br \/>\nTra\u017eeno radnika:\u00a0<span id=\"ctl00_MainContent_gwSearch_ctl03_StvarnoTrazenoRadnikaLabel\">35<\/span><br \/>\nPoslodavac:\u00a0<span id=\"ctl00_MainContent_gwSearch_ctl03_PosNazivLabel\">NARODNI TRGOVA\u010cKI LANAC d.o.o. za trgovinu i usluge<\/span><br \/>\nRok za prijavu:\u00a0<span id=\"ctl00_MainContent_gwSearch_ctl03_RadMjeRokPrijaveLabel\">20.9.2026.<\/span><\/div>\n<\/div>\n<div class=\"col-md-4\">\n<div class=\"prToolbox\"><\/div>\n<\/div>\n<\/div>\n<div class=\"row\">\n<div class=\"col-md-12\"><\/div>\n<\/div>\n<\/td>\n<\/tr>\n<tr align=\"left\">\n<td>\n<div class=\"row\">\n<div class=\"col-md-8\">\n<div class=\"prInfobox\"><a class=\"TitleLink\" href=\"https:\/\/burzarada.hzz.hr\/RadnoMjesto_Ispis.aspx?WebSifra=165733829\">ADMINISTRATOR \/ ICA LDC VIP METKOVI\u0106<\/a><br \/>\nMjesto rada:\u00a0<span id=\"ctl00_MainContent_gwSearch_ctl04_MjeNazivLabel\">METKOVI\u0106<\/span><br \/>\nTra\u017eeno radnika:\u00a0<span id=\"ctl00_MainContent_gwSearch_ctl04_StvarnoTrazenoRadnikaLabel\">1<\/span><br \/>\nPoslodavac:\u00a0<span id=\"ctl00_MainContent_gwSearch_ctl04_PosNazivLabel\">NARODNI TRGOVA\u010cKI LANAC d.o.o. za trgovinu i usluge<\/span><br \/>\nRok za prijavu:\u00a0<span id=\"ctl00_MainContent_gwSearch_ctl04_RadMjeRokPrijaveLabel\">20.9.2026.<\/span><\/div>\n<\/div>\n<div class=\"col-md-4\">\n<div class=\"prToolbox\"><\/div>\n<\/div>\n<\/div>\n<div class=\"row\">\n<div class=\"col-md-12\"><\/div>\n<\/div>\n<\/td>\n<\/tr>\n<tr align=\"left\">\n<td>\n<div class=\"row\">\n<div class=\"col-md-8\">\n<div class=\"prInfobox\"><a class=\"TitleLink\" href=\"https:\/\/burzarada.hzz.hr\/RadnoMjesto_Ispis.aspx?WebSifra=165668053\">RUKOVATELJ \/ ICA RADNIM STROJEM<\/a><br \/>\nMjesto rada:\u00a0<span id=\"ctl00_MainContent_gwSearch_ctl05_MjeNazivLabel\">METKOVI\u0106<\/span><br \/>\nTra\u017eeno radnika:\u00a0<span id=\"ctl00_MainContent_gwSearch_ctl05_StvarnoTrazenoRadnikaLabel\">2<\/span><br \/>\nPoslodavac:\u00a0<span id=\"ctl00_MainContent_gwSearch_ctl05_PosNazivLabel\">WINNER PRODUCT d.o.o. za usluge i trgovinu<\/span><br \/>\nRok za prijavu:\u00a0<span id=\"ctl00_MainContent_gwSearch_ctl05_RadMjeRokPrijaveLabel\">11.9.2026.<\/span><\/div>\n<\/div>\n<div class=\"col-md-4\">\n<div class=\"prToolbox\"><\/div>\n<\/div>\n<\/div>\n<div class=\"row\">\n<div class=\"col-md-12\"><\/div>\n<\/div>\n<\/td>\n<\/tr>\n<tr align=\"left\">\n<td>\n<div class=\"row\">\n<div class=\"col-md-8\">\n<div class=\"prInfobox\"><a class=\"TitleLink\" href=\"https:\/\/burzarada.hzz.hr\/RadnoMjesto_Ispis.aspx?WebSifra=165668397\">ELEKTROINSTALATER \/ KA<\/a><br \/>\nMjesto rada:\u00a0<span id=\"ctl00_MainContent_gwSearch_ctl06_MjeNazivLabel\">METKOVI\u0106<\/span><br \/>\nTra\u017eeno radnika:\u00a0<span id=\"ctl00_MainContent_gwSearch_ctl06_StvarnoTrazenoRadnikaLabel\">1<\/span><br \/>\nPoslodavac:\u00a0<span id=\"ctl00_MainContent_gwSearch_ctl06_PosNazivLabel\">WINNER PRODUCT d.o.o. za usluge i trgovinu<\/span><br \/>\nRok za prijavu:\u00a0<span id=\"ctl00_MainContent_gwSearch_ctl06_RadMjeRokPrijaveLabel\">10.9.2026.<\/span><\/div>\n<\/div>\n<div class=\"col-md-4\">\n<div class=\"prToolbox\"><\/div>\n<\/div>\n<\/div>\n<div class=\"row\">\n<div class=\"col-md-12\"><\/div>\n<\/div>\n<\/td>\n<\/tr>\n<tr align=\"left\">\n<td>\n<div class=\"row\">\n<div class=\"col-md-8\">\n<div class=\"prInfobox\"><a class=\"TitleLink\" href=\"https:\/\/burzarada.hzz.hr\/RadnoMjesto_Ispis.aspx?WebSifra=165667767\">POMO\u0106NI \/ A RADNIK \/ CA U GRA\u0110EVINI<\/a><br \/>\nMjesto rada:\u00a0<span id=\"ctl00_MainContent_gwSearch_ctl07_MjeNazivLabel\">METKOVI\u0106<\/span><br \/>\nTra\u017eeno radnika:\u00a0<span id=\"ctl00_MainContent_gwSearch_ctl07_StvarnoTrazenoRadnikaLabel\">3<\/span><br \/>\nPoslodavac:\u00a0<span id=\"ctl00_MainContent_gwSearch_ctl07_PosNazivLabel\">WINNER PRODUCT d.o.o. za usluge i trgovinu<\/span><br \/>\nRok za prijavu:\u00a0<span id=\"ctl00_MainContent_gwSearch_ctl07_RadMjeRokPrijaveLabel\">10.9.2026.<\/span><\/div>\n<\/div>\n<div class=\"col-md-4\">\n<div class=\"prToolbox\"><\/div>\n<\/div>\n<\/div>\n<div class=\"row\">\n<div class=\"col-md-12\"><\/div>\n<\/div>\n<\/td>\n<\/tr>\n<tr align=\"left\">\n<td>\n<div class=\"row\">\n<div class=\"col-md-8\">\n<div class=\"prInfobox\"><a class=\"TitleLink\" href=\"https:\/\/burzarada.hzz.hr\/RadnoMjesto_Ispis.aspx?WebSifra=165528423\">SKLADI\u0160NI \/ A RADNIK \/ CA<\/a><br \/>\nMjesto rada:\u00a0<span id=\"ctl00_MainContent_gwSearch_ctl08_MjeNazivLabel\">METKOVI\u0106<\/span><br \/>\nTra\u017eeno radnika:\u00a0<span id=\"ctl00_MainContent_gwSearch_ctl08_StvarnoTrazenoRadnikaLabel\">1<\/span><br \/>\nPoslodavac:\u00a0<span id=\"ctl00_MainContent_gwSearch_ctl08_PosNazivLabel\">KULINA NOVA SELA, D.O.O. ZA PROIZVODNJU, TRGOVINU I UGOSTITELJSTVO<\/span><br \/>\nRok za prijavu:\u00a0<span id=\"ctl00_MainContent_gwSearch_ctl08_RadMjeRokPrijaveLabel\">12.9.2026.<\/span><\/div>\n<\/div>\n<div class=\"col-md-4\">\n<div class=\"prToolbox\"><\/div>\n<\/div>\n<\/div>\n<div class=\"row\">\n<div class=\"col-md-12\"><\/div>\n<\/div>\n<\/td>\n<\/tr>\n<tr align=\"left\">\n<td>\n<div class=\"row\">\n<div class=\"col-md-8\">\n<div class=\"prInfobox\"><a class=\"TitleLink\" href=\"https:\/\/burzarada.hzz.hr\/RadnoMjesto_Ispis.aspx?WebSifra=165520345\">KNJIGOVO\u0110A \/ KNJIGOVOTKINJA<\/a><br \/>\nMjesto rada:\u00a0<span id=\"ctl00_MainContent_gwSearch_ctl09_MjeNazivLabel\">METKOVI\u0106<\/span><br \/>\nTra\u017eeno radnika:\u00a0<span id=\"ctl00_MainContent_gwSearch_ctl09_StvarnoTrazenoRadnikaLabel\">1<\/span><br \/>\nPoslodavac:\u00a0<span id=\"ctl00_MainContent_gwSearch_ctl09_PosNazivLabel\">VETA d.o.o. za usluge<\/span><br \/>\nRok za prijavu:\u00a0<span id=\"ctl00_MainContent_gwSearch_ctl09_RadMjeRokPrijaveLabel\">12.9.2026.<\/span><\/div>\n<\/div>\n<div class=\"col-md-4\">\n<div class=\"prToolbox\"><\/div>\n<\/div>\n<\/div>\n<div class=\"row\">\n<div class=\"col-md-12\"><\/div>\n<\/div>\n<\/td>\n<\/tr>\n<tr align=\"left\">\n<td>\n<div class=\"row\">\n<div class=\"col-md-8\">\n<div class=\"prInfobox\"><a class=\"TitleLink\" href=\"https:\/\/burzarada.hzz.hr\/RadnoMjesto_Ispis.aspx?WebSifra=165461960\">PEKAR \/ ICA<\/a><br \/>\nMjesto rada:\u00a0<span id=\"ctl00_MainContent_gwSearch_ctl10_MjeNazivLabel\">METKOVI\u0106<\/span><br \/>\nTra\u017eeno radnika:\u00a0<span id=\"ctl00_MainContent_gwSearch_ctl10_StvarnoTrazenoRadnikaLabel\">1<\/span><br \/>\nPoslodavac:\u00a0<span id=\"ctl00_MainContent_gwSearch_ctl10_PosNazivLabel\">KLAS, obrt za pekarstvo i trgovinu, vlasnik Pjeter Konaj, Metkovi\u0107, Tina Ujevi\u0107a 2<\/span><br \/>\nRok za prijavu:\u00a0<span id=\"ctl00_MainContent_gwSearch_ctl10_RadMjeRokPrijaveLabel\">31.10.2026.<\/span><\/div>\n<\/div>\n<div class=\"col-md-4\">\n<div class=\"prToolbox\"><\/div>\n<\/div>\n<\/div>\n<div class=\"row\">\n<div class=\"col-md-12\"><\/div>\n<\/div>\n<\/td>\n<\/tr>\n<tr align=\"left\">\n<td>\n<div class=\"row\">\n<div class=\"col-md-8\">\n<div class=\"prInfobox\"><a class=\"TitleLink\" href=\"https:\/\/burzarada.hzz.hr\/RadnoMjesto_Ispis.aspx?WebSifra=165254492\">OSOBNI ASISTENT \/ OSOBNA ASISTENTICA<\/a><br \/>\nMjesto rada:\u00a0<span id=\"ctl00_MainContent_gwSearch_ctl11_MjeNazivLabel\">METKOVI\u0106<\/span><br \/>\nTra\u017eeno radnika:\u00a0<span id=\"ctl00_MainContent_gwSearch_ctl11_StvarnoTrazenoRadnikaLabel\">1<\/span><br \/>\nPoslodavac:\u00a0<span id=\"ctl00_MainContent_gwSearch_ctl11_PosNazivLabel\">Udruga osoba s invaliditetom &#8216;Prijatelj&#8217;<\/span><br \/>\nRok za prijavu:\u00a0<span id=\"ctl00_MainContent_gwSearch_ctl11_RadMjeRokPrijaveLabel\">30.9.2026.<\/span><\/div>\n<\/div>\n<\/div>\n<\/td>\n<\/tr>\n<\/tbody>\n<\/table>\n<h4><strong>Plo\u010de (12):<\/strong><\/h4>\n<table id=\"ctl00_MainContent_gwSearch\" border=\"0\" cellspacing=\"0\" cellpadding=\"3\">\n<tbody>\n<tr align=\"left\">\n<td>\n<div class=\"row\">\n<div class=\"col-md-8\">\n<div class=\"prInfobox\"><a class=\"TitleLink\" href=\"https:\/\/burzarada.hzz.hr\/RadnoMjesto_Ispis.aspx?WebSifra=165978138\">EDUKACIJSKI REHABILITATOR \/ EDUKACIJSKA REHABILITATORICA<\/a><br \/>\nMjesto rada:\u00a0<span id=\"ctl00_MainContent_gwSearch_ctl02_MjeNazivLabel\">PLO\u010cE<\/span><br \/>\nTra\u017eeno radnika:\u00a0<span id=\"ctl00_MainContent_gwSearch_ctl02_StvarnoTrazenoRadnikaLabel\">1<\/span><br \/>\nPoslodavac:\u00a0<span id=\"ctl00_MainContent_gwSearch_ctl02_PosNazivLabel\">Udruga osoba s intelektualnim te\u0161ko\u0107ama Radost<\/span><br \/>\nRok za prijavu:\u00a0<span id=\"ctl00_MainContent_gwSearch_ctl02_RadMjeRokPrijaveLabel\">7.9.2026.<\/span><\/div>\n<\/div>\n<div class=\"col-md-4\">\n<div class=\"prToolbox\"><\/div>\n<\/div>\n<\/div>\n<div class=\"row\">\n<div class=\"col-md-12\"><\/div>\n<\/div>\n<\/td>\n<\/tr>\n<tr align=\"left\">\n<td>\n<div class=\"row\">\n<div class=\"col-md-8\">\n<div class=\"prInfobox\"><a class=\"TitleLink\" href=\"https:\/\/burzarada.hzz.hr\/RadnoMjesto_Ispis.aspx?WebSifra=165978081\">OSOBNI ASISTENT \/ OSOBNA ASISTENTICA<\/a><br \/>\nMjesto rada:\u00a0<span id=\"ctl00_MainContent_gwSearch_ctl03_MjeNazivLabel\">KOMIN<\/span><br \/>\nTra\u017eeno radnika:\u00a0<span id=\"ctl00_MainContent_gwSearch_ctl03_StvarnoTrazenoRadnikaLabel\">1<\/span><br \/>\nPoslodavac:\u00a0<span id=\"ctl00_MainContent_gwSearch_ctl03_PosNazivLabel\">Udruga osoba s intelektualnim te\u0161ko\u0107ama Radost<\/span><br \/>\nRok za prijavu:\u00a0<span id=\"ctl00_MainContent_gwSearch_ctl03_RadMjeRokPrijaveLabel\">7.9.2026.<\/span><\/div>\n<\/div>\n<div class=\"col-md-4\">\n<div class=\"prToolbox\"><\/div>\n<\/div>\n<\/div>\n<div class=\"row\">\n<div class=\"col-md-12\"><\/div>\n<\/div>\n<\/td>\n<\/tr>\n<tr align=\"left\">\n<td>\n<div class=\"row\">\n<div class=\"col-md-8\">\n<div class=\"prInfobox\"><a class=\"TitleLink\" href=\"https:\/\/burzarada.hzz.hr\/RadnoMjesto_Ispis.aspx?WebSifra=165827507\">ODGOJITELJ \/ ICA- PRIPRAVNIK \/ ICA<\/a><br \/>\nMjesto rada:\u00a0<span id=\"ctl00_MainContent_gwSearch_ctl04_MjeNazivLabel\">PLO\u010cE<\/span><br \/>\nTra\u017eeno radnika:\u00a0<span id=\"ctl00_MainContent_gwSearch_ctl04_StvarnoTrazenoRadnikaLabel\">1<\/span><br \/>\nPoslodavac:\u00a0<span id=\"ctl00_MainContent_gwSearch_ctl04_PosNazivLabel\">DJE\u010cJI VRTI\u0106 PLO\u010cE<\/span><br \/>\nRok za prijavu:\u00a0<span id=\"ctl00_MainContent_gwSearch_ctl04_RadMjeRokPrijaveLabel\">3.9.2026.<\/span><\/div>\n<\/div>\n<div class=\"col-md-4\">\n<div class=\"prToolbox\"><\/div>\n<\/div>\n<\/div>\n<div class=\"row\">\n<div class=\"col-md-12\"><\/div>\n<\/div>\n<\/td>\n<\/tr>\n<tr align=\"left\">\n<td>\n<div class=\"row\">\n<div class=\"col-md-8\">\n<div class=\"prInfobox\"><a class=\"TitleLink\" href=\"https:\/\/burzarada.hzz.hr\/RadnoMjesto_Ispis.aspx?WebSifra=165827393\">VOZA\u010c \/ ICA &#8211; DOSTAVLJA\u010c \/ ICA<\/a><br \/>\nMjesto rada:\u00a0<span id=\"ctl00_MainContent_gwSearch_ctl05_MjeNazivLabel\">\u0160ARI\u0106 STRUGA<\/span><br \/>\nTra\u017eeno radnika:\u00a0<span id=\"ctl00_MainContent_gwSearch_ctl05_StvarnoTrazenoRadnikaLabel\">1<\/span><br \/>\nPoslodavac:\u00a0<span id=\"ctl00_MainContent_gwSearch_ctl05_PosNazivLabel\">NIKOLAC, D.O.O. ZA PROIZVODNJU I TRGOVINU<\/span><br \/>\nRok za prijavu:\u00a0<span id=\"ctl00_MainContent_gwSearch_ctl05_RadMjeRokPrijaveLabel\">24.9.2026.<\/span><\/div>\n<\/div>\n<div class=\"col-md-4\">\n<div class=\"prToolbox\"><\/div>\n<\/div>\n<\/div>\n<div class=\"row\">\n<div class=\"col-md-12\"><\/div>\n<\/div>\n<\/td>\n<\/tr>\n<tr align=\"left\">\n<td>\n<div class=\"row\">\n<div class=\"col-md-8\">\n<div class=\"prInfobox\"><a class=\"TitleLink\" href=\"https:\/\/burzarada.hzz.hr\/RadnoMjesto_Ispis.aspx?WebSifra=165671204\">PEKAR \/ PEKARICA<\/a><br \/>\nMjesto rada:\u00a0<span id=\"ctl00_MainContent_gwSearch_ctl06_MjeNazivLabel\">\u0160ARI\u0106 STRUGA<\/span><br \/>\nTra\u017eeno radnika:\u00a0<span id=\"ctl00_MainContent_gwSearch_ctl06_StvarnoTrazenoRadnikaLabel\">2<\/span><br \/>\nPoslodavac:\u00a0<span id=\"ctl00_MainContent_gwSearch_ctl06_PosNazivLabel\">NIKOLAC, D.O.O. ZA PROIZVODNJU I TRGOVINU<\/span><br \/>\nRok za prijavu:\u00a0<span id=\"ctl00_MainContent_gwSearch_ctl06_RadMjeRokPrijaveLabel\">18.9.2026.<\/span><\/div>\n<\/div>\n<div class=\"col-md-4\">\n<div class=\"prToolbox\"><\/div>\n<\/div>\n<\/div>\n<div class=\"row\">\n<div class=\"col-md-12\"><\/div>\n<\/div>\n<\/td>\n<\/tr>\n<tr align=\"left\">\n<td>\n<div class=\"row\">\n<div class=\"col-md-8\">\n<div class=\"prInfobox\"><a class=\"TitleLink\" href=\"https:\/\/burzarada.hzz.hr\/RadnoMjesto_Ispis.aspx?WebSifra=165634936\">OSOBNI ASISTENT \/ OSOBNA ASISTENTICA<\/a><br \/>\nMjesto rada:\u00a0<span id=\"ctl00_MainContent_gwSearch_ctl07_MjeNazivLabel\">KOMIN<\/span><br \/>\nTra\u017eeno radnika:\u00a0<span id=\"ctl00_MainContent_gwSearch_ctl07_StvarnoTrazenoRadnikaLabel\">1<\/span><br \/>\nPoslodavac:\u00a0<span id=\"ctl00_MainContent_gwSearch_ctl07_PosNazivLabel\">Udruga osoba s invaliditetom &#8216;Prijatelj&#8217;<\/span><br \/>\nRok za prijavu:\u00a0<span id=\"ctl00_MainContent_gwSearch_ctl07_RadMjeRokPrijaveLabel\">31.10.2026.<\/span><\/div>\n<\/div>\n<div class=\"col-md-4\">\n<div class=\"prToolbox\"><\/div>\n<\/div>\n<\/div>\n<div class=\"row\">\n<div class=\"col-md-12\"><\/div>\n<\/div>\n<\/td>\n<\/tr>\n<tr align=\"left\">\n<td>\n<div class=\"row\">\n<div class=\"col-md-8\">\n<div class=\"prInfobox\"><a class=\"TitleLink\" href=\"https:\/\/burzarada.hzz.hr\/RadnoMjesto_Ispis.aspx?WebSifra=165599871\">FRIZER \/ FRIZERKA<\/a><br \/>\nMjesto rada:\u00a0<span id=\"ctl00_MainContent_gwSearch_ctl08_MjeNazivLabel\">PLO\u010cE<\/span><br \/>\nTra\u017eeno radnika:\u00a0<span id=\"ctl00_MainContent_gwSearch_ctl08_StvarnoTrazenoRadnikaLabel\">1<\/span><br \/>\nPoslodavac:\u00a0<span id=\"ctl00_MainContent_gwSearch_ctl08_PosNazivLabel\">FRIZERSKI SALON &#8220;DUJE&#8221;<\/span><br \/>\nRok za prijavu:\u00a0<span id=\"ctl00_MainContent_gwSearch_ctl08_RadMjeRokPrijaveLabel\">30.9.2026.<\/span><\/div>\n<\/div>\n<div class=\"col-md-4\">\n<div class=\"prToolbox\"><\/div>\n<\/div>\n<\/div>\n<div class=\"row\">\n<div class=\"col-md-12\"><\/div>\n<\/div>\n<\/td>\n<\/tr>\n<tr align=\"left\">\n<td>\n<div class=\"row\">\n<div class=\"col-md-8\">\n<div class=\"prInfobox\"><a class=\"TitleLink\" href=\"https:\/\/burzarada.hzz.hr\/RadnoMjesto_Ispis.aspx?WebSifra=165081803\">RADNIK \/ CA NA TURISTI\u010cKO-POLJOPRIVREDNOM OBITELJSKOM GOSPODARSTVU<\/a><br \/>\nMjesto rada:\u00a0<span id=\"ctl00_MainContent_gwSearch_ctl09_MjeNazivLabel\">KOMIN<\/span><br \/>\nTra\u017eeno radnika:\u00a0<span id=\"ctl00_MainContent_gwSearch_ctl09_StvarnoTrazenoRadnikaLabel\">1<\/span><br \/>\nPoslodavac:\u00a0<span id=\"ctl00_MainContent_gwSearch_ctl09_PosNazivLabel\">HINKO, NIKE MEDAK, Obala Stjepana Radia 158, KOMIN<\/span><br \/>\nRok za prijavu:\u00a0<span id=\"ctl00_MainContent_gwSearch_ctl09_RadMjeRokPrijaveLabel\">31.10.2026.<\/span><\/div>\n<\/div>\n<div class=\"col-md-4\">\n<div class=\"prToolbox\"><\/div>\n<\/div>\n<\/div>\n<div class=\"row\">\n<div class=\"col-md-12\"><\/div>\n<\/div>\n<\/td>\n<\/tr>\n<tr align=\"left\">\n<td>\n<div class=\"row\">\n<div class=\"col-md-8\">\n<div class=\"prInfobox\"><a class=\"TitleLink\" href=\"https:\/\/burzarada.hzz.hr\/RadnoMjesto_Ispis.aspx?WebSifra=164856516\">OSOBNI ASISTENT \/ OSOBNA ASISTENTICA<\/a><br \/>\nMjesto rada:\u00a0<span id=\"ctl00_MainContent_gwSearch_ctl10_MjeNazivLabel\">ROGOTIN<\/span><br \/>\nTra\u017eeno radnika:\u00a0<span id=\"ctl00_MainContent_gwSearch_ctl10_StvarnoTrazenoRadnikaLabel\">1<\/span><br \/>\nPoslodavac:\u00a0<span id=\"ctl00_MainContent_gwSearch_ctl10_PosNazivLabel\">Udruga osoba s invaliditetom &#8216;Prijatelj&#8217;<\/span><br \/>\nRok za prijavu:\u00a0<span id=\"ctl00_MainContent_gwSearch_ctl10_RadMjeRokPrijaveLabel\">30.9.2026.<\/span><\/div>\n<\/div>\n<div class=\"col-md-4\">\n<div class=\"prToolbox\"><\/div>\n<\/div>\n<\/div>\n<div class=\"row\">\n<div class=\"col-md-12\"><\/div>\n<\/div>\n<\/td>\n<\/tr>\n<tr align=\"left\">\n<td>\n<div class=\"row\">\n<div class=\"col-md-8\">\n<div class=\"prInfobox\"><a class=\"TitleLink\" href=\"https:\/\/burzarada.hzz.hr\/RadnoMjesto_Ispis.aspx?WebSifra=164739231\">MAGISTAR \/ MAGISTRA FARMACIJE<\/a><br \/>\nMjesto rada:\u00a0<span id=\"ctl00_MainContent_gwSearch_ctl11_MjeNazivLabel\">PLO\u010cE<\/span><br \/>\nTra\u017eeno radnika:\u00a0<span id=\"ctl00_MainContent_gwSearch_ctl11_StvarnoTrazenoRadnikaLabel\">1<\/span><br \/>\nPoslodavac:\u00a0<span id=\"ctl00_MainContent_gwSearch_ctl11_PosNazivLabel\">ZDRAVSTVENA USTANOVA LJEKARNE TOMAS<\/span><br \/>\nRok za prijavu:\u00a0<span id=\"ctl00_MainContent_gwSearch_ctl11_RadMjeRokPrijaveLabel\">30.9.2026.<\/span><\/div>\n<\/div>\n<\/div>\n<\/td>\n<\/tr>\n<\/tbody>\n<\/table>\n<table id=\"ctl00_MainContent_gwSearch\" border=\"0\" cellspacing=\"0\" cellpadding=\"3\">\n<tbody>\n<tr align=\"left\">\n<td>\n<div class=\"row\">\n<div class=\"col-md-8\">\n<div class=\"prInfobox\"><a class=\"TitleLink\" href=\"https:\/\/burzarada.hzz.hr\/RadnoMjesto_Ispis.aspx?WebSifra=164483406\">KONOBAR \/ KONOBARICA<\/a><br \/>\nMjesto rada:\u00a0<span id=\"ctl00_MainContent_gwSearch_ctl02_MjeNazivLabel\">PLO\u010cE<\/span><br \/>\nTra\u017eeno radnika:\u00a0<span id=\"ctl00_MainContent_gwSearch_ctl02_StvarnoTrazenoRadnikaLabel\">1<\/span><br \/>\nPoslodavac:\u00a0<span id=\"ctl00_MainContent_gwSearch_ctl02_PosNazivLabel\">CAFFE BAR SPLENDID<\/span><br \/>\nRok za prijavu:\u00a0<span id=\"ctl00_MainContent_gwSearch_ctl02_RadMjeRokPrijaveLabel\">30.9.2026.<\/span><\/div>\n<\/div>\n<div class=\"col-md-4\">\n<div class=\"prToolbox\"><\/div>\n<\/div>\n<\/div>\n<div class=\"row\">\n<div class=\"col-md-12\"><\/div>\n<\/div>\n<\/td>\n<\/tr>\n<tr align=\"left\">\n<td>\n<div class=\"row\">\n<div class=\"col-md-8\">\n<div class=\"prInfobox\"><a class=\"TitleLink\" href=\"https:\/\/burzarada.hzz.hr\/RadnoMjesto_Ispis.aspx?WebSifra=163889535\">RADNIK \/ CA NA PROIZVODNJI KORA ZA SAVIJA\u010cE<\/a><br \/>\nMjesto rada:\u00a0<span id=\"ctl00_MainContent_gwSearch_ctl03_MjeNazivLabel\">PLO\u010cE<\/span><br \/>\nTra\u017eeno radnika:\u00a0<span id=\"ctl00_MainContent_gwSearch_ctl03_StvarnoTrazenoRadnikaLabel\">2<\/span><br \/>\nPoslodavac:\u00a0<span id=\"ctl00_MainContent_gwSearch_ctl03_PosNazivLabel\">RAMA TRADE za trgovinu na malo i veliko, uvoz-izvoz, dru\u0161tvo s ograni\u010denom odgovorno\u0161\u0107u<\/span><br \/>\nRok za prijavu:\u00a0<span id=\"ctl00_MainContent_gwSearch_ctl03_RadMjeRokPrijaveLabel\">1.11.2026.<\/span><\/div>\n<\/div>\n<\/div>\n<\/td>\n<\/tr>\n<\/tbody>\n<\/table>\n<h4><strong>Opuzen (7):<\/strong><\/h4>\n<table id=\"ctl00_MainContent_gwSearch\" border=\"0\" cellspacing=\"0\" cellpadding=\"3\">\n<tbody>\n<tr align=\"left\">\n<td>\n<div class=\"row\">\n<div class=\"col-md-8\">\n<div class=\"prInfobox\"><a class=\"TitleLink\" href=\"https:\/\/burzarada.hzz.hr\/RadnoMjesto_Ispis.aspx?WebSifra=165940093\">RADNIK \/ CA U PROIZVODNJI PRIRODNIH SOKOVA<\/a><br \/>\nMjesto rada:\u00a0<span id=\"ctl00_MainContent_gwSearch_ctl02_MjeNazivLabel\">OPUZEN<\/span><br \/>\nTra\u017eeno radnika:\u00a0<span id=\"ctl00_MainContent_gwSearch_ctl02_StvarnoTrazenoRadnikaLabel\">5<\/span><br \/>\nPoslodavac:\u00a0<span id=\"ctl00_MainContent_gwSearch_ctl02_PosNazivLabel\">NOVALLIS dru\u0161tvo s ograni\u010denom odgovorno\u0161\u0107u za proizvodnju, trgovinu i usluge<\/span><br \/>\nRok za prijavu:\u00a0<span id=\"ctl00_MainContent_gwSearch_ctl02_RadMjeRokPrijaveLabel\">15.9.2026.<\/span><\/div>\n<\/div>\n<div class=\"col-md-4\">\n<div class=\"prToolbox\"><\/div>\n<\/div>\n<\/div>\n<div class=\"row\">\n<div class=\"col-md-12\"><\/div>\n<\/div>\n<\/td>\n<\/tr>\n<tr align=\"left\">\n<td>\n<div class=\"row\">\n<div class=\"col-md-8\">\n<div class=\"prInfobox\"><a class=\"TitleLink\" href=\"https:\/\/burzarada.hzz.hr\/RadnoMjesto_Ispis.aspx?WebSifra=165964845\">KNJIGOVO\u0110A(M \/ \u017d)<\/a><br \/>\nMjesto rada:\u00a0<span id=\"ctl00_MainContent_gwSearch_ctl03_MjeNazivLabel\">OPUZEN<\/span><br \/>\nTra\u017eeno radnika:\u00a0<span id=\"ctl00_MainContent_gwSearch_ctl03_StvarnoTrazenoRadnikaLabel\">2<\/span><br \/>\nPoslodavac:\u00a0<span id=\"ctl00_MainContent_gwSearch_ctl03_PosNazivLabel\">JASENSKA, dru\u0161tvo s ograni\u010denom odgovorno\u0161\u0107u za trgovinu, gra\u0111evinarstvo i usluge, putni\u010dka agencija<\/span><br \/>\nRok za prijavu:\u00a0<span id=\"ctl00_MainContent_gwSearch_ctl03_RadMjeRokPrijaveLabel\">11.9.2026.<\/span><\/div>\n<\/div>\n<div class=\"col-md-4\">\n<div class=\"prToolbox\"><\/div>\n<\/div>\n<\/div>\n<div class=\"row\">\n<div class=\"col-md-12\"><\/div>\n<\/div>\n<\/td>\n<\/tr>\n<tr align=\"left\">\n<td>\n<div class=\"row\">\n<div class=\"col-md-8\">\n<div class=\"prInfobox\"><a class=\"TitleLink\" href=\"https:\/\/burzarada.hzz.hr\/RadnoMjesto_Ispis.aspx?WebSifra=165773649\">POMO\u0106NI \/ A KUHAR \/ ICA<\/a><br \/>\nMjesto rada:\u00a0<span id=\"ctl00_MainContent_gwSearch_ctl04_MjeNazivLabel\">OPUZEN<\/span><br \/>\nTra\u017eeno radnika:\u00a0<span id=\"ctl00_MainContent_gwSearch_ctl04_StvarnoTrazenoRadnikaLabel\">1<\/span><br \/>\nPoslodavac:\u00a0<span id=\"ctl00_MainContent_gwSearch_ctl04_PosNazivLabel\">DELTA TONERI d.o.o. za usluge i trgovinu<\/span><br \/>\nRok za prijavu:\u00a0<span id=\"ctl00_MainContent_gwSearch_ctl04_RadMjeRokPrijaveLabel\">31.10.2026.<\/span><\/div>\n<\/div>\n<div class=\"col-md-4\">\n<div class=\"prToolbox\"><\/div>\n<\/div>\n<\/div>\n<div class=\"row\">\n<div class=\"col-md-12\"><\/div>\n<\/div>\n<\/td>\n<\/tr>\n<tr align=\"left\">\n<td>\n<div class=\"row\">\n<div class=\"col-md-8\">\n<div class=\"prInfobox\"><a class=\"TitleLink\" href=\"https:\/\/burzarada.hzz.hr\/RadnoMjesto_Ispis.aspx?WebSifra=165744085\">SKLADI\u0160TAR \/ SKLADI\u0160TARKA<\/a><br \/>\nMjesto rada:\u00a0<span id=\"ctl00_MainContent_gwSearch_ctl05_MjeNazivLabel\">OPUZEN<\/span><br \/>\nTra\u017eeno radnika:\u00a0<span id=\"ctl00_MainContent_gwSearch_ctl05_StvarnoTrazenoRadnikaLabel\">100<\/span><br \/>\nPoslodavac:\u00a0<span id=\"ctl00_MainContent_gwSearch_ctl05_PosNazivLabel\">SETOVIA VO\u0106E D.O.O., ZA TRGOVINU I USLUGE<\/span><br \/>\nRok za prijavu:\u00a0<span id=\"ctl00_MainContent_gwSearch_ctl05_RadMjeRokPrijaveLabel\">5.9.2026.<\/span><\/div>\n<\/div>\n<div class=\"col-md-4\">\n<div class=\"prToolbox\"><\/div>\n<\/div>\n<\/div>\n<div class=\"row\">\n<div class=\"col-md-12\"><\/div>\n<\/div>\n<\/td>\n<\/tr>\n<tr align=\"left\">\n<td>\n<div class=\"row\">\n<div class=\"col-md-8\">\n<div class=\"prInfobox\"><a class=\"TitleLink\" href=\"https:\/\/burzarada.hzz.hr\/RadnoMjesto_Ispis.aspx?WebSifra=165386272\">POMO\u0106NI \/ A KONOBAR \/ ICA<\/a><br \/>\nMjesto rada:\u00a0<span id=\"ctl00_MainContent_gwSearch_ctl06_MjeNazivLabel\">OPUZEN<\/span><br \/>\nTra\u017eeno radnika:\u00a0<span id=\"ctl00_MainContent_gwSearch_ctl06_StvarnoTrazenoRadnikaLabel\">2<\/span><br \/>\nPoslodavac:\u00a0<span id=\"ctl00_MainContent_gwSearch_ctl06_PosNazivLabel\">DELTA TONERI d.o.o. za usluge i trgovinu<\/span><br \/>\nRok za prijavu:\u00a0<span id=\"ctl00_MainContent_gwSearch_ctl06_RadMjeRokPrijaveLabel\">30.9.2026.<\/span><\/div>\n<\/div>\n<div class=\"col-md-4\">\n<div class=\"prToolbox\"><\/div>\n<\/div>\n<\/div>\n<div class=\"row\">\n<div class=\"col-md-12\"><\/div>\n<\/div>\n<\/td>\n<\/tr>\n<tr align=\"left\">\n<td>\n<div class=\"row\">\n<div class=\"col-md-8\">\n<div class=\"prInfobox\"><a class=\"TitleLink\" href=\"https:\/\/burzarada.hzz.hr\/RadnoMjesto_Ispis.aspx?WebSifra=164699640\">MAGISTAR \/ MAGISTRA FARMACIJE<\/a><br \/>\nMjesto rada:\u00a0<span id=\"ctl00_MainContent_gwSearch_ctl07_MjeNazivLabel\">OPUZEN<\/span><br \/>\nTra\u017eeno radnika:\u00a0<span id=\"ctl00_MainContent_gwSearch_ctl07_StvarnoTrazenoRadnikaLabel\">1<\/span><br \/>\nPoslodavac:\u00a0<span id=\"ctl00_MainContent_gwSearch_ctl07_PosNazivLabel\">LJEKARNA PELAI\u0106 zdravstvena ustanova za ljekarni\u010dku djelatnost<\/span><br \/>\nRok za prijavu:\u00a0<span id=\"ctl00_MainContent_gwSearch_ctl07_RadMjeRokPrijaveLabel\">30.9.2026.<\/span><\/div>\n<\/div>\n<div class=\"col-md-4\">\n<div class=\"prToolbox\"><\/div>\n<\/div>\n<\/div>\n<div class=\"row\">\n<div class=\"col-md-12\"><\/div>\n<\/div>\n<\/td>\n<\/tr>\n<tr align=\"left\">\n<td>\n<div class=\"row\">\n<div class=\"col-md-8\">\n<div class=\"prInfobox\"><a class=\"TitleLink\" href=\"https:\/\/burzarada.hzz.hr\/RadnoMjesto_Ispis.aspx?WebSifra=164407775\">PODOPOLAGA\u010c \/ PODOPOLAGA\u010cICA KERAMI\u010cARSKIH PLO\u010cICA<\/a><br \/>\nMjesto rada:\u00a0<span id=\"ctl00_MainContent_gwSearch_ctl08_MjeNazivLabel\">OPUZEN<\/span><br \/>\nTra\u017eeno radnika:\u00a0<span id=\"ctl00_MainContent_gwSearch_ctl08_StvarnoTrazenoRadnikaLabel\">3<\/span><br \/>\nPoslodavac:\u00a0<span id=\"ctl00_MainContent_gwSearch_ctl08_PosNazivLabel\">IN LINE dru\u0161tvo s ograni\u010denom odgovorno\u0161\u0107u za trgovinu i usluge<\/span><br \/>\nRok za prijavu:\u00a0<span id=\"ctl00_MainContent_gwSearch_ctl08_RadMjeRokPrijaveLabel\">15.9.2026.<\/span><\/div>\n<\/div>\n<\/div>\n<\/td>\n<\/tr>\n<\/tbody>\n<\/table>\n<h4><\/h4>\n","protected":false},"excerpt":{"rendered":"<p>Trenutno je na Burzi rada HZZ-a otvoreno 37 natje\u010daja za nova radna mjesta na podru\u010dju Metkovi\u0107a, Plo\u010da i Opuzena. Metkovi\u0107 (20): KONOBAR (\u017d \/ M) Mjesto rada:\u00a0METKOVI\u0106 Tra\u017eeno radnika:\u00a01 Poslodavac:\u00a0NO LIMIT, obrt za ugostiteljstvo, vl. Mihovil \u0106erlek, Metkovi\u0107, \u0161portska b.b. Rok za prijavu:\u00a06.9.2026. POMO\u0106NI \/ A KUHAR \/ ICA Mjesto rada:\u00a0METKOVI\u0106 Tra\u017eeno radnika:\u00a01 Poslodavac:\u00a0MILANO, obrt [&hellip;]<\/p>\n","protected":false},"author":7,"featured_media":177083,"comment_status":"open","ping_status":"open","sticky":false,"template":"","format":"standard","meta":{"footnotes":""},"categories":[283,11],"tags":[2013],"class_list":{"0":"post-178393","1":"post","2":"type-post","3":"status-publish","4":"format-standard","5":"has-post-thumbnail","7":"category-a","8":"category-metkovic-dolina","9":"tag-burza-rada"},"yoast_head":"<!-- This site is optimized with the Yoast SEO plugin v27.7 - https:\/\/yoast.com\/product\/yoast-seo-wordpress\/ -->\n<title>BURZA RADA Nova radna mjesta u Dolini Neretve - likemetkovic.hr<\/title>\n<meta name=\"robots\" content=\"index, follow, max-snippet:-1, max-image-preview:large, max-video-preview:-1\" \/>\n<link rel=\"canonical\" href=\"https:\/\/likemetkovic.hr\/portal\/burza-rada-nova-radna-mjesta-u-dolini-neretve-114\/\" \/>\n<meta property=\"og:locale\" content=\"hr_HR\" \/>\n<meta property=\"og:type\" content=\"article\" \/>\n<meta property=\"og:title\" content=\"BURZA RADA Nova radna mjesta u Dolini Neretve - likemetkovic.hr\" \/>\n<meta property=\"og:description\" content=\"Trenutno je na Burzi rada HZZ-a otvoreno 37 natje\u010daja za nova radna mjesta na podru\u010dju Metkovi\u0107a, Plo\u010da i Opuzena. Metkovi\u0107 (20): KONOBAR (\u017d \/ M) Mjesto rada:\u00a0METKOVI\u0106 Tra\u017eeno radnika:\u00a01 Poslodavac:\u00a0NO LIMIT, obrt za ugostiteljstvo, vl. Mihovil \u0106erlek, Metkovi\u0107, \u0161portska b.b. Rok za prijavu:\u00a06.9.2026. POMO\u0106NI \/ A KUHAR \/ ICA Mjesto rada:\u00a0METKOVI\u0106 Tra\u017eeno radnika:\u00a01 Poslodavac:\u00a0MILANO, obrt [&hellip;]\" \/>\n<meta property=\"og:url\" content=\"https:\/\/likemetkovic.hr\/portal\/burza-rada-nova-radna-mjesta-u-dolini-neretve-114\/\" \/>\n<meta property=\"og:site_name\" content=\"likemetkovic.hr\" \/>\n<meta property=\"article:publisher\" content=\"https:\/\/www.facebook.com\/likemetkovic.hr\/\" \/>\n<meta property=\"article:published_time\" content=\"2026-09-01T05:32:46+00:00\" \/>\n<meta property=\"og:image\" content=\"https:\/\/likemetkovic.hr\/portal\/wp-content\/uploads\/2026\/07\/posao-16x9-1.jpg\" \/>\n\t<meta property=\"og:image:width\" content=\"800\" \/>\n\t<meta property=\"og:image:height\" content=\"450\" \/>\n\t<meta property=\"og:image:type\" content=\"image\/jpeg\" \/>\n<meta name=\"author\" content=\"LIKEmetkovic.hr\" \/>\n<meta name=\"twitter:card\" content=\"summary_large_image\" \/>\n<meta name=\"twitter:label1\" content=\"Napisao\/la\" \/>\n\t<meta name=\"twitter:data1\" content=\"LIKEmetkovic.hr\" \/>\n\t<meta name=\"twitter:label2\" content=\"Procijenjeno vrijeme \u010ditanja\" \/>\n\t<meta name=\"twitter:data2\" content=\"6 minuta\" \/>\n<script type=\"application\/ld+json\" class=\"yoast-schema-graph\">{\"@context\":\"https:\\\/\\\/schema.org\",\"@graph\":[{\"@type\":\"Article\",\"@id\":\"https:\\\/\\\/likemetkovic.hr\\\/portal\\\/burza-rada-nova-radna-mjesta-u-dolini-neretve-114\\\/#article\",\"isPartOf\":{\"@id\":\"https:\\\/\\\/likemetkovic.hr\\\/portal\\\/burza-rada-nova-radna-mjesta-u-dolini-neretve-114\\\/\"},\"author\":{\"name\":\"LIKEmetkovic.hr\",\"@id\":\"https:\\\/\\\/likemetkovic.hr\\\/#\\\/schema\\\/person\\\/a42711f3385a0e2be6f7e0443bfb28f0\"},\"headline\":\"BURZA RADA Nova radna mjesta u Dolini Neretve\",\"datePublished\":\"2026-09-01T05:32:46+00:00\",\"mainEntityOfPage\":{\"@id\":\"https:\\\/\\\/likemetkovic.hr\\\/portal\\\/burza-rada-nova-radna-mjesta-u-dolini-neretve-114\\\/\"},\"wordCount\":952,\"commentCount\":0,\"image\":{\"@id\":\"https:\\\/\\\/likemetkovic.hr\\\/portal\\\/burza-rada-nova-radna-mjesta-u-dolini-neretve-114\\\/#primaryimage\"},\"thumbnailUrl\":\"https:\\\/\\\/likemetkovic.hr\\\/portal\\\/wp-content\\\/uploads\\\/2026\\\/07\\\/posao-16x9-1.jpg\",\"keywords\":[\"burza rada\"],\"articleSection\":[\"AA\",\"Metkovi\u0107 i Dolina\"],\"inLanguage\":\"hr\",\"potentialAction\":[{\"@type\":\"CommentAction\",\"name\":\"Comment\",\"target\":[\"https:\\\/\\\/likemetkovic.hr\\\/portal\\\/burza-rada-nova-radna-mjesta-u-dolini-neretve-114\\\/#respond\"]}]},{\"@type\":\"WebPage\",\"@id\":\"https:\\\/\\\/likemetkovic.hr\\\/portal\\\/burza-rada-nova-radna-mjesta-u-dolini-neretve-114\\\/\",\"url\":\"https:\\\/\\\/likemetkovic.hr\\\/portal\\\/burza-rada-nova-radna-mjesta-u-dolini-neretve-114\\\/\",\"name\":\"BURZA RADA Nova radna mjesta u Dolini Neretve - likemetkovic.hr\",\"isPartOf\":{\"@id\":\"https:\\\/\\\/likemetkovic.hr\\\/#website\"},\"primaryImageOfPage\":{\"@id\":\"https:\\\/\\\/likemetkovic.hr\\\/portal\\\/burza-rada-nova-radna-mjesta-u-dolini-neretve-114\\\/#primaryimage\"},\"image\":{\"@id\":\"https:\\\/\\\/likemetkovic.hr\\\/portal\\\/burza-rada-nova-radna-mjesta-u-dolini-neretve-114\\\/#primaryimage\"},\"thumbnailUrl\":\"https:\\\/\\\/likemetkovic.hr\\\/portal\\\/wp-content\\\/uploads\\\/2026\\\/07\\\/posao-16x9-1.jpg\",\"datePublished\":\"2026-09-01T05:32:46+00:00\",\"author\":{\"@id\":\"https:\\\/\\\/likemetkovic.hr\\\/#\\\/schema\\\/person\\\/a42711f3385a0e2be6f7e0443bfb28f0\"},\"breadcrumb\":{\"@id\":\"https:\\\/\\\/likemetkovic.hr\\\/portal\\\/burza-rada-nova-radna-mjesta-u-dolini-neretve-114\\\/#breadcrumb\"},\"inLanguage\":\"hr\",\"potentialAction\":[{\"@type\":\"ReadAction\",\"target\":[\"https:\\\/\\\/likemetkovic.hr\\\/portal\\\/burza-rada-nova-radna-mjesta-u-dolini-neretve-114\\\/\"]}]},{\"@type\":\"ImageObject\",\"inLanguage\":\"hr\",\"@id\":\"https:\\\/\\\/likemetkovic.hr\\\/portal\\\/burza-rada-nova-radna-mjesta-u-dolini-neretve-114\\\/#primaryimage\",\"url\":\"https:\\\/\\\/likemetkovic.hr\\\/portal\\\/wp-content\\\/uploads\\\/2026\\\/07\\\/posao-16x9-1.jpg\",\"contentUrl\":\"https:\\\/\\\/likemetkovic.hr\\\/portal\\\/wp-content\\\/uploads\\\/2026\\\/07\\\/posao-16x9-1.jpg\",\"width\":800,\"height\":450},{\"@type\":\"BreadcrumbList\",\"@id\":\"https:\\\/\\\/likemetkovic.hr\\\/portal\\\/burza-rada-nova-radna-mjesta-u-dolini-neretve-114\\\/#breadcrumb\",\"itemListElement\":[{\"@type\":\"ListItem\",\"position\":1,\"name\":\"Po\u010detna stranica\",\"item\":\"https:\\\/\\\/likemetkovic.hr\\\/portal\\\/\"},{\"@type\":\"ListItem\",\"position\":2,\"name\":\"BURZA RADA Nova radna mjesta u Dolini Neretve\"}]},{\"@type\":\"WebSite\",\"@id\":\"https:\\\/\\\/likemetkovic.hr\\\/#website\",\"url\":\"https:\\\/\\\/likemetkovic.hr\\\/\",\"name\":\"likemetkovic.hr\",\"description\":\"Misli pozitivno... \u010ditaj LIKE\",\"potentialAction\":[{\"@type\":\"SearchAction\",\"target\":{\"@type\":\"EntryPoint\",\"urlTemplate\":\"https:\\\/\\\/likemetkovic.hr\\\/?s={search_term_string}\"},\"query-input\":{\"@type\":\"PropertyValueSpecification\",\"valueRequired\":true,\"valueName\":\"search_term_string\"}}],\"inLanguage\":\"hr\"},{\"@type\":\"Person\",\"@id\":\"https:\\\/\\\/likemetkovic.hr\\\/#\\\/schema\\\/person\\\/a42711f3385a0e2be6f7e0443bfb28f0\",\"name\":\"LIKEmetkovic.hr\",\"sameAs\":[\"http:\\\/\\\/likemetkovic.hr\"],\"url\":\"https:\\\/\\\/likemetkovic.hr\\\/portal\\\/author\\\/likemetkovic-hr\\\/\"}]}<\/script>\n<!-- \/ Yoast SEO plugin. -->","yoast_head_json":{"title":"BURZA RADA Nova radna mjesta u Dolini Neretve - likemetkovic.hr","robots":{"index":"index","follow":"follow","max-snippet":"max-snippet:-1","max-image-preview":"max-image-preview:large","max-video-preview":"max-video-preview:-1"},"canonical":"https:\/\/likemetkovic.hr\/portal\/burza-rada-nova-radna-mjesta-u-dolini-neretve-114\/","og_locale":"hr_HR","og_type":"article","og_title":"BURZA RADA Nova radna mjesta u Dolini Neretve - likemetkovic.hr","og_description":"Trenutno je na Burzi rada HZZ-a otvoreno 37 natje\u010daja za nova radna mjesta na podru\u010dju Metkovi\u0107a, Plo\u010da i Opuzena. Metkovi\u0107 (20): KONOBAR (\u017d \/ M) Mjesto rada:\u00a0METKOVI\u0106 Tra\u017eeno radnika:\u00a01 Poslodavac:\u00a0NO LIMIT, obrt za ugostiteljstvo, vl. Mihovil \u0106erlek, Metkovi\u0107, \u0161portska b.b. Rok za prijavu:\u00a06.9.2026. POMO\u0106NI \/ A KUHAR \/ ICA Mjesto rada:\u00a0METKOVI\u0106 Tra\u017eeno radnika:\u00a01 Poslodavac:\u00a0MILANO, obrt [&hellip;]","og_url":"https:\/\/likemetkovic.hr\/portal\/burza-rada-nova-radna-mjesta-u-dolini-neretve-114\/","og_site_name":"likemetkovic.hr","article_publisher":"https:\/\/www.facebook.com\/likemetkovic.hr\/","article_published_time":"2026-09-01T05:32:46+00:00","og_image":[{"width":800,"height":450,"url":"https:\/\/likemetkovic.hr\/portal\/wp-content\/uploads\/2026\/07\/posao-16x9-1.jpg","type":"image\/jpeg"}],"author":"LIKEmetkovic.hr","twitter_card":"summary_large_image","twitter_misc":{"Napisao\/la":"LIKEmetkovic.hr","Procijenjeno vrijeme \u010ditanja":"6 minuta"},"schema":{"@context":"https:\/\/schema.org","@graph":[{"@type":"Article","@id":"https:\/\/likemetkovic.hr\/portal\/burza-rada-nova-radna-mjesta-u-dolini-neretve-114\/#article","isPartOf":{"@id":"https:\/\/likemetkovic.hr\/portal\/burza-rada-nova-radna-mjesta-u-dolini-neretve-114\/"},"author":{"name":"LIKEmetkovic.hr","@id":"https:\/\/likemetkovic.hr\/#\/schema\/person\/a42711f3385a0e2be6f7e0443bfb28f0"},"headline":"BURZA RADA Nova radna mjesta u Dolini Neretve","datePublished":"2026-09-01T05:32:46+00:00","mainEntityOfPage":{"@id":"https:\/\/likemetkovic.hr\/portal\/burza-rada-nova-radna-mjesta-u-dolini-neretve-114\/"},"wordCount":952,"commentCount":0,"image":{"@id":"https:\/\/likemetkovic.hr\/portal\/burza-rada-nova-radna-mjesta-u-dolini-neretve-114\/#primaryimage"},"thumbnailUrl":"https:\/\/likemetkovic.hr\/portal\/wp-content\/uploads\/2026\/07\/posao-16x9-1.jpg","keywords":["burza rada"],"articleSection":["AA","Metkovi\u0107 i Dolina"],"inLanguage":"hr","potentialAction":[{"@type":"CommentAction","name":"Comment","target":["https:\/\/likemetkovic.hr\/portal\/burza-rada-nova-radna-mjesta-u-dolini-neretve-114\/#respond"]}]},{"@type":"WebPage","@id":"https:\/\/likemetkovic.hr\/portal\/burza-rada-nova-radna-mjesta-u-dolini-neretve-114\/","url":"https:\/\/likemetkovic.hr\/portal\/burza-rada-nova-radna-mjesta-u-dolini-neretve-114\/","name":"BURZA RADA Nova radna mjesta u Dolini Neretve - likemetkovic.hr","isPartOf":{"@id":"https:\/\/likemetkovic.hr\/#website"},"primaryImageOfPage":{"@id":"https:\/\/likemetkovic.hr\/portal\/burza-rada-nova-radna-mjesta-u-dolini-neretve-114\/#primaryimage"},"image":{"@id":"https:\/\/likemetkovic.hr\/portal\/burza-rada-nova-radna-mjesta-u-dolini-neretve-114\/#primaryimage"},"thumbnailUrl":"https:\/\/likemetkovic.hr\/portal\/wp-content\/uploads\/2026\/07\/posao-16x9-1.jpg","datePublished":"2026-09-01T05:32:46+00:00","author":{"@id":"https:\/\/likemetkovic.hr\/#\/schema\/person\/a42711f3385a0e2be6f7e0443bfb28f0"},"breadcrumb":{"@id":"https:\/\/likemetkovic.hr\/portal\/burza-rada-nova-radna-mjesta-u-dolini-neretve-114\/#breadcrumb"},"inLanguage":"hr","potentialAction":[{"@type":"ReadAction","target":["https:\/\/likemetkovic.hr\/portal\/burza-rada-nova-radna-mjesta-u-dolini-neretve-114\/"]}]},{"@type":"ImageObject","inLanguage":"hr","@id":"https:\/\/likemetkovic.hr\/portal\/burza-rada-nova-radna-mjesta-u-dolini-neretve-114\/#primaryimage","url":"https:\/\/likemetkovic.hr\/portal\/wp-content\/uploads\/2026\/07\/posao-16x9-1.jpg","contentUrl":"https:\/\/likemetkovic.hr\/portal\/wp-content\/uploads\/2026\/07\/posao-16x9-1.jpg","width":800,"height":450},{"@type":"BreadcrumbList","@id":"https:\/\/likemetkovic.hr\/portal\/burza-rada-nova-radna-mjesta-u-dolini-neretve-114\/#breadcrumb","itemListElement":[{"@type":"ListItem","position":1,"name":"Po\u010detna stranica","item":"https:\/\/likemetkovic.hr\/portal\/"},{"@type":"ListItem","position":2,"name":"BURZA RADA Nova radna mjesta u Dolini Neretve"}]},{"@type":"WebSite","@id":"https:\/\/likemetkovic.hr\/#website","url":"https:\/\/likemetkovic.hr\/","name":"likemetkovic.hr","description":"Misli pozitivno... \u010ditaj LIKE","potentialAction":[{"@type":"SearchAction","target":{"@type":"EntryPoint","urlTemplate":"https:\/\/likemetkovic.hr\/?s={search_term_string}"},"query-input":{"@type":"PropertyValueSpecification","valueRequired":true,"valueName":"search_term_string"}}],"inLanguage":"hr"},{"@type":"Person","@id":"https:\/\/likemetkovic.hr\/#\/schema\/person\/a42711f3385a0e2be6f7e0443bfb28f0","name":"LIKEmetkovic.hr","sameAs":["http:\/\/likemetkovic.hr"],"url":"https:\/\/likemetkovic.hr\/portal\/author\/likemetkovic-hr\/"}]}},"_links":{"self":[{"href":"https:\/\/likemetkovic.hr\/portal\/wp-json\/wp\/v2\/posts\/178393","targetHints":{"allow":["GET"]}}],"collection":[{"href":"https:\/\/likemetkovic.hr\/portal\/wp-json\/wp\/v2\/posts"}],"about":[{"href":"https:\/\/likemetkovic.hr\/portal\/wp-json\/wp\/v2\/types\/post"}],"author":[{"embeddable":true,"href":"https:\/\/likemetkovic.hr\/portal\/wp-json\/wp\/v2\/users\/7"}],"replies":[{"embeddable":true,"href":"https:\/\/likemetkovic.hr\/portal\/wp-json\/wp\/v2\/comments?post=178393"}],"version-history":[{"count":2,"href":"https:\/\/likemetkovic.hr\/portal\/wp-json\/wp\/v2\/posts\/178393\/revisions"}],"predecessor-version":[{"id":178395,"href":"https:\/\/likemetkovic.hr\/portal\/wp-json\/wp\/v2\/posts\/178393\/revisions\/178395"}],"wp:featuredmedia":[{"embeddable":true,"href":"https:\/\/likemetkovic.hr\/portal\/wp-json\/wp\/v2\/media\/177083"}],"wp:attachment":[{"href":"https:\/\/likemetkovic.hr\/portal\/wp-json\/wp\/v2\/media?parent=178393"}],"wp:term":[{"taxonomy":"category","embeddable":true,"href":"https:\/\/likemetkovic.hr\/portal\/wp-json\/wp\/v2\/categories?post=178393"},{"taxonomy":"post_tag","embeddable":true,"href":"https:\/\/likemetkovic.hr\/portal\/wp-json\/wp\/v2\/tags?post=178393"}],"curies":[{"name":"wp","href":"https:\/\/api.w.org\/{rel}","templated":true}]}}