{"id":178415,"date":"2026-09-02T09:24:00","date_gmt":"2026-09-02T07:24:00","guid":{"rendered":"https:\/\/likemetkovic.hr\/portal\/?p=178415"},"modified":"2026-09-02T09:24:47","modified_gmt":"2026-09-02T07:24:47","slug":"dalmacija-vec-rusi-rekorde-i-na-pocetku-rujna-more-toplije-nego-usred-ljeta","status":"publish","type":"post","link":"https:\/\/likemetkovic.hr\/portal\/dalmacija-vec-rusi-rekorde-i-na-pocetku-rujna-more-toplije-nego-usred-ljeta\/","title":{"rendered":"Dalmacija ve\u0107 ru\u0161i rekorde i na po\u010detku rujna: More toplije nego usred ljeta"},"content":{"rendered":"<p>Kako pi\u0161e\u00a0<a href=\"https:\/\/www.dalmacijadanas.hr\/split-je-bio-epicentar-stigli-sluzbeni-podaci-za-kolovoz-dogodio-se-nevideni-temperaturni-ekstrem-svi-se-pitaju-kada-je-kraj-vrucinama\/\">Dalmacija Danas<\/a>, nakon jednog od najtoplijih ljeta u povijesti mjerenja, rujan je odmah po\u010deo \u2013 novim rekordima.<\/p>\n<p>I to ovoga puta temperature mora.\u00a0Ve\u0107 prvog dana rujna u 14 sati temperatura mora u Splitu dosegla je 28,0\u00b0C, \u0161to je novi apsolutni rekord za rujan.<\/p>\n<p>Dosada\u0161nji rekord iznosio je 27,3\u00b0C, a izmjeren je 2. rujna 2015. godine. Novi rekord tako je nadma\u0161en za \u010dak sedam desetinki stupnja.<\/p>\n<p>Istovremeno je novi rujanski rekord zabilje\u017een i u Komi\u017ei, gdje je more u 14 sati imalo \u010dak 28,2\u00b0C.<\/p>\n<p>Dakle, klimatolo\u0161ka jesen na srednjem Jadranu po\u010dela je temperaturama mora kakve su tipi\u010dnije za sam vrhunac ljeta.<\/p>\n<p>A ni temperature zraka ne\u0107e uskoro zna\u010dajnije popustiti, po\u010detak rujna ne\u0107e donijeti kraj vru\u0107ina.<\/p>\n<p>Srijeda \u0107e u Dalmaciji biti prete\u017eno sun\u010dana. Tijekom no\u0107i o\u010dekuje se uglavnom tiho vrijeme ili burin, a podno Velebita umjerena bura.<\/p>\n<p>Danju \u0107e puhati slab do umjeren vjetar zapadnih smjerova, a u drugom dijelu poslijepodneva na moru Dalmacije mjestimice mo\u017ee biti umjeren i prolazno poja\u010dan.<\/p>\n<p>Najvi\u0161e dnevne temperature bit \u0107e od 30 do 35\u00b0C.<\/p>\n<h4>U \u010detvrtak ponegdje \u010dak 36\u00b0C<\/h4>\n<p>Ni \u010detvrtak ne\u0107e donijeti promjenu.<\/p>\n<p>Bit \u0107e prete\u017eno sun\u010dano i suho. Ujutro \u0107e puhati slaba bura, danju umjeren zapadnjak, a nave\u010der se o\u010dekuje umjerena do poja\u010dana bura.<\/p>\n<p>Jutarnje temperature ve\u0107inom \u0107e biti izme\u0111u 14 i 25\u00b0C, a dnevne \u0107e dosezati od 30 do \u010dak 36\u00b0C.<\/p>\n<p>Petak donosi nastavak prete\u017eno sun\u010danog vremena. Ujutro \u0107e puhati slaba do umjerena bura, a poslijepodne zapadnjak koji na moru Dalmacije lokalno mo\u017ee biti i poja\u010dan.<\/p>\n<p>Temperatura se pritom ne\u0107e bitnije mijenjati.<\/p>\n<p>Ni vikend ne donosi jesen<br \/>\nNi oni koji se nadaju prvom ozbiljnijem jesenskom osvje\u017eenju tijekom vikenda ne\u0107e do\u0107i na svoje.<\/p>\n<p>Subota i nedjelja u Dalmaciji ostat \u0107e prete\u017eno sun\u010dane i suhe.<\/p>\n<p>Vjetrovitije bi trebalo biti u nedjelju. U subotu \u0107e najvi\u0161e dnevne temperature ponovno biti izme\u0111u 30 i 35\u00b0C, dok bi u nedjelju mogle tek neznatno pasti, ne\u0161to izra\u017eenije na kninskom podru\u010dju.<\/p>\n<p>Sli\u010dno vrijeme prema sada\u0161njim prognosti\u010dkim materijalima trebalo bi se nastaviti i tijekom prvog dijela sljede\u0107eg tjedna.<\/p>\n<h4>Promjena tek oko 10. rujna?<\/h4>\n<p>Zanimljiviji signal pojavljuje se tek prema kraju sljede\u0107eg tjedna.<\/p>\n<p>Sve su ve\u0107e \u0161anse da bi se oko \u010detvrtka, 10. rujna, mogla dogoditi toliko \u017eeljena izra\u017eenija promjena vremena.<\/p>\n<p>Ipak, rije\u010d je o dovoljno udaljenom prognosti\u010dkom razdoblju da detalji jo\u0161 nisu pouzdani i mogu se zna\u010dajno mijenjati.<\/p>\n<p>Do tada je poruka prognoze prili\u010dno jasna: Dalmacija \u0107e i po\u010detak rujna provesti usred pravog ljeta.<\/p>\n<p>Pi\u0161e: Rade Popadi\u0107 \/ <a href=\"https:\/\/www.dalmacijadanas.hr\/split-je-bio-epicentar-stigli-sluzbeni-podaci-za-kolovoz-dogodio-se-nevideni-temperaturni-ekstrem-svi-se-pitaju-kada-je-kraj-vrucinama\/\">Dalmacija Danas<\/a><\/p>\n","protected":false},"excerpt":{"rendered":"<p>Kako pi\u0161e\u00a0Dalmacija Danas, nakon jednog od najtoplijih ljeta u povijesti mjerenja, rujan je odmah po\u010deo \u2013 novim rekordima. I to ovoga puta temperature mora.\u00a0Ve\u0107 prvog dana rujna u 14 sati temperatura mora u Splitu dosegla je 28,0\u00b0C, \u0161to je novi apsolutni rekord za rujan. Dosada\u0161nji rekord iznosio je 27,3\u00b0C, a izmjeren je 2. rujna 2015. [&hellip;]<\/p>\n","protected":false},"author":9,"featured_media":178086,"comment_status":"open","ping_status":"open","sticky":false,"template":"","format":"standard","meta":{"footnotes":""},"categories":[283,1027],"tags":[365],"class_list":{"0":"post-178415","1":"post","2":"type-post","3":"status-publish","4":"format-standard","5":"has-post-thumbnail","7":"category-a","8":"category-hrvatska","9":"tag-vremenska-prognoza"},"yoast_head":"<!-- This site is optimized with the Yoast SEO plugin v27.7 - https:\/\/yoast.com\/product\/yoast-seo-wordpress\/ -->\n<title>Dalmacija ve\u0107 ru\u0161i rekorde i na po\u010detku rujna: More toplije nego usred ljeta - likemetkovic.hr<\/title>\n<meta name=\"robots\" content=\"index, follow, max-snippet:-1, max-image-preview:large, max-video-preview:-1\" \/>\n<link rel=\"canonical\" href=\"https:\/\/likemetkovic.hr\/portal\/dalmacija-vec-rusi-rekorde-i-na-pocetku-rujna-more-toplije-nego-usred-ljeta\/\" \/>\n<meta property=\"og:locale\" content=\"hr_HR\" \/>\n<meta property=\"og:type\" content=\"article\" \/>\n<meta property=\"og:title\" content=\"Dalmacija ve\u0107 ru\u0161i rekorde i na po\u010detku rujna: More toplije nego usred ljeta - likemetkovic.hr\" \/>\n<meta property=\"og:description\" content=\"Kako pi\u0161e\u00a0Dalmacija Danas, nakon jednog od najtoplijih ljeta u povijesti mjerenja, rujan je odmah po\u010deo \u2013 novim rekordima. I to ovoga puta temperature mora.\u00a0Ve\u0107 prvog dana rujna u 14 sati temperatura mora u Splitu dosegla je 28,0\u00b0C, \u0161to je novi apsolutni rekord za rujan. Dosada\u0161nji rekord iznosio je 27,3\u00b0C, a izmjeren je 2. rujna 2015. [&hellip;]\" \/>\n<meta property=\"og:url\" content=\"https:\/\/likemetkovic.hr\/portal\/dalmacija-vec-rusi-rekorde-i-na-pocetku-rujna-more-toplije-nego-usred-ljeta\/\" \/>\n<meta property=\"og:site_name\" content=\"likemetkovic.hr\" \/>\n<meta property=\"article:publisher\" content=\"https:\/\/www.facebook.com\/likemetkovic.hr\/\" \/>\n<meta property=\"article:published_time\" content=\"2026-09-02T07:24:00+00:00\" \/>\n<meta property=\"article:modified_time\" content=\"2026-09-02T07:24:47+00:00\" \/>\n<meta property=\"og:image\" content=\"https:\/\/likemetkovic.hr\/portal\/wp-content\/uploads\/2026\/08\/klek-more-plaza-19-6-26.jpg\" \/>\n\t<meta property=\"og:image:width\" content=\"800\" \/>\n\t<meta property=\"og:image:height\" content=\"600\" \/>\n\t<meta property=\"og:image:type\" content=\"image\/jpeg\" \/>\n<meta name=\"author\" content=\"K. J.\" \/>\n<meta name=\"twitter:card\" content=\"summary_large_image\" \/>\n<meta name=\"twitter:label1\" content=\"Napisao\/la\" \/>\n\t<meta name=\"twitter:data1\" content=\"K. J.\" \/>\n\t<meta name=\"twitter:label2\" content=\"Procijenjeno vrijeme \u010ditanja\" \/>\n\t<meta name=\"twitter:data2\" content=\"3 minute\" \/>\n<script type=\"application\/ld+json\" class=\"yoast-schema-graph\">{\"@context\":\"https:\\\/\\\/schema.org\",\"@graph\":[{\"@type\":\"Article\",\"@id\":\"https:\\\/\\\/likemetkovic.hr\\\/portal\\\/dalmacija-vec-rusi-rekorde-i-na-pocetku-rujna-more-toplije-nego-usred-ljeta\\\/#article\",\"isPartOf\":{\"@id\":\"https:\\\/\\\/likemetkovic.hr\\\/portal\\\/dalmacija-vec-rusi-rekorde-i-na-pocetku-rujna-more-toplije-nego-usred-ljeta\\\/\"},\"author\":{\"name\":\"K. J.\",\"@id\":\"https:\\\/\\\/likemetkovic.hr\\\/#\\\/schema\\\/person\\\/0a8b4ebfdfe1ff01192dccda40c5da0c\"},\"headline\":\"Dalmacija ve\u0107 ru\u0161i rekorde i na po\u010detku rujna: More toplije nego usred ljeta\",\"datePublished\":\"2026-09-02T07:24:00+00:00\",\"dateModified\":\"2026-09-02T07:24:47+00:00\",\"mainEntityOfPage\":{\"@id\":\"https:\\\/\\\/likemetkovic.hr\\\/portal\\\/dalmacija-vec-rusi-rekorde-i-na-pocetku-rujna-more-toplije-nego-usred-ljeta\\\/\"},\"wordCount\":461,\"commentCount\":0,\"image\":{\"@id\":\"https:\\\/\\\/likemetkovic.hr\\\/portal\\\/dalmacija-vec-rusi-rekorde-i-na-pocetku-rujna-more-toplije-nego-usred-ljeta\\\/#primaryimage\"},\"thumbnailUrl\":\"https:\\\/\\\/likemetkovic.hr\\\/portal\\\/wp-content\\\/uploads\\\/2026\\\/08\\\/klek-more-plaza-19-6-26.jpg\",\"keywords\":[\"vremenska prognoza\"],\"articleSection\":[\"AA\",\"Hrvatska\"],\"inLanguage\":\"hr\",\"potentialAction\":[{\"@type\":\"CommentAction\",\"name\":\"Comment\",\"target\":[\"https:\\\/\\\/likemetkovic.hr\\\/portal\\\/dalmacija-vec-rusi-rekorde-i-na-pocetku-rujna-more-toplije-nego-usred-ljeta\\\/#respond\"]}]},{\"@type\":\"WebPage\",\"@id\":\"https:\\\/\\\/likemetkovic.hr\\\/portal\\\/dalmacija-vec-rusi-rekorde-i-na-pocetku-rujna-more-toplije-nego-usred-ljeta\\\/\",\"url\":\"https:\\\/\\\/likemetkovic.hr\\\/portal\\\/dalmacija-vec-rusi-rekorde-i-na-pocetku-rujna-more-toplije-nego-usred-ljeta\\\/\",\"name\":\"Dalmacija ve\u0107 ru\u0161i rekorde i na po\u010detku rujna: More toplije nego usred ljeta - likemetkovic.hr\",\"isPartOf\":{\"@id\":\"https:\\\/\\\/likemetkovic.hr\\\/#website\"},\"primaryImageOfPage\":{\"@id\":\"https:\\\/\\\/likemetkovic.hr\\\/portal\\\/dalmacija-vec-rusi-rekorde-i-na-pocetku-rujna-more-toplije-nego-usred-ljeta\\\/#primaryimage\"},\"image\":{\"@id\":\"https:\\\/\\\/likemetkovic.hr\\\/portal\\\/dalmacija-vec-rusi-rekorde-i-na-pocetku-rujna-more-toplije-nego-usred-ljeta\\\/#primaryimage\"},\"thumbnailUrl\":\"https:\\\/\\\/likemetkovic.hr\\\/portal\\\/wp-content\\\/uploads\\\/2026\\\/08\\\/klek-more-plaza-19-6-26.jpg\",\"datePublished\":\"2026-09-02T07:24:00+00:00\",\"dateModified\":\"2026-09-02T07:24:47+00:00\",\"author\":{\"@id\":\"https:\\\/\\\/likemetkovic.hr\\\/#\\\/schema\\\/person\\\/0a8b4ebfdfe1ff01192dccda40c5da0c\"},\"breadcrumb\":{\"@id\":\"https:\\\/\\\/likemetkovic.hr\\\/portal\\\/dalmacija-vec-rusi-rekorde-i-na-pocetku-rujna-more-toplije-nego-usred-ljeta\\\/#breadcrumb\"},\"inLanguage\":\"hr\",\"potentialAction\":[{\"@type\":\"ReadAction\",\"target\":[\"https:\\\/\\\/likemetkovic.hr\\\/portal\\\/dalmacija-vec-rusi-rekorde-i-na-pocetku-rujna-more-toplije-nego-usred-ljeta\\\/\"]}]},{\"@type\":\"ImageObject\",\"inLanguage\":\"hr\",\"@id\":\"https:\\\/\\\/likemetkovic.hr\\\/portal\\\/dalmacija-vec-rusi-rekorde-i-na-pocetku-rujna-more-toplije-nego-usred-ljeta\\\/#primaryimage\",\"url\":\"https:\\\/\\\/likemetkovic.hr\\\/portal\\\/wp-content\\\/uploads\\\/2026\\\/08\\\/klek-more-plaza-19-6-26.jpg\",\"contentUrl\":\"https:\\\/\\\/likemetkovic.hr\\\/portal\\\/wp-content\\\/uploads\\\/2026\\\/08\\\/klek-more-plaza-19-6-26.jpg\",\"width\":800,\"height\":600},{\"@type\":\"BreadcrumbList\",\"@id\":\"https:\\\/\\\/likemetkovic.hr\\\/portal\\\/dalmacija-vec-rusi-rekorde-i-na-pocetku-rujna-more-toplije-nego-usred-ljeta\\\/#breadcrumb\",\"itemListElement\":[{\"@type\":\"ListItem\",\"position\":1,\"name\":\"Po\u010detna stranica\",\"item\":\"https:\\\/\\\/likemetkovic.hr\\\/portal\\\/\"},{\"@type\":\"ListItem\",\"position\":2,\"name\":\"Dalmacija ve\u0107 ru\u0161i rekorde i na po\u010detku rujna: More toplije nego usred ljeta\"}]},{\"@type\":\"WebSite\",\"@id\":\"https:\\\/\\\/likemetkovic.hr\\\/#website\",\"url\":\"https:\\\/\\\/likemetkovic.hr\\\/\",\"name\":\"likemetkovic.hr\",\"description\":\"Misli pozitivno... \u010ditaj LIKE\",\"potentialAction\":[{\"@type\":\"SearchAction\",\"target\":{\"@type\":\"EntryPoint\",\"urlTemplate\":\"https:\\\/\\\/likemetkovic.hr\\\/?s={search_term_string}\"},\"query-input\":{\"@type\":\"PropertyValueSpecification\",\"valueRequired\":true,\"valueName\":\"search_term_string\"}}],\"inLanguage\":\"hr\"},{\"@type\":\"Person\",\"@id\":\"https:\\\/\\\/likemetkovic.hr\\\/#\\\/schema\\\/person\\\/0a8b4ebfdfe1ff01192dccda40c5da0c\",\"name\":\"K. J.\",\"url\":\"https:\\\/\\\/likemetkovic.hr\\\/portal\\\/author\\\/likemetkovic\\\/\"}]}<\/script>\n<!-- \/ Yoast SEO plugin. -->","yoast_head_json":{"title":"Dalmacija ve\u0107 ru\u0161i rekorde i na po\u010detku rujna: More toplije nego usred ljeta - likemetkovic.hr","robots":{"index":"index","follow":"follow","max-snippet":"max-snippet:-1","max-image-preview":"max-image-preview:large","max-video-preview":"max-video-preview:-1"},"canonical":"https:\/\/likemetkovic.hr\/portal\/dalmacija-vec-rusi-rekorde-i-na-pocetku-rujna-more-toplije-nego-usred-ljeta\/","og_locale":"hr_HR","og_type":"article","og_title":"Dalmacija ve\u0107 ru\u0161i rekorde i na po\u010detku rujna: More toplije nego usred ljeta - likemetkovic.hr","og_description":"Kako pi\u0161e\u00a0Dalmacija Danas, nakon jednog od najtoplijih ljeta u povijesti mjerenja, rujan je odmah po\u010deo \u2013 novim rekordima. I to ovoga puta temperature mora.\u00a0Ve\u0107 prvog dana rujna u 14 sati temperatura mora u Splitu dosegla je 28,0\u00b0C, \u0161to je novi apsolutni rekord za rujan. Dosada\u0161nji rekord iznosio je 27,3\u00b0C, a izmjeren je 2. rujna 2015. [&hellip;]","og_url":"https:\/\/likemetkovic.hr\/portal\/dalmacija-vec-rusi-rekorde-i-na-pocetku-rujna-more-toplije-nego-usred-ljeta\/","og_site_name":"likemetkovic.hr","article_publisher":"https:\/\/www.facebook.com\/likemetkovic.hr\/","article_published_time":"2026-09-02T07:24:00+00:00","article_modified_time":"2026-09-02T07:24:47+00:00","og_image":[{"width":800,"height":600,"url":"https:\/\/likemetkovic.hr\/portal\/wp-content\/uploads\/2026\/08\/klek-more-plaza-19-6-26.jpg","type":"image\/jpeg"}],"author":"K. J.","twitter_card":"summary_large_image","twitter_misc":{"Napisao\/la":"K. J.","Procijenjeno vrijeme \u010ditanja":"3 minute"},"schema":{"@context":"https:\/\/schema.org","@graph":[{"@type":"Article","@id":"https:\/\/likemetkovic.hr\/portal\/dalmacija-vec-rusi-rekorde-i-na-pocetku-rujna-more-toplije-nego-usred-ljeta\/#article","isPartOf":{"@id":"https:\/\/likemetkovic.hr\/portal\/dalmacija-vec-rusi-rekorde-i-na-pocetku-rujna-more-toplije-nego-usred-ljeta\/"},"author":{"name":"K. J.","@id":"https:\/\/likemetkovic.hr\/#\/schema\/person\/0a8b4ebfdfe1ff01192dccda40c5da0c"},"headline":"Dalmacija ve\u0107 ru\u0161i rekorde i na po\u010detku rujna: More toplije nego usred ljeta","datePublished":"2026-09-02T07:24:00+00:00","dateModified":"2026-09-02T07:24:47+00:00","mainEntityOfPage":{"@id":"https:\/\/likemetkovic.hr\/portal\/dalmacija-vec-rusi-rekorde-i-na-pocetku-rujna-more-toplije-nego-usred-ljeta\/"},"wordCount":461,"commentCount":0,"image":{"@id":"https:\/\/likemetkovic.hr\/portal\/dalmacija-vec-rusi-rekorde-i-na-pocetku-rujna-more-toplije-nego-usred-ljeta\/#primaryimage"},"thumbnailUrl":"https:\/\/likemetkovic.hr\/portal\/wp-content\/uploads\/2026\/08\/klek-more-plaza-19-6-26.jpg","keywords":["vremenska prognoza"],"articleSection":["AA","Hrvatska"],"inLanguage":"hr","potentialAction":[{"@type":"CommentAction","name":"Comment","target":["https:\/\/likemetkovic.hr\/portal\/dalmacija-vec-rusi-rekorde-i-na-pocetku-rujna-more-toplije-nego-usred-ljeta\/#respond"]}]},{"@type":"WebPage","@id":"https:\/\/likemetkovic.hr\/portal\/dalmacija-vec-rusi-rekorde-i-na-pocetku-rujna-more-toplije-nego-usred-ljeta\/","url":"https:\/\/likemetkovic.hr\/portal\/dalmacija-vec-rusi-rekorde-i-na-pocetku-rujna-more-toplije-nego-usred-ljeta\/","name":"Dalmacija ve\u0107 ru\u0161i rekorde i na po\u010detku rujna: More toplije nego usred ljeta - likemetkovic.hr","isPartOf":{"@id":"https:\/\/likemetkovic.hr\/#website"},"primaryImageOfPage":{"@id":"https:\/\/likemetkovic.hr\/portal\/dalmacija-vec-rusi-rekorde-i-na-pocetku-rujna-more-toplije-nego-usred-ljeta\/#primaryimage"},"image":{"@id":"https:\/\/likemetkovic.hr\/portal\/dalmacija-vec-rusi-rekorde-i-na-pocetku-rujna-more-toplije-nego-usred-ljeta\/#primaryimage"},"thumbnailUrl":"https:\/\/likemetkovic.hr\/portal\/wp-content\/uploads\/2026\/08\/klek-more-plaza-19-6-26.jpg","datePublished":"2026-09-02T07:24:00+00:00","dateModified":"2026-09-02T07:24:47+00:00","author":{"@id":"https:\/\/likemetkovic.hr\/#\/schema\/person\/0a8b4ebfdfe1ff01192dccda40c5da0c"},"breadcrumb":{"@id":"https:\/\/likemetkovic.hr\/portal\/dalmacija-vec-rusi-rekorde-i-na-pocetku-rujna-more-toplije-nego-usred-ljeta\/#breadcrumb"},"inLanguage":"hr","potentialAction":[{"@type":"ReadAction","target":["https:\/\/likemetkovic.hr\/portal\/dalmacija-vec-rusi-rekorde-i-na-pocetku-rujna-more-toplije-nego-usred-ljeta\/"]}]},{"@type":"ImageObject","inLanguage":"hr","@id":"https:\/\/likemetkovic.hr\/portal\/dalmacija-vec-rusi-rekorde-i-na-pocetku-rujna-more-toplije-nego-usred-ljeta\/#primaryimage","url":"https:\/\/likemetkovic.hr\/portal\/wp-content\/uploads\/2026\/08\/klek-more-plaza-19-6-26.jpg","contentUrl":"https:\/\/likemetkovic.hr\/portal\/wp-content\/uploads\/2026\/08\/klek-more-plaza-19-6-26.jpg","width":800,"height":600},{"@type":"BreadcrumbList","@id":"https:\/\/likemetkovic.hr\/portal\/dalmacija-vec-rusi-rekorde-i-na-pocetku-rujna-more-toplije-nego-usred-ljeta\/#breadcrumb","itemListElement":[{"@type":"ListItem","position":1,"name":"Po\u010detna stranica","item":"https:\/\/likemetkovic.hr\/portal\/"},{"@type":"ListItem","position":2,"name":"Dalmacija ve\u0107 ru\u0161i rekorde i na po\u010detku rujna: More toplije nego usred ljeta"}]},{"@type":"WebSite","@id":"https:\/\/likemetkovic.hr\/#website","url":"https:\/\/likemetkovic.hr\/","name":"likemetkovic.hr","description":"Misli pozitivno... \u010ditaj LIKE","potentialAction":[{"@type":"SearchAction","target":{"@type":"EntryPoint","urlTemplate":"https:\/\/likemetkovic.hr\/?s={search_term_string}"},"query-input":{"@type":"PropertyValueSpecification","valueRequired":true,"valueName":"search_term_string"}}],"inLanguage":"hr"},{"@type":"Person","@id":"https:\/\/likemetkovic.hr\/#\/schema\/person\/0a8b4ebfdfe1ff01192dccda40c5da0c","name":"K. J.","url":"https:\/\/likemetkovic.hr\/portal\/author\/likemetkovic\/"}]}},"_links":{"self":[{"href":"https:\/\/likemetkovic.hr\/portal\/wp-json\/wp\/v2\/posts\/178415","targetHints":{"allow":["GET"]}}],"collection":[{"href":"https:\/\/likemetkovic.hr\/portal\/wp-json\/wp\/v2\/posts"}],"about":[{"href":"https:\/\/likemetkovic.hr\/portal\/wp-json\/wp\/v2\/types\/post"}],"author":[{"embeddable":true,"href":"https:\/\/likemetkovic.hr\/portal\/wp-json\/wp\/v2\/users\/9"}],"replies":[{"embeddable":true,"href":"https:\/\/likemetkovic.hr\/portal\/wp-json\/wp\/v2\/comments?post=178415"}],"version-history":[{"count":2,"href":"https:\/\/likemetkovic.hr\/portal\/wp-json\/wp\/v2\/posts\/178415\/revisions"}],"predecessor-version":[{"id":178417,"href":"https:\/\/likemetkovic.hr\/portal\/wp-json\/wp\/v2\/posts\/178415\/revisions\/178417"}],"wp:featuredmedia":[{"embeddable":true,"href":"https:\/\/likemetkovic.hr\/portal\/wp-json\/wp\/v2\/media\/178086"}],"wp:attachment":[{"href":"https:\/\/likemetkovic.hr\/portal\/wp-json\/wp\/v2\/media?parent=178415"}],"wp:term":[{"taxonomy":"category","embeddable":true,"href":"https:\/\/likemetkovic.hr\/portal\/wp-json\/wp\/v2\/categories?post=178415"},{"taxonomy":"post_tag","embeddable":true,"href":"https:\/\/likemetkovic.hr\/portal\/wp-json\/wp\/v2\/tags?post=178415"}],"curies":[{"name":"wp","href":"https:\/\/api.w.org\/{rel}","templated":true}]}}