{"id":178431,"date":"2026-09-02T16:38:43","date_gmt":"2026-09-02T14:38:43","guid":{"rendered":"https:\/\/likemetkovic.hr\/portal\/?p=178431"},"modified":"2026-09-02T16:40:55","modified_gmt":"2026-09-02T14:40:55","slug":"program-obiljezavanja-35-obljetnice-vojno-redarstvene-akcije-zelena-tabla-mala-bara","status":"publish","type":"post","link":"https:\/\/likemetkovic.hr\/portal\/program-obiljezavanja-35-obljetnice-vojno-redarstvene-akcije-zelena-tabla-mala-bara\/","title":{"rendered":"PROGRAM obilje\u017eavanja 35. obljetnice vojno-redarstvene akcije \u201eZelena tabla \u2013 Mala bara\u201c"},"content":{"rendered":"<p class=\"PDq2pG_selectionAnchorContainer\" data-start=\"97\" data-end=\"317\">U Plo\u010dama \u0107e se od <strong data-start=\"116\" data-end=\"149\">11. do 14. rujna 2026. godine<\/strong> odr\u017eati program obilje\u017eavanja <strong data-start=\"180\" data-end=\"250\">35. obljetnice vojno-redarstvene akcije \u201eZelena tabla \u2013 Mala bara\u201c<\/strong>, uz niz sportskih, edukativnih, kulturnih i memorijalnih sadr\u017eaja.<\/p>\n<p data-start=\"319\" data-end=\"523\">Program je namijenjen razli\u010ditim generacijama, a sredi\u0161nji dio obilje\u017eavanja odr\u017eat \u0107e se <strong data-start=\"409\" data-end=\"437\">u ponedjeljak, 14. rujna<\/strong>, kada \u0107e biti polo\u017eeni vijenci za poginule hrvatske branitelje te slu\u017eena sveta misa.<\/p>\n<h3 data-section-id=\"ebmowi\" data-start=\"525\" data-end=\"536\">PROGRAM<\/h3>\n<p data-start=\"538\" data-end=\"558\"><strong data-start=\"538\" data-end=\"558\">Petak, 11. rujna<\/strong><\/p>\n<ul data-start=\"559\" data-end=\"677\">\n<li data-section-id=\"q147uv\" data-start=\"559\" data-end=\"677\"><strong data-start=\"561\" data-end=\"569\">8:30<\/strong> \u2013 Dje\u010dji program za u\u010denike od 1. do 4. razreda osnovnih \u0161kola na rivi u Plo\u010dama, Obala dr. Franje Tu\u0111mana.<\/li>\n<\/ul>\n<p data-start=\"679\" data-end=\"700\"><strong data-start=\"679\" data-end=\"700\">Subota, 12. rujna<\/strong><\/p>\n<ul data-start=\"701\" data-end=\"1065\">\n<li data-section-id=\"uoz1cw\" data-start=\"701\" data-end=\"824\"><strong data-start=\"703\" data-end=\"711\">9:00<\/strong> \u2013 2. nogometni turnir \u201eZelena tabla \u2013 Mala bara\u201c za mlade uzraste s podru\u010dja doline Neretve, Jadranovo igrali\u0161te<\/li>\n<li data-section-id=\"dqmlnu\" data-start=\"825\" data-end=\"935\"><strong data-start=\"827\" data-end=\"836\">10:00<\/strong> \u2013 3. rukometni turnir \u201eZelena tabla \u2013 Mala bara\u201c za mlade uzraste (djevoj\u010dice), Dom \u0161portova Plo\u010da<\/li>\n<li data-section-id=\"osle8m\" data-start=\"936\" data-end=\"1011\"><strong data-start=\"938\" data-end=\"947\">14:00<\/strong> \u2013 1. turnir u stolnom tenisu, Dom \u0161portova Plo\u010da \u2013 Mala dvorana<\/li>\n<li data-section-id=\"1211mt1\" data-start=\"1012\" data-end=\"1065\"><strong data-start=\"1014\" data-end=\"1023\">16:00<\/strong> \u2013 1. \u0161ahovski turnir na Mo\u010dvari u Plo\u010dama<\/li>\n<\/ul>\n<p data-start=\"1067\" data-end=\"1090\"><strong data-start=\"1067\" data-end=\"1090\">Nedjelja, 13. rujna<\/strong><\/p>\n<ul data-start=\"1091\" data-end=\"1538\">\n<li data-section-id=\"mez6kn\" data-start=\"1091\" data-end=\"1257\"><strong data-start=\"1093\" data-end=\"1101\">7:30<\/strong> \u2013 Budnica uz Hrvatsku selja\u010dku glazbu Komin, ispred crkve Kraljice Neba i Zemlje te kod spomenika poginulim hrvatskim braniteljima na Trgu kralja Tomislava<\/li>\n<li data-section-id=\"2o1ugu\" data-start=\"1258\" data-end=\"1363\"><strong data-start=\"1260\" data-end=\"1268\">8:00<\/strong> \u2013 Uspon na vrh sv. Ilija (Grabovica) iz Gradca, okupljanje na parkirali\u0161tu kod mjesnog groblja<\/li>\n<li data-section-id=\"2a9zc4\" data-start=\"1364\" data-end=\"1470\"><strong data-start=\"1366\" data-end=\"1374\">9:00<\/strong> \u2013 2. rukometni turnir \u201eZelena tabla \u2013 Mala bara\u201c za mlade uzraste (dje\u010daci), Dom \u0161portova Plo\u010da<\/li>\n<li data-section-id=\"jjsf11\" data-start=\"1471\" data-end=\"1538\"><strong data-start=\"1473\" data-end=\"1482\">20:30<\/strong> \u2013 Koncert <strong data-start=\"1493\" data-end=\"1505\">4 tenora<\/strong> kod crkve Kraljice Neba i Zemlje<\/li>\n<\/ul>\n<p data-start=\"1540\" data-end=\"1566\"><strong data-start=\"1540\" data-end=\"1566\">Ponedjeljak, 14. rujna<\/strong><\/p>\n<ul data-start=\"1567\" data-end=\"2154\">\n<li data-section-id=\"qujp5p\" data-start=\"1567\" data-end=\"1737\"><strong data-start=\"1569\" data-end=\"1577\">8:30<\/strong> \u2013 Edukativno predavanje za u\u010denike vi\u0161ih razreda osnovnih \u0161kola i u\u010denike srednje \u0161kole o vojno-redarstvenoj akciji \u201eZelena tabla \u2013 Mala bara\u201c na brdu Vi\u0161njica<\/li>\n<li data-section-id=\"t1e8n9\" data-start=\"1738\" data-end=\"1833\"><strong data-start=\"1740\" data-end=\"1749\">16:30<\/strong> \u2013 Sveta misa za poginule i umrle hrvatske branitelje u crkvi Kraljice Neba i Zemlje<\/li>\n<li data-section-id=\"n1i6wj\" data-start=\"1834\" data-end=\"1900\"><strong data-start=\"1836\" data-end=\"1845\">17:30<\/strong> \u2013 Polaganje vijenaca kod sredi\u0161njeg kri\u017ea na Lani\u0161tini<\/li>\n<li data-section-id=\"dc6saw\" data-start=\"1901\" data-end=\"1946\"><strong data-start=\"1903\" data-end=\"1912\">18:00<\/strong> \u2013 Polaganje vijenaca u Maloj bari<\/li>\n<li data-section-id=\"11aj8al\" data-start=\"1947\" data-end=\"2061\"><strong data-start=\"1949\" data-end=\"1958\">18:30<\/strong> \u2013 Polaganje vijenaca kod spomenika poginulim hrvatskim braniteljima na Trgu kralja Tomislava u Plo\u010dama<\/li>\n<li data-section-id=\"kggbl5\" data-start=\"2062\" data-end=\"2154\"><strong data-start=\"2064\" data-end=\"2073\">19:15<\/strong> \u2013 Prigodni program u Domu kulture Plo\u010de, Ulica Silvija Strahimira Kranj\u010devi\u0107a 4.<\/li>\n<\/ul>\n<p data-start=\"2156\" data-end=\"2287\" data-is-last-node=\"\" data-is-only-node=\"\">Organizatori napominju da su <strong data-start=\"2185\" data-end=\"2248\">mogu\u0107e izmjene u rasporedu programa zbog vremenskih prilika<\/strong>.<\/p>\n","protected":false},"excerpt":{"rendered":"<p>U Plo\u010dama \u0107e se od 11. do 14. rujna 2026. godine odr\u017eati program obilje\u017eavanja 35. obljetnice vojno-redarstvene akcije \u201eZelena tabla \u2013 Mala bara\u201c, uz niz sportskih, edukativnih, kulturnih i memorijalnih sadr\u017eaja. Program je namijenjen razli\u010ditim generacijama, a sredi\u0161nji dio obilje\u017eavanja odr\u017eat \u0107e se u ponedjeljak, 14. rujna, kada \u0107e biti polo\u017eeni vijenci za poginule hrvatske [&hellip;]<\/p>\n","protected":false},"author":9,"featured_media":178434,"comment_status":"open","ping_status":"open","sticky":false,"template":"","format":"standard","meta":{"footnotes":""},"categories":[296,11],"tags":[8139],"class_list":{"0":"post-178431","1":"post","2":"type-post","3":"status-publish","4":"format-standard","5":"has-post-thumbnail","7":"category-ab","8":"category-metkovic-dolina","9":"tag-zelena-tabla-mala-bara"},"yoast_head":"<!-- This site is optimized with the Yoast SEO plugin v27.7 - https:\/\/yoast.com\/product\/yoast-seo-wordpress\/ -->\n<title>PROGRAM obilje\u017eavanja 35. obljetnice vojno-redarstvene akcije \u201eZelena tabla \u2013 Mala bara\u201c - likemetkovic.hr<\/title>\n<meta name=\"robots\" content=\"index, follow, max-snippet:-1, max-image-preview:large, max-video-preview:-1\" \/>\n<link rel=\"canonical\" href=\"https:\/\/likemetkovic.hr\/portal\/program-obiljezavanja-35-obljetnice-vojno-redarstvene-akcije-zelena-tabla-mala-bara\/\" \/>\n<meta property=\"og:locale\" content=\"hr_HR\" \/>\n<meta property=\"og:type\" content=\"article\" \/>\n<meta property=\"og:title\" content=\"PROGRAM obilje\u017eavanja 35. obljetnice vojno-redarstvene akcije \u201eZelena tabla \u2013 Mala bara\u201c - likemetkovic.hr\" \/>\n<meta property=\"og:description\" content=\"U Plo\u010dama \u0107e se od 11. do 14. rujna 2026. godine odr\u017eati program obilje\u017eavanja 35. obljetnice vojno-redarstvene akcije \u201eZelena tabla \u2013 Mala bara\u201c, uz niz sportskih, edukativnih, kulturnih i memorijalnih sadr\u017eaja. Program je namijenjen razli\u010ditim generacijama, a sredi\u0161nji dio obilje\u017eavanja odr\u017eat \u0107e se u ponedjeljak, 14. rujna, kada \u0107e biti polo\u017eeni vijenci za poginule hrvatske [&hellip;]\" \/>\n<meta property=\"og:url\" content=\"https:\/\/likemetkovic.hr\/portal\/program-obiljezavanja-35-obljetnice-vojno-redarstvene-akcije-zelena-tabla-mala-bara\/\" \/>\n<meta property=\"og:site_name\" content=\"likemetkovic.hr\" \/>\n<meta property=\"article:publisher\" content=\"https:\/\/www.facebook.com\/likemetkovic.hr\/\" \/>\n<meta property=\"article:published_time\" content=\"2026-09-02T14:38:43+00:00\" \/>\n<meta property=\"article:modified_time\" content=\"2026-09-02T14:40:55+00:00\" \/>\n<meta property=\"og:image\" content=\"https:\/\/likemetkovic.hr\/portal\/wp-content\/uploads\/2026\/09\/zelena-tabla-male-bara.jpg\" \/>\n\t<meta property=\"og:image:width\" content=\"800\" \/>\n\t<meta property=\"og:image:height\" content=\"533\" \/>\n\t<meta property=\"og:image:type\" content=\"image\/jpeg\" \/>\n<meta name=\"author\" content=\"K. J.\" \/>\n<meta name=\"twitter:card\" content=\"summary_large_image\" \/>\n<meta name=\"twitter:label1\" content=\"Napisao\/la\" \/>\n\t<meta name=\"twitter:data1\" content=\"K. J.\" \/>\n\t<meta name=\"twitter:label2\" content=\"Procijenjeno vrijeme \u010ditanja\" \/>\n\t<meta name=\"twitter:data2\" content=\"2 minute\" \/>\n<script type=\"application\/ld+json\" class=\"yoast-schema-graph\">{\"@context\":\"https:\\\/\\\/schema.org\",\"@graph\":[{\"@type\":\"Article\",\"@id\":\"https:\\\/\\\/likemetkovic.hr\\\/portal\\\/program-obiljezavanja-35-obljetnice-vojno-redarstvene-akcije-zelena-tabla-mala-bara\\\/#article\",\"isPartOf\":{\"@id\":\"https:\\\/\\\/likemetkovic.hr\\\/portal\\\/program-obiljezavanja-35-obljetnice-vojno-redarstvene-akcije-zelena-tabla-mala-bara\\\/\"},\"author\":{\"name\":\"K. J.\",\"@id\":\"https:\\\/\\\/likemetkovic.hr\\\/#\\\/schema\\\/person\\\/0a8b4ebfdfe1ff01192dccda40c5da0c\"},\"headline\":\"PROGRAM obilje\u017eavanja 35. obljetnice vojno-redarstvene akcije \u201eZelena tabla \u2013 Mala bara\u201c\",\"datePublished\":\"2026-09-02T14:38:43+00:00\",\"dateModified\":\"2026-09-02T14:40:55+00:00\",\"mainEntityOfPage\":{\"@id\":\"https:\\\/\\\/likemetkovic.hr\\\/portal\\\/program-obiljezavanja-35-obljetnice-vojno-redarstvene-akcije-zelena-tabla-mala-bara\\\/\"},\"wordCount\":310,\"commentCount\":0,\"image\":{\"@id\":\"https:\\\/\\\/likemetkovic.hr\\\/portal\\\/program-obiljezavanja-35-obljetnice-vojno-redarstvene-akcije-zelena-tabla-mala-bara\\\/#primaryimage\"},\"thumbnailUrl\":\"https:\\\/\\\/likemetkovic.hr\\\/portal\\\/wp-content\\\/uploads\\\/2026\\\/09\\\/zelena-tabla-male-bara.jpg\",\"keywords\":[\"zelena tabla - mala bara\"],\"articleSection\":[\"AB\",\"Metkovi\u0107 i Dolina\"],\"inLanguage\":\"hr\",\"potentialAction\":[{\"@type\":\"CommentAction\",\"name\":\"Comment\",\"target\":[\"https:\\\/\\\/likemetkovic.hr\\\/portal\\\/program-obiljezavanja-35-obljetnice-vojno-redarstvene-akcije-zelena-tabla-mala-bara\\\/#respond\"]}]},{\"@type\":\"WebPage\",\"@id\":\"https:\\\/\\\/likemetkovic.hr\\\/portal\\\/program-obiljezavanja-35-obljetnice-vojno-redarstvene-akcije-zelena-tabla-mala-bara\\\/\",\"url\":\"https:\\\/\\\/likemetkovic.hr\\\/portal\\\/program-obiljezavanja-35-obljetnice-vojno-redarstvene-akcije-zelena-tabla-mala-bara\\\/\",\"name\":\"PROGRAM obilje\u017eavanja 35. obljetnice vojno-redarstvene akcije \u201eZelena tabla \u2013 Mala bara\u201c - likemetkovic.hr\",\"isPartOf\":{\"@id\":\"https:\\\/\\\/likemetkovic.hr\\\/#website\"},\"primaryImageOfPage\":{\"@id\":\"https:\\\/\\\/likemetkovic.hr\\\/portal\\\/program-obiljezavanja-35-obljetnice-vojno-redarstvene-akcije-zelena-tabla-mala-bara\\\/#primaryimage\"},\"image\":{\"@id\":\"https:\\\/\\\/likemetkovic.hr\\\/portal\\\/program-obiljezavanja-35-obljetnice-vojno-redarstvene-akcije-zelena-tabla-mala-bara\\\/#primaryimage\"},\"thumbnailUrl\":\"https:\\\/\\\/likemetkovic.hr\\\/portal\\\/wp-content\\\/uploads\\\/2026\\\/09\\\/zelena-tabla-male-bara.jpg\",\"datePublished\":\"2026-09-02T14:38:43+00:00\",\"dateModified\":\"2026-09-02T14:40:55+00:00\",\"author\":{\"@id\":\"https:\\\/\\\/likemetkovic.hr\\\/#\\\/schema\\\/person\\\/0a8b4ebfdfe1ff01192dccda40c5da0c\"},\"breadcrumb\":{\"@id\":\"https:\\\/\\\/likemetkovic.hr\\\/portal\\\/program-obiljezavanja-35-obljetnice-vojno-redarstvene-akcije-zelena-tabla-mala-bara\\\/#breadcrumb\"},\"inLanguage\":\"hr\",\"potentialAction\":[{\"@type\":\"ReadAction\",\"target\":[\"https:\\\/\\\/likemetkovic.hr\\\/portal\\\/program-obiljezavanja-35-obljetnice-vojno-redarstvene-akcije-zelena-tabla-mala-bara\\\/\"]}]},{\"@type\":\"ImageObject\",\"inLanguage\":\"hr\",\"@id\":\"https:\\\/\\\/likemetkovic.hr\\\/portal\\\/program-obiljezavanja-35-obljetnice-vojno-redarstvene-akcije-zelena-tabla-mala-bara\\\/#primaryimage\",\"url\":\"https:\\\/\\\/likemetkovic.hr\\\/portal\\\/wp-content\\\/uploads\\\/2026\\\/09\\\/zelena-tabla-male-bara.jpg\",\"contentUrl\":\"https:\\\/\\\/likemetkovic.hr\\\/portal\\\/wp-content\\\/uploads\\\/2026\\\/09\\\/zelena-tabla-male-bara.jpg\",\"width\":800,\"height\":533},{\"@type\":\"BreadcrumbList\",\"@id\":\"https:\\\/\\\/likemetkovic.hr\\\/portal\\\/program-obiljezavanja-35-obljetnice-vojno-redarstvene-akcije-zelena-tabla-mala-bara\\\/#breadcrumb\",\"itemListElement\":[{\"@type\":\"ListItem\",\"position\":1,\"name\":\"Po\u010detna stranica\",\"item\":\"https:\\\/\\\/likemetkovic.hr\\\/portal\\\/\"},{\"@type\":\"ListItem\",\"position\":2,\"name\":\"PROGRAM obilje\u017eavanja 35. obljetnice vojno-redarstvene akcije \u201eZelena tabla \u2013 Mala bara\u201c\"}]},{\"@type\":\"WebSite\",\"@id\":\"https:\\\/\\\/likemetkovic.hr\\\/#website\",\"url\":\"https:\\\/\\\/likemetkovic.hr\\\/\",\"name\":\"likemetkovic.hr\",\"description\":\"Misli pozitivno... \u010ditaj LIKE\",\"potentialAction\":[{\"@type\":\"SearchAction\",\"target\":{\"@type\":\"EntryPoint\",\"urlTemplate\":\"https:\\\/\\\/likemetkovic.hr\\\/?s={search_term_string}\"},\"query-input\":{\"@type\":\"PropertyValueSpecification\",\"valueRequired\":true,\"valueName\":\"search_term_string\"}}],\"inLanguage\":\"hr\"},{\"@type\":\"Person\",\"@id\":\"https:\\\/\\\/likemetkovic.hr\\\/#\\\/schema\\\/person\\\/0a8b4ebfdfe1ff01192dccda40c5da0c\",\"name\":\"K. J.\",\"url\":\"https:\\\/\\\/likemetkovic.hr\\\/portal\\\/author\\\/likemetkovic\\\/\"}]}<\/script>\n<!-- \/ Yoast SEO plugin. -->","yoast_head_json":{"title":"PROGRAM obilje\u017eavanja 35. obljetnice vojno-redarstvene akcije \u201eZelena tabla \u2013 Mala bara\u201c - likemetkovic.hr","robots":{"index":"index","follow":"follow","max-snippet":"max-snippet:-1","max-image-preview":"max-image-preview:large","max-video-preview":"max-video-preview:-1"},"canonical":"https:\/\/likemetkovic.hr\/portal\/program-obiljezavanja-35-obljetnice-vojno-redarstvene-akcije-zelena-tabla-mala-bara\/","og_locale":"hr_HR","og_type":"article","og_title":"PROGRAM obilje\u017eavanja 35. obljetnice vojno-redarstvene akcije \u201eZelena tabla \u2013 Mala bara\u201c - likemetkovic.hr","og_description":"U Plo\u010dama \u0107e se od 11. do 14. rujna 2026. godine odr\u017eati program obilje\u017eavanja 35. obljetnice vojno-redarstvene akcije \u201eZelena tabla \u2013 Mala bara\u201c, uz niz sportskih, edukativnih, kulturnih i memorijalnih sadr\u017eaja. Program je namijenjen razli\u010ditim generacijama, a sredi\u0161nji dio obilje\u017eavanja odr\u017eat \u0107e se u ponedjeljak, 14. rujna, kada \u0107e biti polo\u017eeni vijenci za poginule hrvatske [&hellip;]","og_url":"https:\/\/likemetkovic.hr\/portal\/program-obiljezavanja-35-obljetnice-vojno-redarstvene-akcije-zelena-tabla-mala-bara\/","og_site_name":"likemetkovic.hr","article_publisher":"https:\/\/www.facebook.com\/likemetkovic.hr\/","article_published_time":"2026-09-02T14:38:43+00:00","article_modified_time":"2026-09-02T14:40:55+00:00","og_image":[{"width":800,"height":533,"url":"https:\/\/likemetkovic.hr\/portal\/wp-content\/uploads\/2026\/09\/zelena-tabla-male-bara.jpg","type":"image\/jpeg"}],"author":"K. J.","twitter_card":"summary_large_image","twitter_misc":{"Napisao\/la":"K. J.","Procijenjeno vrijeme \u010ditanja":"2 minute"},"schema":{"@context":"https:\/\/schema.org","@graph":[{"@type":"Article","@id":"https:\/\/likemetkovic.hr\/portal\/program-obiljezavanja-35-obljetnice-vojno-redarstvene-akcije-zelena-tabla-mala-bara\/#article","isPartOf":{"@id":"https:\/\/likemetkovic.hr\/portal\/program-obiljezavanja-35-obljetnice-vojno-redarstvene-akcije-zelena-tabla-mala-bara\/"},"author":{"name":"K. J.","@id":"https:\/\/likemetkovic.hr\/#\/schema\/person\/0a8b4ebfdfe1ff01192dccda40c5da0c"},"headline":"PROGRAM obilje\u017eavanja 35. obljetnice vojno-redarstvene akcije \u201eZelena tabla \u2013 Mala bara\u201c","datePublished":"2026-09-02T14:38:43+00:00","dateModified":"2026-09-02T14:40:55+00:00","mainEntityOfPage":{"@id":"https:\/\/likemetkovic.hr\/portal\/program-obiljezavanja-35-obljetnice-vojno-redarstvene-akcije-zelena-tabla-mala-bara\/"},"wordCount":310,"commentCount":0,"image":{"@id":"https:\/\/likemetkovic.hr\/portal\/program-obiljezavanja-35-obljetnice-vojno-redarstvene-akcije-zelena-tabla-mala-bara\/#primaryimage"},"thumbnailUrl":"https:\/\/likemetkovic.hr\/portal\/wp-content\/uploads\/2026\/09\/zelena-tabla-male-bara.jpg","keywords":["zelena tabla - mala bara"],"articleSection":["AB","Metkovi\u0107 i Dolina"],"inLanguage":"hr","potentialAction":[{"@type":"CommentAction","name":"Comment","target":["https:\/\/likemetkovic.hr\/portal\/program-obiljezavanja-35-obljetnice-vojno-redarstvene-akcije-zelena-tabla-mala-bara\/#respond"]}]},{"@type":"WebPage","@id":"https:\/\/likemetkovic.hr\/portal\/program-obiljezavanja-35-obljetnice-vojno-redarstvene-akcije-zelena-tabla-mala-bara\/","url":"https:\/\/likemetkovic.hr\/portal\/program-obiljezavanja-35-obljetnice-vojno-redarstvene-akcije-zelena-tabla-mala-bara\/","name":"PROGRAM obilje\u017eavanja 35. obljetnice vojno-redarstvene akcije \u201eZelena tabla \u2013 Mala bara\u201c - likemetkovic.hr","isPartOf":{"@id":"https:\/\/likemetkovic.hr\/#website"},"primaryImageOfPage":{"@id":"https:\/\/likemetkovic.hr\/portal\/program-obiljezavanja-35-obljetnice-vojno-redarstvene-akcije-zelena-tabla-mala-bara\/#primaryimage"},"image":{"@id":"https:\/\/likemetkovic.hr\/portal\/program-obiljezavanja-35-obljetnice-vojno-redarstvene-akcije-zelena-tabla-mala-bara\/#primaryimage"},"thumbnailUrl":"https:\/\/likemetkovic.hr\/portal\/wp-content\/uploads\/2026\/09\/zelena-tabla-male-bara.jpg","datePublished":"2026-09-02T14:38:43+00:00","dateModified":"2026-09-02T14:40:55+00:00","author":{"@id":"https:\/\/likemetkovic.hr\/#\/schema\/person\/0a8b4ebfdfe1ff01192dccda40c5da0c"},"breadcrumb":{"@id":"https:\/\/likemetkovic.hr\/portal\/program-obiljezavanja-35-obljetnice-vojno-redarstvene-akcije-zelena-tabla-mala-bara\/#breadcrumb"},"inLanguage":"hr","potentialAction":[{"@type":"ReadAction","target":["https:\/\/likemetkovic.hr\/portal\/program-obiljezavanja-35-obljetnice-vojno-redarstvene-akcije-zelena-tabla-mala-bara\/"]}]},{"@type":"ImageObject","inLanguage":"hr","@id":"https:\/\/likemetkovic.hr\/portal\/program-obiljezavanja-35-obljetnice-vojno-redarstvene-akcije-zelena-tabla-mala-bara\/#primaryimage","url":"https:\/\/likemetkovic.hr\/portal\/wp-content\/uploads\/2026\/09\/zelena-tabla-male-bara.jpg","contentUrl":"https:\/\/likemetkovic.hr\/portal\/wp-content\/uploads\/2026\/09\/zelena-tabla-male-bara.jpg","width":800,"height":533},{"@type":"BreadcrumbList","@id":"https:\/\/likemetkovic.hr\/portal\/program-obiljezavanja-35-obljetnice-vojno-redarstvene-akcije-zelena-tabla-mala-bara\/#breadcrumb","itemListElement":[{"@type":"ListItem","position":1,"name":"Po\u010detna stranica","item":"https:\/\/likemetkovic.hr\/portal\/"},{"@type":"ListItem","position":2,"name":"PROGRAM obilje\u017eavanja 35. obljetnice vojno-redarstvene akcije \u201eZelena tabla \u2013 Mala bara\u201c"}]},{"@type":"WebSite","@id":"https:\/\/likemetkovic.hr\/#website","url":"https:\/\/likemetkovic.hr\/","name":"likemetkovic.hr","description":"Misli pozitivno... \u010ditaj LIKE","potentialAction":[{"@type":"SearchAction","target":{"@type":"EntryPoint","urlTemplate":"https:\/\/likemetkovic.hr\/?s={search_term_string}"},"query-input":{"@type":"PropertyValueSpecification","valueRequired":true,"valueName":"search_term_string"}}],"inLanguage":"hr"},{"@type":"Person","@id":"https:\/\/likemetkovic.hr\/#\/schema\/person\/0a8b4ebfdfe1ff01192dccda40c5da0c","name":"K. J.","url":"https:\/\/likemetkovic.hr\/portal\/author\/likemetkovic\/"}]}},"_links":{"self":[{"href":"https:\/\/likemetkovic.hr\/portal\/wp-json\/wp\/v2\/posts\/178431","targetHints":{"allow":["GET"]}}],"collection":[{"href":"https:\/\/likemetkovic.hr\/portal\/wp-json\/wp\/v2\/posts"}],"about":[{"href":"https:\/\/likemetkovic.hr\/portal\/wp-json\/wp\/v2\/types\/post"}],"author":[{"embeddable":true,"href":"https:\/\/likemetkovic.hr\/portal\/wp-json\/wp\/v2\/users\/9"}],"replies":[{"embeddable":true,"href":"https:\/\/likemetkovic.hr\/portal\/wp-json\/wp\/v2\/comments?post=178431"}],"version-history":[{"count":1,"href":"https:\/\/likemetkovic.hr\/portal\/wp-json\/wp\/v2\/posts\/178431\/revisions"}],"predecessor-version":[{"id":178433,"href":"https:\/\/likemetkovic.hr\/portal\/wp-json\/wp\/v2\/posts\/178431\/revisions\/178433"}],"wp:featuredmedia":[{"embeddable":true,"href":"https:\/\/likemetkovic.hr\/portal\/wp-json\/wp\/v2\/media\/178434"}],"wp:attachment":[{"href":"https:\/\/likemetkovic.hr\/portal\/wp-json\/wp\/v2\/media?parent=178431"}],"wp:term":[{"taxonomy":"category","embeddable":true,"href":"https:\/\/likemetkovic.hr\/portal\/wp-json\/wp\/v2\/categories?post=178431"},{"taxonomy":"post_tag","embeddable":true,"href":"https:\/\/likemetkovic.hr\/portal\/wp-json\/wp\/v2\/tags?post=178431"}],"curies":[{"name":"wp","href":"https:\/\/api.w.org\/{rel}","templated":true}]}}