{"id":178445,"date":"2026-09-03T11:22:52","date_gmt":"2026-09-03T09:22:52","guid":{"rendered":"https:\/\/likemetkovic.hr\/portal\/?p=178445"},"modified":"2026-09-03T11:22:52","modified_gmt":"2026-09-03T09:22:52","slug":"opuzenski-prvasici-usli-u-skolske-klupe","status":"publish","type":"post","link":"https:\/\/likemetkovic.hr\/portal\/opuzenski-prvasici-usli-u-skolske-klupe\/","title":{"rendered":"Opuzenski prva\u0161i\u0107i u\u0161li u \u0161kolske klupe"},"content":{"rendered":"<p>U <strong>Osnovnoj \u0161koli Opuzen<\/strong> ju\u010der je obavljena prozivka u\u010denika koji u \u0161kolskoj godini 2026.\/27. kre\u0107u u prvi i peti razred.<\/p>\n<p>Posebice emotivan bio je prijem opuzenskih prva\u0161i\u0107a, koji su do\u0161li u pratnji svojih roditelja i za koje je prire\u0111en prigodni program.<\/p>\n<p>Pozdravila ih je i po\u017eeljela dobrodo\u0161licu ravnateljica opuzenske \u0161kole<strong>\u00a0Valentina Per\u0161in \u010cubrani\u0107,<\/strong>\u00a0a sve\u010danosti su nazo\u010dili gradona\u010delnik Grada Opuzena\u00a0<strong>Ivan Mataga<\/strong>\u00a0i na\u010delnik Op\u0107ine Slivno\u00a0<strong>Jurica Mu\u0161an<\/strong>.<\/p>\n<p>Ove godine u Opuzenu je 32 prva\u0161i\u0107a, raspore\u0111enih u dva razredna odjeljenja, koja vode u\u010diteljice\u00a0<strong>Mira \u0160e\u0161elj<\/strong>\u00a0(1.a.) i\u00a0<strong>Klaudija Simat<\/strong>\u00a0(1.b.).<\/p>\n<p><img decoding=\"async\" class=\"alignnone size-medium wp-image-178446\" src=\"https:\/\/likemetkovic.hr\/portal\/wp-content\/uploads\/2026\/09\/prvasi-os-opuzen-2026-800x476.jpg\" alt=\"\" width=\"800\" height=\"476\" srcset=\"https:\/\/likemetkovic.hr\/portal\/wp-content\/uploads\/2026\/09\/prvasi-os-opuzen-2026-800x476.jpg 800w, https:\/\/likemetkovic.hr\/portal\/wp-content\/uploads\/2026\/09\/prvasi-os-opuzen-2026-768x457.jpg 768w, https:\/\/likemetkovic.hr\/portal\/wp-content\/uploads\/2026\/09\/prvasi-os-opuzen-2026-707x420.jpg 707w, https:\/\/likemetkovic.hr\/portal\/wp-content\/uploads\/2026\/09\/prvasi-os-opuzen-2026-150x89.jpg 150w, https:\/\/likemetkovic.hr\/portal\/wp-content\/uploads\/2026\/09\/prvasi-os-opuzen-2026-300x178.jpg 300w, https:\/\/likemetkovic.hr\/portal\/wp-content\/uploads\/2026\/09\/prvasi-os-opuzen-2026-696x414.jpg 696w, https:\/\/likemetkovic.hr\/portal\/wp-content\/uploads\/2026\/09\/prvasi-os-opuzen-2026.jpg 900w\" sizes=\"(max-width: 800px) 100vw, 800px\" \/>Foto i tekst: <a href=\"https:\/\/www.rogotin.hr\/2026\/09\/03\/prvi-u-dolini-neretve-opuzenski-prvasici-usli-u-skolske-klupe\/\" target=\"_blank\" rel=\"noopener\">Rogotin.hr<\/a><\/p>\n","protected":false},"excerpt":{"rendered":"<p>U Osnovnoj \u0161koli Opuzen ju\u010der je obavljena prozivka u\u010denika koji u \u0161kolskoj godini 2026.\/27. kre\u0107u u prvi i peti razred. Posebice emotivan bio je prijem opuzenskih prva\u0161i\u0107a, koji su do\u0161li u pratnji svojih roditelja i za koje je prire\u0111en prigodni program. Pozdravila ih je i po\u017eeljela dobrodo\u0161licu ravnateljica opuzenske \u0161kole\u00a0Valentina Per\u0161in \u010cubrani\u0107,\u00a0a sve\u010danosti su nazo\u010dili [&hellip;]<\/p>\n","protected":false},"author":7,"featured_media":178446,"comment_status":"open","ping_status":"open","sticky":false,"template":"","format":"standard","meta":{"footnotes":""},"categories":[296,166],"tags":[3136,3684],"class_list":{"0":"post-178445","1":"post","2":"type-post","3":"status-publish","4":"format-standard","5":"has-post-thumbnail","7":"category-ab","8":"category-skolstvo","9":"tag-os-opuzen","10":"tag-prvasi"},"yoast_head":"<!-- This site is optimized with the Yoast SEO plugin v27.7 - https:\/\/yoast.com\/product\/yoast-seo-wordpress\/ -->\n<title>Opuzenski prva\u0161i\u0107i u\u0161li u \u0161kolske klupe - likemetkovic.hr<\/title>\n<meta name=\"robots\" content=\"index, follow, max-snippet:-1, max-image-preview:large, max-video-preview:-1\" \/>\n<link rel=\"canonical\" href=\"https:\/\/likemetkovic.hr\/portal\/opuzenski-prvasici-usli-u-skolske-klupe\/\" \/>\n<meta property=\"og:locale\" content=\"hr_HR\" \/>\n<meta property=\"og:type\" content=\"article\" \/>\n<meta property=\"og:title\" content=\"Opuzenski prva\u0161i\u0107i u\u0161li u \u0161kolske klupe - likemetkovic.hr\" \/>\n<meta property=\"og:description\" content=\"U Osnovnoj \u0161koli Opuzen ju\u010der je obavljena prozivka u\u010denika koji u \u0161kolskoj godini 2026.\/27. kre\u0107u u prvi i peti razred. Posebice emotivan bio je prijem opuzenskih prva\u0161i\u0107a, koji su do\u0161li u pratnji svojih roditelja i za koje je prire\u0111en prigodni program. Pozdravila ih je i po\u017eeljela dobrodo\u0161licu ravnateljica opuzenske \u0161kole\u00a0Valentina Per\u0161in \u010cubrani\u0107,\u00a0a sve\u010danosti su nazo\u010dili [&hellip;]\" \/>\n<meta property=\"og:url\" content=\"https:\/\/likemetkovic.hr\/portal\/opuzenski-prvasici-usli-u-skolske-klupe\/\" \/>\n<meta property=\"og:site_name\" content=\"likemetkovic.hr\" \/>\n<meta property=\"article:publisher\" content=\"https:\/\/www.facebook.com\/likemetkovic.hr\/\" \/>\n<meta property=\"article:published_time\" content=\"2026-09-03T09:22:52+00:00\" \/>\n<meta property=\"og:image\" content=\"https:\/\/likemetkovic.hr\/portal\/wp-content\/uploads\/2026\/09\/prvasi-os-opuzen-2026.jpg\" \/>\n\t<meta property=\"og:image:width\" content=\"900\" \/>\n\t<meta property=\"og:image:height\" content=\"535\" \/>\n\t<meta property=\"og:image:type\" content=\"image\/jpeg\" \/>\n<meta name=\"author\" content=\"LIKEmetkovic.hr\" \/>\n<meta name=\"twitter:card\" content=\"summary_large_image\" \/>\n<meta name=\"twitter:label1\" content=\"Napisao\/la\" \/>\n\t<meta name=\"twitter:data1\" content=\"LIKEmetkovic.hr\" \/>\n\t<meta name=\"twitter:label2\" content=\"Procijenjeno vrijeme \u010ditanja\" \/>\n\t<meta name=\"twitter:data2\" content=\"1 minuta\" \/>\n<script type=\"application\/ld+json\" class=\"yoast-schema-graph\">{\"@context\":\"https:\\\/\\\/schema.org\",\"@graph\":[{\"@type\":\"Article\",\"@id\":\"https:\\\/\\\/likemetkovic.hr\\\/portal\\\/opuzenski-prvasici-usli-u-skolske-klupe\\\/#article\",\"isPartOf\":{\"@id\":\"https:\\\/\\\/likemetkovic.hr\\\/portal\\\/opuzenski-prvasici-usli-u-skolske-klupe\\\/\"},\"author\":{\"name\":\"LIKEmetkovic.hr\",\"@id\":\"https:\\\/\\\/likemetkovic.hr\\\/#\\\/schema\\\/person\\\/a42711f3385a0e2be6f7e0443bfb28f0\"},\"headline\":\"Opuzenski prva\u0161i\u0107i u\u0161li u \u0161kolske klupe\",\"datePublished\":\"2026-09-03T09:22:52+00:00\",\"mainEntityOfPage\":{\"@id\":\"https:\\\/\\\/likemetkovic.hr\\\/portal\\\/opuzenski-prvasici-usli-u-skolske-klupe\\\/\"},\"wordCount\":123,\"commentCount\":0,\"image\":{\"@id\":\"https:\\\/\\\/likemetkovic.hr\\\/portal\\\/opuzenski-prvasici-usli-u-skolske-klupe\\\/#primaryimage\"},\"thumbnailUrl\":\"https:\\\/\\\/likemetkovic.hr\\\/portal\\\/wp-content\\\/uploads\\\/2026\\\/09\\\/prvasi-os-opuzen-2026.jpg\",\"keywords\":[\"o\u0161 opuzen\",\"prva\u0161i\"],\"articleSection\":[\"AB\",\"\u0160kolstvo\"],\"inLanguage\":\"hr\",\"potentialAction\":[{\"@type\":\"CommentAction\",\"name\":\"Comment\",\"target\":[\"https:\\\/\\\/likemetkovic.hr\\\/portal\\\/opuzenski-prvasici-usli-u-skolske-klupe\\\/#respond\"]}]},{\"@type\":\"WebPage\",\"@id\":\"https:\\\/\\\/likemetkovic.hr\\\/portal\\\/opuzenski-prvasici-usli-u-skolske-klupe\\\/\",\"url\":\"https:\\\/\\\/likemetkovic.hr\\\/portal\\\/opuzenski-prvasici-usli-u-skolske-klupe\\\/\",\"name\":\"Opuzenski prva\u0161i\u0107i u\u0161li u \u0161kolske klupe - likemetkovic.hr\",\"isPartOf\":{\"@id\":\"https:\\\/\\\/likemetkovic.hr\\\/#website\"},\"primaryImageOfPage\":{\"@id\":\"https:\\\/\\\/likemetkovic.hr\\\/portal\\\/opuzenski-prvasici-usli-u-skolske-klupe\\\/#primaryimage\"},\"image\":{\"@id\":\"https:\\\/\\\/likemetkovic.hr\\\/portal\\\/opuzenski-prvasici-usli-u-skolske-klupe\\\/#primaryimage\"},\"thumbnailUrl\":\"https:\\\/\\\/likemetkovic.hr\\\/portal\\\/wp-content\\\/uploads\\\/2026\\\/09\\\/prvasi-os-opuzen-2026.jpg\",\"datePublished\":\"2026-09-03T09:22:52+00:00\",\"author\":{\"@id\":\"https:\\\/\\\/likemetkovic.hr\\\/#\\\/schema\\\/person\\\/a42711f3385a0e2be6f7e0443bfb28f0\"},\"breadcrumb\":{\"@id\":\"https:\\\/\\\/likemetkovic.hr\\\/portal\\\/opuzenski-prvasici-usli-u-skolske-klupe\\\/#breadcrumb\"},\"inLanguage\":\"hr\",\"potentialAction\":[{\"@type\":\"ReadAction\",\"target\":[\"https:\\\/\\\/likemetkovic.hr\\\/portal\\\/opuzenski-prvasici-usli-u-skolske-klupe\\\/\"]}]},{\"@type\":\"ImageObject\",\"inLanguage\":\"hr\",\"@id\":\"https:\\\/\\\/likemetkovic.hr\\\/portal\\\/opuzenski-prvasici-usli-u-skolske-klupe\\\/#primaryimage\",\"url\":\"https:\\\/\\\/likemetkovic.hr\\\/portal\\\/wp-content\\\/uploads\\\/2026\\\/09\\\/prvasi-os-opuzen-2026.jpg\",\"contentUrl\":\"https:\\\/\\\/likemetkovic.hr\\\/portal\\\/wp-content\\\/uploads\\\/2026\\\/09\\\/prvasi-os-opuzen-2026.jpg\",\"width\":900,\"height\":535},{\"@type\":\"BreadcrumbList\",\"@id\":\"https:\\\/\\\/likemetkovic.hr\\\/portal\\\/opuzenski-prvasici-usli-u-skolske-klupe\\\/#breadcrumb\",\"itemListElement\":[{\"@type\":\"ListItem\",\"position\":1,\"name\":\"Po\u010detna stranica\",\"item\":\"https:\\\/\\\/likemetkovic.hr\\\/portal\\\/\"},{\"@type\":\"ListItem\",\"position\":2,\"name\":\"Opuzenski prva\u0161i\u0107i u\u0161li u \u0161kolske klupe\"}]},{\"@type\":\"WebSite\",\"@id\":\"https:\\\/\\\/likemetkovic.hr\\\/#website\",\"url\":\"https:\\\/\\\/likemetkovic.hr\\\/\",\"name\":\"likemetkovic.hr\",\"description\":\"Misli pozitivno... \u010ditaj LIKE\",\"potentialAction\":[{\"@type\":\"SearchAction\",\"target\":{\"@type\":\"EntryPoint\",\"urlTemplate\":\"https:\\\/\\\/likemetkovic.hr\\\/?s={search_term_string}\"},\"query-input\":{\"@type\":\"PropertyValueSpecification\",\"valueRequired\":true,\"valueName\":\"search_term_string\"}}],\"inLanguage\":\"hr\"},{\"@type\":\"Person\",\"@id\":\"https:\\\/\\\/likemetkovic.hr\\\/#\\\/schema\\\/person\\\/a42711f3385a0e2be6f7e0443bfb28f0\",\"name\":\"LIKEmetkovic.hr\",\"sameAs\":[\"http:\\\/\\\/likemetkovic.hr\"],\"url\":\"https:\\\/\\\/likemetkovic.hr\\\/portal\\\/author\\\/likemetkovic-hr\\\/\"}]}<\/script>\n<!-- \/ Yoast SEO plugin. -->","yoast_head_json":{"title":"Opuzenski prva\u0161i\u0107i u\u0161li u \u0161kolske klupe - likemetkovic.hr","robots":{"index":"index","follow":"follow","max-snippet":"max-snippet:-1","max-image-preview":"max-image-preview:large","max-video-preview":"max-video-preview:-1"},"canonical":"https:\/\/likemetkovic.hr\/portal\/opuzenski-prvasici-usli-u-skolske-klupe\/","og_locale":"hr_HR","og_type":"article","og_title":"Opuzenski prva\u0161i\u0107i u\u0161li u \u0161kolske klupe - likemetkovic.hr","og_description":"U Osnovnoj \u0161koli Opuzen ju\u010der je obavljena prozivka u\u010denika koji u \u0161kolskoj godini 2026.\/27. kre\u0107u u prvi i peti razred. Posebice emotivan bio je prijem opuzenskih prva\u0161i\u0107a, koji su do\u0161li u pratnji svojih roditelja i za koje je prire\u0111en prigodni program. Pozdravila ih je i po\u017eeljela dobrodo\u0161licu ravnateljica opuzenske \u0161kole\u00a0Valentina Per\u0161in \u010cubrani\u0107,\u00a0a sve\u010danosti su nazo\u010dili [&hellip;]","og_url":"https:\/\/likemetkovic.hr\/portal\/opuzenski-prvasici-usli-u-skolske-klupe\/","og_site_name":"likemetkovic.hr","article_publisher":"https:\/\/www.facebook.com\/likemetkovic.hr\/","article_published_time":"2026-09-03T09:22:52+00:00","og_image":[{"width":900,"height":535,"url":"https:\/\/likemetkovic.hr\/portal\/wp-content\/uploads\/2026\/09\/prvasi-os-opuzen-2026.jpg","type":"image\/jpeg"}],"author":"LIKEmetkovic.hr","twitter_card":"summary_large_image","twitter_misc":{"Napisao\/la":"LIKEmetkovic.hr","Procijenjeno vrijeme \u010ditanja":"1 minuta"},"schema":{"@context":"https:\/\/schema.org","@graph":[{"@type":"Article","@id":"https:\/\/likemetkovic.hr\/portal\/opuzenski-prvasici-usli-u-skolske-klupe\/#article","isPartOf":{"@id":"https:\/\/likemetkovic.hr\/portal\/opuzenski-prvasici-usli-u-skolske-klupe\/"},"author":{"name":"LIKEmetkovic.hr","@id":"https:\/\/likemetkovic.hr\/#\/schema\/person\/a42711f3385a0e2be6f7e0443bfb28f0"},"headline":"Opuzenski prva\u0161i\u0107i u\u0161li u \u0161kolske klupe","datePublished":"2026-09-03T09:22:52+00:00","mainEntityOfPage":{"@id":"https:\/\/likemetkovic.hr\/portal\/opuzenski-prvasici-usli-u-skolske-klupe\/"},"wordCount":123,"commentCount":0,"image":{"@id":"https:\/\/likemetkovic.hr\/portal\/opuzenski-prvasici-usli-u-skolske-klupe\/#primaryimage"},"thumbnailUrl":"https:\/\/likemetkovic.hr\/portal\/wp-content\/uploads\/2026\/09\/prvasi-os-opuzen-2026.jpg","keywords":["o\u0161 opuzen","prva\u0161i"],"articleSection":["AB","\u0160kolstvo"],"inLanguage":"hr","potentialAction":[{"@type":"CommentAction","name":"Comment","target":["https:\/\/likemetkovic.hr\/portal\/opuzenski-prvasici-usli-u-skolske-klupe\/#respond"]}]},{"@type":"WebPage","@id":"https:\/\/likemetkovic.hr\/portal\/opuzenski-prvasici-usli-u-skolske-klupe\/","url":"https:\/\/likemetkovic.hr\/portal\/opuzenski-prvasici-usli-u-skolske-klupe\/","name":"Opuzenski prva\u0161i\u0107i u\u0161li u \u0161kolske klupe - likemetkovic.hr","isPartOf":{"@id":"https:\/\/likemetkovic.hr\/#website"},"primaryImageOfPage":{"@id":"https:\/\/likemetkovic.hr\/portal\/opuzenski-prvasici-usli-u-skolske-klupe\/#primaryimage"},"image":{"@id":"https:\/\/likemetkovic.hr\/portal\/opuzenski-prvasici-usli-u-skolske-klupe\/#primaryimage"},"thumbnailUrl":"https:\/\/likemetkovic.hr\/portal\/wp-content\/uploads\/2026\/09\/prvasi-os-opuzen-2026.jpg","datePublished":"2026-09-03T09:22:52+00:00","author":{"@id":"https:\/\/likemetkovic.hr\/#\/schema\/person\/a42711f3385a0e2be6f7e0443bfb28f0"},"breadcrumb":{"@id":"https:\/\/likemetkovic.hr\/portal\/opuzenski-prvasici-usli-u-skolske-klupe\/#breadcrumb"},"inLanguage":"hr","potentialAction":[{"@type":"ReadAction","target":["https:\/\/likemetkovic.hr\/portal\/opuzenski-prvasici-usli-u-skolske-klupe\/"]}]},{"@type":"ImageObject","inLanguage":"hr","@id":"https:\/\/likemetkovic.hr\/portal\/opuzenski-prvasici-usli-u-skolske-klupe\/#primaryimage","url":"https:\/\/likemetkovic.hr\/portal\/wp-content\/uploads\/2026\/09\/prvasi-os-opuzen-2026.jpg","contentUrl":"https:\/\/likemetkovic.hr\/portal\/wp-content\/uploads\/2026\/09\/prvasi-os-opuzen-2026.jpg","width":900,"height":535},{"@type":"BreadcrumbList","@id":"https:\/\/likemetkovic.hr\/portal\/opuzenski-prvasici-usli-u-skolske-klupe\/#breadcrumb","itemListElement":[{"@type":"ListItem","position":1,"name":"Po\u010detna stranica","item":"https:\/\/likemetkovic.hr\/portal\/"},{"@type":"ListItem","position":2,"name":"Opuzenski prva\u0161i\u0107i u\u0161li u \u0161kolske klupe"}]},{"@type":"WebSite","@id":"https:\/\/likemetkovic.hr\/#website","url":"https:\/\/likemetkovic.hr\/","name":"likemetkovic.hr","description":"Misli pozitivno... \u010ditaj LIKE","potentialAction":[{"@type":"SearchAction","target":{"@type":"EntryPoint","urlTemplate":"https:\/\/likemetkovic.hr\/?s={search_term_string}"},"query-input":{"@type":"PropertyValueSpecification","valueRequired":true,"valueName":"search_term_string"}}],"inLanguage":"hr"},{"@type":"Person","@id":"https:\/\/likemetkovic.hr\/#\/schema\/person\/a42711f3385a0e2be6f7e0443bfb28f0","name":"LIKEmetkovic.hr","sameAs":["http:\/\/likemetkovic.hr"],"url":"https:\/\/likemetkovic.hr\/portal\/author\/likemetkovic-hr\/"}]}},"_links":{"self":[{"href":"https:\/\/likemetkovic.hr\/portal\/wp-json\/wp\/v2\/posts\/178445","targetHints":{"allow":["GET"]}}],"collection":[{"href":"https:\/\/likemetkovic.hr\/portal\/wp-json\/wp\/v2\/posts"}],"about":[{"href":"https:\/\/likemetkovic.hr\/portal\/wp-json\/wp\/v2\/types\/post"}],"author":[{"embeddable":true,"href":"https:\/\/likemetkovic.hr\/portal\/wp-json\/wp\/v2\/users\/7"}],"replies":[{"embeddable":true,"href":"https:\/\/likemetkovic.hr\/portal\/wp-json\/wp\/v2\/comments?post=178445"}],"version-history":[{"count":1,"href":"https:\/\/likemetkovic.hr\/portal\/wp-json\/wp\/v2\/posts\/178445\/revisions"}],"predecessor-version":[{"id":178447,"href":"https:\/\/likemetkovic.hr\/portal\/wp-json\/wp\/v2\/posts\/178445\/revisions\/178447"}],"wp:featuredmedia":[{"embeddable":true,"href":"https:\/\/likemetkovic.hr\/portal\/wp-json\/wp\/v2\/media\/178446"}],"wp:attachment":[{"href":"https:\/\/likemetkovic.hr\/portal\/wp-json\/wp\/v2\/media?parent=178445"}],"wp:term":[{"taxonomy":"category","embeddable":true,"href":"https:\/\/likemetkovic.hr\/portal\/wp-json\/wp\/v2\/categories?post=178445"},{"taxonomy":"post_tag","embeddable":true,"href":"https:\/\/likemetkovic.hr\/portal\/wp-json\/wp\/v2\/tags?post=178445"}],"curies":[{"name":"wp","href":"https:\/\/api.w.org\/{rel}","templated":true}]}}