{"id":178467,"date":"2026-09-04T07:35:34","date_gmt":"2026-09-04T05:35:34","guid":{"rendered":"https:\/\/likemetkovic.hr\/portal\/?p=178467"},"modified":"2026-09-04T07:37:32","modified_gmt":"2026-09-04T05:37:32","slug":"ivana-ostala-na-stanici-moja-kolica-nisu-prtljaga-ona-su-dio-mog-zivota","status":"publish","type":"post","link":"https:\/\/likemetkovic.hr\/portal\/ivana-ostala-na-stanici-moja-kolica-nisu-prtljaga-ona-su-dio-mog-zivota\/","title":{"rendered":"Ivana ostala na stanici: \u201eMoja kolica nisu prtljaga, ona su dio mog \u017eivota\u201c"},"content":{"rendered":"<p>Nakon \u0161to je prijevoz putem BlaBlaCara dogovorila s politi\u010darem i javno poznatom osobom Ivanom Pernarom, Ivana Nikolac ostala je bez dogovorenog prijevoza. Kako navodi u svojoj objavi, razlog koji joj je priop\u0107en bio je njezin invaliditet i \u010dinjenica da sa sobom ima sklopljena invalidska kolica, pi\u0161e <a href=\"https:\/\/www.klikploce.com.hr\/ivana-ostala-na-stanici-moja-kolica-nisu-prtljaga-ona-su-dio-mog-zivota\/\" target=\"_blank\" rel=\"noopener\">Klik Plo\u010de<\/a>.<\/p>\n<p><img decoding=\"async\" class=\"alignnone size-medium wp-image-178470\" src=\"https:\/\/likemetkovic.hr\/portal\/wp-content\/uploads\/2026\/09\/1-800x551.jpg\" alt=\"\" width=\"800\" height=\"551\" srcset=\"https:\/\/likemetkovic.hr\/portal\/wp-content\/uploads\/2026\/09\/1-800x551.jpg 800w, https:\/\/likemetkovic.hr\/portal\/wp-content\/uploads\/2026\/09\/1-1200x826.jpg 1200w, https:\/\/likemetkovic.hr\/portal\/wp-content\/uploads\/2026\/09\/1-768x529.jpg 768w, https:\/\/likemetkovic.hr\/portal\/wp-content\/uploads\/2026\/09\/1-610x420.jpg 610w, https:\/\/likemetkovic.hr\/portal\/wp-content\/uploads\/2026\/09\/1-150x103.jpg 150w, https:\/\/likemetkovic.hr\/portal\/wp-content\/uploads\/2026\/09\/1-218x150.jpg 218w, https:\/\/likemetkovic.hr\/portal\/wp-content\/uploads\/2026\/09\/1-300x207.jpg 300w, https:\/\/likemetkovic.hr\/portal\/wp-content\/uploads\/2026\/09\/1-696x479.jpg 696w, https:\/\/likemetkovic.hr\/portal\/wp-content\/uploads\/2026\/09\/1-1068x735.jpg 1068w, https:\/\/likemetkovic.hr\/portal\/wp-content\/uploads\/2026\/09\/1-100x70.jpg 100w, https:\/\/likemetkovic.hr\/portal\/wp-content\/uploads\/2026\/09\/1.jpg 1454w\" sizes=\"(max-width: 800px) 100vw, 800px\" \/><\/p>\n<p>Ivana, koja ve\u0107 dvadeset godina \u017eivi s tetraplegijom nakon te\u0161ke prometne nesre\u0107e, odlu\u010dila je o doga\u0111aju javno progovoriti. Nagla\u0161ava kako joj nije problem bio prona\u0107i drugi prijevoz \u2013 prona\u0161la ga je. Ono \u0161to ju je, ka\u017ee, potaknulo na reakciju puno je ve\u0107e od jedne propu\u0161tene vo\u017enje.<\/p>\n<p>Prema njezinim rije\u010dima, prilikom dogovora prijevoza jasno je navela da je osoba s invaliditetom te da sa sobom ima isklju\u010divo sklopljena invalidska kolica, bez druge prtljage. Unato\u010d tome, na kraju je ostala na autobusnoj stanici.<\/p>\n<p>\u201eKoliko puta osoba s invaliditetom mora prona\u0107i \u2018drugi put\u2019 samo zato \u0161to je nekome njezino pomagalo problem?!\u201c pita Ivana.<\/p>\n<p>U svojoj objavi posebno isti\u010de kako invalidska kolica za nju nisu obi\u010dna prtljaga koju mo\u017ee ostaviti kod ku\u0107e. Ona su, ka\u017ee, dio njezine svakodnevice, slobode i \u017eivota.<\/p>\n<p>Problem zato ne vidi samo u samom prijevozu, ve\u0107 u na\u010dinu na koji se osobe s invaliditetom ponekad promatraju.<\/p>\n<p>\u201eNe tra\u017eim privilegiju. Tra\u017eim jednakost. Ne tra\u017eim da me netko vozi zato \u0161to sam osoba s invaliditetom. Tra\u017eim da me ne odbije zato \u0161to sam osoba s invaliditetom\u201c, poru\u010dila je.<\/p>\n<p>Ivana pritom povla\u010di jasnu granicu izme\u0111u situacije u kojoj voza\u010d objektivno nema mogu\u0107nost prevesti invalidska kolica i situacije u kojoj je osoba odbijena zbog svojeg invaliditeta.<\/p>\n<p>\u201eJedno je pitanje mogu\u0107nosti. Drugo je pitanje dostojanstva\u201c, napisala je.<\/p>\n<p>Kako bi javnost mogla vidjeti okolnosti doga\u0111aja, Ivana navodi da je sa\u010duvala komunikaciju i objavila screenshotove, \u017eele\u0107i da se o slu\u010daju ne raspravlja na temelju neprovjerenih tvrdnji, ve\u0107 onoga \u0161to je prethodilo otkazanom prijevozu.<\/p>\n<p>Uputila je i izravno pitanje Ivanu Pernaru \u2013 bi li istu osobu odbio da nema invalidska kolica.<\/p>\n<p>\u201eNisam imala velike kofere. Nisam tra\u017eila pomo\u0107 pri transferu. Nisam tra\u017eila da me netko nosi. Trebala sam samo u\u0107i u automobil sa svojim sklopljenim kolicima i nastaviti svoj put\u201c, navodi Ivana.<\/p>\n<p>Za nju zato ovaj doga\u0111aj nije samo pri\u010da o jednoj vo\u017enji. On je, kako isti\u010de, pitanje dru\u0161tva u kojem \u017eivimo i na\u010dina na koji gledamo osobe s invaliditetom.<\/p>\n<h3>Ho\u0107emo li prvo vidjeti \u010dovjeka ili njegova kolica?<\/h3>\n<p>Ivana na kraju svoje objave ne tra\u017ei sa\u017ealjenje ni poseban tretman. Tra\u017ei ono \u0161to bi trebalo biti razumljivo samo po sebi \u2013 pravo na dostojanstvo, jednakost i mogu\u0107nost da putuje kao i svi drugi.<\/p>\n<p>\u201eJa nisam \u2018invalid koji treba prijevoz\u2019. Ja sam Ivana. \u017dena. Putnica. Gra\u0111anka. \u010covjek.\u201c<\/p>\n<p>I zavr\u0161ava re\u010denicom koja mo\u017eda najbolje sa\u017eima njezinu poruku:<\/p>\n<p>\u201eKolica se mogu sklopiti. Predrasude puno te\u017ee.\u201c, \u00a0pi\u0161e <a href=\"https:\/\/www.klikploce.com.hr\/ivana-ostala-na-stanici-moja-kolica-nisu-prtljaga-ona-su-dio-mog-zivota\/\" target=\"_blank\" rel=\"noopener\">Klik Plo\u010de.<\/a><\/p>\n<p><img decoding=\"async\" class=\"alignnone size-medium wp-image-178469\" src=\"https:\/\/likemetkovic.hr\/portal\/wp-content\/uploads\/2026\/09\/2-731x800.jpg\" alt=\"\" width=\"731\" height=\"800\" srcset=\"https:\/\/likemetkovic.hr\/portal\/wp-content\/uploads\/2026\/09\/2-731x800.jpg 731w, https:\/\/likemetkovic.hr\/portal\/wp-content\/uploads\/2026\/09\/2-768x840.jpg 768w, https:\/\/likemetkovic.hr\/portal\/wp-content\/uploads\/2026\/09\/2-384x420.jpg 384w, https:\/\/likemetkovic.hr\/portal\/wp-content\/uploads\/2026\/09\/2-150x164.jpg 150w, https:\/\/likemetkovic.hr\/portal\/wp-content\/uploads\/2026\/09\/2-300x328.jpg 300w, https:\/\/likemetkovic.hr\/portal\/wp-content\/uploads\/2026\/09\/2-696x761.jpg 696w, https:\/\/likemetkovic.hr\/portal\/wp-content\/uploads\/2026\/09\/2.jpg 936w\" sizes=\"(max-width: 731px) 100vw, 731px\" \/><\/p>\n","protected":false},"excerpt":{"rendered":"<p>Nakon \u0161to je prijevoz putem BlaBlaCara dogovorila s politi\u010darem i javno poznatom osobom Ivanom Pernarom, Ivana Nikolac ostala je bez dogovorenog prijevoza. Kako navodi u svojoj objavi, razlog koji joj je priop\u0107en bio je njezin invaliditet i \u010dinjenica da sa sobom ima sklopljena invalidska kolica, pi\u0161e Klik Plo\u010de. Ivana, koja ve\u0107 dvadeset godina \u017eivi s [&hellip;]<\/p>\n","protected":false},"author":7,"featured_media":178471,"comment_status":"open","ping_status":"open","sticky":false,"template":"","format":"standard","meta":{"footnotes":""},"categories":[296,11],"tags":[13954,5176,11691],"class_list":{"0":"post-178467","1":"post","2":"type-post","3":"status-publish","4":"format-standard","5":"has-post-thumbnail","7":"category-ab","8":"category-metkovic-dolina","9":"tag-invalidna-osoba","10":"tag-ivan-pernar","11":"tag-ivana-nikolac"},"yoast_head":"<!-- This site is optimized with the Yoast SEO plugin v27.7 - https:\/\/yoast.com\/product\/yoast-seo-wordpress\/ -->\n<title>Ivana ostala na stanici: \u201eMoja kolica nisu prtljaga, ona su dio mog \u017eivota\u201c - likemetkovic.hr<\/title>\n<meta name=\"robots\" content=\"index, follow, max-snippet:-1, max-image-preview:large, max-video-preview:-1\" \/>\n<link rel=\"canonical\" href=\"https:\/\/likemetkovic.hr\/portal\/ivana-ostala-na-stanici-moja-kolica-nisu-prtljaga-ona-su-dio-mog-zivota\/\" \/>\n<meta property=\"og:locale\" content=\"hr_HR\" \/>\n<meta property=\"og:type\" content=\"article\" \/>\n<meta property=\"og:title\" content=\"Ivana ostala na stanici: \u201eMoja kolica nisu prtljaga, ona su dio mog \u017eivota\u201c - likemetkovic.hr\" \/>\n<meta property=\"og:description\" content=\"Nakon \u0161to je prijevoz putem BlaBlaCara dogovorila s politi\u010darem i javno poznatom osobom Ivanom Pernarom, Ivana Nikolac ostala je bez dogovorenog prijevoza. Kako navodi u svojoj objavi, razlog koji joj je priop\u0107en bio je njezin invaliditet i \u010dinjenica da sa sobom ima sklopljena invalidska kolica, pi\u0161e Klik Plo\u010de. Ivana, koja ve\u0107 dvadeset godina \u017eivi s [&hellip;]\" \/>\n<meta property=\"og:url\" content=\"https:\/\/likemetkovic.hr\/portal\/ivana-ostala-na-stanici-moja-kolica-nisu-prtljaga-ona-su-dio-mog-zivota\/\" \/>\n<meta property=\"og:site_name\" content=\"likemetkovic.hr\" \/>\n<meta property=\"article:publisher\" content=\"https:\/\/www.facebook.com\/likemetkovic.hr\/\" \/>\n<meta property=\"article:published_time\" content=\"2026-09-04T05:35:34+00:00\" \/>\n<meta property=\"article:modified_time\" content=\"2026-09-04T05:37:32+00:00\" \/>\n<meta property=\"og:image\" content=\"https:\/\/likemetkovic.hr\/portal\/wp-content\/uploads\/2026\/09\/invalidna-osoba.jpg\" \/>\n\t<meta property=\"og:image:width\" content=\"800\" \/>\n\t<meta property=\"og:image:height\" content=\"533\" \/>\n\t<meta property=\"og:image:type\" content=\"image\/jpeg\" \/>\n<meta name=\"author\" content=\"LIKEmetkovic.hr\" \/>\n<meta name=\"twitter:card\" content=\"summary_large_image\" \/>\n<meta name=\"twitter:label1\" content=\"Napisao\/la\" \/>\n\t<meta name=\"twitter:data1\" content=\"LIKEmetkovic.hr\" \/>\n\t<meta name=\"twitter:label2\" content=\"Procijenjeno vrijeme \u010ditanja\" \/>\n\t<meta name=\"twitter:data2\" content=\"4 minute\" \/>\n<script type=\"application\/ld+json\" class=\"yoast-schema-graph\">{\"@context\":\"https:\\\/\\\/schema.org\",\"@graph\":[{\"@type\":\"Article\",\"@id\":\"https:\\\/\\\/likemetkovic.hr\\\/portal\\\/ivana-ostala-na-stanici-moja-kolica-nisu-prtljaga-ona-su-dio-mog-zivota\\\/#article\",\"isPartOf\":{\"@id\":\"https:\\\/\\\/likemetkovic.hr\\\/portal\\\/ivana-ostala-na-stanici-moja-kolica-nisu-prtljaga-ona-su-dio-mog-zivota\\\/\"},\"author\":{\"name\":\"LIKEmetkovic.hr\",\"@id\":\"https:\\\/\\\/likemetkovic.hr\\\/#\\\/schema\\\/person\\\/a42711f3385a0e2be6f7e0443bfb28f0\"},\"headline\":\"Ivana ostala na stanici: \u201eMoja kolica nisu prtljaga, ona su dio mog \u017eivota\u201c\",\"datePublished\":\"2026-09-04T05:35:34+00:00\",\"dateModified\":\"2026-09-04T05:37:32+00:00\",\"mainEntityOfPage\":{\"@id\":\"https:\\\/\\\/likemetkovic.hr\\\/portal\\\/ivana-ostala-na-stanici-moja-kolica-nisu-prtljaga-ona-su-dio-mog-zivota\\\/\"},\"wordCount\":513,\"commentCount\":0,\"image\":{\"@id\":\"https:\\\/\\\/likemetkovic.hr\\\/portal\\\/ivana-ostala-na-stanici-moja-kolica-nisu-prtljaga-ona-su-dio-mog-zivota\\\/#primaryimage\"},\"thumbnailUrl\":\"https:\\\/\\\/likemetkovic.hr\\\/portal\\\/wp-content\\\/uploads\\\/2026\\\/09\\\/invalidna-osoba.jpg\",\"keywords\":[\"invalidna osoba\",\"ivan pernar\",\"ivana nikolac\"],\"articleSection\":[\"AB\",\"Metkovi\u0107 i Dolina\"],\"inLanguage\":\"hr\",\"potentialAction\":[{\"@type\":\"CommentAction\",\"name\":\"Comment\",\"target\":[\"https:\\\/\\\/likemetkovic.hr\\\/portal\\\/ivana-ostala-na-stanici-moja-kolica-nisu-prtljaga-ona-su-dio-mog-zivota\\\/#respond\"]}]},{\"@type\":\"WebPage\",\"@id\":\"https:\\\/\\\/likemetkovic.hr\\\/portal\\\/ivana-ostala-na-stanici-moja-kolica-nisu-prtljaga-ona-su-dio-mog-zivota\\\/\",\"url\":\"https:\\\/\\\/likemetkovic.hr\\\/portal\\\/ivana-ostala-na-stanici-moja-kolica-nisu-prtljaga-ona-su-dio-mog-zivota\\\/\",\"name\":\"Ivana ostala na stanici: \u201eMoja kolica nisu prtljaga, ona su dio mog \u017eivota\u201c - likemetkovic.hr\",\"isPartOf\":{\"@id\":\"https:\\\/\\\/likemetkovic.hr\\\/#website\"},\"primaryImageOfPage\":{\"@id\":\"https:\\\/\\\/likemetkovic.hr\\\/portal\\\/ivana-ostala-na-stanici-moja-kolica-nisu-prtljaga-ona-su-dio-mog-zivota\\\/#primaryimage\"},\"image\":{\"@id\":\"https:\\\/\\\/likemetkovic.hr\\\/portal\\\/ivana-ostala-na-stanici-moja-kolica-nisu-prtljaga-ona-su-dio-mog-zivota\\\/#primaryimage\"},\"thumbnailUrl\":\"https:\\\/\\\/likemetkovic.hr\\\/portal\\\/wp-content\\\/uploads\\\/2026\\\/09\\\/invalidna-osoba.jpg\",\"datePublished\":\"2026-09-04T05:35:34+00:00\",\"dateModified\":\"2026-09-04T05:37:32+00:00\",\"author\":{\"@id\":\"https:\\\/\\\/likemetkovic.hr\\\/#\\\/schema\\\/person\\\/a42711f3385a0e2be6f7e0443bfb28f0\"},\"breadcrumb\":{\"@id\":\"https:\\\/\\\/likemetkovic.hr\\\/portal\\\/ivana-ostala-na-stanici-moja-kolica-nisu-prtljaga-ona-su-dio-mog-zivota\\\/#breadcrumb\"},\"inLanguage\":\"hr\",\"potentialAction\":[{\"@type\":\"ReadAction\",\"target\":[\"https:\\\/\\\/likemetkovic.hr\\\/portal\\\/ivana-ostala-na-stanici-moja-kolica-nisu-prtljaga-ona-su-dio-mog-zivota\\\/\"]}]},{\"@type\":\"ImageObject\",\"inLanguage\":\"hr\",\"@id\":\"https:\\\/\\\/likemetkovic.hr\\\/portal\\\/ivana-ostala-na-stanici-moja-kolica-nisu-prtljaga-ona-su-dio-mog-zivota\\\/#primaryimage\",\"url\":\"https:\\\/\\\/likemetkovic.hr\\\/portal\\\/wp-content\\\/uploads\\\/2026\\\/09\\\/invalidna-osoba.jpg\",\"contentUrl\":\"https:\\\/\\\/likemetkovic.hr\\\/portal\\\/wp-content\\\/uploads\\\/2026\\\/09\\\/invalidna-osoba.jpg\",\"width\":800,\"height\":533},{\"@type\":\"BreadcrumbList\",\"@id\":\"https:\\\/\\\/likemetkovic.hr\\\/portal\\\/ivana-ostala-na-stanici-moja-kolica-nisu-prtljaga-ona-su-dio-mog-zivota\\\/#breadcrumb\",\"itemListElement\":[{\"@type\":\"ListItem\",\"position\":1,\"name\":\"Po\u010detna stranica\",\"item\":\"https:\\\/\\\/likemetkovic.hr\\\/portal\\\/\"},{\"@type\":\"ListItem\",\"position\":2,\"name\":\"Ivana ostala na stanici: \u201eMoja kolica nisu prtljaga, ona su dio mog \u017eivota\u201c\"}]},{\"@type\":\"WebSite\",\"@id\":\"https:\\\/\\\/likemetkovic.hr\\\/#website\",\"url\":\"https:\\\/\\\/likemetkovic.hr\\\/\",\"name\":\"likemetkovic.hr\",\"description\":\"Misli pozitivno... \u010ditaj LIKE\",\"potentialAction\":[{\"@type\":\"SearchAction\",\"target\":{\"@type\":\"EntryPoint\",\"urlTemplate\":\"https:\\\/\\\/likemetkovic.hr\\\/?s={search_term_string}\"},\"query-input\":{\"@type\":\"PropertyValueSpecification\",\"valueRequired\":true,\"valueName\":\"search_term_string\"}}],\"inLanguage\":\"hr\"},{\"@type\":\"Person\",\"@id\":\"https:\\\/\\\/likemetkovic.hr\\\/#\\\/schema\\\/person\\\/a42711f3385a0e2be6f7e0443bfb28f0\",\"name\":\"LIKEmetkovic.hr\",\"sameAs\":[\"http:\\\/\\\/likemetkovic.hr\"],\"url\":\"https:\\\/\\\/likemetkovic.hr\\\/portal\\\/author\\\/likemetkovic-hr\\\/\"}]}<\/script>\n<!-- \/ Yoast SEO plugin. -->","yoast_head_json":{"title":"Ivana ostala na stanici: \u201eMoja kolica nisu prtljaga, ona su dio mog \u017eivota\u201c - likemetkovic.hr","robots":{"index":"index","follow":"follow","max-snippet":"max-snippet:-1","max-image-preview":"max-image-preview:large","max-video-preview":"max-video-preview:-1"},"canonical":"https:\/\/likemetkovic.hr\/portal\/ivana-ostala-na-stanici-moja-kolica-nisu-prtljaga-ona-su-dio-mog-zivota\/","og_locale":"hr_HR","og_type":"article","og_title":"Ivana ostala na stanici: \u201eMoja kolica nisu prtljaga, ona su dio mog \u017eivota\u201c - likemetkovic.hr","og_description":"Nakon \u0161to je prijevoz putem BlaBlaCara dogovorila s politi\u010darem i javno poznatom osobom Ivanom Pernarom, Ivana Nikolac ostala je bez dogovorenog prijevoza. Kako navodi u svojoj objavi, razlog koji joj je priop\u0107en bio je njezin invaliditet i \u010dinjenica da sa sobom ima sklopljena invalidska kolica, pi\u0161e Klik Plo\u010de. Ivana, koja ve\u0107 dvadeset godina \u017eivi s [&hellip;]","og_url":"https:\/\/likemetkovic.hr\/portal\/ivana-ostala-na-stanici-moja-kolica-nisu-prtljaga-ona-su-dio-mog-zivota\/","og_site_name":"likemetkovic.hr","article_publisher":"https:\/\/www.facebook.com\/likemetkovic.hr\/","article_published_time":"2026-09-04T05:35:34+00:00","article_modified_time":"2026-09-04T05:37:32+00:00","og_image":[{"width":800,"height":533,"url":"https:\/\/likemetkovic.hr\/portal\/wp-content\/uploads\/2026\/09\/invalidna-osoba.jpg","type":"image\/jpeg"}],"author":"LIKEmetkovic.hr","twitter_card":"summary_large_image","twitter_misc":{"Napisao\/la":"LIKEmetkovic.hr","Procijenjeno vrijeme \u010ditanja":"4 minute"},"schema":{"@context":"https:\/\/schema.org","@graph":[{"@type":"Article","@id":"https:\/\/likemetkovic.hr\/portal\/ivana-ostala-na-stanici-moja-kolica-nisu-prtljaga-ona-su-dio-mog-zivota\/#article","isPartOf":{"@id":"https:\/\/likemetkovic.hr\/portal\/ivana-ostala-na-stanici-moja-kolica-nisu-prtljaga-ona-su-dio-mog-zivota\/"},"author":{"name":"LIKEmetkovic.hr","@id":"https:\/\/likemetkovic.hr\/#\/schema\/person\/a42711f3385a0e2be6f7e0443bfb28f0"},"headline":"Ivana ostala na stanici: \u201eMoja kolica nisu prtljaga, ona su dio mog \u017eivota\u201c","datePublished":"2026-09-04T05:35:34+00:00","dateModified":"2026-09-04T05:37:32+00:00","mainEntityOfPage":{"@id":"https:\/\/likemetkovic.hr\/portal\/ivana-ostala-na-stanici-moja-kolica-nisu-prtljaga-ona-su-dio-mog-zivota\/"},"wordCount":513,"commentCount":0,"image":{"@id":"https:\/\/likemetkovic.hr\/portal\/ivana-ostala-na-stanici-moja-kolica-nisu-prtljaga-ona-su-dio-mog-zivota\/#primaryimage"},"thumbnailUrl":"https:\/\/likemetkovic.hr\/portal\/wp-content\/uploads\/2026\/09\/invalidna-osoba.jpg","keywords":["invalidna osoba","ivan pernar","ivana nikolac"],"articleSection":["AB","Metkovi\u0107 i Dolina"],"inLanguage":"hr","potentialAction":[{"@type":"CommentAction","name":"Comment","target":["https:\/\/likemetkovic.hr\/portal\/ivana-ostala-na-stanici-moja-kolica-nisu-prtljaga-ona-su-dio-mog-zivota\/#respond"]}]},{"@type":"WebPage","@id":"https:\/\/likemetkovic.hr\/portal\/ivana-ostala-na-stanici-moja-kolica-nisu-prtljaga-ona-su-dio-mog-zivota\/","url":"https:\/\/likemetkovic.hr\/portal\/ivana-ostala-na-stanici-moja-kolica-nisu-prtljaga-ona-su-dio-mog-zivota\/","name":"Ivana ostala na stanici: \u201eMoja kolica nisu prtljaga, ona su dio mog \u017eivota\u201c - likemetkovic.hr","isPartOf":{"@id":"https:\/\/likemetkovic.hr\/#website"},"primaryImageOfPage":{"@id":"https:\/\/likemetkovic.hr\/portal\/ivana-ostala-na-stanici-moja-kolica-nisu-prtljaga-ona-su-dio-mog-zivota\/#primaryimage"},"image":{"@id":"https:\/\/likemetkovic.hr\/portal\/ivana-ostala-na-stanici-moja-kolica-nisu-prtljaga-ona-su-dio-mog-zivota\/#primaryimage"},"thumbnailUrl":"https:\/\/likemetkovic.hr\/portal\/wp-content\/uploads\/2026\/09\/invalidna-osoba.jpg","datePublished":"2026-09-04T05:35:34+00:00","dateModified":"2026-09-04T05:37:32+00:00","author":{"@id":"https:\/\/likemetkovic.hr\/#\/schema\/person\/a42711f3385a0e2be6f7e0443bfb28f0"},"breadcrumb":{"@id":"https:\/\/likemetkovic.hr\/portal\/ivana-ostala-na-stanici-moja-kolica-nisu-prtljaga-ona-su-dio-mog-zivota\/#breadcrumb"},"inLanguage":"hr","potentialAction":[{"@type":"ReadAction","target":["https:\/\/likemetkovic.hr\/portal\/ivana-ostala-na-stanici-moja-kolica-nisu-prtljaga-ona-su-dio-mog-zivota\/"]}]},{"@type":"ImageObject","inLanguage":"hr","@id":"https:\/\/likemetkovic.hr\/portal\/ivana-ostala-na-stanici-moja-kolica-nisu-prtljaga-ona-su-dio-mog-zivota\/#primaryimage","url":"https:\/\/likemetkovic.hr\/portal\/wp-content\/uploads\/2026\/09\/invalidna-osoba.jpg","contentUrl":"https:\/\/likemetkovic.hr\/portal\/wp-content\/uploads\/2026\/09\/invalidna-osoba.jpg","width":800,"height":533},{"@type":"BreadcrumbList","@id":"https:\/\/likemetkovic.hr\/portal\/ivana-ostala-na-stanici-moja-kolica-nisu-prtljaga-ona-su-dio-mog-zivota\/#breadcrumb","itemListElement":[{"@type":"ListItem","position":1,"name":"Po\u010detna stranica","item":"https:\/\/likemetkovic.hr\/portal\/"},{"@type":"ListItem","position":2,"name":"Ivana ostala na stanici: \u201eMoja kolica nisu prtljaga, ona su dio mog \u017eivota\u201c"}]},{"@type":"WebSite","@id":"https:\/\/likemetkovic.hr\/#website","url":"https:\/\/likemetkovic.hr\/","name":"likemetkovic.hr","description":"Misli pozitivno... \u010ditaj LIKE","potentialAction":[{"@type":"SearchAction","target":{"@type":"EntryPoint","urlTemplate":"https:\/\/likemetkovic.hr\/?s={search_term_string}"},"query-input":{"@type":"PropertyValueSpecification","valueRequired":true,"valueName":"search_term_string"}}],"inLanguage":"hr"},{"@type":"Person","@id":"https:\/\/likemetkovic.hr\/#\/schema\/person\/a42711f3385a0e2be6f7e0443bfb28f0","name":"LIKEmetkovic.hr","sameAs":["http:\/\/likemetkovic.hr"],"url":"https:\/\/likemetkovic.hr\/portal\/author\/likemetkovic-hr\/"}]}},"_links":{"self":[{"href":"https:\/\/likemetkovic.hr\/portal\/wp-json\/wp\/v2\/posts\/178467","targetHints":{"allow":["GET"]}}],"collection":[{"href":"https:\/\/likemetkovic.hr\/portal\/wp-json\/wp\/v2\/posts"}],"about":[{"href":"https:\/\/likemetkovic.hr\/portal\/wp-json\/wp\/v2\/types\/post"}],"author":[{"embeddable":true,"href":"https:\/\/likemetkovic.hr\/portal\/wp-json\/wp\/v2\/users\/7"}],"replies":[{"embeddable":true,"href":"https:\/\/likemetkovic.hr\/portal\/wp-json\/wp\/v2\/comments?post=178467"}],"version-history":[{"count":4,"href":"https:\/\/likemetkovic.hr\/portal\/wp-json\/wp\/v2\/posts\/178467\/revisions"}],"predecessor-version":[{"id":178474,"href":"https:\/\/likemetkovic.hr\/portal\/wp-json\/wp\/v2\/posts\/178467\/revisions\/178474"}],"wp:featuredmedia":[{"embeddable":true,"href":"https:\/\/likemetkovic.hr\/portal\/wp-json\/wp\/v2\/media\/178471"}],"wp:attachment":[{"href":"https:\/\/likemetkovic.hr\/portal\/wp-json\/wp\/v2\/media?parent=178467"}],"wp:term":[{"taxonomy":"category","embeddable":true,"href":"https:\/\/likemetkovic.hr\/portal\/wp-json\/wp\/v2\/categories?post=178467"},{"taxonomy":"post_tag","embeddable":true,"href":"https:\/\/likemetkovic.hr\/portal\/wp-json\/wp\/v2\/tags?post=178467"}],"curies":[{"name":"wp","href":"https:\/\/api.w.org\/{rel}","templated":true}]}}