{"id":178497,"date":"2026-09-04T12:11:19","date_gmt":"2026-09-04T10:11:19","guid":{"rendered":"https:\/\/likemetkovic.hr\/portal\/?p=178497"},"modified":"2026-09-04T12:11:19","modified_gmt":"2026-09-04T10:11:19","slug":"povjerenstvo-preporucuje-jos-nije-vrijeme-za-pocetak-berbe-mandarina","status":"publish","type":"post","link":"https:\/\/likemetkovic.hr\/portal\/povjerenstvo-preporucuje-jos-nije-vrijeme-za-pocetak-berbe-mandarina\/","title":{"rendered":"Povjerenstvo preporu\u010duje: Jo\u0161 nije vrijeme za po\u010detak berbe mandarina"},"content":{"rendered":"<p class=\"isSelectedEnd\">U svrhu davanja preporuke o odre\u0111ivanju po\u010detka berbe mandarina u Dolini Neretve za 2026. godinu, Povjerenstvo za mandarine Dubrova\u010dko-neretvanske \u017eupanije od Zavoda za mediteranske kulture Sveu\u010dili\u0161ta u Dubrovniku zatra\u017eilo je provo\u0111enje fizikalno-kemijskih analiza uzoraka plodova mandarina ranih sorti <em>Zorica rana<\/em>, <em>Iwasaki<\/em> i <em>Ichimare<\/em> s lokaliteta Jasenka, Bostanac, Glog, Modri\u010d, Vidrice i Metkovi\u0107.<\/p>\n<p class=\"isSelectedEnd\">Analize su provedene na uzorcima prikupljenima <strong>1. rujna 2026. godine (prvi rok ispitivanja)<\/strong>, a ukupno je analizirano <strong>19 uzoraka \u2013 \u0161est sorte <\/strong><em><strong>Zorica rana<\/strong><\/em><strong>, \u0161est sorte <\/strong><em><strong>Ichimare<\/strong><\/em><strong> i sedam sorte <\/strong><em><strong>Iwasaki<\/strong><\/em><strong>.<\/strong><\/p>\n<p class=\"isSelectedEnd\">Spomenutim analizama utvr\u0111ivani su <strong>udio soka, vodljivost, pH, ukupna kiselost (izra\u017eena kao limunska kiselina), topljiva suha tvar (\u00b0Brix), sadr\u017eaj \u0161e\u0107era te omjer topljive suhe tvari i kiselina<\/strong>, odnosno parametri dozrijevanja propisani Pravilnikom o tr\u017ei\u0161nim standardima za vo\u0107e i povr\u0107e, kao i dodatni kriteriji za za\u0161ti\u0107enu Neretvansku mandarinu.<\/p>\n<p class=\"isSelectedEnd\">Na temelju rezultata provedenih analiza utvr\u0111eno je da je od ukupno 19 uzoraka svega <strong>pet uzoraka dosegnulo minimalne uvjete dozrelosti propisane Pravilnikom<\/strong> (udio soka \u2265 40 %, topljiva suha tvar \u2265 8 \u00b0Brix, udio kiselina 0,8\u20131,5 %, omjer \u0161e\u0107era i kiselina \u2265 6,5:1).<\/p>\n<p class=\"isSelectedEnd\">To su:<\/p>\n<ul data-spread=\"false\">\n<li><strong>tri uzorka sorte <\/strong><em><strong>Ichimare<\/strong><\/em> s lokaliteta Glog, Vidrice i Metkovi\u0107,<\/li>\n<li><strong>jedan uzorak sorte <\/strong><em><strong>Zorica rana<\/strong><\/em> s lokaliteta Jasenka,<\/li>\n<li><strong>jedan uzorak sorte <\/strong><em><strong>Iwasaki<\/strong><\/em> s lokaliteta Metkovi\u0107.<\/li>\n<\/ul>\n<p class=\"isSelectedEnd\">Dodatne, stro\u017ee kriterije za Neretvansku mandarinu (<strong>omjer \u2265 7:1<\/strong>) ispunilo je <strong>devet uzoraka<\/strong>:<\/p>\n<ul data-spread=\"false\">\n<li><strong>tri uzorka <\/strong><em><strong>Zorice rane<\/strong><\/em> s lokaliteta Vidrice, Modri\u010d i Metkovi\u0107,<\/li>\n<li><strong>\u010detiri uzorka <\/strong><em><strong>Iwasakija<\/strong><\/em> s lokaliteta Glog, Vidrice i Jasenka,<\/li>\n<li><strong>dva uzorka <\/strong><em><strong>Ichimarea<\/strong><\/em> s lokaliteta Bostanac i Jasenka.<\/li>\n<\/ul>\n<p class=\"isSelectedEnd\"><strong>Preostalih pet uzoraka nije zadovoljilo nijedan od navedenih kriterija.<\/strong><\/p>\n<p>S obzirom na to da samo manji dio uzoraka u prvom roku ispitivanja ispunjava propisane uvjete dozrelosti, Povjerenstvo preporu\u010duje <strong>dodatno pra\u0107enje i ponovnu analizu u narednim rokovima<\/strong> kako bi se utvrdio optimalan trenutak berbe.<\/p>\n","protected":false},"excerpt":{"rendered":"<p>U svrhu davanja preporuke o odre\u0111ivanju po\u010detka berbe mandarina u Dolini Neretve za 2026. godinu, Povjerenstvo za mandarine Dubrova\u010dko-neretvanske \u017eupanije od Zavoda za mediteranske kulture Sveu\u010dili\u0161ta u Dubrovniku zatra\u017eilo je provo\u0111enje fizikalno-kemijskih analiza uzoraka plodova mandarina ranih sorti Zorica rana, Iwasaki i Ichimare s lokaliteta Jasenka, Bostanac, Glog, Modri\u010d, Vidrice i Metkovi\u0107. Analize su provedene [&hellip;]<\/p>\n","protected":false},"author":7,"featured_media":148969,"comment_status":"open","ping_status":"open","sticky":false,"template":"","format":"standard","meta":{"footnotes":""},"categories":[296,837],"tags":[1084],"class_list":{"0":"post-178497","1":"post","2":"type-post","3":"status-publish","4":"format-standard","5":"has-post-thumbnail","7":"category-ab","8":"category-poljoprivreda","9":"tag-mandarina"},"yoast_head":"<!-- This site is optimized with the Yoast SEO plugin v27.7 - https:\/\/yoast.com\/product\/yoast-seo-wordpress\/ -->\n<title>Povjerenstvo preporu\u010duje: Jo\u0161 nije vrijeme za po\u010detak berbe mandarina - likemetkovic.hr<\/title>\n<meta name=\"robots\" content=\"index, follow, max-snippet:-1, max-image-preview:large, max-video-preview:-1\" \/>\n<link rel=\"canonical\" href=\"https:\/\/likemetkovic.hr\/portal\/povjerenstvo-preporucuje-jos-nije-vrijeme-za-pocetak-berbe-mandarina\/\" \/>\n<meta property=\"og:locale\" content=\"hr_HR\" \/>\n<meta property=\"og:type\" content=\"article\" \/>\n<meta property=\"og:title\" content=\"Povjerenstvo preporu\u010duje: Jo\u0161 nije vrijeme za po\u010detak berbe mandarina - likemetkovic.hr\" \/>\n<meta property=\"og:description\" content=\"U svrhu davanja preporuke o odre\u0111ivanju po\u010detka berbe mandarina u Dolini Neretve za 2026. godinu, Povjerenstvo za mandarine Dubrova\u010dko-neretvanske \u017eupanije od Zavoda za mediteranske kulture Sveu\u010dili\u0161ta u Dubrovniku zatra\u017eilo je provo\u0111enje fizikalno-kemijskih analiza uzoraka plodova mandarina ranih sorti Zorica rana, Iwasaki i Ichimare s lokaliteta Jasenka, Bostanac, Glog, Modri\u010d, Vidrice i Metkovi\u0107. Analize su provedene [&hellip;]\" \/>\n<meta property=\"og:url\" content=\"https:\/\/likemetkovic.hr\/portal\/povjerenstvo-preporucuje-jos-nije-vrijeme-za-pocetak-berbe-mandarina\/\" \/>\n<meta property=\"og:site_name\" content=\"likemetkovic.hr\" \/>\n<meta property=\"article:publisher\" content=\"https:\/\/www.facebook.com\/likemetkovic.hr\/\" \/>\n<meta property=\"article:published_time\" content=\"2026-09-04T10:11:19+00:00\" \/>\n<meta property=\"og:image\" content=\"https:\/\/likemetkovic.hr\/portal\/wp-content\/uploads\/2023\/11\/mandarina091123_3.jpg\" \/>\n\t<meta property=\"og:image:width\" content=\"800\" \/>\n\t<meta property=\"og:image:height\" content=\"533\" \/>\n\t<meta property=\"og:image:type\" content=\"image\/jpeg\" \/>\n<meta name=\"author\" content=\"LIKEmetkovic.hr\" \/>\n<meta name=\"twitter:card\" content=\"summary_large_image\" \/>\n<meta name=\"twitter:label1\" content=\"Napisao\/la\" \/>\n\t<meta name=\"twitter:data1\" content=\"LIKEmetkovic.hr\" \/>\n\t<meta name=\"twitter:label2\" content=\"Procijenjeno vrijeme \u010ditanja\" \/>\n\t<meta name=\"twitter:data2\" content=\"2 minute\" \/>\n<script type=\"application\/ld+json\" class=\"yoast-schema-graph\">{\"@context\":\"https:\\\/\\\/schema.org\",\"@graph\":[{\"@type\":\"Article\",\"@id\":\"https:\\\/\\\/likemetkovic.hr\\\/portal\\\/povjerenstvo-preporucuje-jos-nije-vrijeme-za-pocetak-berbe-mandarina\\\/#article\",\"isPartOf\":{\"@id\":\"https:\\\/\\\/likemetkovic.hr\\\/portal\\\/povjerenstvo-preporucuje-jos-nije-vrijeme-za-pocetak-berbe-mandarina\\\/\"},\"author\":{\"name\":\"LIKEmetkovic.hr\",\"@id\":\"https:\\\/\\\/likemetkovic.hr\\\/#\\\/schema\\\/person\\\/a42711f3385a0e2be6f7e0443bfb28f0\"},\"headline\":\"Povjerenstvo preporu\u010duje: Jo\u0161 nije vrijeme za po\u010detak berbe mandarina\",\"datePublished\":\"2026-09-04T10:11:19+00:00\",\"mainEntityOfPage\":{\"@id\":\"https:\\\/\\\/likemetkovic.hr\\\/portal\\\/povjerenstvo-preporucuje-jos-nije-vrijeme-za-pocetak-berbe-mandarina\\\/\"},\"wordCount\":299,\"commentCount\":0,\"image\":{\"@id\":\"https:\\\/\\\/likemetkovic.hr\\\/portal\\\/povjerenstvo-preporucuje-jos-nije-vrijeme-za-pocetak-berbe-mandarina\\\/#primaryimage\"},\"thumbnailUrl\":\"https:\\\/\\\/likemetkovic.hr\\\/portal\\\/wp-content\\\/uploads\\\/2023\\\/11\\\/mandarina091123_3.jpg\",\"keywords\":[\"mandarina\"],\"articleSection\":[\"AB\",\"Poljoprivreda\"],\"inLanguage\":\"hr\",\"potentialAction\":[{\"@type\":\"CommentAction\",\"name\":\"Comment\",\"target\":[\"https:\\\/\\\/likemetkovic.hr\\\/portal\\\/povjerenstvo-preporucuje-jos-nije-vrijeme-za-pocetak-berbe-mandarina\\\/#respond\"]}]},{\"@type\":\"WebPage\",\"@id\":\"https:\\\/\\\/likemetkovic.hr\\\/portal\\\/povjerenstvo-preporucuje-jos-nije-vrijeme-za-pocetak-berbe-mandarina\\\/\",\"url\":\"https:\\\/\\\/likemetkovic.hr\\\/portal\\\/povjerenstvo-preporucuje-jos-nije-vrijeme-za-pocetak-berbe-mandarina\\\/\",\"name\":\"Povjerenstvo preporu\u010duje: Jo\u0161 nije vrijeme za po\u010detak berbe mandarina - likemetkovic.hr\",\"isPartOf\":{\"@id\":\"https:\\\/\\\/likemetkovic.hr\\\/#website\"},\"primaryImageOfPage\":{\"@id\":\"https:\\\/\\\/likemetkovic.hr\\\/portal\\\/povjerenstvo-preporucuje-jos-nije-vrijeme-za-pocetak-berbe-mandarina\\\/#primaryimage\"},\"image\":{\"@id\":\"https:\\\/\\\/likemetkovic.hr\\\/portal\\\/povjerenstvo-preporucuje-jos-nije-vrijeme-za-pocetak-berbe-mandarina\\\/#primaryimage\"},\"thumbnailUrl\":\"https:\\\/\\\/likemetkovic.hr\\\/portal\\\/wp-content\\\/uploads\\\/2023\\\/11\\\/mandarina091123_3.jpg\",\"datePublished\":\"2026-09-04T10:11:19+00:00\",\"author\":{\"@id\":\"https:\\\/\\\/likemetkovic.hr\\\/#\\\/schema\\\/person\\\/a42711f3385a0e2be6f7e0443bfb28f0\"},\"breadcrumb\":{\"@id\":\"https:\\\/\\\/likemetkovic.hr\\\/portal\\\/povjerenstvo-preporucuje-jos-nije-vrijeme-za-pocetak-berbe-mandarina\\\/#breadcrumb\"},\"inLanguage\":\"hr\",\"potentialAction\":[{\"@type\":\"ReadAction\",\"target\":[\"https:\\\/\\\/likemetkovic.hr\\\/portal\\\/povjerenstvo-preporucuje-jos-nije-vrijeme-za-pocetak-berbe-mandarina\\\/\"]}]},{\"@type\":\"ImageObject\",\"inLanguage\":\"hr\",\"@id\":\"https:\\\/\\\/likemetkovic.hr\\\/portal\\\/povjerenstvo-preporucuje-jos-nije-vrijeme-za-pocetak-berbe-mandarina\\\/#primaryimage\",\"url\":\"https:\\\/\\\/likemetkovic.hr\\\/portal\\\/wp-content\\\/uploads\\\/2023\\\/11\\\/mandarina091123_3.jpg\",\"contentUrl\":\"https:\\\/\\\/likemetkovic.hr\\\/portal\\\/wp-content\\\/uploads\\\/2023\\\/11\\\/mandarina091123_3.jpg\",\"width\":800,\"height\":533},{\"@type\":\"BreadcrumbList\",\"@id\":\"https:\\\/\\\/likemetkovic.hr\\\/portal\\\/povjerenstvo-preporucuje-jos-nije-vrijeme-za-pocetak-berbe-mandarina\\\/#breadcrumb\",\"itemListElement\":[{\"@type\":\"ListItem\",\"position\":1,\"name\":\"Po\u010detna stranica\",\"item\":\"https:\\\/\\\/likemetkovic.hr\\\/portal\\\/\"},{\"@type\":\"ListItem\",\"position\":2,\"name\":\"Povjerenstvo preporu\u010duje: Jo\u0161 nije vrijeme za po\u010detak berbe mandarina\"}]},{\"@type\":\"WebSite\",\"@id\":\"https:\\\/\\\/likemetkovic.hr\\\/#website\",\"url\":\"https:\\\/\\\/likemetkovic.hr\\\/\",\"name\":\"likemetkovic.hr\",\"description\":\"Misli pozitivno... \u010ditaj LIKE\",\"potentialAction\":[{\"@type\":\"SearchAction\",\"target\":{\"@type\":\"EntryPoint\",\"urlTemplate\":\"https:\\\/\\\/likemetkovic.hr\\\/?s={search_term_string}\"},\"query-input\":{\"@type\":\"PropertyValueSpecification\",\"valueRequired\":true,\"valueName\":\"search_term_string\"}}],\"inLanguage\":\"hr\"},{\"@type\":\"Person\",\"@id\":\"https:\\\/\\\/likemetkovic.hr\\\/#\\\/schema\\\/person\\\/a42711f3385a0e2be6f7e0443bfb28f0\",\"name\":\"LIKEmetkovic.hr\",\"sameAs\":[\"http:\\\/\\\/likemetkovic.hr\"],\"url\":\"https:\\\/\\\/likemetkovic.hr\\\/portal\\\/author\\\/likemetkovic-hr\\\/\"}]}<\/script>\n<!-- \/ Yoast SEO plugin. -->","yoast_head_json":{"title":"Povjerenstvo preporu\u010duje: Jo\u0161 nije vrijeme za po\u010detak berbe mandarina - likemetkovic.hr","robots":{"index":"index","follow":"follow","max-snippet":"max-snippet:-1","max-image-preview":"max-image-preview:large","max-video-preview":"max-video-preview:-1"},"canonical":"https:\/\/likemetkovic.hr\/portal\/povjerenstvo-preporucuje-jos-nije-vrijeme-za-pocetak-berbe-mandarina\/","og_locale":"hr_HR","og_type":"article","og_title":"Povjerenstvo preporu\u010duje: Jo\u0161 nije vrijeme za po\u010detak berbe mandarina - likemetkovic.hr","og_description":"U svrhu davanja preporuke o odre\u0111ivanju po\u010detka berbe mandarina u Dolini Neretve za 2026. godinu, Povjerenstvo za mandarine Dubrova\u010dko-neretvanske \u017eupanije od Zavoda za mediteranske kulture Sveu\u010dili\u0161ta u Dubrovniku zatra\u017eilo je provo\u0111enje fizikalno-kemijskih analiza uzoraka plodova mandarina ranih sorti Zorica rana, Iwasaki i Ichimare s lokaliteta Jasenka, Bostanac, Glog, Modri\u010d, Vidrice i Metkovi\u0107. Analize su provedene [&hellip;]","og_url":"https:\/\/likemetkovic.hr\/portal\/povjerenstvo-preporucuje-jos-nije-vrijeme-za-pocetak-berbe-mandarina\/","og_site_name":"likemetkovic.hr","article_publisher":"https:\/\/www.facebook.com\/likemetkovic.hr\/","article_published_time":"2026-09-04T10:11:19+00:00","og_image":[{"width":800,"height":533,"url":"https:\/\/likemetkovic.hr\/portal\/wp-content\/uploads\/2023\/11\/mandarina091123_3.jpg","type":"image\/jpeg"}],"author":"LIKEmetkovic.hr","twitter_card":"summary_large_image","twitter_misc":{"Napisao\/la":"LIKEmetkovic.hr","Procijenjeno vrijeme \u010ditanja":"2 minute"},"schema":{"@context":"https:\/\/schema.org","@graph":[{"@type":"Article","@id":"https:\/\/likemetkovic.hr\/portal\/povjerenstvo-preporucuje-jos-nije-vrijeme-za-pocetak-berbe-mandarina\/#article","isPartOf":{"@id":"https:\/\/likemetkovic.hr\/portal\/povjerenstvo-preporucuje-jos-nije-vrijeme-za-pocetak-berbe-mandarina\/"},"author":{"name":"LIKEmetkovic.hr","@id":"https:\/\/likemetkovic.hr\/#\/schema\/person\/a42711f3385a0e2be6f7e0443bfb28f0"},"headline":"Povjerenstvo preporu\u010duje: Jo\u0161 nije vrijeme za po\u010detak berbe mandarina","datePublished":"2026-09-04T10:11:19+00:00","mainEntityOfPage":{"@id":"https:\/\/likemetkovic.hr\/portal\/povjerenstvo-preporucuje-jos-nije-vrijeme-za-pocetak-berbe-mandarina\/"},"wordCount":299,"commentCount":0,"image":{"@id":"https:\/\/likemetkovic.hr\/portal\/povjerenstvo-preporucuje-jos-nije-vrijeme-za-pocetak-berbe-mandarina\/#primaryimage"},"thumbnailUrl":"https:\/\/likemetkovic.hr\/portal\/wp-content\/uploads\/2023\/11\/mandarina091123_3.jpg","keywords":["mandarina"],"articleSection":["AB","Poljoprivreda"],"inLanguage":"hr","potentialAction":[{"@type":"CommentAction","name":"Comment","target":["https:\/\/likemetkovic.hr\/portal\/povjerenstvo-preporucuje-jos-nije-vrijeme-za-pocetak-berbe-mandarina\/#respond"]}]},{"@type":"WebPage","@id":"https:\/\/likemetkovic.hr\/portal\/povjerenstvo-preporucuje-jos-nije-vrijeme-za-pocetak-berbe-mandarina\/","url":"https:\/\/likemetkovic.hr\/portal\/povjerenstvo-preporucuje-jos-nije-vrijeme-za-pocetak-berbe-mandarina\/","name":"Povjerenstvo preporu\u010duje: Jo\u0161 nije vrijeme za po\u010detak berbe mandarina - likemetkovic.hr","isPartOf":{"@id":"https:\/\/likemetkovic.hr\/#website"},"primaryImageOfPage":{"@id":"https:\/\/likemetkovic.hr\/portal\/povjerenstvo-preporucuje-jos-nije-vrijeme-za-pocetak-berbe-mandarina\/#primaryimage"},"image":{"@id":"https:\/\/likemetkovic.hr\/portal\/povjerenstvo-preporucuje-jos-nije-vrijeme-za-pocetak-berbe-mandarina\/#primaryimage"},"thumbnailUrl":"https:\/\/likemetkovic.hr\/portal\/wp-content\/uploads\/2023\/11\/mandarina091123_3.jpg","datePublished":"2026-09-04T10:11:19+00:00","author":{"@id":"https:\/\/likemetkovic.hr\/#\/schema\/person\/a42711f3385a0e2be6f7e0443bfb28f0"},"breadcrumb":{"@id":"https:\/\/likemetkovic.hr\/portal\/povjerenstvo-preporucuje-jos-nije-vrijeme-za-pocetak-berbe-mandarina\/#breadcrumb"},"inLanguage":"hr","potentialAction":[{"@type":"ReadAction","target":["https:\/\/likemetkovic.hr\/portal\/povjerenstvo-preporucuje-jos-nije-vrijeme-za-pocetak-berbe-mandarina\/"]}]},{"@type":"ImageObject","inLanguage":"hr","@id":"https:\/\/likemetkovic.hr\/portal\/povjerenstvo-preporucuje-jos-nije-vrijeme-za-pocetak-berbe-mandarina\/#primaryimage","url":"https:\/\/likemetkovic.hr\/portal\/wp-content\/uploads\/2023\/11\/mandarina091123_3.jpg","contentUrl":"https:\/\/likemetkovic.hr\/portal\/wp-content\/uploads\/2023\/11\/mandarina091123_3.jpg","width":800,"height":533},{"@type":"BreadcrumbList","@id":"https:\/\/likemetkovic.hr\/portal\/povjerenstvo-preporucuje-jos-nije-vrijeme-za-pocetak-berbe-mandarina\/#breadcrumb","itemListElement":[{"@type":"ListItem","position":1,"name":"Po\u010detna stranica","item":"https:\/\/likemetkovic.hr\/portal\/"},{"@type":"ListItem","position":2,"name":"Povjerenstvo preporu\u010duje: Jo\u0161 nije vrijeme za po\u010detak berbe mandarina"}]},{"@type":"WebSite","@id":"https:\/\/likemetkovic.hr\/#website","url":"https:\/\/likemetkovic.hr\/","name":"likemetkovic.hr","description":"Misli pozitivno... \u010ditaj LIKE","potentialAction":[{"@type":"SearchAction","target":{"@type":"EntryPoint","urlTemplate":"https:\/\/likemetkovic.hr\/?s={search_term_string}"},"query-input":{"@type":"PropertyValueSpecification","valueRequired":true,"valueName":"search_term_string"}}],"inLanguage":"hr"},{"@type":"Person","@id":"https:\/\/likemetkovic.hr\/#\/schema\/person\/a42711f3385a0e2be6f7e0443bfb28f0","name":"LIKEmetkovic.hr","sameAs":["http:\/\/likemetkovic.hr"],"url":"https:\/\/likemetkovic.hr\/portal\/author\/likemetkovic-hr\/"}]}},"_links":{"self":[{"href":"https:\/\/likemetkovic.hr\/portal\/wp-json\/wp\/v2\/posts\/178497","targetHints":{"allow":["GET"]}}],"collection":[{"href":"https:\/\/likemetkovic.hr\/portal\/wp-json\/wp\/v2\/posts"}],"about":[{"href":"https:\/\/likemetkovic.hr\/portal\/wp-json\/wp\/v2\/types\/post"}],"author":[{"embeddable":true,"href":"https:\/\/likemetkovic.hr\/portal\/wp-json\/wp\/v2\/users\/7"}],"replies":[{"embeddable":true,"href":"https:\/\/likemetkovic.hr\/portal\/wp-json\/wp\/v2\/comments?post=178497"}],"version-history":[{"count":1,"href":"https:\/\/likemetkovic.hr\/portal\/wp-json\/wp\/v2\/posts\/178497\/revisions"}],"predecessor-version":[{"id":178498,"href":"https:\/\/likemetkovic.hr\/portal\/wp-json\/wp\/v2\/posts\/178497\/revisions\/178498"}],"wp:featuredmedia":[{"embeddable":true,"href":"https:\/\/likemetkovic.hr\/portal\/wp-json\/wp\/v2\/media\/148969"}],"wp:attachment":[{"href":"https:\/\/likemetkovic.hr\/portal\/wp-json\/wp\/v2\/media?parent=178497"}],"wp:term":[{"taxonomy":"category","embeddable":true,"href":"https:\/\/likemetkovic.hr\/portal\/wp-json\/wp\/v2\/categories?post=178497"},{"taxonomy":"post_tag","embeddable":true,"href":"https:\/\/likemetkovic.hr\/portal\/wp-json\/wp\/v2\/tags?post=178497"}],"curies":[{"name":"wp","href":"https:\/\/api.w.org\/{rel}","templated":true}]}}