{"id":178560,"date":"2026-09-05T20:45:07","date_gmt":"2026-09-05T18:45:07","guid":{"rendered":"https:\/\/likemetkovic.hr\/portal\/?p=178560"},"modified":"2026-09-05T20:55:07","modified_gmt":"2026-09-05T18:55:07","slug":"19-narastaj-gimnazije-metkovic-obiljezio-50-godina-od-mature","status":"publish","type":"post","link":"https:\/\/likemetkovic.hr\/portal\/19-narastaj-gimnazije-metkovic-obiljezio-50-godina-od-mature\/","title":{"rendered":"19. nara\u0161taj Gimnazije Metkovi\u0107 obilje\u017eio 50 godina od mature"},"content":{"rendered":"<p class=\"isSelectedEnd\">Nekada\u0161nji u\u010denici<strong> 19. nara\u0161taj Gimnazije Metkovi\u0107 <\/strong>danas obilje\u017eavaju<strong> 50. obljetnicu mature<\/strong>.<\/p>\n<p class=\"isSelectedEnd\">Susret je zapo\u010deo <strong>okupljanjem ispred Gimnazije Metkovi\u0107,<\/strong> dru\u017eenjem i prisje\u0107anjem na \u0161kolske dane, a potom i zajedni\u010dkim fotografiranjem.<\/p>\n<p class=\"isSelectedEnd\">Razrednici 19. nara\u0161taja bili su <strong>prof. Ante Jerkovi\u0107<\/strong> koji se pridru\u017eio slavlju, i <strong>pok. Mi\u0107e Marti\u0107<\/strong>.<\/p>\n<p class=\"isSelectedEnd\">Nakon okupljanja ispred \u0161kole, proslava je nastavljena ve\u010derom u Konobi Bu\u0111oni, a dru\u017eenje je zaklju\u010deno vo\u017enjom la\u0111ama.<\/p>\n<p>\u010cestitamo im na ovoj velikoj obljetnici!<\/p>\n<p><img decoding=\"async\" class=\"alignnone size-full wp-image-178561\" src=\"https:\/\/likemetkovic.hr\/portal\/wp-content\/uploads\/2026\/09\/obljetnicca-mature.jpeg\" alt=\"\" width=\"800\" height=\"564\" srcset=\"https:\/\/likemetkovic.hr\/portal\/wp-content\/uploads\/2026\/09\/obljetnicca-mature.jpeg 800w, https:\/\/likemetkovic.hr\/portal\/wp-content\/uploads\/2026\/09\/obljetnicca-mature-768x541.jpeg 768w, https:\/\/likemetkovic.hr\/portal\/wp-content\/uploads\/2026\/09\/obljetnicca-mature-596x420.jpeg 596w, https:\/\/likemetkovic.hr\/portal\/wp-content\/uploads\/2026\/09\/obljetnicca-mature-150x106.jpeg 150w, https:\/\/likemetkovic.hr\/portal\/wp-content\/uploads\/2026\/09\/obljetnicca-mature-300x212.jpeg 300w, https:\/\/likemetkovic.hr\/portal\/wp-content\/uploads\/2026\/09\/obljetnicca-mature-696x491.jpeg 696w, https:\/\/likemetkovic.hr\/portal\/wp-content\/uploads\/2026\/09\/obljetnicca-mature-100x70.jpeg 100w\" sizes=\"(max-width: 800px) 100vw, 800px\" \/><\/p>\n","protected":false},"excerpt":{"rendered":"<p>Nekada\u0161nji u\u010denici 19. nara\u0161taj Gimnazije Metkovi\u0107 danas obilje\u017eavaju 50. obljetnicu mature. Susret je zapo\u010deo okupljanjem ispred Gimnazije Metkovi\u0107, dru\u017eenjem i prisje\u0107anjem na \u0161kolske dane, a potom i zajedni\u010dkim fotografiranjem. Razrednici 19. nara\u0161taja bili su prof. Ante Jerkovi\u0107 koji se pridru\u017eio slavlju, i pok. Mi\u0107e Marti\u0107. Nakon okupljanja ispred \u0161kole, proslava je nastavljena ve\u010derom u Konobi [&hellip;]<\/p>\n","protected":false},"author":9,"featured_media":178561,"comment_status":"open","ping_status":"open","sticky":false,"template":"","format":"standard","meta":{"footnotes":""},"categories":[296,166],"tags":[3607],"class_list":{"0":"post-178560","1":"post","2":"type-post","3":"status-publish","4":"format-standard","5":"has-post-thumbnail","7":"category-ab","8":"category-skolstvo","9":"tag-obljetnica-mature"},"yoast_head":"<!-- This site is optimized with the Yoast SEO plugin v27.7 - https:\/\/yoast.com\/product\/yoast-seo-wordpress\/ -->\n<title>19. nara\u0161taj Gimnazije Metkovi\u0107 obilje\u017eio 50 godina od mature - likemetkovic.hr<\/title>\n<meta name=\"robots\" content=\"index, follow, max-snippet:-1, max-image-preview:large, max-video-preview:-1\" \/>\n<link rel=\"canonical\" href=\"https:\/\/likemetkovic.hr\/portal\/19-narastaj-gimnazije-metkovic-obiljezio-50-godina-od-mature\/\" \/>\n<meta property=\"og:locale\" content=\"hr_HR\" \/>\n<meta property=\"og:type\" content=\"article\" \/>\n<meta property=\"og:title\" content=\"19. nara\u0161taj Gimnazije Metkovi\u0107 obilje\u017eio 50 godina od mature - likemetkovic.hr\" \/>\n<meta property=\"og:description\" content=\"Nekada\u0161nji u\u010denici 19. nara\u0161taj Gimnazije Metkovi\u0107 danas obilje\u017eavaju 50. obljetnicu mature. Susret je zapo\u010deo okupljanjem ispred Gimnazije Metkovi\u0107, dru\u017eenjem i prisje\u0107anjem na \u0161kolske dane, a potom i zajedni\u010dkim fotografiranjem. Razrednici 19. nara\u0161taja bili su prof. Ante Jerkovi\u0107 koji se pridru\u017eio slavlju, i pok. Mi\u0107e Marti\u0107. Nakon okupljanja ispred \u0161kole, proslava je nastavljena ve\u010derom u Konobi [&hellip;]\" \/>\n<meta property=\"og:url\" content=\"https:\/\/likemetkovic.hr\/portal\/19-narastaj-gimnazije-metkovic-obiljezio-50-godina-od-mature\/\" \/>\n<meta property=\"og:site_name\" content=\"likemetkovic.hr\" \/>\n<meta property=\"article:publisher\" content=\"https:\/\/www.facebook.com\/likemetkovic.hr\/\" \/>\n<meta property=\"article:published_time\" content=\"2026-09-05T18:45:07+00:00\" \/>\n<meta property=\"article:modified_time\" content=\"2026-09-05T18:55:07+00:00\" \/>\n<meta property=\"og:image\" content=\"https:\/\/likemetkovic.hr\/portal\/wp-content\/uploads\/2026\/09\/obljetnicca-mature.jpeg\" \/>\n\t<meta property=\"og:image:width\" content=\"800\" \/>\n\t<meta property=\"og:image:height\" content=\"564\" \/>\n\t<meta property=\"og:image:type\" content=\"image\/jpeg\" \/>\n<meta name=\"author\" content=\"K. J.\" \/>\n<meta name=\"twitter:card\" content=\"summary_large_image\" \/>\n<meta name=\"twitter:label1\" content=\"Napisao\/la\" \/>\n\t<meta name=\"twitter:data1\" content=\"K. J.\" \/>\n\t<meta name=\"twitter:label2\" content=\"Procijenjeno vrijeme \u010ditanja\" \/>\n\t<meta name=\"twitter:data2\" content=\"1 minuta\" \/>\n<script type=\"application\/ld+json\" class=\"yoast-schema-graph\">{\"@context\":\"https:\\\/\\\/schema.org\",\"@graph\":[{\"@type\":\"Article\",\"@id\":\"https:\\\/\\\/likemetkovic.hr\\\/portal\\\/19-narastaj-gimnazije-metkovic-obiljezio-50-godina-od-mature\\\/#article\",\"isPartOf\":{\"@id\":\"https:\\\/\\\/likemetkovic.hr\\\/portal\\\/19-narastaj-gimnazije-metkovic-obiljezio-50-godina-od-mature\\\/\"},\"author\":{\"name\":\"K. J.\",\"@id\":\"https:\\\/\\\/likemetkovic.hr\\\/#\\\/schema\\\/person\\\/0a8b4ebfdfe1ff01192dccda40c5da0c\"},\"headline\":\"19. nara\u0161taj Gimnazije Metkovi\u0107 obilje\u017eio 50 godina od mature\",\"datePublished\":\"2026-09-05T18:45:07+00:00\",\"dateModified\":\"2026-09-05T18:55:07+00:00\",\"mainEntityOfPage\":{\"@id\":\"https:\\\/\\\/likemetkovic.hr\\\/portal\\\/19-narastaj-gimnazije-metkovic-obiljezio-50-godina-od-mature\\\/\"},\"wordCount\":91,\"commentCount\":0,\"image\":{\"@id\":\"https:\\\/\\\/likemetkovic.hr\\\/portal\\\/19-narastaj-gimnazije-metkovic-obiljezio-50-godina-od-mature\\\/#primaryimage\"},\"thumbnailUrl\":\"https:\\\/\\\/likemetkovic.hr\\\/portal\\\/wp-content\\\/uploads\\\/2026\\\/09\\\/obljetnicca-mature.jpeg\",\"keywords\":[\"obljetnica mature\"],\"articleSection\":[\"AB\",\"\u0160kolstvo\"],\"inLanguage\":\"hr\",\"potentialAction\":[{\"@type\":\"CommentAction\",\"name\":\"Comment\",\"target\":[\"https:\\\/\\\/likemetkovic.hr\\\/portal\\\/19-narastaj-gimnazije-metkovic-obiljezio-50-godina-od-mature\\\/#respond\"]}]},{\"@type\":\"WebPage\",\"@id\":\"https:\\\/\\\/likemetkovic.hr\\\/portal\\\/19-narastaj-gimnazije-metkovic-obiljezio-50-godina-od-mature\\\/\",\"url\":\"https:\\\/\\\/likemetkovic.hr\\\/portal\\\/19-narastaj-gimnazije-metkovic-obiljezio-50-godina-od-mature\\\/\",\"name\":\"19. nara\u0161taj Gimnazije Metkovi\u0107 obilje\u017eio 50 godina od mature - likemetkovic.hr\",\"isPartOf\":{\"@id\":\"https:\\\/\\\/likemetkovic.hr\\\/#website\"},\"primaryImageOfPage\":{\"@id\":\"https:\\\/\\\/likemetkovic.hr\\\/portal\\\/19-narastaj-gimnazije-metkovic-obiljezio-50-godina-od-mature\\\/#primaryimage\"},\"image\":{\"@id\":\"https:\\\/\\\/likemetkovic.hr\\\/portal\\\/19-narastaj-gimnazije-metkovic-obiljezio-50-godina-od-mature\\\/#primaryimage\"},\"thumbnailUrl\":\"https:\\\/\\\/likemetkovic.hr\\\/portal\\\/wp-content\\\/uploads\\\/2026\\\/09\\\/obljetnicca-mature.jpeg\",\"datePublished\":\"2026-09-05T18:45:07+00:00\",\"dateModified\":\"2026-09-05T18:55:07+00:00\",\"author\":{\"@id\":\"https:\\\/\\\/likemetkovic.hr\\\/#\\\/schema\\\/person\\\/0a8b4ebfdfe1ff01192dccda40c5da0c\"},\"breadcrumb\":{\"@id\":\"https:\\\/\\\/likemetkovic.hr\\\/portal\\\/19-narastaj-gimnazije-metkovic-obiljezio-50-godina-od-mature\\\/#breadcrumb\"},\"inLanguage\":\"hr\",\"potentialAction\":[{\"@type\":\"ReadAction\",\"target\":[\"https:\\\/\\\/likemetkovic.hr\\\/portal\\\/19-narastaj-gimnazije-metkovic-obiljezio-50-godina-od-mature\\\/\"]}]},{\"@type\":\"ImageObject\",\"inLanguage\":\"hr\",\"@id\":\"https:\\\/\\\/likemetkovic.hr\\\/portal\\\/19-narastaj-gimnazije-metkovic-obiljezio-50-godina-od-mature\\\/#primaryimage\",\"url\":\"https:\\\/\\\/likemetkovic.hr\\\/portal\\\/wp-content\\\/uploads\\\/2026\\\/09\\\/obljetnicca-mature.jpeg\",\"contentUrl\":\"https:\\\/\\\/likemetkovic.hr\\\/portal\\\/wp-content\\\/uploads\\\/2026\\\/09\\\/obljetnicca-mature.jpeg\",\"width\":800,\"height\":564},{\"@type\":\"BreadcrumbList\",\"@id\":\"https:\\\/\\\/likemetkovic.hr\\\/portal\\\/19-narastaj-gimnazije-metkovic-obiljezio-50-godina-od-mature\\\/#breadcrumb\",\"itemListElement\":[{\"@type\":\"ListItem\",\"position\":1,\"name\":\"Po\u010detna stranica\",\"item\":\"https:\\\/\\\/likemetkovic.hr\\\/portal\\\/\"},{\"@type\":\"ListItem\",\"position\":2,\"name\":\"19. nara\u0161taj Gimnazije Metkovi\u0107 obilje\u017eio 50 godina od mature\"}]},{\"@type\":\"WebSite\",\"@id\":\"https:\\\/\\\/likemetkovic.hr\\\/#website\",\"url\":\"https:\\\/\\\/likemetkovic.hr\\\/\",\"name\":\"likemetkovic.hr\",\"description\":\"Misli pozitivno... \u010ditaj LIKE\",\"potentialAction\":[{\"@type\":\"SearchAction\",\"target\":{\"@type\":\"EntryPoint\",\"urlTemplate\":\"https:\\\/\\\/likemetkovic.hr\\\/?s={search_term_string}\"},\"query-input\":{\"@type\":\"PropertyValueSpecification\",\"valueRequired\":true,\"valueName\":\"search_term_string\"}}],\"inLanguage\":\"hr\"},{\"@type\":\"Person\",\"@id\":\"https:\\\/\\\/likemetkovic.hr\\\/#\\\/schema\\\/person\\\/0a8b4ebfdfe1ff01192dccda40c5da0c\",\"name\":\"K. J.\",\"url\":\"https:\\\/\\\/likemetkovic.hr\\\/portal\\\/author\\\/likemetkovic\\\/\"}]}<\/script>\n<!-- \/ Yoast SEO plugin. -->","yoast_head_json":{"title":"19. nara\u0161taj Gimnazije Metkovi\u0107 obilje\u017eio 50 godina od mature - likemetkovic.hr","robots":{"index":"index","follow":"follow","max-snippet":"max-snippet:-1","max-image-preview":"max-image-preview:large","max-video-preview":"max-video-preview:-1"},"canonical":"https:\/\/likemetkovic.hr\/portal\/19-narastaj-gimnazije-metkovic-obiljezio-50-godina-od-mature\/","og_locale":"hr_HR","og_type":"article","og_title":"19. nara\u0161taj Gimnazije Metkovi\u0107 obilje\u017eio 50 godina od mature - likemetkovic.hr","og_description":"Nekada\u0161nji u\u010denici 19. nara\u0161taj Gimnazije Metkovi\u0107 danas obilje\u017eavaju 50. obljetnicu mature. Susret je zapo\u010deo okupljanjem ispred Gimnazije Metkovi\u0107, dru\u017eenjem i prisje\u0107anjem na \u0161kolske dane, a potom i zajedni\u010dkim fotografiranjem. Razrednici 19. nara\u0161taja bili su prof. Ante Jerkovi\u0107 koji se pridru\u017eio slavlju, i pok. Mi\u0107e Marti\u0107. Nakon okupljanja ispred \u0161kole, proslava je nastavljena ve\u010derom u Konobi [&hellip;]","og_url":"https:\/\/likemetkovic.hr\/portal\/19-narastaj-gimnazije-metkovic-obiljezio-50-godina-od-mature\/","og_site_name":"likemetkovic.hr","article_publisher":"https:\/\/www.facebook.com\/likemetkovic.hr\/","article_published_time":"2026-09-05T18:45:07+00:00","article_modified_time":"2026-09-05T18:55:07+00:00","og_image":[{"width":800,"height":564,"url":"https:\/\/likemetkovic.hr\/portal\/wp-content\/uploads\/2026\/09\/obljetnicca-mature.jpeg","type":"image\/jpeg"}],"author":"K. J.","twitter_card":"summary_large_image","twitter_misc":{"Napisao\/la":"K. J.","Procijenjeno vrijeme \u010ditanja":"1 minuta"},"schema":{"@context":"https:\/\/schema.org","@graph":[{"@type":"Article","@id":"https:\/\/likemetkovic.hr\/portal\/19-narastaj-gimnazije-metkovic-obiljezio-50-godina-od-mature\/#article","isPartOf":{"@id":"https:\/\/likemetkovic.hr\/portal\/19-narastaj-gimnazije-metkovic-obiljezio-50-godina-od-mature\/"},"author":{"name":"K. J.","@id":"https:\/\/likemetkovic.hr\/#\/schema\/person\/0a8b4ebfdfe1ff01192dccda40c5da0c"},"headline":"19. nara\u0161taj Gimnazije Metkovi\u0107 obilje\u017eio 50 godina od mature","datePublished":"2026-09-05T18:45:07+00:00","dateModified":"2026-09-05T18:55:07+00:00","mainEntityOfPage":{"@id":"https:\/\/likemetkovic.hr\/portal\/19-narastaj-gimnazije-metkovic-obiljezio-50-godina-od-mature\/"},"wordCount":91,"commentCount":0,"image":{"@id":"https:\/\/likemetkovic.hr\/portal\/19-narastaj-gimnazije-metkovic-obiljezio-50-godina-od-mature\/#primaryimage"},"thumbnailUrl":"https:\/\/likemetkovic.hr\/portal\/wp-content\/uploads\/2026\/09\/obljetnicca-mature.jpeg","keywords":["obljetnica mature"],"articleSection":["AB","\u0160kolstvo"],"inLanguage":"hr","potentialAction":[{"@type":"CommentAction","name":"Comment","target":["https:\/\/likemetkovic.hr\/portal\/19-narastaj-gimnazije-metkovic-obiljezio-50-godina-od-mature\/#respond"]}]},{"@type":"WebPage","@id":"https:\/\/likemetkovic.hr\/portal\/19-narastaj-gimnazije-metkovic-obiljezio-50-godina-od-mature\/","url":"https:\/\/likemetkovic.hr\/portal\/19-narastaj-gimnazije-metkovic-obiljezio-50-godina-od-mature\/","name":"19. nara\u0161taj Gimnazije Metkovi\u0107 obilje\u017eio 50 godina od mature - likemetkovic.hr","isPartOf":{"@id":"https:\/\/likemetkovic.hr\/#website"},"primaryImageOfPage":{"@id":"https:\/\/likemetkovic.hr\/portal\/19-narastaj-gimnazije-metkovic-obiljezio-50-godina-od-mature\/#primaryimage"},"image":{"@id":"https:\/\/likemetkovic.hr\/portal\/19-narastaj-gimnazije-metkovic-obiljezio-50-godina-od-mature\/#primaryimage"},"thumbnailUrl":"https:\/\/likemetkovic.hr\/portal\/wp-content\/uploads\/2026\/09\/obljetnicca-mature.jpeg","datePublished":"2026-09-05T18:45:07+00:00","dateModified":"2026-09-05T18:55:07+00:00","author":{"@id":"https:\/\/likemetkovic.hr\/#\/schema\/person\/0a8b4ebfdfe1ff01192dccda40c5da0c"},"breadcrumb":{"@id":"https:\/\/likemetkovic.hr\/portal\/19-narastaj-gimnazije-metkovic-obiljezio-50-godina-od-mature\/#breadcrumb"},"inLanguage":"hr","potentialAction":[{"@type":"ReadAction","target":["https:\/\/likemetkovic.hr\/portal\/19-narastaj-gimnazije-metkovic-obiljezio-50-godina-od-mature\/"]}]},{"@type":"ImageObject","inLanguage":"hr","@id":"https:\/\/likemetkovic.hr\/portal\/19-narastaj-gimnazije-metkovic-obiljezio-50-godina-od-mature\/#primaryimage","url":"https:\/\/likemetkovic.hr\/portal\/wp-content\/uploads\/2026\/09\/obljetnicca-mature.jpeg","contentUrl":"https:\/\/likemetkovic.hr\/portal\/wp-content\/uploads\/2026\/09\/obljetnicca-mature.jpeg","width":800,"height":564},{"@type":"BreadcrumbList","@id":"https:\/\/likemetkovic.hr\/portal\/19-narastaj-gimnazije-metkovic-obiljezio-50-godina-od-mature\/#breadcrumb","itemListElement":[{"@type":"ListItem","position":1,"name":"Po\u010detna stranica","item":"https:\/\/likemetkovic.hr\/portal\/"},{"@type":"ListItem","position":2,"name":"19. nara\u0161taj Gimnazije Metkovi\u0107 obilje\u017eio 50 godina od mature"}]},{"@type":"WebSite","@id":"https:\/\/likemetkovic.hr\/#website","url":"https:\/\/likemetkovic.hr\/","name":"likemetkovic.hr","description":"Misli pozitivno... \u010ditaj LIKE","potentialAction":[{"@type":"SearchAction","target":{"@type":"EntryPoint","urlTemplate":"https:\/\/likemetkovic.hr\/?s={search_term_string}"},"query-input":{"@type":"PropertyValueSpecification","valueRequired":true,"valueName":"search_term_string"}}],"inLanguage":"hr"},{"@type":"Person","@id":"https:\/\/likemetkovic.hr\/#\/schema\/person\/0a8b4ebfdfe1ff01192dccda40c5da0c","name":"K. J.","url":"https:\/\/likemetkovic.hr\/portal\/author\/likemetkovic\/"}]}},"_links":{"self":[{"href":"https:\/\/likemetkovic.hr\/portal\/wp-json\/wp\/v2\/posts\/178560","targetHints":{"allow":["GET"]}}],"collection":[{"href":"https:\/\/likemetkovic.hr\/portal\/wp-json\/wp\/v2\/posts"}],"about":[{"href":"https:\/\/likemetkovic.hr\/portal\/wp-json\/wp\/v2\/types\/post"}],"author":[{"embeddable":true,"href":"https:\/\/likemetkovic.hr\/portal\/wp-json\/wp\/v2\/users\/9"}],"replies":[{"embeddable":true,"href":"https:\/\/likemetkovic.hr\/portal\/wp-json\/wp\/v2\/comments?post=178560"}],"version-history":[{"count":4,"href":"https:\/\/likemetkovic.hr\/portal\/wp-json\/wp\/v2\/posts\/178560\/revisions"}],"predecessor-version":[{"id":178565,"href":"https:\/\/likemetkovic.hr\/portal\/wp-json\/wp\/v2\/posts\/178560\/revisions\/178565"}],"wp:featuredmedia":[{"embeddable":true,"href":"https:\/\/likemetkovic.hr\/portal\/wp-json\/wp\/v2\/media\/178561"}],"wp:attachment":[{"href":"https:\/\/likemetkovic.hr\/portal\/wp-json\/wp\/v2\/media?parent=178560"}],"wp:term":[{"taxonomy":"category","embeddable":true,"href":"https:\/\/likemetkovic.hr\/portal\/wp-json\/wp\/v2\/categories?post=178560"},{"taxonomy":"post_tag","embeddable":true,"href":"https:\/\/likemetkovic.hr\/portal\/wp-json\/wp\/v2\/tags?post=178560"}],"curies":[{"name":"wp","href":"https:\/\/api.w.org\/{rel}","templated":true}]}}