{"id":18136,"date":"2016-03-30T06:27:42","date_gmt":"2016-03-30T05:27:42","guid":{"rendered":"http:\/\/likemetkovic.hr\/?p=18136"},"modified":"2016-03-30T06:27:42","modified_gmt":"2016-03-30T05:27:42","slug":"dosta-je","status":"publish","type":"post","link":"https:\/\/likemetkovic.hr\/portal\/dosta-je\/","title":{"rendered":"Dosta je!"},"content":{"rendered":"<p>Sada je 2016. godina i raspravlja se udugo i na\u0161iroko o \u017eivome bi\u0107u tj. \u010dovjeku , \u010dovjeku koji di\u0161e , radi , djetetu koji tr\u010di za loptom , djetetu koje tek prohoda. \u00a0Svaki bi \u010dovjek to trebao shvatiti, a dr\u017eava bi trebala preuzeti odgovornost za svakoga \u010dovjeka\u00a0 i stvoriti uvjete da svaki \u010dovjek da postane punopravni \u010dlan dru\u0161tva. Obzirom da su politi\u010darima puna usta pove\u0107anja nataliteta, brige za mlade, briga za obitelji, a sa druge strane ima puno onih parova koji bi djecu \u017eeljeli, a nemaju je \u2013 ne vidim razloga da dr\u017eava i tim putem ne udomi po kratkom postupku odre\u0111eni broj djece od majki kojima abortus ne bi bio dozvoljen, a one tu djecu ne \u017eele. No, da budem krajnje jasan \u2013 nije sve samo na majkama (sloboda u izboru abortus ili ne), ve\u0107 je puno nu\u017enih pretpostavki (organizacijskih i materijalnih) i na dr\u017eavi (dru\u0161tvenoj zajednici) ukoliko \u017eeli da se te i sli\u010dne stvari u budu\u0107nosti ne doga\u0111aju (zabrana abortusa).<\/p>\n<p>A jadni ti smo mi s ovakvim politi\u010darima koji govore, a ne \u010dine ni\u0161ta na pitanju nataliteta i ostanka mladih u domovini. \u00a0I pazte sve pod kapom domoljublja, mostoljublja ili titoljublja, opet svakom na du\u0161u. \u017divo me zanima kako bi se reagiralo i kakve bi se odluke donijele da nama svima npr. do\u0111e otac i ka\u017ee, \u201ezna\u0161 ja sam ti mater nagovarao da te pobaci, ali ona to nije htjela u\u010diniti, e onda te ona zamalo ubila kad si imao tri tjedna, ali sam te ja spasio, a onda si mi jedne prilike kad si imao 15 godina tako digao tlak da sam te htio macom opaliti, ali mi je majka sakrila macu i sve \u010dime sam mogao ostvarit naum i tako te spasila, a sad kad si narastao i oja\u010dao isto bi te i ja i majka zatukli, nego mogao bi se branit pa bi nas dvoje stradalo umjesto tebe.\u201c Pa tako, ovisno o fazama \u017eivota, jedno ubojstvo opravdava drugo i tako redom.\u00a0No, nigdje ne spominje pravo djeteta na \u017eivot.Neukusna je \u0161ala u najmanju ruku dovoditi pitanje poba\u010daja ili bilo kojega ubojstava na floskule tipa mi smo za ovo mi smo za ono.<\/p>\n<p>Mi Hrvati imamo demografsku sliku, biti \u0107u blag vrlo nezahvalnu za budu\u0107nost, pa sami time ubijati i dozvoliti i \u0161tovi\u0161e poticati ubojstvo u krajnjoj liniji \u0107e nas baciti u provaliju na \u010dijem smo rubu sada. Mo\u017eda gledam samo na nas kao narod ali nemojmo se bojati iskazati svoje mi\u0161ljenje jer ipak smo mi kr\u0161\u0107ani ve\u0107ina u ovoj na\u0161oj prelijepoj domovini. Zato mi budimo ti koji \u0107e biti glas u pustinji svega neprirodnog, svega izokrenutog koje gazi ono ljudsko, ono samo na\u0161e, biti glas protiv onoga koje uzima sve vi\u0161e maha u svijetu, budimo glas koji vi\u010de u pustinji: \u201d ej \u010dovje\u010de vrati se sebi dok jo\u0161 ima\u0161 kome\u201d! Sjetimo se slavnih pohoda Ivana Pavla II u jeku rata i stvaranja Hrvatske dr\u017eave i tu snagu duha koju nam je na\u0161 Otac darivao, sjetimo se tako\u0111er i njegova pijevanja \u201eRajska Dijevo Kraljice Hrvata\u201c sa mladima u Solinu.\u00a0Sjetimo se i zadnjega pohoda Benedikta XVI i one ti\u0161ine mladih, ba\u0161 ta je gromoglasna ti\u0161ina bila apel spasite nas mlade, spasite nas od nametanja, spasite nas od medija koji pljuju po Crkvi pa samim time i po nama, spaste nas od onih koji ne priznaju Boga!<\/p>\n<p>I zaista mo\u017eemo re\u0107i skupa sa velikim Mato\u0161om:\u00a0<em>ubijstva mjesto, tamno kao blud.<\/em>\u00a0Zaista ne znamo gdje vi\u0161e ubijaju kr\u0161\u0107ane, od Sirije \u00a0ili Pakistana ili u \u201cnaprednom\u201d zapadnom svijetu \u00a0raznim zakonima ili od raznih udrugica koje napadaju na\u0161e kr\u0161\u0107anske vrijednosti. Svima njima smetamo jer im ne damo provoditi kojekakve zakone, nekakve nove zajednice, jer smo protiv ubojstva (bilo onih koji se ne mogu branit, poba\u010dajem, ili onih kojima se \u201c\u017eeli olak\u0161ati \u017eivota patnja\u201d, eutanazijom). Smetamo im jer vi\u0161e govorimo o Bogu nego o zavodniku svijeta, vi\u0161e govorimo o milosti nego lukavosti, vi\u0161e govorimo o nebu nego o paklu, vi\u0161e govorimo o Kristu nego o svijetu, o solidarnosti s gladnima i siroma\u0161nima nego o suradnji s bogatima, vi\u0161e govorimo o dopu\u0161tenom nego o zabranjenom. Smetamo im jer pronosimo svijetlo Uskrsloga, a ne padamo pod utjecaj nekih zemaljskih mo\u0107nika. \u00a0Ne smijemo se umoriti donositi Boga svima i trebamo se truditi biti \u0161to uvjerljiviji!<\/p>\n<p>Ostanimo dostojanstveni i ponosni, ostanimo Gospini, ostanimo Kristovi i nemojmo se bojati, jer: \u201cznamo da si doistine uskrsnuo, Bo\u017eji Sine; Pobjedni\u010de, Kralju divan, budi nama milostivan! Amen, aleluja!\u201d<\/p>\n<p>fra Ivo Rasto\u010di\u0107<\/p>\n","protected":false},"excerpt":{"rendered":"<p>Sada je 2016. godina i raspravlja se udugo i na\u0161iroko o \u017eivome bi\u0107u tj. \u010dovjeku , \u010dovjeku koji di\u0161e , radi , djetetu koji tr\u010di za loptom , djetetu koje tek prohoda. \u00a0Svaki bi \u010dovjek to trebao shvatiti, a dr\u017eava bi trebala preuzeti odgovornost za svakoga \u010dovjeka\u00a0 i stvoriti uvjete da svaki \u010dovjek da postane [&hellip;]<\/p>\n","protected":false},"author":7,"featured_media":18137,"comment_status":"open","ping_status":"open","sticky":false,"template":"","format":"standard","meta":{"footnotes":""},"categories":[283],"tags":[],"class_list":{"0":"post-18136","1":"post","2":"type-post","3":"status-publish","4":"format-standard","5":"has-post-thumbnail","7":"category-a"},"yoast_head":"<!-- This site is optimized with the Yoast SEO plugin v25.2 - https:\/\/yoast.com\/wordpress\/plugins\/seo\/ -->\n<title>Dosta je! - likemetkovic.hr<\/title>\n<meta name=\"robots\" content=\"index, follow, max-snippet:-1, max-image-preview:large, max-video-preview:-1\" \/>\n<link rel=\"canonical\" href=\"https:\/\/likemetkovic.hr\/dosta-je\/\" \/>\n<meta property=\"og:locale\" content=\"hr_HR\" \/>\n<meta property=\"og:type\" content=\"article\" \/>\n<meta property=\"og:title\" content=\"Dosta je! - likemetkovic.hr\" \/>\n<meta property=\"og:description\" content=\"Sada je 2016. godina i raspravlja se udugo i na\u0161iroko o \u017eivome bi\u0107u tj. \u010dovjeku , \u010dovjeku koji di\u0161e , radi , djetetu koji tr\u010di za loptom , djetetu koje tek prohoda. \u00a0Svaki bi \u010dovjek to trebao shvatiti, a dr\u017eava bi trebala preuzeti odgovornost za svakoga \u010dovjeka\u00a0 i stvoriti uvjete da svaki \u010dovjek da postane [&hellip;]\" \/>\n<meta property=\"og:url\" content=\"https:\/\/likemetkovic.hr\/dosta-je\/\" \/>\n<meta property=\"og:site_name\" content=\"likemetkovic.hr\" \/>\n<meta property=\"article:publisher\" content=\"https:\/\/www.facebook.com\/likemetkovic.hr\/\" \/>\n<meta property=\"article:published_time\" content=\"2016-03-30T05:27:42+00:00\" \/>\n<meta property=\"og:image\" content=\"https:\/\/likemetkovic.hr\/wp-content\/uploads\/2016\/03\/stop-kr\u0161\u0107anofobiji_1.jpg\" \/>\n\t<meta property=\"og:image:width\" content=\"887\" \/>\n\t<meta property=\"og:image:height\" content=\"600\" \/>\n\t<meta property=\"og:image:type\" content=\"image\/jpeg\" \/>\n<meta name=\"author\" content=\"LIKEmetkovic.hr\" \/>\n<meta name=\"twitter:card\" content=\"summary_large_image\" \/>\n<meta name=\"twitter:label1\" content=\"Napisao\/la\" \/>\n\t<meta name=\"twitter:data1\" content=\"LIKEmetkovic.hr\" \/>\n\t<meta name=\"twitter:label2\" content=\"Procijenjeno vrijeme \u010ditanja\" \/>\n\t<meta name=\"twitter:data2\" content=\"4 minute\" \/>\n<script type=\"application\/ld+json\" class=\"yoast-schema-graph\">{\"@context\":\"https:\/\/schema.org\",\"@graph\":[{\"@type\":\"WebPage\",\"@id\":\"https:\/\/likemetkovic.hr\/dosta-je\/\",\"url\":\"https:\/\/likemetkovic.hr\/dosta-je\/\",\"name\":\"Dosta je! - likemetkovic.hr\",\"isPartOf\":{\"@id\":\"https:\/\/likemetkovic.hr\/#website\"},\"primaryImageOfPage\":{\"@id\":\"https:\/\/likemetkovic.hr\/dosta-je\/#primaryimage\"},\"image\":{\"@id\":\"https:\/\/likemetkovic.hr\/dosta-je\/#primaryimage\"},\"thumbnailUrl\":\"https:\/\/likemetkovic.hr\/portal\/wp-content\/uploads\/2016\/03\/stop-kr\u0161\u0107anofobiji_1.jpg\",\"datePublished\":\"2016-03-30T05:27:42+00:00\",\"author\":{\"@id\":\"https:\/\/likemetkovic.hr\/#\/schema\/person\/a42711f3385a0e2be6f7e0443bfb28f0\"},\"breadcrumb\":{\"@id\":\"https:\/\/likemetkovic.hr\/dosta-je\/#breadcrumb\"},\"inLanguage\":\"hr\",\"potentialAction\":[{\"@type\":\"ReadAction\",\"target\":[\"https:\/\/likemetkovic.hr\/dosta-je\/\"]}]},{\"@type\":\"ImageObject\",\"inLanguage\":\"hr\",\"@id\":\"https:\/\/likemetkovic.hr\/dosta-je\/#primaryimage\",\"url\":\"https:\/\/likemetkovic.hr\/portal\/wp-content\/uploads\/2016\/03\/stop-kr\u0161\u0107anofobiji_1.jpg\",\"contentUrl\":\"https:\/\/likemetkovic.hr\/portal\/wp-content\/uploads\/2016\/03\/stop-kr\u0161\u0107anofobiji_1.jpg\",\"width\":887,\"height\":600},{\"@type\":\"BreadcrumbList\",\"@id\":\"https:\/\/likemetkovic.hr\/dosta-je\/#breadcrumb\",\"itemListElement\":[{\"@type\":\"ListItem\",\"position\":1,\"name\":\"Po\u010detna stranica\",\"item\":\"https:\/\/likemetkovic.hr\/portal\/\"},{\"@type\":\"ListItem\",\"position\":2,\"name\":\"Dosta je!\"}]},{\"@type\":\"WebSite\",\"@id\":\"https:\/\/likemetkovic.hr\/#website\",\"url\":\"https:\/\/likemetkovic.hr\/\",\"name\":\"likemetkovic.hr\",\"description\":\"Misli pozitivno... \u010ditaj LIKE\",\"potentialAction\":[{\"@type\":\"SearchAction\",\"target\":{\"@type\":\"EntryPoint\",\"urlTemplate\":\"https:\/\/likemetkovic.hr\/?s={search_term_string}\"},\"query-input\":{\"@type\":\"PropertyValueSpecification\",\"valueRequired\":true,\"valueName\":\"search_term_string\"}}],\"inLanguage\":\"hr\"},{\"@type\":\"Person\",\"@id\":\"https:\/\/likemetkovic.hr\/#\/schema\/person\/a42711f3385a0e2be6f7e0443bfb28f0\",\"name\":\"LIKEmetkovic.hr\",\"sameAs\":[\"http:\/\/likemetkovic.hr\"],\"url\":\"https:\/\/likemetkovic.hr\/portal\/author\/likemetkovic-hr\/\"}]}<\/script>\n<!-- \/ Yoast SEO plugin. -->","yoast_head_json":{"title":"Dosta je! - likemetkovic.hr","robots":{"index":"index","follow":"follow","max-snippet":"max-snippet:-1","max-image-preview":"max-image-preview:large","max-video-preview":"max-video-preview:-1"},"canonical":"https:\/\/likemetkovic.hr\/dosta-je\/","og_locale":"hr_HR","og_type":"article","og_title":"Dosta je! - likemetkovic.hr","og_description":"Sada je 2016. godina i raspravlja se udugo i na\u0161iroko o \u017eivome bi\u0107u tj. \u010dovjeku , \u010dovjeku koji di\u0161e , radi , djetetu koji tr\u010di za loptom , djetetu koje tek prohoda. \u00a0Svaki bi \u010dovjek to trebao shvatiti, a dr\u017eava bi trebala preuzeti odgovornost za svakoga \u010dovjeka\u00a0 i stvoriti uvjete da svaki \u010dovjek da postane [&hellip;]","og_url":"https:\/\/likemetkovic.hr\/dosta-je\/","og_site_name":"likemetkovic.hr","article_publisher":"https:\/\/www.facebook.com\/likemetkovic.hr\/","article_published_time":"2016-03-30T05:27:42+00:00","og_image":[{"width":887,"height":600,"url":"https:\/\/likemetkovic.hr\/wp-content\/uploads\/2016\/03\/stop-kr\u0161\u0107anofobiji_1.jpg","type":"image\/jpeg"}],"author":"LIKEmetkovic.hr","twitter_card":"summary_large_image","twitter_misc":{"Napisao\/la":"LIKEmetkovic.hr","Procijenjeno vrijeme \u010ditanja":"4 minute"},"schema":{"@context":"https:\/\/schema.org","@graph":[{"@type":"WebPage","@id":"https:\/\/likemetkovic.hr\/dosta-je\/","url":"https:\/\/likemetkovic.hr\/dosta-je\/","name":"Dosta je! - likemetkovic.hr","isPartOf":{"@id":"https:\/\/likemetkovic.hr\/#website"},"primaryImageOfPage":{"@id":"https:\/\/likemetkovic.hr\/dosta-je\/#primaryimage"},"image":{"@id":"https:\/\/likemetkovic.hr\/dosta-je\/#primaryimage"},"thumbnailUrl":"https:\/\/likemetkovic.hr\/portal\/wp-content\/uploads\/2016\/03\/stop-kr\u0161\u0107anofobiji_1.jpg","datePublished":"2016-03-30T05:27:42+00:00","author":{"@id":"https:\/\/likemetkovic.hr\/#\/schema\/person\/a42711f3385a0e2be6f7e0443bfb28f0"},"breadcrumb":{"@id":"https:\/\/likemetkovic.hr\/dosta-je\/#breadcrumb"},"inLanguage":"hr","potentialAction":[{"@type":"ReadAction","target":["https:\/\/likemetkovic.hr\/dosta-je\/"]}]},{"@type":"ImageObject","inLanguage":"hr","@id":"https:\/\/likemetkovic.hr\/dosta-je\/#primaryimage","url":"https:\/\/likemetkovic.hr\/portal\/wp-content\/uploads\/2016\/03\/stop-kr\u0161\u0107anofobiji_1.jpg","contentUrl":"https:\/\/likemetkovic.hr\/portal\/wp-content\/uploads\/2016\/03\/stop-kr\u0161\u0107anofobiji_1.jpg","width":887,"height":600},{"@type":"BreadcrumbList","@id":"https:\/\/likemetkovic.hr\/dosta-je\/#breadcrumb","itemListElement":[{"@type":"ListItem","position":1,"name":"Po\u010detna stranica","item":"https:\/\/likemetkovic.hr\/portal\/"},{"@type":"ListItem","position":2,"name":"Dosta je!"}]},{"@type":"WebSite","@id":"https:\/\/likemetkovic.hr\/#website","url":"https:\/\/likemetkovic.hr\/","name":"likemetkovic.hr","description":"Misli pozitivno... \u010ditaj LIKE","potentialAction":[{"@type":"SearchAction","target":{"@type":"EntryPoint","urlTemplate":"https:\/\/likemetkovic.hr\/?s={search_term_string}"},"query-input":{"@type":"PropertyValueSpecification","valueRequired":true,"valueName":"search_term_string"}}],"inLanguage":"hr"},{"@type":"Person","@id":"https:\/\/likemetkovic.hr\/#\/schema\/person\/a42711f3385a0e2be6f7e0443bfb28f0","name":"LIKEmetkovic.hr","sameAs":["http:\/\/likemetkovic.hr"],"url":"https:\/\/likemetkovic.hr\/portal\/author\/likemetkovic-hr\/"}]}},"_links":{"self":[{"href":"https:\/\/likemetkovic.hr\/portal\/wp-json\/wp\/v2\/posts\/18136","targetHints":{"allow":["GET"]}}],"collection":[{"href":"https:\/\/likemetkovic.hr\/portal\/wp-json\/wp\/v2\/posts"}],"about":[{"href":"https:\/\/likemetkovic.hr\/portal\/wp-json\/wp\/v2\/types\/post"}],"author":[{"embeddable":true,"href":"https:\/\/likemetkovic.hr\/portal\/wp-json\/wp\/v2\/users\/7"}],"replies":[{"embeddable":true,"href":"https:\/\/likemetkovic.hr\/portal\/wp-json\/wp\/v2\/comments?post=18136"}],"version-history":[{"count":0,"href":"https:\/\/likemetkovic.hr\/portal\/wp-json\/wp\/v2\/posts\/18136\/revisions"}],"wp:featuredmedia":[{"embeddable":true,"href":"https:\/\/likemetkovic.hr\/portal\/wp-json\/wp\/v2\/media\/18137"}],"wp:attachment":[{"href":"https:\/\/likemetkovic.hr\/portal\/wp-json\/wp\/v2\/media?parent=18136"}],"wp:term":[{"taxonomy":"category","embeddable":true,"href":"https:\/\/likemetkovic.hr\/portal\/wp-json\/wp\/v2\/categories?post=18136"},{"taxonomy":"post_tag","embeddable":true,"href":"https:\/\/likemetkovic.hr\/portal\/wp-json\/wp\/v2\/tags?post=18136"}],"curies":[{"name":"wp","href":"https:\/\/api.w.org\/{rel}","templated":true}]}}