{"id":18150,"date":"2016-03-30T11:19:18","date_gmt":"2016-03-30T10:19:18","guid":{"rendered":"http:\/\/likemetkovic.hr\/?p=18150"},"modified":"2016-03-30T11:19:18","modified_gmt":"2016-03-30T10:19:18","slug":"svjetski-dan-svjesnosti-autizmu","status":"publish","type":"post","link":"https:\/\/likemetkovic.hr\/portal\/svjetski-dan-svjesnosti-autizmu\/","title":{"rendered":"Povodom Svjetskog dana svjesnosti o autizmu predavanje Maje Bona\u010di\u0107 u Udruzi Prijatelj"},"content":{"rendered":"<p><span style=\"font-weight: 400;\">Udruga osoba s invaliditetom \u00a0\u201c PRIJATELJ\u201c \u00a0Vas \u00a0poziva na besplatno predavanje <\/span><b>&#8220;Govori mojim jezikom&#8221; <\/b><span style=\"font-weight: 400;\">koje \u0107e se odr\u017eati 2.4. (subota) na Svjetski dan svjesnosti o autizmu u prostorijama UOSI PRIJATELJ, Ante Star\u010devi\u0107a 19, (stari vrti\u0107) u 10.30 sati.<\/span><\/p>\n<p><span style=\"font-weight: 400;\">Magistrica psihologije i prakti\u010dar terapije igrom, koja se bavi psiholo\u0161kom procjenom, ranom intervencijom i terapijom igrom s djecom <\/span><b>Maja Bona\u010di\u0107<\/b><span style=\"font-weight: 400;\">, koja \u0107e u sklopu svog projekta &#8220;Zaigrana pedala&#8221; odr\u017eati ovo zanimljivo predavanje. Ve\u0107 je odr\u017eala nekoliko ovakvih predavanja na raznim stru\u010dnim skupovima, konferencijama i edukacijama za stru\u010dno osoblje. Osim konstantne edukacije u podru\u010dju terapija igrom, Maja je zavr\u0161ila i ranu procjenu djece 0-6 godina na ERF-u te edukaciju iz poticanja razvoja komunikacije i PECS, \u0161to joj omogu\u0107ava procjenu djece i kroz igru i kroz standardizirane instrumente. Vodi Udrugu Obla\u010di\u0107, koja djeluje na podru\u010du Kor\u010dule i \u0161ire okolice.<\/span><\/p>\n<p><span style=\"font-weight: 400;\">Cilj projekta je skrenuti pa\u017enju na va\u017enost implementacije igre u radu s djecom s poreme\u0107ajem iz autisit\u010dnog spektra. Osim toga, va\u017eno je pri\u010dati o autizmu kao spektru, koji mo\u017ee i ne mora uklju\u010divati intelektualno zaostajanje te koji su mehanizmi rane intervencije koji smanjuju razlike naspram vr\u0161njaka.<\/span><\/p>\n<p><span style=\"font-weight: 400;\">Ideja projekta \u00a0\u201cZaigrana pedala\u201c je <\/span><span style=\"font-weight: 400;\">\u00a0povezati regiju i narode, jer igra nema granica, kao niti ljubav prema djeci! U igri je oko 400 km, naravno biciklom te u sklopu posjeta svakom gradu Maja \u0107e odr\u017eati besplatno predavanje za roditelje, odgajatelje, stru\u010dnjake odnosno za sve koji su zainteresirani i koji su voljni podr\u017eati sve osobe iz autisti\u010dnog spektra!<\/span><\/p>\n<p><span style=\"font-weight: 400;\">GRADOVI i termini:<\/span><span style=\"font-weight: 400;\"><br \/>\n<\/span><span style=\"font-weight: 400;\"><br \/>\n<\/span><span style=\"font-weight: 400;\">30.3. \u0160ibenik 16h &#8211; Katoli\u010dka \u0161kola<\/span><span style=\"font-weight: 400;\"><br \/>\n<\/span><span style=\"font-weight: 400;\">31.3. Split 18h &#8211; Gradska knji\u017enica &#8220;Marko Maruli\u0107&#8221;<\/span><span style=\"font-weight: 400;\"><br \/>\n<\/span><span style=\"font-weight: 400;\">1.4. Makarska 16h &#8211; Glazbena \u0161kola<\/span><span style=\"font-weight: 400;\"><br \/>\n<\/span><b>2.4. Metkovi\u0107 10.30h &#8211; UOSI &#8220;PRIJATELJ&#8221;(stari vrti\u0107)<\/b><b><br \/>\n<\/b><span style=\"font-weight: 400;\">2.4. Dubrovnik 18.30h &#8211; Amfiteatar Pomorske \u0161kole<\/span><span style=\"font-weight: 400;\"><br \/>\n<\/span><span style=\"font-weight: 400;\">3.4. Herceg Novi 10.00h &#8211; Prvenstvo Crne Gore u sprint duatlonu<\/span><span style=\"font-weight: 400;\"><br \/>\n<\/span><span style=\"font-weight: 400;\">6.4. Kor\u010dula u 18h<\/span><\/p>\n<p><span style=\"font-weight: 400;\"><br \/>\n<\/span><span style=\"font-weight: 400;\">2.4. je dan kada bi svi trebali obu\u0107i ne\u0161to plavo i biti druga\u010diji od drugih. Tko zna, mo\u017eda upravo taj dan prona\u0111emo sami sebe!<\/span><\/p>\n","protected":false},"excerpt":{"rendered":"<p>Udruga osoba s invaliditetom \u00a0\u201c PRIJATELJ\u201c \u00a0Vas \u00a0poziva na besplatno predavanje &#8220;Govori mojim jezikom&#8221; koje \u0107e se odr\u017eati 2.4. (subota) na Svjetski dan svjesnosti o autizmu u prostorijama UOSI PRIJATELJ, Ante Star\u010devi\u0107a 19, (stari vrti\u0107) u 10.30 sati. Magistrica psihologije i prakti\u010dar terapije igrom, koja se bavi psiholo\u0161kom procjenom, ranom intervencijom i terapijom igrom s [&hellip;]<\/p>\n","protected":false},"author":7,"featured_media":18151,"comment_status":"open","ping_status":"open","sticky":false,"template":"","format":"standard","meta":{"footnotes":""},"categories":[283,95],"tags":[],"class_list":{"0":"post-18150","1":"post","2":"type-post","3":"status-publish","4":"format-standard","5":"has-post-thumbnail","7":"category-a","8":"category-udruge"},"yoast_head":"<!-- This site is optimized with the Yoast SEO plugin v25.2 - https:\/\/yoast.com\/wordpress\/plugins\/seo\/ -->\n<title>Povodom Svjetskog dana svjesnosti o autizmu predavanje Maje Bona\u010di\u0107 u Udruzi Prijatelj - likemetkovic.hr<\/title>\n<meta name=\"robots\" content=\"index, follow, max-snippet:-1, max-image-preview:large, max-video-preview:-1\" \/>\n<link rel=\"canonical\" href=\"https:\/\/likemetkovic.hr\/svjetski-dan-svjesnosti-autizmu\/\" \/>\n<meta property=\"og:locale\" content=\"hr_HR\" \/>\n<meta property=\"og:type\" content=\"article\" \/>\n<meta property=\"og:title\" content=\"Povodom Svjetskog dana svjesnosti o autizmu predavanje Maje Bona\u010di\u0107 u Udruzi Prijatelj - likemetkovic.hr\" \/>\n<meta property=\"og:description\" content=\"Udruga osoba s invaliditetom \u00a0\u201c PRIJATELJ\u201c \u00a0Vas \u00a0poziva na besplatno predavanje &#8220;Govori mojim jezikom&#8221; koje \u0107e se odr\u017eati 2.4. (subota) na Svjetski dan svjesnosti o autizmu u prostorijama UOSI PRIJATELJ, Ante Star\u010devi\u0107a 19, (stari vrti\u0107) u 10.30 sati. Magistrica psihologije i prakti\u010dar terapije igrom, koja se bavi psiholo\u0161kom procjenom, ranom intervencijom i terapijom igrom s [&hellip;]\" \/>\n<meta property=\"og:url\" content=\"https:\/\/likemetkovic.hr\/svjetski-dan-svjesnosti-autizmu\/\" \/>\n<meta property=\"og:site_name\" content=\"likemetkovic.hr\" \/>\n<meta property=\"article:publisher\" content=\"https:\/\/www.facebook.com\/likemetkovic.hr\/\" \/>\n<meta property=\"article:published_time\" content=\"2016-03-30T10:19:18+00:00\" \/>\n<meta property=\"og:image\" content=\"https:\/\/likemetkovic.hr\/wp-content\/uploads\/2016\/03\/udruga-prijatelkj.jpg\" \/>\n\t<meta property=\"og:image:width\" content=\"904\" \/>\n\t<meta property=\"og:image:height\" content=\"600\" \/>\n\t<meta property=\"og:image:type\" content=\"image\/jpeg\" \/>\n<meta name=\"author\" content=\"LIKEmetkovic.hr\" \/>\n<meta name=\"twitter:card\" content=\"summary_large_image\" \/>\n<meta name=\"twitter:label1\" content=\"Napisao\/la\" \/>\n\t<meta name=\"twitter:data1\" content=\"LIKEmetkovic.hr\" \/>\n\t<meta name=\"twitter:label2\" content=\"Procijenjeno vrijeme \u010ditanja\" \/>\n\t<meta name=\"twitter:data2\" content=\"2 minute\" \/>\n<script type=\"application\/ld+json\" class=\"yoast-schema-graph\">{\"@context\":\"https:\/\/schema.org\",\"@graph\":[{\"@type\":\"WebPage\",\"@id\":\"https:\/\/likemetkovic.hr\/svjetski-dan-svjesnosti-autizmu\/\",\"url\":\"https:\/\/likemetkovic.hr\/svjetski-dan-svjesnosti-autizmu\/\",\"name\":\"Povodom Svjetskog dana svjesnosti o autizmu predavanje Maje Bona\u010di\u0107 u Udruzi Prijatelj - likemetkovic.hr\",\"isPartOf\":{\"@id\":\"https:\/\/likemetkovic.hr\/#website\"},\"primaryImageOfPage\":{\"@id\":\"https:\/\/likemetkovic.hr\/svjetski-dan-svjesnosti-autizmu\/#primaryimage\"},\"image\":{\"@id\":\"https:\/\/likemetkovic.hr\/svjetski-dan-svjesnosti-autizmu\/#primaryimage\"},\"thumbnailUrl\":\"https:\/\/likemetkovic.hr\/portal\/wp-content\/uploads\/2016\/03\/udruga-prijatelkj.jpg\",\"datePublished\":\"2016-03-30T10:19:18+00:00\",\"author\":{\"@id\":\"https:\/\/likemetkovic.hr\/#\/schema\/person\/a42711f3385a0e2be6f7e0443bfb28f0\"},\"breadcrumb\":{\"@id\":\"https:\/\/likemetkovic.hr\/svjetski-dan-svjesnosti-autizmu\/#breadcrumb\"},\"inLanguage\":\"hr\",\"potentialAction\":[{\"@type\":\"ReadAction\",\"target\":[\"https:\/\/likemetkovic.hr\/svjetski-dan-svjesnosti-autizmu\/\"]}]},{\"@type\":\"ImageObject\",\"inLanguage\":\"hr\",\"@id\":\"https:\/\/likemetkovic.hr\/svjetski-dan-svjesnosti-autizmu\/#primaryimage\",\"url\":\"https:\/\/likemetkovic.hr\/portal\/wp-content\/uploads\/2016\/03\/udruga-prijatelkj.jpg\",\"contentUrl\":\"https:\/\/likemetkovic.hr\/portal\/wp-content\/uploads\/2016\/03\/udruga-prijatelkj.jpg\",\"width\":904,\"height\":600},{\"@type\":\"BreadcrumbList\",\"@id\":\"https:\/\/likemetkovic.hr\/svjetski-dan-svjesnosti-autizmu\/#breadcrumb\",\"itemListElement\":[{\"@type\":\"ListItem\",\"position\":1,\"name\":\"Po\u010detna stranica\",\"item\":\"https:\/\/likemetkovic.hr\/portal\/\"},{\"@type\":\"ListItem\",\"position\":2,\"name\":\"Povodom Svjetskog dana svjesnosti o autizmu predavanje Maje Bona\u010di\u0107 u Udruzi Prijatelj\"}]},{\"@type\":\"WebSite\",\"@id\":\"https:\/\/likemetkovic.hr\/#website\",\"url\":\"https:\/\/likemetkovic.hr\/\",\"name\":\"likemetkovic.hr\",\"description\":\"Misli pozitivno... \u010ditaj LIKE\",\"potentialAction\":[{\"@type\":\"SearchAction\",\"target\":{\"@type\":\"EntryPoint\",\"urlTemplate\":\"https:\/\/likemetkovic.hr\/?s={search_term_string}\"},\"query-input\":{\"@type\":\"PropertyValueSpecification\",\"valueRequired\":true,\"valueName\":\"search_term_string\"}}],\"inLanguage\":\"hr\"},{\"@type\":\"Person\",\"@id\":\"https:\/\/likemetkovic.hr\/#\/schema\/person\/a42711f3385a0e2be6f7e0443bfb28f0\",\"name\":\"LIKEmetkovic.hr\",\"sameAs\":[\"http:\/\/likemetkovic.hr\"],\"url\":\"https:\/\/likemetkovic.hr\/portal\/author\/likemetkovic-hr\/\"}]}<\/script>\n<!-- \/ Yoast SEO plugin. -->","yoast_head_json":{"title":"Povodom Svjetskog dana svjesnosti o autizmu predavanje Maje Bona\u010di\u0107 u Udruzi Prijatelj - likemetkovic.hr","robots":{"index":"index","follow":"follow","max-snippet":"max-snippet:-1","max-image-preview":"max-image-preview:large","max-video-preview":"max-video-preview:-1"},"canonical":"https:\/\/likemetkovic.hr\/svjetski-dan-svjesnosti-autizmu\/","og_locale":"hr_HR","og_type":"article","og_title":"Povodom Svjetskog dana svjesnosti o autizmu predavanje Maje Bona\u010di\u0107 u Udruzi Prijatelj - likemetkovic.hr","og_description":"Udruga osoba s invaliditetom \u00a0\u201c PRIJATELJ\u201c \u00a0Vas \u00a0poziva na besplatno predavanje &#8220;Govori mojim jezikom&#8221; koje \u0107e se odr\u017eati 2.4. (subota) na Svjetski dan svjesnosti o autizmu u prostorijama UOSI PRIJATELJ, Ante Star\u010devi\u0107a 19, (stari vrti\u0107) u 10.30 sati. Magistrica psihologije i prakti\u010dar terapije igrom, koja se bavi psiholo\u0161kom procjenom, ranom intervencijom i terapijom igrom s [&hellip;]","og_url":"https:\/\/likemetkovic.hr\/svjetski-dan-svjesnosti-autizmu\/","og_site_name":"likemetkovic.hr","article_publisher":"https:\/\/www.facebook.com\/likemetkovic.hr\/","article_published_time":"2016-03-30T10:19:18+00:00","og_image":[{"width":904,"height":600,"url":"https:\/\/likemetkovic.hr\/wp-content\/uploads\/2016\/03\/udruga-prijatelkj.jpg","type":"image\/jpeg"}],"author":"LIKEmetkovic.hr","twitter_card":"summary_large_image","twitter_misc":{"Napisao\/la":"LIKEmetkovic.hr","Procijenjeno vrijeme \u010ditanja":"2 minute"},"schema":{"@context":"https:\/\/schema.org","@graph":[{"@type":"WebPage","@id":"https:\/\/likemetkovic.hr\/svjetski-dan-svjesnosti-autizmu\/","url":"https:\/\/likemetkovic.hr\/svjetski-dan-svjesnosti-autizmu\/","name":"Povodom Svjetskog dana svjesnosti o autizmu predavanje Maje Bona\u010di\u0107 u Udruzi Prijatelj - likemetkovic.hr","isPartOf":{"@id":"https:\/\/likemetkovic.hr\/#website"},"primaryImageOfPage":{"@id":"https:\/\/likemetkovic.hr\/svjetski-dan-svjesnosti-autizmu\/#primaryimage"},"image":{"@id":"https:\/\/likemetkovic.hr\/svjetski-dan-svjesnosti-autizmu\/#primaryimage"},"thumbnailUrl":"https:\/\/likemetkovic.hr\/portal\/wp-content\/uploads\/2016\/03\/udruga-prijatelkj.jpg","datePublished":"2016-03-30T10:19:18+00:00","author":{"@id":"https:\/\/likemetkovic.hr\/#\/schema\/person\/a42711f3385a0e2be6f7e0443bfb28f0"},"breadcrumb":{"@id":"https:\/\/likemetkovic.hr\/svjetski-dan-svjesnosti-autizmu\/#breadcrumb"},"inLanguage":"hr","potentialAction":[{"@type":"ReadAction","target":["https:\/\/likemetkovic.hr\/svjetski-dan-svjesnosti-autizmu\/"]}]},{"@type":"ImageObject","inLanguage":"hr","@id":"https:\/\/likemetkovic.hr\/svjetski-dan-svjesnosti-autizmu\/#primaryimage","url":"https:\/\/likemetkovic.hr\/portal\/wp-content\/uploads\/2016\/03\/udruga-prijatelkj.jpg","contentUrl":"https:\/\/likemetkovic.hr\/portal\/wp-content\/uploads\/2016\/03\/udruga-prijatelkj.jpg","width":904,"height":600},{"@type":"BreadcrumbList","@id":"https:\/\/likemetkovic.hr\/svjetski-dan-svjesnosti-autizmu\/#breadcrumb","itemListElement":[{"@type":"ListItem","position":1,"name":"Po\u010detna stranica","item":"https:\/\/likemetkovic.hr\/portal\/"},{"@type":"ListItem","position":2,"name":"Povodom Svjetskog dana svjesnosti o autizmu predavanje Maje Bona\u010di\u0107 u Udruzi Prijatelj"}]},{"@type":"WebSite","@id":"https:\/\/likemetkovic.hr\/#website","url":"https:\/\/likemetkovic.hr\/","name":"likemetkovic.hr","description":"Misli pozitivno... \u010ditaj LIKE","potentialAction":[{"@type":"SearchAction","target":{"@type":"EntryPoint","urlTemplate":"https:\/\/likemetkovic.hr\/?s={search_term_string}"},"query-input":{"@type":"PropertyValueSpecification","valueRequired":true,"valueName":"search_term_string"}}],"inLanguage":"hr"},{"@type":"Person","@id":"https:\/\/likemetkovic.hr\/#\/schema\/person\/a42711f3385a0e2be6f7e0443bfb28f0","name":"LIKEmetkovic.hr","sameAs":["http:\/\/likemetkovic.hr"],"url":"https:\/\/likemetkovic.hr\/portal\/author\/likemetkovic-hr\/"}]}},"_links":{"self":[{"href":"https:\/\/likemetkovic.hr\/portal\/wp-json\/wp\/v2\/posts\/18150","targetHints":{"allow":["GET"]}}],"collection":[{"href":"https:\/\/likemetkovic.hr\/portal\/wp-json\/wp\/v2\/posts"}],"about":[{"href":"https:\/\/likemetkovic.hr\/portal\/wp-json\/wp\/v2\/types\/post"}],"author":[{"embeddable":true,"href":"https:\/\/likemetkovic.hr\/portal\/wp-json\/wp\/v2\/users\/7"}],"replies":[{"embeddable":true,"href":"https:\/\/likemetkovic.hr\/portal\/wp-json\/wp\/v2\/comments?post=18150"}],"version-history":[{"count":0,"href":"https:\/\/likemetkovic.hr\/portal\/wp-json\/wp\/v2\/posts\/18150\/revisions"}],"wp:featuredmedia":[{"embeddable":true,"href":"https:\/\/likemetkovic.hr\/portal\/wp-json\/wp\/v2\/media\/18151"}],"wp:attachment":[{"href":"https:\/\/likemetkovic.hr\/portal\/wp-json\/wp\/v2\/media?parent=18150"}],"wp:term":[{"taxonomy":"category","embeddable":true,"href":"https:\/\/likemetkovic.hr\/portal\/wp-json\/wp\/v2\/categories?post=18150"},{"taxonomy":"post_tag","embeddable":true,"href":"https:\/\/likemetkovic.hr\/portal\/wp-json\/wp\/v2\/tags?post=18150"}],"curies":[{"name":"wp","href":"https:\/\/api.w.org\/{rel}","templated":true}]}}