{"id":18163,"date":"2016-03-31T06:31:01","date_gmt":"2016-03-31T05:31:01","guid":{"rendered":"http:\/\/likemetkovic.hr\/?p=18163"},"modified":"2016-03-31T06:32:38","modified_gmt":"2016-03-31T05:32:38","slug":"novi-rezim-nadzora-ulici-marka-marulica","status":"publish","type":"post","link":"https:\/\/likemetkovic.hr\/portal\/novi-rezim-nadzora-ulici-marka-marulica\/","title":{"rendered":"Novi re\u017eim nadzora u ulici Marka Maruli\u0107a"},"content":{"rendered":"<p align=\"justify\"><span style=\"font-family: Verdana;\">Predstavljanje novoga re\u017eima nadzora dr\u017eavne granice u Ulici Marka Maruli\u0107a okupilo je ju\u010der u Galeriji Gradskoga kulturnog sredi\u0161ta Metkovi\u0107 brojne gra\u0111ane koji \u017eive u toj ulici s obiju strana granice, ali i one iz susjedstva.<\/span><\/p>\n<p class=\"vijest2\">Okupljenima se uime Grada Metkovi\u0107a uvodno obratio zamjenik gradona\u010delnice<strong> Nikola Grmoja<\/strong> podsjetiv\u0161i na probleme koji su oko grani\u010dnih prijelaza nastali nakon \u0161to je Hrvatska u\u0161la u EU. Takav je problem postojao na grani\u010dnom prijelazu prema Gabeli Polju, ali je on na inicijativu biv\u0161ega gradona\u010delnika Petrova privremeno rije\u0161en progla\u0161enjem toga prijelaza me\u0111unarodnim.<\/p>\n<p class=\"vijest2\"><strong>\u017deljko Lon\u010dar<\/strong> iz Ministarstva unutarnjih poslova Republike Hrvatske odr\u017eao je prezentaciju rje\u0161enja nadzora dr\u017eavne granice u ulici Marka Maruli\u0107a u Metkovi\u0107u, tijekom koje je gra\u0111anima nastojao pojasniti sustav za\u0161tite i nadzora u tom pograni\u010dnom podru\u010dju. Sustav je izgradila tvrtka <i>Tehnomobil Securitas<\/i> i on \u0107e pokrivati 1700 metara ulice. To uklju\u010duje videonadzor, za\u0161titne rampe, kontrole pristupa i interfone. Lon\u010dar je naglasio da se prilikom obavljanja za\u0161tite i nadzora granice ne\u0107e naru\u0161avati privatnost gra\u0111ana jer \u0107e kamere pokrivati samo ulicu, a ne i njihova dvori\u0161ta. Sredi\u0161nji nadzor kompletnog sustava bit \u0107e smje\u0161ten u Policijskoj postaji Metkovi\u0107 s mogu\u0107no\u0161\u0107u izravnog pristupa sustavu iz Kontrolnoga centra u Zagrebu. Lon\u010dar je naglasio da je predlo\u017eeno rje\u0161enje za gra\u0111ane puno bolje od onoga koje je predlagano, a to je postavljanje visoke ograde du\u017e cijele ulice.<\/p>\n<p class=\"vijest2\">Re\u010deno je da \u0107e stanovnici ulica u pograni\u010dnom podru\u010dju dobiti identifikacijske kartice s kojima \u0107e putem \u010dita\u010da na grani\u010dnim punktovima mo\u0107i pro\u0107i sustav grani\u010dne kontrole. Prema izvedenom rje\u0161enju na podru\u010dju Ulice Marka Maruli\u0107a planira se postaviti pet rampa; jedna na po\u010detku ulice pokraj GP, jedna u sredini na odvojku prema naselju Gabeli Polju te tri na samome kraju ulice na Glibu\u0161i.<\/p>\n<p class=\"vijest2\">Voditelj Slu\u017ebe nacionalnoga koordinacijskog centra i analize rizika <strong>Vjekoslav Maji\u0107<\/strong> govorio je o opravdanosti nadzora i za\u0161tite pograni\u010dnog podru\u010dja, istaknuv\u0161i da je sve \u0161to se \u010dini u tom pogledu na dobrobit gra\u0111ana, a ne suprotno.<\/p>\n<p class=\"vijest2\">Gra\u0111ani su se ubrzo po\u010deli javljati za rije\u010d. Osim raznih pitanja predstavlja\u010dima zapo\u010deli su \u017eu\u010dnu raspravu s njima, ali i me\u0111usobno. Kao glavni problem isticali su rampu koja je zami\u0161ljena na po\u010detku Maruli\u0107eve ulice te su podsjetili na postoje\u0107e gu\u017eve i kolone koje nastaju zbog uskoga grla na prilazu toj ulici. Gra\u0111ani su zabrinuti da zbog takvoga re\u017eima prelaska granice ne\u0107e imati potrebnu slobodu za pristup vlastitim domovima, ponajprije zbog poja\u010danoga pograni\u010dnoga prometa u sezoni. Tvrde da \u0107e se postavljanjem rampe gu\u017eve na tome uskom dijelu jo\u0161 vi\u0161e pove\u0107ati. Nadalje, gra\u0111ani su tra\u017eili da Ulica M. Maruli\u0107e ne bude slijepa ulica, nego da im se ulazak u nju omogu\u0107i i iz smjera Glibu\u0161e. To im je va\u017eno kada su na GP velike gu\u017eve, zbog \u010dega se u Hercegova\u010dkoj stvaraju kolone automobila pa oni ne mogu do svojih ku\u0107a.<\/p>\n<p class=\"vijest2\">Okupljenima su se jo\u0161 obra\u0107ali<strong> Drago Toli\u0107<\/strong> iz Carinske uprave, na\u010delnik Postaje grani\u010dne policije Metkovi\u0107 <strong>Zoran Puli\u0107<\/strong> te na\u010delnik PP Metkovi\u0107 <strong>Dragan Sr\u0161en<\/strong>. Svi su oni gra\u0111anima nastojali objasniti prednosti zami\u0161ljenoga sustava nadzora i za\u0161tite granice.<\/p>\n<p class=\"vijest2\">Zaklju\u010dno, gradona\u010delnica Ujdur i zamjenik Grmoja rekli su da \u0107e Grad pomo\u0107i oko rje\u0161avanja problema koje su gra\u0111ani naveli. Iz Grada \u0107e uputiti dopis s apelom nadle\u017enim institucijama da se rije\u0161i problem s rampom na po\u010detku Maruli\u0107eve te da se svim ostalim gra\u0111anima koji tamo zalaze poslom ili prijateljima i rodbini \u0161to vi\u0161e olak\u0161a i ubrza prolazak kroz grani\u010dnu kontrolu.<\/p>\n<p class=\"vijest2\">Foto: metkovic.hr<\/p>\n<p>&nbsp;<\/p>\n","protected":false},"excerpt":{"rendered":"<p>Predstavljanje novoga re\u017eima nadzora dr\u017eavne granice u Ulici Marka Maruli\u0107a okupilo je ju\u010der u Galeriji Gradskoga kulturnog sredi\u0161ta Metkovi\u0107 brojne gra\u0111ane koji \u017eive u toj ulici s obiju strana granice, ali i one iz susjedstva. Okupljenima se uime Grada Metkovi\u0107a uvodno obratio zamjenik gradona\u010delnice Nikola Grmoja podsjetiv\u0161i na probleme koji su oko grani\u010dnih prijelaza nastali [&hellip;]<\/p>\n","protected":false},"author":7,"featured_media":18164,"comment_status":"open","ping_status":"open","sticky":false,"template":"","format":"standard","meta":{"footnotes":""},"categories":[283,11],"tags":[],"class_list":{"0":"post-18163","1":"post","2":"type-post","3":"status-publish","4":"format-standard","5":"has-post-thumbnail","7":"category-a","8":"category-metkovic-dolina"},"yoast_head":"<!-- This site is optimized with the Yoast SEO plugin v25.2 - https:\/\/yoast.com\/wordpress\/plugins\/seo\/ -->\n<title>Novi re\u017eim nadzora u ulici Marka Maruli\u0107a - likemetkovic.hr<\/title>\n<meta name=\"robots\" content=\"index, follow, max-snippet:-1, max-image-preview:large, max-video-preview:-1\" \/>\n<link rel=\"canonical\" href=\"https:\/\/likemetkovic.hr\/novi-rezim-nadzora-ulici-marka-marulica\/\" \/>\n<meta property=\"og:locale\" content=\"hr_HR\" \/>\n<meta property=\"og:type\" content=\"article\" \/>\n<meta property=\"og:title\" content=\"Novi re\u017eim nadzora u ulici Marka Maruli\u0107a - likemetkovic.hr\" \/>\n<meta property=\"og:description\" content=\"Predstavljanje novoga re\u017eima nadzora dr\u017eavne granice u Ulici Marka Maruli\u0107a okupilo je ju\u010der u Galeriji Gradskoga kulturnog sredi\u0161ta Metkovi\u0107 brojne gra\u0111ane koji \u017eive u toj ulici s obiju strana granice, ali i one iz susjedstva. Okupljenima se uime Grada Metkovi\u0107a uvodno obratio zamjenik gradona\u010delnice Nikola Grmoja podsjetiv\u0161i na probleme koji su oko grani\u010dnih prijelaza nastali [&hellip;]\" \/>\n<meta property=\"og:url\" content=\"https:\/\/likemetkovic.hr\/novi-rezim-nadzora-ulici-marka-marulica\/\" \/>\n<meta property=\"og:site_name\" content=\"likemetkovic.hr\" \/>\n<meta property=\"article:publisher\" content=\"https:\/\/www.facebook.com\/likemetkovic.hr\/\" \/>\n<meta property=\"article:published_time\" content=\"2016-03-31T05:31:01+00:00\" \/>\n<meta property=\"article:modified_time\" content=\"2016-03-31T05:32:38+00:00\" \/>\n<meta property=\"og:image\" content=\"https:\/\/likemetkovic.hr\/wp-content\/uploads\/2016\/03\/ra\u017eim-nadzora-granice_1.jpg\" \/>\n\t<meta property=\"og:image:width\" content=\"900\" \/>\n\t<meta property=\"og:image:height\" content=\"600\" \/>\n\t<meta property=\"og:image:type\" content=\"image\/jpeg\" \/>\n<meta name=\"author\" content=\"LIKEmetkovic.hr\" \/>\n<meta name=\"twitter:card\" content=\"summary_large_image\" \/>\n<meta name=\"twitter:label1\" content=\"Napisao\/la\" \/>\n\t<meta name=\"twitter:data1\" content=\"LIKEmetkovic.hr\" \/>\n\t<meta name=\"twitter:label2\" content=\"Procijenjeno vrijeme \u010ditanja\" \/>\n\t<meta name=\"twitter:data2\" content=\"3 minute\" \/>\n<script type=\"application\/ld+json\" class=\"yoast-schema-graph\">{\"@context\":\"https:\/\/schema.org\",\"@graph\":[{\"@type\":\"WebPage\",\"@id\":\"https:\/\/likemetkovic.hr\/novi-rezim-nadzora-ulici-marka-marulica\/\",\"url\":\"https:\/\/likemetkovic.hr\/novi-rezim-nadzora-ulici-marka-marulica\/\",\"name\":\"Novi re\u017eim nadzora u ulici Marka Maruli\u0107a - likemetkovic.hr\",\"isPartOf\":{\"@id\":\"https:\/\/likemetkovic.hr\/#website\"},\"primaryImageOfPage\":{\"@id\":\"https:\/\/likemetkovic.hr\/novi-rezim-nadzora-ulici-marka-marulica\/#primaryimage\"},\"image\":{\"@id\":\"https:\/\/likemetkovic.hr\/novi-rezim-nadzora-ulici-marka-marulica\/#primaryimage\"},\"thumbnailUrl\":\"https:\/\/likemetkovic.hr\/portal\/wp-content\/uploads\/2016\/03\/ra\u017eim-nadzora-granice_1.jpg\",\"datePublished\":\"2016-03-31T05:31:01+00:00\",\"dateModified\":\"2016-03-31T05:32:38+00:00\",\"author\":{\"@id\":\"https:\/\/likemetkovic.hr\/#\/schema\/person\/a42711f3385a0e2be6f7e0443bfb28f0\"},\"breadcrumb\":{\"@id\":\"https:\/\/likemetkovic.hr\/novi-rezim-nadzora-ulici-marka-marulica\/#breadcrumb\"},\"inLanguage\":\"hr\",\"potentialAction\":[{\"@type\":\"ReadAction\",\"target\":[\"https:\/\/likemetkovic.hr\/novi-rezim-nadzora-ulici-marka-marulica\/\"]}]},{\"@type\":\"ImageObject\",\"inLanguage\":\"hr\",\"@id\":\"https:\/\/likemetkovic.hr\/novi-rezim-nadzora-ulici-marka-marulica\/#primaryimage\",\"url\":\"https:\/\/likemetkovic.hr\/portal\/wp-content\/uploads\/2016\/03\/ra\u017eim-nadzora-granice_1.jpg\",\"contentUrl\":\"https:\/\/likemetkovic.hr\/portal\/wp-content\/uploads\/2016\/03\/ra\u017eim-nadzora-granice_1.jpg\",\"width\":900,\"height\":600},{\"@type\":\"BreadcrumbList\",\"@id\":\"https:\/\/likemetkovic.hr\/novi-rezim-nadzora-ulici-marka-marulica\/#breadcrumb\",\"itemListElement\":[{\"@type\":\"ListItem\",\"position\":1,\"name\":\"Po\u010detna stranica\",\"item\":\"https:\/\/likemetkovic.hr\/portal\/\"},{\"@type\":\"ListItem\",\"position\":2,\"name\":\"Novi re\u017eim nadzora u ulici Marka Maruli\u0107a\"}]},{\"@type\":\"WebSite\",\"@id\":\"https:\/\/likemetkovic.hr\/#website\",\"url\":\"https:\/\/likemetkovic.hr\/\",\"name\":\"likemetkovic.hr\",\"description\":\"Misli pozitivno... \u010ditaj LIKE\",\"potentialAction\":[{\"@type\":\"SearchAction\",\"target\":{\"@type\":\"EntryPoint\",\"urlTemplate\":\"https:\/\/likemetkovic.hr\/?s={search_term_string}\"},\"query-input\":{\"@type\":\"PropertyValueSpecification\",\"valueRequired\":true,\"valueName\":\"search_term_string\"}}],\"inLanguage\":\"hr\"},{\"@type\":\"Person\",\"@id\":\"https:\/\/likemetkovic.hr\/#\/schema\/person\/a42711f3385a0e2be6f7e0443bfb28f0\",\"name\":\"LIKEmetkovic.hr\",\"sameAs\":[\"http:\/\/likemetkovic.hr\"],\"url\":\"https:\/\/likemetkovic.hr\/portal\/author\/likemetkovic-hr\/\"}]}<\/script>\n<!-- \/ Yoast SEO plugin. -->","yoast_head_json":{"title":"Novi re\u017eim nadzora u ulici Marka Maruli\u0107a - likemetkovic.hr","robots":{"index":"index","follow":"follow","max-snippet":"max-snippet:-1","max-image-preview":"max-image-preview:large","max-video-preview":"max-video-preview:-1"},"canonical":"https:\/\/likemetkovic.hr\/novi-rezim-nadzora-ulici-marka-marulica\/","og_locale":"hr_HR","og_type":"article","og_title":"Novi re\u017eim nadzora u ulici Marka Maruli\u0107a - likemetkovic.hr","og_description":"Predstavljanje novoga re\u017eima nadzora dr\u017eavne granice u Ulici Marka Maruli\u0107a okupilo je ju\u010der u Galeriji Gradskoga kulturnog sredi\u0161ta Metkovi\u0107 brojne gra\u0111ane koji \u017eive u toj ulici s obiju strana granice, ali i one iz susjedstva. Okupljenima se uime Grada Metkovi\u0107a uvodno obratio zamjenik gradona\u010delnice Nikola Grmoja podsjetiv\u0161i na probleme koji su oko grani\u010dnih prijelaza nastali [&hellip;]","og_url":"https:\/\/likemetkovic.hr\/novi-rezim-nadzora-ulici-marka-marulica\/","og_site_name":"likemetkovic.hr","article_publisher":"https:\/\/www.facebook.com\/likemetkovic.hr\/","article_published_time":"2016-03-31T05:31:01+00:00","article_modified_time":"2016-03-31T05:32:38+00:00","og_image":[{"width":900,"height":600,"url":"https:\/\/likemetkovic.hr\/wp-content\/uploads\/2016\/03\/ra\u017eim-nadzora-granice_1.jpg","type":"image\/jpeg"}],"author":"LIKEmetkovic.hr","twitter_card":"summary_large_image","twitter_misc":{"Napisao\/la":"LIKEmetkovic.hr","Procijenjeno vrijeme \u010ditanja":"3 minute"},"schema":{"@context":"https:\/\/schema.org","@graph":[{"@type":"WebPage","@id":"https:\/\/likemetkovic.hr\/novi-rezim-nadzora-ulici-marka-marulica\/","url":"https:\/\/likemetkovic.hr\/novi-rezim-nadzora-ulici-marka-marulica\/","name":"Novi re\u017eim nadzora u ulici Marka Maruli\u0107a - likemetkovic.hr","isPartOf":{"@id":"https:\/\/likemetkovic.hr\/#website"},"primaryImageOfPage":{"@id":"https:\/\/likemetkovic.hr\/novi-rezim-nadzora-ulici-marka-marulica\/#primaryimage"},"image":{"@id":"https:\/\/likemetkovic.hr\/novi-rezim-nadzora-ulici-marka-marulica\/#primaryimage"},"thumbnailUrl":"https:\/\/likemetkovic.hr\/portal\/wp-content\/uploads\/2016\/03\/ra\u017eim-nadzora-granice_1.jpg","datePublished":"2016-03-31T05:31:01+00:00","dateModified":"2016-03-31T05:32:38+00:00","author":{"@id":"https:\/\/likemetkovic.hr\/#\/schema\/person\/a42711f3385a0e2be6f7e0443bfb28f0"},"breadcrumb":{"@id":"https:\/\/likemetkovic.hr\/novi-rezim-nadzora-ulici-marka-marulica\/#breadcrumb"},"inLanguage":"hr","potentialAction":[{"@type":"ReadAction","target":["https:\/\/likemetkovic.hr\/novi-rezim-nadzora-ulici-marka-marulica\/"]}]},{"@type":"ImageObject","inLanguage":"hr","@id":"https:\/\/likemetkovic.hr\/novi-rezim-nadzora-ulici-marka-marulica\/#primaryimage","url":"https:\/\/likemetkovic.hr\/portal\/wp-content\/uploads\/2016\/03\/ra\u017eim-nadzora-granice_1.jpg","contentUrl":"https:\/\/likemetkovic.hr\/portal\/wp-content\/uploads\/2016\/03\/ra\u017eim-nadzora-granice_1.jpg","width":900,"height":600},{"@type":"BreadcrumbList","@id":"https:\/\/likemetkovic.hr\/novi-rezim-nadzora-ulici-marka-marulica\/#breadcrumb","itemListElement":[{"@type":"ListItem","position":1,"name":"Po\u010detna stranica","item":"https:\/\/likemetkovic.hr\/portal\/"},{"@type":"ListItem","position":2,"name":"Novi re\u017eim nadzora u ulici Marka Maruli\u0107a"}]},{"@type":"WebSite","@id":"https:\/\/likemetkovic.hr\/#website","url":"https:\/\/likemetkovic.hr\/","name":"likemetkovic.hr","description":"Misli pozitivno... \u010ditaj LIKE","potentialAction":[{"@type":"SearchAction","target":{"@type":"EntryPoint","urlTemplate":"https:\/\/likemetkovic.hr\/?s={search_term_string}"},"query-input":{"@type":"PropertyValueSpecification","valueRequired":true,"valueName":"search_term_string"}}],"inLanguage":"hr"},{"@type":"Person","@id":"https:\/\/likemetkovic.hr\/#\/schema\/person\/a42711f3385a0e2be6f7e0443bfb28f0","name":"LIKEmetkovic.hr","sameAs":["http:\/\/likemetkovic.hr"],"url":"https:\/\/likemetkovic.hr\/portal\/author\/likemetkovic-hr\/"}]}},"_links":{"self":[{"href":"https:\/\/likemetkovic.hr\/portal\/wp-json\/wp\/v2\/posts\/18163","targetHints":{"allow":["GET"]}}],"collection":[{"href":"https:\/\/likemetkovic.hr\/portal\/wp-json\/wp\/v2\/posts"}],"about":[{"href":"https:\/\/likemetkovic.hr\/portal\/wp-json\/wp\/v2\/types\/post"}],"author":[{"embeddable":true,"href":"https:\/\/likemetkovic.hr\/portal\/wp-json\/wp\/v2\/users\/7"}],"replies":[{"embeddable":true,"href":"https:\/\/likemetkovic.hr\/portal\/wp-json\/wp\/v2\/comments?post=18163"}],"version-history":[{"count":0,"href":"https:\/\/likemetkovic.hr\/portal\/wp-json\/wp\/v2\/posts\/18163\/revisions"}],"wp:featuredmedia":[{"embeddable":true,"href":"https:\/\/likemetkovic.hr\/portal\/wp-json\/wp\/v2\/media\/18164"}],"wp:attachment":[{"href":"https:\/\/likemetkovic.hr\/portal\/wp-json\/wp\/v2\/media?parent=18163"}],"wp:term":[{"taxonomy":"category","embeddable":true,"href":"https:\/\/likemetkovic.hr\/portal\/wp-json\/wp\/v2\/categories?post=18163"},{"taxonomy":"post_tag","embeddable":true,"href":"https:\/\/likemetkovic.hr\/portal\/wp-json\/wp\/v2\/tags?post=18163"}],"curies":[{"name":"wp","href":"https:\/\/api.w.org\/{rel}","templated":true}]}}