{"id":18407,"date":"2016-04-06T07:46:23","date_gmt":"2016-04-06T05:46:23","guid":{"rendered":"http:\/\/likemetkovic.hr\/?p=18407"},"modified":"2018-06-02T14:58:31","modified_gmt":"2018-06-02T12:58:31","slug":"veslaci-neretvanskog-gusara-regatama-splitu-budimpesti-splita-osvojili-zlato-srebro","status":"publish","type":"post","link":"https:\/\/likemetkovic.hr\/portal\/veslaci-neretvanskog-gusara-regatama-splitu-budimpesti-splita-osvojili-zlato-srebro\/","title":{"rendered":"Vesla\u010di Neretvanskog gusara na regatama u Splitu i Budimpe\u0161ti &#8211; u Splitu osvojeno zlato i srebro"},"content":{"rendered":"<p>Na regatnoj stazi splitskog Spinuta 2. travnja 2016. godine odr\u017eana je regata Kupa Dalmacije \u2013 memorijal Zlatko Celent.<strong> Nata\u0161a \u0160usti\u0107<\/strong> je u konkurenciji seniorki u samcu osvojila srebro, a <strong>Aleksandra Boras i Leonarda Krsti\u010devi\u0107<\/strong> u konkureciji kadetkinja A u dvojcu na pari\u0107e osvojile su zlato. Sljede\u0107e regata Kupa Dalmacije predvi\u0111ena je u Dubrovniku dana 23. travnja 2016., no prije toga ve\u0107 u ovaj petak putujemo u Zagreb na me\u0111unarodnu regatu \u201eCroatia Open\u201c k<span class=\"text_exposed_show\">oja se odr\u017eava 9. i 10. travnja 2016. na Jarunu.<\/span><\/p>\n<div class=\"text_exposed_show\">\n<p>Istog dana osmerac veterana (u kombinaciji sa 2 \u010dlana HAVK Mladost) nastupio je na II. Capital Cup regati u Budimpe\u0161ti. Na regati su nastupile ukupno 62 posade osmeraca iz 10 zemalja Europske unije. Na\u017ealost, tijekom utrke na polovini staze dogodilo se puknu\u0107e vesla, zbog \u010dega smo na kraju zaostali oko 50 sekundi. Zanimljivo je da smo unato\u010d puknu\u0107u vesla imali samo 5 sekundi lo\u0161ije vrijeme od pro\u0161le godine (4500 m za 14.25 sek). Osim nastupa na regati, iskoristili smo priliku da pozovemo vesla\u010de na Neretva Open koji se odr\u017eava 17. srpnja 2016. Sljede\u0107a Capital Cup regata na kojoj \u0107emo nastupiti odr\u017eava se u Be\u010du 14. svibnja 2016.<\/p>\n\r\n                <style type=\"text\/css\">\r\n                    \r\n                    #tdi_1  .td-doubleSlider-2 .td-item1 {\r\n                        background: url(https:\/\/likemetkovic.hr\/portal\/wp-content\/uploads\/2016\/04\/vk-neretvanski-gusar-6_4_2016_1-80x60.jpg) 0 0 no-repeat;\r\n                    }\r\n                    #tdi_1  .td-doubleSlider-2 .td-item2 {\r\n                        background: url(https:\/\/likemetkovic.hr\/portal\/wp-content\/uploads\/2016\/04\/vk-neretvanski-gusar-6_4_2016_5-80x60.jpg) 0 0 no-repeat;\r\n                    }\r\n                <\/style>\r\n\r\n                <div id=\"tdi_1\" class=\"td-gallery td-slide-on-2-columns\">\r\n                    <div class=\"post_td_gallery\">\r\n                        <div class=\"td-gallery-slide-top\">\r\n                           <div class=\"td-gallery-title\"><\/div>\r\n\r\n                            <div class=\"td-gallery-controls-wrapper\">\r\n                                <div class=\"td-gallery-slide-count\"><span class=\"td-gallery-slide-item-focus\">1<\/span> of 2<\/div>\r\n                                <div class=\"td-gallery-slide-prev-next-but\">\r\n                                    <i class = \"td-icon-left doubleSliderPrevButton\"><\/i>\r\n                                    <i class = \"td-icon-right doubleSliderNextButton\"><\/i>\r\n                                <\/div>\r\n                            <\/div>\r\n                        <\/div>\r\n\r\n                        <div class = \"td-doubleSlider-1 \">\r\n                            <div class = \"td-slider\">\r\n                                \r\n                    <div class = \"td-slide-item td-item1\">\r\n                        <figure class=\"td-slide-galery-figure td-slide-popup-gallery\">\r\n                            <a class=\"slide-gallery-image-link\" href=\"https:\/\/likemetkovic.hr\/portal\/wp-content\/uploads\/2016\/04\/vk-neretvanski-gusar-6_4_2016_1.jpg\" title=\"vk neretvanski gusar 6_4_2016_1\"  data-caption=\"\"  data-description=\"\">\r\n                                <img decoding=\"async\" src=\"https:\/\/likemetkovic.hr\/portal\/wp-content\/uploads\/2016\/04\/vk-neretvanski-gusar-6_4_2016_1-603x420.jpg\" srcset=\"https:\/\/likemetkovic.hr\/portal\/wp-content\/uploads\/2016\/04\/vk-neretvanski-gusar-6_4_2016_1-603x420.jpg 603w, https:\/\/likemetkovic.hr\/portal\/wp-content\/uploads\/2016\/04\/vk-neretvanski-gusar-6_4_2016_1-300x209.jpg 300w, https:\/\/likemetkovic.hr\/portal\/wp-content\/uploads\/2016\/04\/vk-neretvanski-gusar-6_4_2016_1-768x535.jpg 768w, https:\/\/likemetkovic.hr\/portal\/wp-content\/uploads\/2016\/04\/vk-neretvanski-gusar-6_4_2016_1-640x446.jpg 640w, https:\/\/likemetkovic.hr\/portal\/wp-content\/uploads\/2016\/04\/vk-neretvanski-gusar-6_4_2016_1-100x70.jpg 100w, https:\/\/likemetkovic.hr\/portal\/wp-content\/uploads\/2016\/04\/vk-neretvanski-gusar-6_4_2016_1-696x485.jpg 696w, https:\/\/likemetkovic.hr\/portal\/wp-content\/uploads\/2016\/04\/vk-neretvanski-gusar-6_4_2016_1.jpg 861w\" sizes=\"(max-width: 603px) 100vw, 603px\" alt=\"\">\r\n                            <\/a>\r\n                            \r\n                        <\/figure>\r\n                    <\/div>\r\n                    <div class = \"td-slide-item td-item2\">\r\n                        <figure class=\"td-slide-galery-figure td-slide-popup-gallery\">\r\n                            <a class=\"slide-gallery-image-link\" href=\"https:\/\/likemetkovic.hr\/portal\/wp-content\/uploads\/2016\/04\/vk-neretvanski-gusar-6_4_2016_5.jpg\" title=\"vk neretvanski gusar 6_4_2016_5\"  data-caption=\"\"  data-description=\"\">\r\n                                <img decoding=\"async\" src=\"https:\/\/likemetkovic.hr\/portal\/wp-content\/uploads\/2016\/04\/vk-neretvanski-gusar-6_4_2016_5-704x420.jpg\" srcset=\"https:\/\/likemetkovic.hr\/portal\/wp-content\/uploads\/2016\/04\/vk-neretvanski-gusar-6_4_2016_5-704x420.jpg 704w, https:\/\/likemetkovic.hr\/portal\/wp-content\/uploads\/2016\/04\/vk-neretvanski-gusar-6_4_2016_5-300x179.jpg 300w, https:\/\/likemetkovic.hr\/portal\/wp-content\/uploads\/2016\/04\/vk-neretvanski-gusar-6_4_2016_5-768x458.jpg 768w, https:\/\/likemetkovic.hr\/portal\/wp-content\/uploads\/2016\/04\/vk-neretvanski-gusar-6_4_2016_5-640x382.jpg 640w, https:\/\/likemetkovic.hr\/portal\/wp-content\/uploads\/2016\/04\/vk-neretvanski-gusar-6_4_2016_5-696x415.jpg 696w, https:\/\/likemetkovic.hr\/portal\/wp-content\/uploads\/2016\/04\/vk-neretvanski-gusar-6_4_2016_5.jpg 1006w\" sizes=\"(max-width: 704px) 100vw, 704px\" alt=\"\">\r\n                            <\/a>\r\n                            \r\n                        <\/figure>\r\n                    <\/div>\r\n                            <\/div>\r\n                        <\/div>\r\n\r\n                        <div class = \"td-doubleSlider-2\">\r\n                            <div class = \"td-slider\">\r\n                                \r\n                    <div class = \"td-button td-item1\">\r\n                        <div class = \"td-border\"><\/div>\r\n                    <\/div>\r\n                    <div class = \"td-button td-item2\">\r\n                        <div class = \"td-border\"><\/div>\r\n                    <\/div>\r\n                            <\/div>\r\n                        <\/div>\r\n\r\n                    <\/div>\r\n\r\n                <\/div>\r\n                \n<\/div>\n","protected":false},"excerpt":{"rendered":"<p>Na regatnoj stazi splitskog Spinuta 2. travnja 2016. godine odr\u017eana je regata Kupa Dalmacije \u2013 memorijal Zlatko Celent. Nata\u0161a \u0160usti\u0107 je u konkurenciji seniorki u samcu osvojila srebro, a Aleksandra Boras i Leonarda Krsti\u010devi\u0107 u konkureciji kadetkinja A u dvojcu na pari\u0107e osvojile su zlato. Sljede\u0107e regata Kupa Dalmacije predvi\u0111ena je u Dubrovniku dana 23. [&hellip;]<\/p>\n","protected":false},"author":7,"featured_media":18408,"comment_status":"open","ping_status":"open","sticky":false,"template":"","format":"standard","meta":{"footnotes":""},"categories":[283,35],"tags":[],"class_list":{"0":"post-18407","1":"post","2":"type-post","3":"status-publish","4":"format-standard","5":"has-post-thumbnail","7":"category-a","8":"category-veslanje"},"yoast_head":"<!-- This site is optimized with the Yoast SEO plugin v25.2 - https:\/\/yoast.com\/wordpress\/plugins\/seo\/ -->\n<title>Vesla\u010di Neretvanskog gusara na regatama u Splitu i Budimpe\u0161ti - u Splitu osvojeno zlato i srebro - likemetkovic.hr<\/title>\n<meta name=\"robots\" content=\"index, follow, max-snippet:-1, max-image-preview:large, max-video-preview:-1\" \/>\n<link rel=\"canonical\" href=\"https:\/\/likemetkovic.hr\/veslaci-neretvanskog-gusara-regatama-splitu-budimpesti-splita-osvojili-zlato-srebro\/\" \/>\n<meta property=\"og:locale\" content=\"hr_HR\" \/>\n<meta property=\"og:type\" content=\"article\" \/>\n<meta property=\"og:title\" content=\"Vesla\u010di Neretvanskog gusara na regatama u Splitu i Budimpe\u0161ti - u Splitu osvojeno zlato i srebro - likemetkovic.hr\" \/>\n<meta property=\"og:description\" content=\"Na regatnoj stazi splitskog Spinuta 2. travnja 2016. godine odr\u017eana je regata Kupa Dalmacije \u2013 memorijal Zlatko Celent. Nata\u0161a \u0160usti\u0107 je u konkurenciji seniorki u samcu osvojila srebro, a Aleksandra Boras i Leonarda Krsti\u010devi\u0107 u konkureciji kadetkinja A u dvojcu na pari\u0107e osvojile su zlato. Sljede\u0107e regata Kupa Dalmacije predvi\u0111ena je u Dubrovniku dana 23. [&hellip;]\" \/>\n<meta property=\"og:url\" content=\"https:\/\/likemetkovic.hr\/veslaci-neretvanskog-gusara-regatama-splitu-budimpesti-splita-osvojili-zlato-srebro\/\" \/>\n<meta property=\"og:site_name\" content=\"likemetkovic.hr\" \/>\n<meta property=\"article:publisher\" content=\"https:\/\/www.facebook.com\/likemetkovic.hr\/\" \/>\n<meta property=\"article:published_time\" content=\"2016-04-06T05:46:23+00:00\" \/>\n<meta property=\"article:modified_time\" content=\"2018-06-02T12:58:31+00:00\" \/>\n<meta property=\"og:image\" content=\"https:\/\/likemetkovic.hr\/wp-content\/uploads\/2016\/04\/vk-neretvanski-gusar-6_4_2016_1.jpg\" \/>\n\t<meta property=\"og:image:width\" content=\"861\" \/>\n\t<meta property=\"og:image:height\" content=\"600\" \/>\n\t<meta property=\"og:image:type\" content=\"image\/jpeg\" \/>\n<meta name=\"author\" content=\"LIKEmetkovic.hr\" \/>\n<meta name=\"twitter:card\" content=\"summary_large_image\" \/>\n<meta name=\"twitter:label1\" content=\"Napisao\/la\" \/>\n\t<meta name=\"twitter:data1\" content=\"LIKEmetkovic.hr\" \/>\n\t<meta name=\"twitter:label2\" content=\"Procijenjeno vrijeme \u010ditanja\" \/>\n\t<meta name=\"twitter:data2\" content=\"1 minuta\" \/>\n<script type=\"application\/ld+json\" class=\"yoast-schema-graph\">{\"@context\":\"https:\/\/schema.org\",\"@graph\":[{\"@type\":\"WebPage\",\"@id\":\"https:\/\/likemetkovic.hr\/veslaci-neretvanskog-gusara-regatama-splitu-budimpesti-splita-osvojili-zlato-srebro\/\",\"url\":\"https:\/\/likemetkovic.hr\/veslaci-neretvanskog-gusara-regatama-splitu-budimpesti-splita-osvojili-zlato-srebro\/\",\"name\":\"Vesla\u010di Neretvanskog gusara na regatama u Splitu i Budimpe\u0161ti - u Splitu osvojeno zlato i srebro - likemetkovic.hr\",\"isPartOf\":{\"@id\":\"https:\/\/likemetkovic.hr\/#website\"},\"primaryImageOfPage\":{\"@id\":\"https:\/\/likemetkovic.hr\/veslaci-neretvanskog-gusara-regatama-splitu-budimpesti-splita-osvojili-zlato-srebro\/#primaryimage\"},\"image\":{\"@id\":\"https:\/\/likemetkovic.hr\/veslaci-neretvanskog-gusara-regatama-splitu-budimpesti-splita-osvojili-zlato-srebro\/#primaryimage\"},\"thumbnailUrl\":\"https:\/\/likemetkovic.hr\/portal\/wp-content\/uploads\/2016\/04\/vk-neretvanski-gusar-6_4_2016_1.jpg\",\"datePublished\":\"2016-04-06T05:46:23+00:00\",\"dateModified\":\"2018-06-02T12:58:31+00:00\",\"author\":{\"@id\":\"https:\/\/likemetkovic.hr\/#\/schema\/person\/a42711f3385a0e2be6f7e0443bfb28f0\"},\"breadcrumb\":{\"@id\":\"https:\/\/likemetkovic.hr\/veslaci-neretvanskog-gusara-regatama-splitu-budimpesti-splita-osvojili-zlato-srebro\/#breadcrumb\"},\"inLanguage\":\"hr\",\"potentialAction\":[{\"@type\":\"ReadAction\",\"target\":[\"https:\/\/likemetkovic.hr\/veslaci-neretvanskog-gusara-regatama-splitu-budimpesti-splita-osvojili-zlato-srebro\/\"]}]},{\"@type\":\"ImageObject\",\"inLanguage\":\"hr\",\"@id\":\"https:\/\/likemetkovic.hr\/veslaci-neretvanskog-gusara-regatama-splitu-budimpesti-splita-osvojili-zlato-srebro\/#primaryimage\",\"url\":\"https:\/\/likemetkovic.hr\/portal\/wp-content\/uploads\/2016\/04\/vk-neretvanski-gusar-6_4_2016_1.jpg\",\"contentUrl\":\"https:\/\/likemetkovic.hr\/portal\/wp-content\/uploads\/2016\/04\/vk-neretvanski-gusar-6_4_2016_1.jpg\",\"width\":861,\"height\":600},{\"@type\":\"BreadcrumbList\",\"@id\":\"https:\/\/likemetkovic.hr\/veslaci-neretvanskog-gusara-regatama-splitu-budimpesti-splita-osvojili-zlato-srebro\/#breadcrumb\",\"itemListElement\":[{\"@type\":\"ListItem\",\"position\":1,\"name\":\"Po\u010detna stranica\",\"item\":\"https:\/\/likemetkovic.hr\/portal\/\"},{\"@type\":\"ListItem\",\"position\":2,\"name\":\"Vesla\u010di Neretvanskog gusara na regatama u Splitu i Budimpe\u0161ti &#8211; u Splitu osvojeno zlato i srebro\"}]},{\"@type\":\"WebSite\",\"@id\":\"https:\/\/likemetkovic.hr\/#website\",\"url\":\"https:\/\/likemetkovic.hr\/\",\"name\":\"likemetkovic.hr\",\"description\":\"Misli pozitivno... \u010ditaj LIKE\",\"potentialAction\":[{\"@type\":\"SearchAction\",\"target\":{\"@type\":\"EntryPoint\",\"urlTemplate\":\"https:\/\/likemetkovic.hr\/?s={search_term_string}\"},\"query-input\":{\"@type\":\"PropertyValueSpecification\",\"valueRequired\":true,\"valueName\":\"search_term_string\"}}],\"inLanguage\":\"hr\"},{\"@type\":\"Person\",\"@id\":\"https:\/\/likemetkovic.hr\/#\/schema\/person\/a42711f3385a0e2be6f7e0443bfb28f0\",\"name\":\"LIKEmetkovic.hr\",\"sameAs\":[\"http:\/\/likemetkovic.hr\"],\"url\":\"https:\/\/likemetkovic.hr\/portal\/author\/likemetkovic-hr\/\"}]}<\/script>\n<!-- \/ Yoast SEO plugin. -->","yoast_head_json":{"title":"Vesla\u010di Neretvanskog gusara na regatama u Splitu i Budimpe\u0161ti - u Splitu osvojeno zlato i srebro - likemetkovic.hr","robots":{"index":"index","follow":"follow","max-snippet":"max-snippet:-1","max-image-preview":"max-image-preview:large","max-video-preview":"max-video-preview:-1"},"canonical":"https:\/\/likemetkovic.hr\/veslaci-neretvanskog-gusara-regatama-splitu-budimpesti-splita-osvojili-zlato-srebro\/","og_locale":"hr_HR","og_type":"article","og_title":"Vesla\u010di Neretvanskog gusara na regatama u Splitu i Budimpe\u0161ti - u Splitu osvojeno zlato i srebro - likemetkovic.hr","og_description":"Na regatnoj stazi splitskog Spinuta 2. travnja 2016. godine odr\u017eana je regata Kupa Dalmacije \u2013 memorijal Zlatko Celent. Nata\u0161a \u0160usti\u0107 je u konkurenciji seniorki u samcu osvojila srebro, a Aleksandra Boras i Leonarda Krsti\u010devi\u0107 u konkureciji kadetkinja A u dvojcu na pari\u0107e osvojile su zlato. Sljede\u0107e regata Kupa Dalmacije predvi\u0111ena je u Dubrovniku dana 23. [&hellip;]","og_url":"https:\/\/likemetkovic.hr\/veslaci-neretvanskog-gusara-regatama-splitu-budimpesti-splita-osvojili-zlato-srebro\/","og_site_name":"likemetkovic.hr","article_publisher":"https:\/\/www.facebook.com\/likemetkovic.hr\/","article_published_time":"2016-04-06T05:46:23+00:00","article_modified_time":"2018-06-02T12:58:31+00:00","og_image":[{"width":861,"height":600,"url":"https:\/\/likemetkovic.hr\/wp-content\/uploads\/2016\/04\/vk-neretvanski-gusar-6_4_2016_1.jpg","type":"image\/jpeg"}],"author":"LIKEmetkovic.hr","twitter_card":"summary_large_image","twitter_misc":{"Napisao\/la":"LIKEmetkovic.hr","Procijenjeno vrijeme \u010ditanja":"1 minuta"},"schema":{"@context":"https:\/\/schema.org","@graph":[{"@type":"WebPage","@id":"https:\/\/likemetkovic.hr\/veslaci-neretvanskog-gusara-regatama-splitu-budimpesti-splita-osvojili-zlato-srebro\/","url":"https:\/\/likemetkovic.hr\/veslaci-neretvanskog-gusara-regatama-splitu-budimpesti-splita-osvojili-zlato-srebro\/","name":"Vesla\u010di Neretvanskog gusara na regatama u Splitu i Budimpe\u0161ti - u Splitu osvojeno zlato i srebro - likemetkovic.hr","isPartOf":{"@id":"https:\/\/likemetkovic.hr\/#website"},"primaryImageOfPage":{"@id":"https:\/\/likemetkovic.hr\/veslaci-neretvanskog-gusara-regatama-splitu-budimpesti-splita-osvojili-zlato-srebro\/#primaryimage"},"image":{"@id":"https:\/\/likemetkovic.hr\/veslaci-neretvanskog-gusara-regatama-splitu-budimpesti-splita-osvojili-zlato-srebro\/#primaryimage"},"thumbnailUrl":"https:\/\/likemetkovic.hr\/portal\/wp-content\/uploads\/2016\/04\/vk-neretvanski-gusar-6_4_2016_1.jpg","datePublished":"2016-04-06T05:46:23+00:00","dateModified":"2018-06-02T12:58:31+00:00","author":{"@id":"https:\/\/likemetkovic.hr\/#\/schema\/person\/a42711f3385a0e2be6f7e0443bfb28f0"},"breadcrumb":{"@id":"https:\/\/likemetkovic.hr\/veslaci-neretvanskog-gusara-regatama-splitu-budimpesti-splita-osvojili-zlato-srebro\/#breadcrumb"},"inLanguage":"hr","potentialAction":[{"@type":"ReadAction","target":["https:\/\/likemetkovic.hr\/veslaci-neretvanskog-gusara-regatama-splitu-budimpesti-splita-osvojili-zlato-srebro\/"]}]},{"@type":"ImageObject","inLanguage":"hr","@id":"https:\/\/likemetkovic.hr\/veslaci-neretvanskog-gusara-regatama-splitu-budimpesti-splita-osvojili-zlato-srebro\/#primaryimage","url":"https:\/\/likemetkovic.hr\/portal\/wp-content\/uploads\/2016\/04\/vk-neretvanski-gusar-6_4_2016_1.jpg","contentUrl":"https:\/\/likemetkovic.hr\/portal\/wp-content\/uploads\/2016\/04\/vk-neretvanski-gusar-6_4_2016_1.jpg","width":861,"height":600},{"@type":"BreadcrumbList","@id":"https:\/\/likemetkovic.hr\/veslaci-neretvanskog-gusara-regatama-splitu-budimpesti-splita-osvojili-zlato-srebro\/#breadcrumb","itemListElement":[{"@type":"ListItem","position":1,"name":"Po\u010detna stranica","item":"https:\/\/likemetkovic.hr\/portal\/"},{"@type":"ListItem","position":2,"name":"Vesla\u010di Neretvanskog gusara na regatama u Splitu i Budimpe\u0161ti &#8211; u Splitu osvojeno zlato i srebro"}]},{"@type":"WebSite","@id":"https:\/\/likemetkovic.hr\/#website","url":"https:\/\/likemetkovic.hr\/","name":"likemetkovic.hr","description":"Misli pozitivno... \u010ditaj LIKE","potentialAction":[{"@type":"SearchAction","target":{"@type":"EntryPoint","urlTemplate":"https:\/\/likemetkovic.hr\/?s={search_term_string}"},"query-input":{"@type":"PropertyValueSpecification","valueRequired":true,"valueName":"search_term_string"}}],"inLanguage":"hr"},{"@type":"Person","@id":"https:\/\/likemetkovic.hr\/#\/schema\/person\/a42711f3385a0e2be6f7e0443bfb28f0","name":"LIKEmetkovic.hr","sameAs":["http:\/\/likemetkovic.hr"],"url":"https:\/\/likemetkovic.hr\/portal\/author\/likemetkovic-hr\/"}]}},"_links":{"self":[{"href":"https:\/\/likemetkovic.hr\/portal\/wp-json\/wp\/v2\/posts\/18407","targetHints":{"allow":["GET"]}}],"collection":[{"href":"https:\/\/likemetkovic.hr\/portal\/wp-json\/wp\/v2\/posts"}],"about":[{"href":"https:\/\/likemetkovic.hr\/portal\/wp-json\/wp\/v2\/types\/post"}],"author":[{"embeddable":true,"href":"https:\/\/likemetkovic.hr\/portal\/wp-json\/wp\/v2\/users\/7"}],"replies":[{"embeddable":true,"href":"https:\/\/likemetkovic.hr\/portal\/wp-json\/wp\/v2\/comments?post=18407"}],"version-history":[{"count":0,"href":"https:\/\/likemetkovic.hr\/portal\/wp-json\/wp\/v2\/posts\/18407\/revisions"}],"wp:featuredmedia":[{"embeddable":true,"href":"https:\/\/likemetkovic.hr\/portal\/wp-json\/wp\/v2\/media\/18408"}],"wp:attachment":[{"href":"https:\/\/likemetkovic.hr\/portal\/wp-json\/wp\/v2\/media?parent=18407"}],"wp:term":[{"taxonomy":"category","embeddable":true,"href":"https:\/\/likemetkovic.hr\/portal\/wp-json\/wp\/v2\/categories?post=18407"},{"taxonomy":"post_tag","embeddable":true,"href":"https:\/\/likemetkovic.hr\/portal\/wp-json\/wp\/v2\/tags?post=18407"}],"curies":[{"name":"wp","href":"https:\/\/api.w.org\/{rel}","templated":true}]}}