{"id":18918,"date":"2016-04-17T07:41:22","date_gmt":"2016-04-17T05:41:22","guid":{"rendered":"http:\/\/likemetkovic.hr\/?p=18918"},"modified":"2016-04-17T07:41:22","modified_gmt":"2016-04-17T05:41:22","slug":"slavlje-plocama-rukometasice-dalmatinke-ponovno-prvoj-ligi","status":"publish","type":"post","link":"https:\/\/likemetkovic.hr\/portal\/slavlje-plocama-rukometasice-dalmatinke-ponovno-prvoj-ligi\/","title":{"rendered":"SLAVLJE U PLO\u010cAMA: Rukometa\u0161ice Dalmatinke ponovno u Prvoj ligi!"},"content":{"rendered":"<p>Rukometa\u0161ice <strong>Dalmatinke<\/strong> iz Plo\u010da pro\u0161etale su se Drugom ligom i ekspresno se vratile u prvoliga\u0161ko dru\u0161tvo. Ovo je \u010detvrti put od samostalnosti Lijepe na\u0161e da &#8220;<strong>Malene<\/strong>&#8221; ulaze u elitno dru\u0161tvo. Prvi put su to uspjele 1994.godine i zadr\u017eale se tri sezone, to su ponovile 2010., te tre\u0107i put u\u0161le 2014. nakon samo sezone igranja Druge lige.<\/p>\n<p>Najve\u0107i uspjeh ostvarile su u prvoj sezoni natjecanja u elitnom razredu kad su zauzele \u0161esto mjesto, dok su u Kupu Hrvatske 2012. bile tre\u0107e kad su u Finale fouru u Koprivnici izgubila u polufinalu od <strong>Podravke<\/strong>, a za tre\u0107e mjesto dobile\u00a0<strong>Zamet<\/strong>.<\/p>\n<p>Trener <strong>Ivan Jerkovi\u0107<\/strong> je od 2005. do 2010. godine bio trener kadetske reprezentacije, od 2012. do 2014. pomo\u0107nik izbornika seniorske reprezentacije <strong>Zlatka Canjuge<\/strong>, a od 2012. je izbornik kadetkinja ro\u0111enih 1998. i mla\u0111ih.<\/p>\n<p>Ove sezone samo u dvije utakmice nisu slavile. Uspjeh Dalmatinke izborile su vratarke <strong>Andrijana Vlatka Jel\u010di\u0107, Magdalena Bakula, Petra Marinovi\u0107<\/strong> i <strong>Klara Ana \u0160e\u0161elj<\/strong> te<strong>An\u0111ela Marinovi\u0107, Klara Erceg, Sara Toma\u0161evi\u0107, Mihaela \u0160korput, Anamarija Nikolac, Marija Rado\u0161, Klara Arar, Ana Stankovi\u0107, Josipa \u010cari\u0107, Nikolina \u017dderi\u0107, Ema Barbir, Antonija \u0160imi\u0107, Lucija Ivi\u010devi\u0107, Magdalena \u017dderi\u0107, Lucija Cvijanovi\u0107, Matea Krili\u0107, Iva \u017dderi\u0107<\/strong>, <strong>Josipa Or\u0161uli\u0107<\/strong>. Pomo\u0107nik Ivana Jerkovi\u0107a je <strong>Antonio \u0160e\u0161elj.<\/strong><\/p>\n<p>U posljednjoj utakmici sezone Dalmatinka je u svojoj dvorani nadigrala <strong>Zadar<\/strong> s 35:23 (20:8). An\u0111ela Marinovi\u0107 je postigla 6, Lucija Ivi\u010devi\u0107 5, Klara Arar, Sara Toma\u0161evi\u0107, Antonija \u0160imi\u0107, Marija Rado\u0161 i Matea Krili\u0107 po 3, Nikolina \u017dderi\u0107, Ema Barbir, Iva \u017dderi\u0107 i Klara Erceg po 2 te Josipa \u010cari\u0107 1 pogodak. Adrijana Vlatka Jel\u010di\u0107 je imala 10, a Petra Marinovi\u0107 1 obranu.<\/p>\n","protected":false},"excerpt":{"rendered":"<p>Rukometa\u0161ice Dalmatinke iz Plo\u010da pro\u0161etale su se Drugom ligom i ekspresno se vratile u prvoliga\u0161ko dru\u0161tvo. Ovo je \u010detvrti put od samostalnosti Lijepe na\u0161e da &#8220;Malene&#8221; ulaze u elitno dru\u0161tvo. Prvi put su to uspjele 1994.godine i zadr\u017eale se tri sezone, to su ponovile 2010., te tre\u0107i put u\u0161le 2014. nakon samo sezone igranja Druge [&hellip;]<\/p>\n","protected":false},"author":7,"featured_media":18919,"comment_status":"open","ping_status":"open","sticky":false,"template":"","format":"standard","meta":{"footnotes":""},"categories":[283,31],"tags":[],"class_list":{"0":"post-18918","1":"post","2":"type-post","3":"status-publish","4":"format-standard","5":"has-post-thumbnail","7":"category-a","8":"category-rukomet"},"yoast_head":"<!-- This site is optimized with the Yoast SEO plugin v25.2 - https:\/\/yoast.com\/wordpress\/plugins\/seo\/ -->\n<title>SLAVLJE U PLO\u010cAMA: Rukometa\u0161ice Dalmatinke ponovno u Prvoj ligi! - likemetkovic.hr<\/title>\n<meta name=\"robots\" content=\"index, follow, max-snippet:-1, max-image-preview:large, max-video-preview:-1\" \/>\n<link rel=\"canonical\" href=\"https:\/\/likemetkovic.hr\/slavlje-plocama-rukometasice-dalmatinke-ponovno-prvoj-ligi\/\" \/>\n<meta property=\"og:locale\" content=\"hr_HR\" \/>\n<meta property=\"og:type\" content=\"article\" \/>\n<meta property=\"og:title\" content=\"SLAVLJE U PLO\u010cAMA: Rukometa\u0161ice Dalmatinke ponovno u Prvoj ligi! - likemetkovic.hr\" \/>\n<meta property=\"og:description\" content=\"Rukometa\u0161ice Dalmatinke iz Plo\u010da pro\u0161etale su se Drugom ligom i ekspresno se vratile u prvoliga\u0161ko dru\u0161tvo. Ovo je \u010detvrti put od samostalnosti Lijepe na\u0161e da &#8220;Malene&#8221; ulaze u elitno dru\u0161tvo. Prvi put su to uspjele 1994.godine i zadr\u017eale se tri sezone, to su ponovile 2010., te tre\u0107i put u\u0161le 2014. nakon samo sezone igranja Druge [&hellip;]\" \/>\n<meta property=\"og:url\" content=\"https:\/\/likemetkovic.hr\/slavlje-plocama-rukometasice-dalmatinke-ponovno-prvoj-ligi\/\" \/>\n<meta property=\"og:site_name\" content=\"likemetkovic.hr\" \/>\n<meta property=\"article:publisher\" content=\"https:\/\/www.facebook.com\/likemetkovic.hr\/\" \/>\n<meta property=\"article:published_time\" content=\"2016-04-17T05:41:22+00:00\" \/>\n<meta property=\"og:image\" content=\"https:\/\/likemetkovic.hr\/wp-content\/uploads\/2016\/04\/dalmatinka_denis_jerkovi\u0107.jpg\" \/>\n\t<meta property=\"og:image:width\" content=\"800\" \/>\n\t<meta property=\"og:image:height\" content=\"596\" \/>\n\t<meta property=\"og:image:type\" content=\"image\/jpeg\" \/>\n<meta name=\"author\" content=\"LIKEmetkovic.hr\" \/>\n<meta name=\"twitter:card\" content=\"summary_large_image\" \/>\n<meta name=\"twitter:label1\" content=\"Napisao\/la\" \/>\n\t<meta name=\"twitter:data1\" content=\"LIKEmetkovic.hr\" \/>\n\t<meta name=\"twitter:label2\" content=\"Procijenjeno vrijeme \u010ditanja\" \/>\n\t<meta name=\"twitter:data2\" content=\"1 minuta\" \/>\n<script type=\"application\/ld+json\" class=\"yoast-schema-graph\">{\"@context\":\"https:\/\/schema.org\",\"@graph\":[{\"@type\":\"WebPage\",\"@id\":\"https:\/\/likemetkovic.hr\/slavlje-plocama-rukometasice-dalmatinke-ponovno-prvoj-ligi\/\",\"url\":\"https:\/\/likemetkovic.hr\/slavlje-plocama-rukometasice-dalmatinke-ponovno-prvoj-ligi\/\",\"name\":\"SLAVLJE U PLO\u010cAMA: Rukometa\u0161ice Dalmatinke ponovno u Prvoj ligi! - likemetkovic.hr\",\"isPartOf\":{\"@id\":\"https:\/\/likemetkovic.hr\/#website\"},\"primaryImageOfPage\":{\"@id\":\"https:\/\/likemetkovic.hr\/slavlje-plocama-rukometasice-dalmatinke-ponovno-prvoj-ligi\/#primaryimage\"},\"image\":{\"@id\":\"https:\/\/likemetkovic.hr\/slavlje-plocama-rukometasice-dalmatinke-ponovno-prvoj-ligi\/#primaryimage\"},\"thumbnailUrl\":\"https:\/\/likemetkovic.hr\/portal\/wp-content\/uploads\/2016\/04\/dalmatinka_denis_jerkovi\u0107.jpg\",\"datePublished\":\"2016-04-17T05:41:22+00:00\",\"author\":{\"@id\":\"https:\/\/likemetkovic.hr\/#\/schema\/person\/a42711f3385a0e2be6f7e0443bfb28f0\"},\"breadcrumb\":{\"@id\":\"https:\/\/likemetkovic.hr\/slavlje-plocama-rukometasice-dalmatinke-ponovno-prvoj-ligi\/#breadcrumb\"},\"inLanguage\":\"hr\",\"potentialAction\":[{\"@type\":\"ReadAction\",\"target\":[\"https:\/\/likemetkovic.hr\/slavlje-plocama-rukometasice-dalmatinke-ponovno-prvoj-ligi\/\"]}]},{\"@type\":\"ImageObject\",\"inLanguage\":\"hr\",\"@id\":\"https:\/\/likemetkovic.hr\/slavlje-plocama-rukometasice-dalmatinke-ponovno-prvoj-ligi\/#primaryimage\",\"url\":\"https:\/\/likemetkovic.hr\/portal\/wp-content\/uploads\/2016\/04\/dalmatinka_denis_jerkovi\u0107.jpg\",\"contentUrl\":\"https:\/\/likemetkovic.hr\/portal\/wp-content\/uploads\/2016\/04\/dalmatinka_denis_jerkovi\u0107.jpg\",\"width\":800,\"height\":596,\"caption\":\"fote: Denis Jerkovi\u0107 EPH\"},{\"@type\":\"BreadcrumbList\",\"@id\":\"https:\/\/likemetkovic.hr\/slavlje-plocama-rukometasice-dalmatinke-ponovno-prvoj-ligi\/#breadcrumb\",\"itemListElement\":[{\"@type\":\"ListItem\",\"position\":1,\"name\":\"Po\u010detna stranica\",\"item\":\"https:\/\/likemetkovic.hr\/portal\/\"},{\"@type\":\"ListItem\",\"position\":2,\"name\":\"SLAVLJE U PLO\u010cAMA: Rukometa\u0161ice Dalmatinke ponovno u Prvoj ligi!\"}]},{\"@type\":\"WebSite\",\"@id\":\"https:\/\/likemetkovic.hr\/#website\",\"url\":\"https:\/\/likemetkovic.hr\/\",\"name\":\"likemetkovic.hr\",\"description\":\"Misli pozitivno... \u010ditaj LIKE\",\"potentialAction\":[{\"@type\":\"SearchAction\",\"target\":{\"@type\":\"EntryPoint\",\"urlTemplate\":\"https:\/\/likemetkovic.hr\/?s={search_term_string}\"},\"query-input\":{\"@type\":\"PropertyValueSpecification\",\"valueRequired\":true,\"valueName\":\"search_term_string\"}}],\"inLanguage\":\"hr\"},{\"@type\":\"Person\",\"@id\":\"https:\/\/likemetkovic.hr\/#\/schema\/person\/a42711f3385a0e2be6f7e0443bfb28f0\",\"name\":\"LIKEmetkovic.hr\",\"sameAs\":[\"http:\/\/likemetkovic.hr\"],\"url\":\"https:\/\/likemetkovic.hr\/portal\/author\/likemetkovic-hr\/\"}]}<\/script>\n<!-- \/ Yoast SEO plugin. -->","yoast_head_json":{"title":"SLAVLJE U PLO\u010cAMA: Rukometa\u0161ice Dalmatinke ponovno u Prvoj ligi! - likemetkovic.hr","robots":{"index":"index","follow":"follow","max-snippet":"max-snippet:-1","max-image-preview":"max-image-preview:large","max-video-preview":"max-video-preview:-1"},"canonical":"https:\/\/likemetkovic.hr\/slavlje-plocama-rukometasice-dalmatinke-ponovno-prvoj-ligi\/","og_locale":"hr_HR","og_type":"article","og_title":"SLAVLJE U PLO\u010cAMA: Rukometa\u0161ice Dalmatinke ponovno u Prvoj ligi! - likemetkovic.hr","og_description":"Rukometa\u0161ice Dalmatinke iz Plo\u010da pro\u0161etale su se Drugom ligom i ekspresno se vratile u prvoliga\u0161ko dru\u0161tvo. Ovo je \u010detvrti put od samostalnosti Lijepe na\u0161e da &#8220;Malene&#8221; ulaze u elitno dru\u0161tvo. Prvi put su to uspjele 1994.godine i zadr\u017eale se tri sezone, to su ponovile 2010., te tre\u0107i put u\u0161le 2014. nakon samo sezone igranja Druge [&hellip;]","og_url":"https:\/\/likemetkovic.hr\/slavlje-plocama-rukometasice-dalmatinke-ponovno-prvoj-ligi\/","og_site_name":"likemetkovic.hr","article_publisher":"https:\/\/www.facebook.com\/likemetkovic.hr\/","article_published_time":"2016-04-17T05:41:22+00:00","og_image":[{"width":800,"height":596,"url":"https:\/\/likemetkovic.hr\/wp-content\/uploads\/2016\/04\/dalmatinka_denis_jerkovi\u0107.jpg","type":"image\/jpeg"}],"author":"LIKEmetkovic.hr","twitter_card":"summary_large_image","twitter_misc":{"Napisao\/la":"LIKEmetkovic.hr","Procijenjeno vrijeme \u010ditanja":"1 minuta"},"schema":{"@context":"https:\/\/schema.org","@graph":[{"@type":"WebPage","@id":"https:\/\/likemetkovic.hr\/slavlje-plocama-rukometasice-dalmatinke-ponovno-prvoj-ligi\/","url":"https:\/\/likemetkovic.hr\/slavlje-plocama-rukometasice-dalmatinke-ponovno-prvoj-ligi\/","name":"SLAVLJE U PLO\u010cAMA: Rukometa\u0161ice Dalmatinke ponovno u Prvoj ligi! - likemetkovic.hr","isPartOf":{"@id":"https:\/\/likemetkovic.hr\/#website"},"primaryImageOfPage":{"@id":"https:\/\/likemetkovic.hr\/slavlje-plocama-rukometasice-dalmatinke-ponovno-prvoj-ligi\/#primaryimage"},"image":{"@id":"https:\/\/likemetkovic.hr\/slavlje-plocama-rukometasice-dalmatinke-ponovno-prvoj-ligi\/#primaryimage"},"thumbnailUrl":"https:\/\/likemetkovic.hr\/portal\/wp-content\/uploads\/2016\/04\/dalmatinka_denis_jerkovi\u0107.jpg","datePublished":"2016-04-17T05:41:22+00:00","author":{"@id":"https:\/\/likemetkovic.hr\/#\/schema\/person\/a42711f3385a0e2be6f7e0443bfb28f0"},"breadcrumb":{"@id":"https:\/\/likemetkovic.hr\/slavlje-plocama-rukometasice-dalmatinke-ponovno-prvoj-ligi\/#breadcrumb"},"inLanguage":"hr","potentialAction":[{"@type":"ReadAction","target":["https:\/\/likemetkovic.hr\/slavlje-plocama-rukometasice-dalmatinke-ponovno-prvoj-ligi\/"]}]},{"@type":"ImageObject","inLanguage":"hr","@id":"https:\/\/likemetkovic.hr\/slavlje-plocama-rukometasice-dalmatinke-ponovno-prvoj-ligi\/#primaryimage","url":"https:\/\/likemetkovic.hr\/portal\/wp-content\/uploads\/2016\/04\/dalmatinka_denis_jerkovi\u0107.jpg","contentUrl":"https:\/\/likemetkovic.hr\/portal\/wp-content\/uploads\/2016\/04\/dalmatinka_denis_jerkovi\u0107.jpg","width":800,"height":596,"caption":"fote: Denis Jerkovi\u0107 EPH"},{"@type":"BreadcrumbList","@id":"https:\/\/likemetkovic.hr\/slavlje-plocama-rukometasice-dalmatinke-ponovno-prvoj-ligi\/#breadcrumb","itemListElement":[{"@type":"ListItem","position":1,"name":"Po\u010detna stranica","item":"https:\/\/likemetkovic.hr\/portal\/"},{"@type":"ListItem","position":2,"name":"SLAVLJE U PLO\u010cAMA: Rukometa\u0161ice Dalmatinke ponovno u Prvoj ligi!"}]},{"@type":"WebSite","@id":"https:\/\/likemetkovic.hr\/#website","url":"https:\/\/likemetkovic.hr\/","name":"likemetkovic.hr","description":"Misli pozitivno... \u010ditaj LIKE","potentialAction":[{"@type":"SearchAction","target":{"@type":"EntryPoint","urlTemplate":"https:\/\/likemetkovic.hr\/?s={search_term_string}"},"query-input":{"@type":"PropertyValueSpecification","valueRequired":true,"valueName":"search_term_string"}}],"inLanguage":"hr"},{"@type":"Person","@id":"https:\/\/likemetkovic.hr\/#\/schema\/person\/a42711f3385a0e2be6f7e0443bfb28f0","name":"LIKEmetkovic.hr","sameAs":["http:\/\/likemetkovic.hr"],"url":"https:\/\/likemetkovic.hr\/portal\/author\/likemetkovic-hr\/"}]}},"_links":{"self":[{"href":"https:\/\/likemetkovic.hr\/portal\/wp-json\/wp\/v2\/posts\/18918","targetHints":{"allow":["GET"]}}],"collection":[{"href":"https:\/\/likemetkovic.hr\/portal\/wp-json\/wp\/v2\/posts"}],"about":[{"href":"https:\/\/likemetkovic.hr\/portal\/wp-json\/wp\/v2\/types\/post"}],"author":[{"embeddable":true,"href":"https:\/\/likemetkovic.hr\/portal\/wp-json\/wp\/v2\/users\/7"}],"replies":[{"embeddable":true,"href":"https:\/\/likemetkovic.hr\/portal\/wp-json\/wp\/v2\/comments?post=18918"}],"version-history":[{"count":0,"href":"https:\/\/likemetkovic.hr\/portal\/wp-json\/wp\/v2\/posts\/18918\/revisions"}],"wp:featuredmedia":[{"embeddable":true,"href":"https:\/\/likemetkovic.hr\/portal\/wp-json\/wp\/v2\/media\/18919"}],"wp:attachment":[{"href":"https:\/\/likemetkovic.hr\/portal\/wp-json\/wp\/v2\/media?parent=18918"}],"wp:term":[{"taxonomy":"category","embeddable":true,"href":"https:\/\/likemetkovic.hr\/portal\/wp-json\/wp\/v2\/categories?post=18918"},{"taxonomy":"post_tag","embeddable":true,"href":"https:\/\/likemetkovic.hr\/portal\/wp-json\/wp\/v2\/tags?post=18918"}],"curies":[{"name":"wp","href":"https:\/\/api.w.org\/{rel}","templated":true}]}}