{"id":18942,"date":"2016-04-17T15:59:16","date_gmt":"2016-04-17T13:59:16","guid":{"rendered":"http:\/\/likemetkovic.hr\/?p=18942"},"modified":"2016-04-17T15:59:16","modified_gmt":"2016-04-17T13:59:16","slug":"metkovicu-odrzana-trece-tribina-godini-milosrda","status":"publish","type":"post","link":"https:\/\/likemetkovic.hr\/portal\/metkovicu-odrzana-trece-tribina-godini-milosrda\/","title":{"rendered":"U crkvi svetog Nikole odr\u017eana tre\u0107a tribina u Godini milosr\u0111a"},"content":{"rendered":"<p>Nakon ve\u010dernje mise koju je u crkvi sv. Nikole u Metkovi\u0107u predvodio \u017eupnik don Davor Biland\u017ei\u0107, u srijedu 13. travnja u kapeli Bo\u017ejega milosr\u0111a u sklopu Pastoralnog centra o. Ante Gabri\u0107a, odr\u017eana je tre\u0107a tribina pod naslovom \u201ePrispodoba o milosrdnom ocu&#8221; koju je predvodio don Augustin Radovi\u0107.<\/p>\n<p>Osvrnuv\u0161i se na biblijski tekst o milosrdnom ocu &#8211; \u010dije srca jednako kuca i za mla\u0111eg i starijeg sina, koji u svemu trpi zajedno sa svojim nezahvalnim i nepovjerljivim sinovima koji \u017eive samo za sebe, don Augustin je rekao: \u201eOba sina su ranjena i trebaju o\u010devu ljubav, svojom ljubavlju otac obojicu \u017eeli o\u010distiti od tereta njihove pro\u0161losti, obojici ho\u0107e darovati novi po\u010detak, obojica moraju nau\u010diti ostaviti svoje uzajamne sudove i ranjenosti i pustiti da o\u010devom ljubavlju budu jedan drugome ponovno darovani. Tada \u0107e otkriti da jedan drugoga trebaju. Otac ho\u0107e obojicu ozdraviti infuzijom svoje milosrdne ljubavi i nijedan ne\u0107e biti prikra\u0107en&#8221;. Ova pri\u010da ostaje otvorena i dovr\u0161ava se u \u017eivotu svakoga od nas. Toliko puta smo u svome \u017eivotnom vijeku u ulozi i mla\u0111ega i starijega sina, a Isus nas poziva &#8211; ne da budemo mla\u0111i ili stariji sin, poziva nas &#8211; budite savr\u0161eni, sveti i milosrdni kao Otac va\u0161 nebeski, rekao je don Augustin.<\/p>\n<p>Mjesto gdje najsna\u017enije mo\u017eemo iskusiti i do\u017eivjeti veli\u010dinu Bo\u017ejega milosr\u0111a jest u sakramentu ispovijedi, na koji nerado idemo i dolazimo nespremni, istaknuo je don Augustin. Sakramentom pomirenja ljudska bijeda biva zaogrnuta bo\u017eanskim pra\u0161tanjem i novim \u017eivotom, zahvaljuju\u0107i daru premilosrdnog Srca Boga na\u0161ega, prihva\u0107a nas takve kakvi jesmo sa svim na\u0161im slabostima, pogre\u0161kama i granicama, strpljiv je s nama i opra\u0161ta nam sedamdeset puta sedam. Mjerimo se jedni s drugima i \u017eelimo biti netko i ne\u0161to u ovome svijetu redovito na \u0161tetu drugoga i na koncu potonemo do dna bezdana i jada bijede ljudske. Zato nam valja okrenuti se prema Bogu, pitati se svaki dan kako Bog gleda na moj \u017eivot. Grijeh je \u017eivjeti ne polaze\u0107i od Boga, od Isusova prijateljstva. Grijeh je u najdubljoj dubini uskratiti sebe Bogu i ne dopustiti Bogu da te ljubi. Onaj koji je dotakao Bo\u017eje milosr\u0111e i sam postaje milosrdan,milosr\u0111e postaje stil njegova \u017eivota. Zato vjernik mora biti uvijek ponizan \u201eTko sam ja da sudim!&#8221;, istaknuo je don Augustin.<\/p>\n\r\n                <style type=\"text\/css\">\r\n                    \r\n                    #tdi_1  .td-doubleSlider-2 .td-item1 {\r\n                        background: url(https:\/\/likemetkovic.hr\/portal\/wp-content\/uploads\/2016\/04\/tribina_antonija_menalo_1-80x60.jpg) 0 0 no-repeat;\r\n                    }\r\n                    #tdi_1  .td-doubleSlider-2 .td-item2 {\r\n                        background: url(https:\/\/likemetkovic.hr\/portal\/wp-content\/uploads\/2016\/04\/tribina_antonija_menalo_2-80x60.jpg) 0 0 no-repeat;\r\n                    }\r\n                    #tdi_1  .td-doubleSlider-2 .td-item3 {\r\n                        background: url(https:\/\/likemetkovic.hr\/portal\/wp-content\/uploads\/2016\/04\/tribina_antonija_menalo_3-80x60.jpg) 0 0 no-repeat;\r\n                    }\r\n                    #tdi_1  .td-doubleSlider-2 .td-item4 {\r\n                        background: url(https:\/\/likemetkovic.hr\/portal\/wp-content\/uploads\/2016\/04\/tribina_antonija_menalo_4-80x60.jpg) 0 0 no-repeat;\r\n                    }\r\n                <\/style>\r\n\r\n                <div id=\"tdi_1\" class=\"td-gallery td-slide-on-2-columns\">\r\n                    <div class=\"post_td_gallery\">\r\n                        <div class=\"td-gallery-slide-top\">\r\n                           <div class=\"td-gallery-title\">Tribina u crkvi svetog Nikole<\/div>\r\n\r\n                            <div class=\"td-gallery-controls-wrapper\">\r\n                                <div class=\"td-gallery-slide-count\"><span class=\"td-gallery-slide-item-focus\">1<\/span> of 4<\/div>\r\n                                <div class=\"td-gallery-slide-prev-next-but\">\r\n                                    <i class = \"td-icon-left doubleSliderPrevButton\"><\/i>\r\n                                    <i class = \"td-icon-right doubleSliderNextButton\"><\/i>\r\n                                <\/div>\r\n                            <\/div>\r\n                        <\/div>\r\n\r\n                        <div class = \"td-doubleSlider-1 \">\r\n                            <div class = \"td-slider\">\r\n                                \r\n                    <div class = \"td-slide-item td-item1\">\r\n                        <figure class=\"td-slide-galery-figure td-slide-popup-gallery\">\r\n                            <a class=\"slide-gallery-image-link\" href=\"https:\/\/likemetkovic.hr\/portal\/wp-content\/uploads\/2016\/04\/tribina_antonija_menalo_1.jpg\" title=\"tribina_antonija_menalo_1\"  data-caption=\"foto: Antonija Menalo\"  data-description=\"\">\r\n                                <img decoding=\"async\" src=\"https:\/\/likemetkovic.hr\/portal\/wp-content\/uploads\/2016\/04\/tribina_antonija_menalo_1-560x420.jpg\" srcset=\"https:\/\/likemetkovic.hr\/portal\/wp-content\/uploads\/2016\/04\/tribina_antonija_menalo_1-560x420.jpg 560w, https:\/\/likemetkovic.hr\/portal\/wp-content\/uploads\/2016\/04\/tribina_antonija_menalo_1-300x225.jpg 300w, https:\/\/likemetkovic.hr\/portal\/wp-content\/uploads\/2016\/04\/tribina_antonija_menalo_1-768x576.jpg 768w, https:\/\/likemetkovic.hr\/portal\/wp-content\/uploads\/2016\/04\/tribina_antonija_menalo_1-640x480.jpg 640w, https:\/\/likemetkovic.hr\/portal\/wp-content\/uploads\/2016\/04\/tribina_antonija_menalo_1-80x60.jpg 80w, https:\/\/likemetkovic.hr\/portal\/wp-content\/uploads\/2016\/04\/tribina_antonija_menalo_1-265x198.jpg 265w, https:\/\/likemetkovic.hr\/portal\/wp-content\/uploads\/2016\/04\/tribina_antonija_menalo_1-696x522.jpg 696w, https:\/\/likemetkovic.hr\/portal\/wp-content\/uploads\/2016\/04\/tribina_antonija_menalo_1.jpg 800w\" sizes=\"(max-width: 560px) 100vw, 560px\" alt=\"\">\r\n                            <\/a>\r\n                            <figcaption class = \"td-slide-caption td-gallery-slide-content\"><div class = \"td-gallery-slide-copywrite\">foto: Antonija Menalo<\/div><\/figcaption>\r\n                        <\/figure>\r\n                    <\/div>\r\n                    <div class = \"td-slide-item td-item2\">\r\n                        <figure class=\"td-slide-galery-figure td-slide-popup-gallery\">\r\n                            <a class=\"slide-gallery-image-link\" href=\"https:\/\/likemetkovic.hr\/portal\/wp-content\/uploads\/2016\/04\/tribina_antonija_menalo_2.jpg\" title=\"tribina_antonija_menalo_2\"  data-caption=\"foto: Antonija Menalo\"  data-description=\"\">\r\n                                <img decoding=\"async\" src=\"https:\/\/likemetkovic.hr\/portal\/wp-content\/uploads\/2016\/04\/tribina_antonija_menalo_2-560x420.jpg\" srcset=\"https:\/\/likemetkovic.hr\/portal\/wp-content\/uploads\/2016\/04\/tribina_antonija_menalo_2-560x420.jpg 560w, https:\/\/likemetkovic.hr\/portal\/wp-content\/uploads\/2016\/04\/tribina_antonija_menalo_2-300x225.jpg 300w, https:\/\/likemetkovic.hr\/portal\/wp-content\/uploads\/2016\/04\/tribina_antonija_menalo_2-768x576.jpg 768w, https:\/\/likemetkovic.hr\/portal\/wp-content\/uploads\/2016\/04\/tribina_antonija_menalo_2-640x480.jpg 640w, https:\/\/likemetkovic.hr\/portal\/wp-content\/uploads\/2016\/04\/tribina_antonija_menalo_2-80x60.jpg 80w, https:\/\/likemetkovic.hr\/portal\/wp-content\/uploads\/2016\/04\/tribina_antonija_menalo_2-265x198.jpg 265w, https:\/\/likemetkovic.hr\/portal\/wp-content\/uploads\/2016\/04\/tribina_antonija_menalo_2-696x522.jpg 696w, https:\/\/likemetkovic.hr\/portal\/wp-content\/uploads\/2016\/04\/tribina_antonija_menalo_2.jpg 800w\" sizes=\"(max-width: 560px) 100vw, 560px\" alt=\"\">\r\n                            <\/a>\r\n                            <figcaption class = \"td-slide-caption td-gallery-slide-content\"><div class = \"td-gallery-slide-copywrite\">foto: Antonija Menalo<\/div><\/figcaption>\r\n                        <\/figure>\r\n                    <\/div>\r\n                    <div class = \"td-slide-item td-item3\">\r\n                        <figure class=\"td-slide-galery-figure td-slide-popup-gallery\">\r\n                            <a class=\"slide-gallery-image-link\" href=\"https:\/\/likemetkovic.hr\/portal\/wp-content\/uploads\/2016\/04\/tribina_antonija_menalo_3.jpg\" title=\"tribina_antonija_menalo_3\"  data-caption=\"foto: Antonija Menalo\"  data-description=\"\">\r\n                                <img decoding=\"async\" src=\"https:\/\/likemetkovic.hr\/portal\/wp-content\/uploads\/2016\/04\/tribina_antonija_menalo_3-560x420.jpg\" srcset=\"https:\/\/likemetkovic.hr\/portal\/wp-content\/uploads\/2016\/04\/tribina_antonija_menalo_3-560x420.jpg 560w, https:\/\/likemetkovic.hr\/portal\/wp-content\/uploads\/2016\/04\/tribina_antonija_menalo_3-300x225.jpg 300w, https:\/\/likemetkovic.hr\/portal\/wp-content\/uploads\/2016\/04\/tribina_antonija_menalo_3-768x576.jpg 768w, https:\/\/likemetkovic.hr\/portal\/wp-content\/uploads\/2016\/04\/tribina_antonija_menalo_3-640x480.jpg 640w, https:\/\/likemetkovic.hr\/portal\/wp-content\/uploads\/2016\/04\/tribina_antonija_menalo_3-80x60.jpg 80w, https:\/\/likemetkovic.hr\/portal\/wp-content\/uploads\/2016\/04\/tribina_antonija_menalo_3-265x198.jpg 265w, https:\/\/likemetkovic.hr\/portal\/wp-content\/uploads\/2016\/04\/tribina_antonija_menalo_3-696x522.jpg 696w, https:\/\/likemetkovic.hr\/portal\/wp-content\/uploads\/2016\/04\/tribina_antonija_menalo_3.jpg 800w\" sizes=\"(max-width: 560px) 100vw, 560px\" alt=\"\">\r\n                            <\/a>\r\n                            <figcaption class = \"td-slide-caption td-gallery-slide-content\"><div class = \"td-gallery-slide-copywrite\">foto: Antonija Menalo<\/div><\/figcaption>\r\n                        <\/figure>\r\n                    <\/div>\r\n                    <div class = \"td-slide-item td-item4\">\r\n                        <figure class=\"td-slide-galery-figure td-slide-popup-gallery\">\r\n                            <a class=\"slide-gallery-image-link\" href=\"https:\/\/likemetkovic.hr\/portal\/wp-content\/uploads\/2016\/04\/tribina_antonija_menalo_4.jpg\" title=\"tribina_antonija_menalo_4\"  data-caption=\"foto: Antonija Menalo\"  data-description=\"\">\r\n                                <img decoding=\"async\" src=\"https:\/\/likemetkovic.hr\/portal\/wp-content\/uploads\/2016\/04\/tribina_antonija_menalo_4-560x420.jpg\" srcset=\"https:\/\/likemetkovic.hr\/portal\/wp-content\/uploads\/2016\/04\/tribina_antonija_menalo_4-560x420.jpg 560w, https:\/\/likemetkovic.hr\/portal\/wp-content\/uploads\/2016\/04\/tribina_antonija_menalo_4-300x225.jpg 300w, https:\/\/likemetkovic.hr\/portal\/wp-content\/uploads\/2016\/04\/tribina_antonija_menalo_4-768x576.jpg 768w, https:\/\/likemetkovic.hr\/portal\/wp-content\/uploads\/2016\/04\/tribina_antonija_menalo_4-640x480.jpg 640w, https:\/\/likemetkovic.hr\/portal\/wp-content\/uploads\/2016\/04\/tribina_antonija_menalo_4-80x60.jpg 80w, https:\/\/likemetkovic.hr\/portal\/wp-content\/uploads\/2016\/04\/tribina_antonija_menalo_4-265x198.jpg 265w, https:\/\/likemetkovic.hr\/portal\/wp-content\/uploads\/2016\/04\/tribina_antonija_menalo_4-696x522.jpg 696w, https:\/\/likemetkovic.hr\/portal\/wp-content\/uploads\/2016\/04\/tribina_antonija_menalo_4.jpg 800w\" sizes=\"(max-width: 560px) 100vw, 560px\" alt=\"\">\r\n                            <\/a>\r\n                            <figcaption class = \"td-slide-caption td-gallery-slide-content\"><div class = \"td-gallery-slide-copywrite\">foto: Antonija Menalo<\/div><\/figcaption>\r\n                        <\/figure>\r\n                    <\/div>\r\n                            <\/div>\r\n                        <\/div>\r\n\r\n                        <div class = \"td-doubleSlider-2\">\r\n                            <div class = \"td-slider\">\r\n                                \r\n                    <div class = \"td-button td-item1\">\r\n                        <div class = \"td-border\"><\/div>\r\n                    <\/div>\r\n                    <div class = \"td-button td-item2\">\r\n                        <div class = \"td-border\"><\/div>\r\n                    <\/div>\r\n                    <div class = \"td-button td-item3\">\r\n                        <div class = \"td-border\"><\/div>\r\n                    <\/div>\r\n                    <div class = \"td-button td-item4\">\r\n                        <div class = \"td-border\"><\/div>\r\n                    <\/div>\r\n                            <\/div>\r\n                        <\/div>\r\n\r\n                    <\/div>\r\n\r\n                <\/div>\r\n                \n","protected":false},"excerpt":{"rendered":"<p>Nakon ve\u010dernje mise koju je u crkvi sv. Nikole u Metkovi\u0107u predvodio \u017eupnik don Davor Biland\u017ei\u0107, u srijedu 13. travnja u kapeli Bo\u017ejega milosr\u0111a u sklopu Pastoralnog centra o. Ante Gabri\u0107a, odr\u017eana je tre\u0107a tribina pod naslovom \u201ePrispodoba o milosrdnom ocu&#8221; koju je predvodio don Augustin Radovi\u0107. Osvrnuv\u0161i se na biblijski tekst o milosrdnom ocu [&hellip;]<\/p>\n","protected":false},"author":7,"featured_media":18944,"comment_status":"open","ping_status":"open","sticky":false,"template":"","format":"standard","meta":{"footnotes":""},"categories":[1],"tags":[],"class_list":{"0":"post-18942","1":"post","2":"type-post","3":"status-publish","4":"format-standard","5":"has-post-thumbnail","7":"category-nekategorizirano"},"yoast_head":"<!-- This site is optimized with the Yoast SEO plugin v25.2 - https:\/\/yoast.com\/wordpress\/plugins\/seo\/ -->\n<title>U crkvi svetog Nikole odr\u017eana tre\u0107a tribina u Godini milosr\u0111a - likemetkovic.hr<\/title>\n<meta name=\"robots\" content=\"index, follow, max-snippet:-1, max-image-preview:large, max-video-preview:-1\" \/>\n<link rel=\"canonical\" href=\"https:\/\/likemetkovic.hr\/metkovicu-odrzana-trece-tribina-godini-milosrda\/\" \/>\n<meta property=\"og:locale\" content=\"hr_HR\" \/>\n<meta property=\"og:type\" content=\"article\" \/>\n<meta property=\"og:title\" content=\"U crkvi svetog Nikole odr\u017eana tre\u0107a tribina u Godini milosr\u0111a - likemetkovic.hr\" \/>\n<meta property=\"og:description\" content=\"Nakon ve\u010dernje mise koju je u crkvi sv. Nikole u Metkovi\u0107u predvodio \u017eupnik don Davor Biland\u017ei\u0107, u srijedu 13. travnja u kapeli Bo\u017ejega milosr\u0111a u sklopu Pastoralnog centra o. Ante Gabri\u0107a, odr\u017eana je tre\u0107a tribina pod naslovom \u201ePrispodoba o milosrdnom ocu&#8221; koju je predvodio don Augustin Radovi\u0107. Osvrnuv\u0161i se na biblijski tekst o milosrdnom ocu [&hellip;]\" \/>\n<meta property=\"og:url\" content=\"https:\/\/likemetkovic.hr\/metkovicu-odrzana-trece-tribina-godini-milosrda\/\" \/>\n<meta property=\"og:site_name\" content=\"likemetkovic.hr\" \/>\n<meta property=\"article:publisher\" content=\"https:\/\/www.facebook.com\/likemetkovic.hr\/\" \/>\n<meta property=\"article:published_time\" content=\"2016-04-17T13:59:16+00:00\" \/>\n<meta property=\"og:image\" content=\"https:\/\/likemetkovic.hr\/wp-content\/uploads\/2016\/04\/tribina_antonija_menalo_2.jpg\" \/>\n\t<meta property=\"og:image:width\" content=\"800\" \/>\n\t<meta property=\"og:image:height\" content=\"600\" \/>\n\t<meta property=\"og:image:type\" content=\"image\/jpeg\" \/>\n<meta name=\"author\" content=\"LIKEmetkovic.hr\" \/>\n<meta name=\"twitter:card\" content=\"summary_large_image\" \/>\n<meta name=\"twitter:label1\" content=\"Napisao\/la\" \/>\n\t<meta name=\"twitter:data1\" content=\"LIKEmetkovic.hr\" \/>\n\t<meta name=\"twitter:label2\" content=\"Procijenjeno vrijeme \u010ditanja\" \/>\n\t<meta name=\"twitter:data2\" content=\"2 minute\" \/>\n<script type=\"application\/ld+json\" class=\"yoast-schema-graph\">{\"@context\":\"https:\/\/schema.org\",\"@graph\":[{\"@type\":\"WebPage\",\"@id\":\"https:\/\/likemetkovic.hr\/metkovicu-odrzana-trece-tribina-godini-milosrda\/\",\"url\":\"https:\/\/likemetkovic.hr\/metkovicu-odrzana-trece-tribina-godini-milosrda\/\",\"name\":\"U crkvi svetog Nikole odr\u017eana tre\u0107a tribina u Godini milosr\u0111a - likemetkovic.hr\",\"isPartOf\":{\"@id\":\"https:\/\/likemetkovic.hr\/#website\"},\"primaryImageOfPage\":{\"@id\":\"https:\/\/likemetkovic.hr\/metkovicu-odrzana-trece-tribina-godini-milosrda\/#primaryimage\"},\"image\":{\"@id\":\"https:\/\/likemetkovic.hr\/metkovicu-odrzana-trece-tribina-godini-milosrda\/#primaryimage\"},\"thumbnailUrl\":\"https:\/\/likemetkovic.hr\/portal\/wp-content\/uploads\/2016\/04\/tribina_antonija_menalo_2.jpg\",\"datePublished\":\"2016-04-17T13:59:16+00:00\",\"author\":{\"@id\":\"https:\/\/likemetkovic.hr\/#\/schema\/person\/a42711f3385a0e2be6f7e0443bfb28f0\"},\"breadcrumb\":{\"@id\":\"https:\/\/likemetkovic.hr\/metkovicu-odrzana-trece-tribina-godini-milosrda\/#breadcrumb\"},\"inLanguage\":\"hr\",\"potentialAction\":[{\"@type\":\"ReadAction\",\"target\":[\"https:\/\/likemetkovic.hr\/metkovicu-odrzana-trece-tribina-godini-milosrda\/\"]}]},{\"@type\":\"ImageObject\",\"inLanguage\":\"hr\",\"@id\":\"https:\/\/likemetkovic.hr\/metkovicu-odrzana-trece-tribina-godini-milosrda\/#primaryimage\",\"url\":\"https:\/\/likemetkovic.hr\/portal\/wp-content\/uploads\/2016\/04\/tribina_antonija_menalo_2.jpg\",\"contentUrl\":\"https:\/\/likemetkovic.hr\/portal\/wp-content\/uploads\/2016\/04\/tribina_antonija_menalo_2.jpg\",\"width\":800,\"height\":600,\"caption\":\"foto: Antonija Menalo\"},{\"@type\":\"BreadcrumbList\",\"@id\":\"https:\/\/likemetkovic.hr\/metkovicu-odrzana-trece-tribina-godini-milosrda\/#breadcrumb\",\"itemListElement\":[{\"@type\":\"ListItem\",\"position\":1,\"name\":\"Po\u010detna stranica\",\"item\":\"https:\/\/likemetkovic.hr\/portal\/\"},{\"@type\":\"ListItem\",\"position\":2,\"name\":\"U crkvi svetog Nikole odr\u017eana tre\u0107a tribina u Godini milosr\u0111a\"}]},{\"@type\":\"WebSite\",\"@id\":\"https:\/\/likemetkovic.hr\/#website\",\"url\":\"https:\/\/likemetkovic.hr\/\",\"name\":\"likemetkovic.hr\",\"description\":\"Misli pozitivno... \u010ditaj LIKE\",\"potentialAction\":[{\"@type\":\"SearchAction\",\"target\":{\"@type\":\"EntryPoint\",\"urlTemplate\":\"https:\/\/likemetkovic.hr\/?s={search_term_string}\"},\"query-input\":{\"@type\":\"PropertyValueSpecification\",\"valueRequired\":true,\"valueName\":\"search_term_string\"}}],\"inLanguage\":\"hr\"},{\"@type\":\"Person\",\"@id\":\"https:\/\/likemetkovic.hr\/#\/schema\/person\/a42711f3385a0e2be6f7e0443bfb28f0\",\"name\":\"LIKEmetkovic.hr\",\"sameAs\":[\"http:\/\/likemetkovic.hr\"],\"url\":\"https:\/\/likemetkovic.hr\/portal\/author\/likemetkovic-hr\/\"}]}<\/script>\n<!-- \/ Yoast SEO plugin. -->","yoast_head_json":{"title":"U crkvi svetog Nikole odr\u017eana tre\u0107a tribina u Godini milosr\u0111a - likemetkovic.hr","robots":{"index":"index","follow":"follow","max-snippet":"max-snippet:-1","max-image-preview":"max-image-preview:large","max-video-preview":"max-video-preview:-1"},"canonical":"https:\/\/likemetkovic.hr\/metkovicu-odrzana-trece-tribina-godini-milosrda\/","og_locale":"hr_HR","og_type":"article","og_title":"U crkvi svetog Nikole odr\u017eana tre\u0107a tribina u Godini milosr\u0111a - likemetkovic.hr","og_description":"Nakon ve\u010dernje mise koju je u crkvi sv. Nikole u Metkovi\u0107u predvodio \u017eupnik don Davor Biland\u017ei\u0107, u srijedu 13. travnja u kapeli Bo\u017ejega milosr\u0111a u sklopu Pastoralnog centra o. Ante Gabri\u0107a, odr\u017eana je tre\u0107a tribina pod naslovom \u201ePrispodoba o milosrdnom ocu&#8221; koju je predvodio don Augustin Radovi\u0107. Osvrnuv\u0161i se na biblijski tekst o milosrdnom ocu [&hellip;]","og_url":"https:\/\/likemetkovic.hr\/metkovicu-odrzana-trece-tribina-godini-milosrda\/","og_site_name":"likemetkovic.hr","article_publisher":"https:\/\/www.facebook.com\/likemetkovic.hr\/","article_published_time":"2016-04-17T13:59:16+00:00","og_image":[{"width":800,"height":600,"url":"https:\/\/likemetkovic.hr\/wp-content\/uploads\/2016\/04\/tribina_antonija_menalo_2.jpg","type":"image\/jpeg"}],"author":"LIKEmetkovic.hr","twitter_card":"summary_large_image","twitter_misc":{"Napisao\/la":"LIKEmetkovic.hr","Procijenjeno vrijeme \u010ditanja":"2 minute"},"schema":{"@context":"https:\/\/schema.org","@graph":[{"@type":"WebPage","@id":"https:\/\/likemetkovic.hr\/metkovicu-odrzana-trece-tribina-godini-milosrda\/","url":"https:\/\/likemetkovic.hr\/metkovicu-odrzana-trece-tribina-godini-milosrda\/","name":"U crkvi svetog Nikole odr\u017eana tre\u0107a tribina u Godini milosr\u0111a - likemetkovic.hr","isPartOf":{"@id":"https:\/\/likemetkovic.hr\/#website"},"primaryImageOfPage":{"@id":"https:\/\/likemetkovic.hr\/metkovicu-odrzana-trece-tribina-godini-milosrda\/#primaryimage"},"image":{"@id":"https:\/\/likemetkovic.hr\/metkovicu-odrzana-trece-tribina-godini-milosrda\/#primaryimage"},"thumbnailUrl":"https:\/\/likemetkovic.hr\/portal\/wp-content\/uploads\/2016\/04\/tribina_antonija_menalo_2.jpg","datePublished":"2016-04-17T13:59:16+00:00","author":{"@id":"https:\/\/likemetkovic.hr\/#\/schema\/person\/a42711f3385a0e2be6f7e0443bfb28f0"},"breadcrumb":{"@id":"https:\/\/likemetkovic.hr\/metkovicu-odrzana-trece-tribina-godini-milosrda\/#breadcrumb"},"inLanguage":"hr","potentialAction":[{"@type":"ReadAction","target":["https:\/\/likemetkovic.hr\/metkovicu-odrzana-trece-tribina-godini-milosrda\/"]}]},{"@type":"ImageObject","inLanguage":"hr","@id":"https:\/\/likemetkovic.hr\/metkovicu-odrzana-trece-tribina-godini-milosrda\/#primaryimage","url":"https:\/\/likemetkovic.hr\/portal\/wp-content\/uploads\/2016\/04\/tribina_antonija_menalo_2.jpg","contentUrl":"https:\/\/likemetkovic.hr\/portal\/wp-content\/uploads\/2016\/04\/tribina_antonija_menalo_2.jpg","width":800,"height":600,"caption":"foto: Antonija Menalo"},{"@type":"BreadcrumbList","@id":"https:\/\/likemetkovic.hr\/metkovicu-odrzana-trece-tribina-godini-milosrda\/#breadcrumb","itemListElement":[{"@type":"ListItem","position":1,"name":"Po\u010detna stranica","item":"https:\/\/likemetkovic.hr\/portal\/"},{"@type":"ListItem","position":2,"name":"U crkvi svetog Nikole odr\u017eana tre\u0107a tribina u Godini milosr\u0111a"}]},{"@type":"WebSite","@id":"https:\/\/likemetkovic.hr\/#website","url":"https:\/\/likemetkovic.hr\/","name":"likemetkovic.hr","description":"Misli pozitivno... \u010ditaj LIKE","potentialAction":[{"@type":"SearchAction","target":{"@type":"EntryPoint","urlTemplate":"https:\/\/likemetkovic.hr\/?s={search_term_string}"},"query-input":{"@type":"PropertyValueSpecification","valueRequired":true,"valueName":"search_term_string"}}],"inLanguage":"hr"},{"@type":"Person","@id":"https:\/\/likemetkovic.hr\/#\/schema\/person\/a42711f3385a0e2be6f7e0443bfb28f0","name":"LIKEmetkovic.hr","sameAs":["http:\/\/likemetkovic.hr"],"url":"https:\/\/likemetkovic.hr\/portal\/author\/likemetkovic-hr\/"}]}},"_links":{"self":[{"href":"https:\/\/likemetkovic.hr\/portal\/wp-json\/wp\/v2\/posts\/18942","targetHints":{"allow":["GET"]}}],"collection":[{"href":"https:\/\/likemetkovic.hr\/portal\/wp-json\/wp\/v2\/posts"}],"about":[{"href":"https:\/\/likemetkovic.hr\/portal\/wp-json\/wp\/v2\/types\/post"}],"author":[{"embeddable":true,"href":"https:\/\/likemetkovic.hr\/portal\/wp-json\/wp\/v2\/users\/7"}],"replies":[{"embeddable":true,"href":"https:\/\/likemetkovic.hr\/portal\/wp-json\/wp\/v2\/comments?post=18942"}],"version-history":[{"count":0,"href":"https:\/\/likemetkovic.hr\/portal\/wp-json\/wp\/v2\/posts\/18942\/revisions"}],"wp:featuredmedia":[{"embeddable":true,"href":"https:\/\/likemetkovic.hr\/portal\/wp-json\/wp\/v2\/media\/18944"}],"wp:attachment":[{"href":"https:\/\/likemetkovic.hr\/portal\/wp-json\/wp\/v2\/media?parent=18942"}],"wp:term":[{"taxonomy":"category","embeddable":true,"href":"https:\/\/likemetkovic.hr\/portal\/wp-json\/wp\/v2\/categories?post=18942"},{"taxonomy":"post_tag","embeddable":true,"href":"https:\/\/likemetkovic.hr\/portal\/wp-json\/wp\/v2\/tags?post=18942"}],"curies":[{"name":"wp","href":"https:\/\/api.w.org\/{rel}","templated":true}]}}