{"id":19035,"date":"2016-04-19T11:35:47","date_gmt":"2016-04-19T09:35:47","guid":{"rendered":"http:\/\/likemetkovic.hr\/?p=19035"},"modified":"2016-04-19T11:35:47","modified_gmt":"2016-04-19T09:35:47","slug":"natjecanje-iz-prve-pomoci-osnovna-skola-stjepana-radica-osvojila-2-mjesto","status":"publish","type":"post","link":"https:\/\/likemetkovic.hr\/portal\/natjecanje-iz-prve-pomoci-osnovna-skola-stjepana-radica-osvojila-2-mjesto\/","title":{"rendered":"NATJECANJE IZ PRVE POMO\u0106I: Osnovna \u0161kola Stjepana Radi\u0107a osvojila 2. mjesto!"},"content":{"rendered":"<p>U organizaciji Crvenog kri\u017ea iz Metkovi\u0107a \u00a0u subotu 16. travnja 2016. godine u sportskoj dvorani Gimnazije Metkovi\u0107 i Srednje \u0161kole Metkovi\u0107 odr\u017eano je\u00a0<strong>Me\u0111u\u017eupanijsko natjecanje\u00a0 podmlatka i mlade\u017ei Hrvatskog Crvenog kri\u017ea <\/strong>na kojem su sudjelovale 23 ekipe u\u010denika osnovnih i srednjih \u0161kola Dubrova\u010dko-neretvanske i Splitsko-dalmatinske \u017eupanije. Osnovnu<strong>\u00a0<\/strong>\u0161kolu Stjepana Radi\u0107a je pod vodstvom<strong> nastavnice Vesne Pavlovi\u0107 predstavljalo 6 u\u010denika: Toni \u017dderi\u0107, 7.d, Petra Ob\u0161iva\u010d, 7.f, Lana Ba\u010di\u0107, 7.f, Ema Vidovi\u0107, 7.d, Stanka Tolj, 7.f i Katarina Prate\u017eina, 7.e.\u00a0<\/strong> Nakon natjecanja koje se sastojalo od pismenog dijela i prakti\u010dnog dijela zbrinjavanja ozljeda, u\u010denici Osnovne<strong>\u00a0<\/strong>\u0161kole Stjepana Radi\u0107a izme\u0111u 15 ekipa u kategoriji podmlatka zauzeli su 2. mjesto. Za dobru natjecateljsku atmosferu i kao pripomo\u0107 u organizaciji i provedbi prakti\u010dnog dijela pripomogli su na\u0161i u\u010denici <strong>Paula Ragu\u017e, Ana Putica, Stanko \u0160iljeg, Roko Rami\u0107, Dora Arapovi\u0107, Mirko Arapovi\u0107 i Rita Gabri\u0107.<\/strong><\/p>\n<p>GD Crvenoga kri\u017ea Metkovi\u0107, na \u010delu s ravnateljicom <strong>Nelom Orlovi\u0107<\/strong> pobrinulo se da se organizacija odr\u017ei na visokoj razini i da se svi natjecatelji u na\u0161eg gradu osje\u0107aju dobrodo\u0161lo, a tome je svakako pripomogao posjet Arheolo\u0161kom muzeju u Vidu i Prirodoslovnom muzeju u Metkovi\u0107u kao i matineja u metkovskoj diskoteci Coco Club. Na\u0161im u\u010denicima i nastavnici Vesni \u010destitamo od srca\u00a0 na osvojenom 2. mjestu, ali i na ulo\u017eenom trudu i entuzijazmu kojom \u010duvaju na\u0161u dugogodi\u0161nju \u0161kolsku tradiciju edukacije iz pru\u017eanja prve pomo\u0107i.<\/p>\n\r\n                <style type=\"text\/css\">\r\n                    \r\n                    #tdi_1  .td-doubleSlider-2 .td-item1 {\r\n                        background: url(https:\/\/likemetkovic.hr\/portal\/wp-content\/uploads\/2016\/04\/o\u0161_stjepana_radi\u0107a_prva-pomo\u0107_1-80x60.jpg) 0 0 no-repeat;\r\n                    }\r\n                    #tdi_1  .td-doubleSlider-2 .td-item2 {\r\n                        background: url(https:\/\/likemetkovic.hr\/portal\/wp-content\/uploads\/2016\/04\/o\u0161_stjepana_radi\u0107a_prva-pomo\u0107_2-80x60.jpg) 0 0 no-repeat;\r\n                    }\r\n                    #tdi_1  .td-doubleSlider-2 .td-item3 {\r\n                        background: url(https:\/\/likemetkovic.hr\/portal\/wp-content\/uploads\/2016\/04\/o\u0161_stjepana_radi\u0107a_prva-pomo\u0107_3-80x60.jpg) 0 0 no-repeat;\r\n                    }\r\n                    #tdi_1  .td-doubleSlider-2 .td-item4 {\r\n                        background: url(https:\/\/likemetkovic.hr\/portal\/wp-content\/uploads\/2016\/04\/o\u0161_stjepana_radi\u0107a_prva-pomo\u0107_4-80x60.jpg) 0 0 no-repeat;\r\n                    }\r\n                <\/style>\r\n\r\n                <div id=\"tdi_1\" class=\"td-gallery td-slide-on-2-columns\">\r\n                    <div class=\"post_td_gallery\">\r\n                        <div class=\"td-gallery-slide-top\">\r\n                           <div class=\"td-gallery-title\"><\/div>\r\n\r\n                            <div class=\"td-gallery-controls-wrapper\">\r\n                                <div class=\"td-gallery-slide-count\"><span class=\"td-gallery-slide-item-focus\">1<\/span> of 4<\/div>\r\n                                <div class=\"td-gallery-slide-prev-next-but\">\r\n                                    <i class = \"td-icon-left doubleSliderPrevButton\"><\/i>\r\n                                    <i class = \"td-icon-right doubleSliderNextButton\"><\/i>\r\n                                <\/div>\r\n                            <\/div>\r\n                        <\/div>\r\n\r\n                        <div class = \"td-doubleSlider-1 \">\r\n                            <div class = \"td-slider\">\r\n                                \r\n                    <div class = \"td-slide-item td-item1\">\r\n                        <figure class=\"td-slide-galery-figure td-slide-popup-gallery\">\r\n                            <a class=\"slide-gallery-image-link\" href=\"https:\/\/likemetkovic.hr\/portal\/wp-content\/uploads\/2016\/04\/o\u0161_stjepana_radi\u0107a_prva-pomo\u0107_1.jpg\" title=\"o\u0161_stjepana_radi\u0107a_prva pomo\u0107_1\"  data-caption=\"\"  data-description=\"\">\r\n                                <img decoding=\"async\" src=\"https:\/\/likemetkovic.hr\/portal\/wp-content\/uploads\/2016\/04\/o\u0161_stjepana_radi\u0107a_prva-pomo\u0107_1-560x420.jpg\" srcset=\"https:\/\/likemetkovic.hr\/portal\/wp-content\/uploads\/2016\/04\/o\u0161_stjepana_radi\u0107a_prva-pomo\u0107_1-560x420.jpg 560w, https:\/\/likemetkovic.hr\/portal\/wp-content\/uploads\/2016\/04\/o\u0161_stjepana_radi\u0107a_prva-pomo\u0107_1-300x225.jpg 300w, https:\/\/likemetkovic.hr\/portal\/wp-content\/uploads\/2016\/04\/o\u0161_stjepana_radi\u0107a_prva-pomo\u0107_1-768x576.jpg 768w, https:\/\/likemetkovic.hr\/portal\/wp-content\/uploads\/2016\/04\/o\u0161_stjepana_radi\u0107a_prva-pomo\u0107_1-640x480.jpg 640w, https:\/\/likemetkovic.hr\/portal\/wp-content\/uploads\/2016\/04\/o\u0161_stjepana_radi\u0107a_prva-pomo\u0107_1-80x60.jpg 80w, https:\/\/likemetkovic.hr\/portal\/wp-content\/uploads\/2016\/04\/o\u0161_stjepana_radi\u0107a_prva-pomo\u0107_1-265x198.jpg 265w, https:\/\/likemetkovic.hr\/portal\/wp-content\/uploads\/2016\/04\/o\u0161_stjepana_radi\u0107a_prva-pomo\u0107_1-696x522.jpg 696w, https:\/\/likemetkovic.hr\/portal\/wp-content\/uploads\/2016\/04\/o\u0161_stjepana_radi\u0107a_prva-pomo\u0107_1.jpg 800w\" sizes=\"(max-width: 560px) 100vw, 560px\" alt=\"\">\r\n                            <\/a>\r\n                            \r\n                        <\/figure>\r\n                    <\/div>\r\n                    <div class = \"td-slide-item td-item2\">\r\n                        <figure class=\"td-slide-galery-figure td-slide-popup-gallery\">\r\n                            <a class=\"slide-gallery-image-link\" href=\"https:\/\/likemetkovic.hr\/portal\/wp-content\/uploads\/2016\/04\/o\u0161_stjepana_radi\u0107a_prva-pomo\u0107_2.jpg\" title=\"o\u0161_stjepana_radi\u0107a_prva pomo\u0107_2\"  data-caption=\"\"  data-description=\"\">\r\n                                <img decoding=\"async\" src=\"https:\/\/likemetkovic.hr\/portal\/wp-content\/uploads\/2016\/04\/o\u0161_stjepana_radi\u0107a_prva-pomo\u0107_2-560x420.jpg\" srcset=\"https:\/\/likemetkovic.hr\/portal\/wp-content\/uploads\/2016\/04\/o\u0161_stjepana_radi\u0107a_prva-pomo\u0107_2-560x420.jpg 560w, https:\/\/likemetkovic.hr\/portal\/wp-content\/uploads\/2016\/04\/o\u0161_stjepana_radi\u0107a_prva-pomo\u0107_2-300x225.jpg 300w, https:\/\/likemetkovic.hr\/portal\/wp-content\/uploads\/2016\/04\/o\u0161_stjepana_radi\u0107a_prva-pomo\u0107_2-768x576.jpg 768w, https:\/\/likemetkovic.hr\/portal\/wp-content\/uploads\/2016\/04\/o\u0161_stjepana_radi\u0107a_prva-pomo\u0107_2-640x480.jpg 640w, https:\/\/likemetkovic.hr\/portal\/wp-content\/uploads\/2016\/04\/o\u0161_stjepana_radi\u0107a_prva-pomo\u0107_2-80x60.jpg 80w, https:\/\/likemetkovic.hr\/portal\/wp-content\/uploads\/2016\/04\/o\u0161_stjepana_radi\u0107a_prva-pomo\u0107_2-265x198.jpg 265w, https:\/\/likemetkovic.hr\/portal\/wp-content\/uploads\/2016\/04\/o\u0161_stjepana_radi\u0107a_prva-pomo\u0107_2-696x522.jpg 696w, https:\/\/likemetkovic.hr\/portal\/wp-content\/uploads\/2016\/04\/o\u0161_stjepana_radi\u0107a_prva-pomo\u0107_2.jpg 800w\" sizes=\"(max-width: 560px) 100vw, 560px\" alt=\"\">\r\n                            <\/a>\r\n                            \r\n                        <\/figure>\r\n                    <\/div>\r\n                    <div class = \"td-slide-item td-item3\">\r\n                        <figure class=\"td-slide-galery-figure td-slide-popup-gallery\">\r\n                            <a class=\"slide-gallery-image-link\" href=\"https:\/\/likemetkovic.hr\/portal\/wp-content\/uploads\/2016\/04\/o\u0161_stjepana_radi\u0107a_prva-pomo\u0107_3.jpg\" title=\"o\u0161_stjepana_radi\u0107a_prva pomo\u0107_3\"  data-caption=\"\"  data-description=\"\">\r\n                                <img decoding=\"async\" src=\"https:\/\/likemetkovic.hr\/portal\/wp-content\/uploads\/2016\/04\/o\u0161_stjepana_radi\u0107a_prva-pomo\u0107_3-532x420.jpg\" srcset=\"https:\/\/likemetkovic.hr\/portal\/wp-content\/uploads\/2016\/04\/o\u0161_stjepana_radi\u0107a_prva-pomo\u0107_3-532x420.jpg 532w, https:\/\/likemetkovic.hr\/portal\/wp-content\/uploads\/2016\/04\/o\u0161_stjepana_radi\u0107a_prva-pomo\u0107_3-300x237.jpg 300w, https:\/\/likemetkovic.hr\/portal\/wp-content\/uploads\/2016\/04\/o\u0161_stjepana_radi\u0107a_prva-pomo\u0107_3-768x606.jpg 768w, https:\/\/likemetkovic.hr\/portal\/wp-content\/uploads\/2016\/04\/o\u0161_stjepana_radi\u0107a_prva-pomo\u0107_3-640x505.jpg 640w, https:\/\/likemetkovic.hr\/portal\/wp-content\/uploads\/2016\/04\/o\u0161_stjepana_radi\u0107a_prva-pomo\u0107_3-696x549.jpg 696w, https:\/\/likemetkovic.hr\/portal\/wp-content\/uploads\/2016\/04\/o\u0161_stjepana_radi\u0107a_prva-pomo\u0107_3.jpg 800w\" sizes=\"(max-width: 532px) 100vw, 532px\" alt=\"\">\r\n                            <\/a>\r\n                            \r\n                        <\/figure>\r\n                    <\/div>\r\n                    <div class = \"td-slide-item td-item4\">\r\n                        <figure class=\"td-slide-galery-figure td-slide-popup-gallery\">\r\n                            <a class=\"slide-gallery-image-link\" href=\"https:\/\/likemetkovic.hr\/portal\/wp-content\/uploads\/2016\/04\/o\u0161_stjepana_radi\u0107a_prva-pomo\u0107_4.jpg\" title=\"o\u0161_stjepana_radi\u0107a_prva pomo\u0107_4\"  data-caption=\"\"  data-description=\"\">\r\n                                <img decoding=\"async\" src=\"https:\/\/likemetkovic.hr\/portal\/wp-content\/uploads\/2016\/04\/o\u0161_stjepana_radi\u0107a_prva-pomo\u0107_4-560x420.jpg\" srcset=\"https:\/\/likemetkovic.hr\/portal\/wp-content\/uploads\/2016\/04\/o\u0161_stjepana_radi\u0107a_prva-pomo\u0107_4-560x420.jpg 560w, https:\/\/likemetkovic.hr\/portal\/wp-content\/uploads\/2016\/04\/o\u0161_stjepana_radi\u0107a_prva-pomo\u0107_4-300x225.jpg 300w, https:\/\/likemetkovic.hr\/portal\/wp-content\/uploads\/2016\/04\/o\u0161_stjepana_radi\u0107a_prva-pomo\u0107_4-768x576.jpg 768w, https:\/\/likemetkovic.hr\/portal\/wp-content\/uploads\/2016\/04\/o\u0161_stjepana_radi\u0107a_prva-pomo\u0107_4-640x480.jpg 640w, https:\/\/likemetkovic.hr\/portal\/wp-content\/uploads\/2016\/04\/o\u0161_stjepana_radi\u0107a_prva-pomo\u0107_4-80x60.jpg 80w, https:\/\/likemetkovic.hr\/portal\/wp-content\/uploads\/2016\/04\/o\u0161_stjepana_radi\u0107a_prva-pomo\u0107_4-265x198.jpg 265w, https:\/\/likemetkovic.hr\/portal\/wp-content\/uploads\/2016\/04\/o\u0161_stjepana_radi\u0107a_prva-pomo\u0107_4-696x522.jpg 696w, https:\/\/likemetkovic.hr\/portal\/wp-content\/uploads\/2016\/04\/o\u0161_stjepana_radi\u0107a_prva-pomo\u0107_4.jpg 800w\" sizes=\"(max-width: 560px) 100vw, 560px\" alt=\"\">\r\n                            <\/a>\r\n                            \r\n                        <\/figure>\r\n                    <\/div>\r\n                            <\/div>\r\n                        <\/div>\r\n\r\n                        <div class = \"td-doubleSlider-2\">\r\n                            <div class = \"td-slider\">\r\n                                \r\n                    <div class = \"td-button td-item1\">\r\n                        <div class = \"td-border\"><\/div>\r\n                    <\/div>\r\n                    <div class = \"td-button td-item2\">\r\n                        <div class = \"td-border\"><\/div>\r\n                    <\/div>\r\n                    <div class = \"td-button td-item3\">\r\n                        <div class = \"td-border\"><\/div>\r\n                    <\/div>\r\n                    <div class = \"td-button td-item4\">\r\n                        <div class = \"td-border\"><\/div>\r\n                    <\/div>\r\n                            <\/div>\r\n                        <\/div>\r\n\r\n                    <\/div>\r\n\r\n                <\/div>\r\n                \n","protected":false},"excerpt":{"rendered":"<p>U organizaciji Crvenog kri\u017ea iz Metkovi\u0107a \u00a0u subotu 16. travnja 2016. godine u sportskoj dvorani Gimnazije Metkovi\u0107 i Srednje \u0161kole Metkovi\u0107 odr\u017eano je\u00a0Me\u0111u\u017eupanijsko natjecanje\u00a0 podmlatka i mlade\u017ei Hrvatskog Crvenog kri\u017ea na kojem su sudjelovale 23 ekipe u\u010denika osnovnih i srednjih \u0161kola Dubrova\u010dko-neretvanske i Splitsko-dalmatinske \u017eupanije. Osnovnu\u00a0\u0161kolu Stjepana Radi\u0107a je pod vodstvom nastavnice Vesne Pavlovi\u0107 predstavljalo [&hellip;]<\/p>\n","protected":false},"author":7,"featured_media":19038,"comment_status":"open","ping_status":"open","sticky":false,"template":"","format":"standard","meta":{"footnotes":""},"categories":[283,166],"tags":[],"class_list":{"0":"post-19035","1":"post","2":"type-post","3":"status-publish","4":"format-standard","5":"has-post-thumbnail","7":"category-a","8":"category-skolstvo"},"yoast_head":"<!-- This site is optimized with the Yoast SEO plugin v25.2 - https:\/\/yoast.com\/wordpress\/plugins\/seo\/ -->\n<title>NATJECANJE IZ PRVE POMO\u0106I: Osnovna \u0161kola Stjepana Radi\u0107a osvojila 2. mjesto! - likemetkovic.hr<\/title>\n<meta name=\"robots\" content=\"index, follow, max-snippet:-1, max-image-preview:large, max-video-preview:-1\" \/>\n<link rel=\"canonical\" href=\"https:\/\/likemetkovic.hr\/natjecanje-iz-prve-pomoci-osnovna-skola-stjepana-radica-osvojila-2-mjesto\/\" \/>\n<meta property=\"og:locale\" content=\"hr_HR\" \/>\n<meta property=\"og:type\" content=\"article\" \/>\n<meta property=\"og:title\" content=\"NATJECANJE IZ PRVE POMO\u0106I: Osnovna \u0161kola Stjepana Radi\u0107a osvojila 2. mjesto! - likemetkovic.hr\" \/>\n<meta property=\"og:description\" content=\"U organizaciji Crvenog kri\u017ea iz Metkovi\u0107a \u00a0u subotu 16. travnja 2016. godine u sportskoj dvorani Gimnazije Metkovi\u0107 i Srednje \u0161kole Metkovi\u0107 odr\u017eano je\u00a0Me\u0111u\u017eupanijsko natjecanje\u00a0 podmlatka i mlade\u017ei Hrvatskog Crvenog kri\u017ea na kojem su sudjelovale 23 ekipe u\u010denika osnovnih i srednjih \u0161kola Dubrova\u010dko-neretvanske i Splitsko-dalmatinske \u017eupanije. Osnovnu\u00a0\u0161kolu Stjepana Radi\u0107a je pod vodstvom nastavnice Vesne Pavlovi\u0107 predstavljalo [&hellip;]\" \/>\n<meta property=\"og:url\" content=\"https:\/\/likemetkovic.hr\/natjecanje-iz-prve-pomoci-osnovna-skola-stjepana-radica-osvojila-2-mjesto\/\" \/>\n<meta property=\"og:site_name\" content=\"likemetkovic.hr\" \/>\n<meta property=\"article:publisher\" content=\"https:\/\/www.facebook.com\/likemetkovic.hr\/\" \/>\n<meta property=\"article:published_time\" content=\"2016-04-19T09:35:47+00:00\" \/>\n<meta property=\"og:image\" content=\"https:\/\/likemetkovic.hr\/wp-content\/uploads\/2016\/04\/o\u0161_stjepana_radi\u0107a_prva-pomo\u0107_3.jpg\" \/>\n\t<meta property=\"og:image:width\" content=\"800\" \/>\n\t<meta property=\"og:image:height\" content=\"631\" \/>\n\t<meta property=\"og:image:type\" content=\"image\/jpeg\" \/>\n<meta name=\"author\" content=\"LIKEmetkovic.hr\" \/>\n<meta name=\"twitter:card\" content=\"summary_large_image\" \/>\n<meta name=\"twitter:label1\" content=\"Napisao\/la\" \/>\n\t<meta name=\"twitter:data1\" content=\"LIKEmetkovic.hr\" \/>\n\t<meta name=\"twitter:label2\" content=\"Procijenjeno vrijeme \u010ditanja\" \/>\n\t<meta name=\"twitter:data2\" content=\"1 minuta\" \/>\n<script type=\"application\/ld+json\" class=\"yoast-schema-graph\">{\"@context\":\"https:\/\/schema.org\",\"@graph\":[{\"@type\":\"WebPage\",\"@id\":\"https:\/\/likemetkovic.hr\/natjecanje-iz-prve-pomoci-osnovna-skola-stjepana-radica-osvojila-2-mjesto\/\",\"url\":\"https:\/\/likemetkovic.hr\/natjecanje-iz-prve-pomoci-osnovna-skola-stjepana-radica-osvojila-2-mjesto\/\",\"name\":\"NATJECANJE IZ PRVE POMO\u0106I: Osnovna \u0161kola Stjepana Radi\u0107a osvojila 2. mjesto! - likemetkovic.hr\",\"isPartOf\":{\"@id\":\"https:\/\/likemetkovic.hr\/#website\"},\"primaryImageOfPage\":{\"@id\":\"https:\/\/likemetkovic.hr\/natjecanje-iz-prve-pomoci-osnovna-skola-stjepana-radica-osvojila-2-mjesto\/#primaryimage\"},\"image\":{\"@id\":\"https:\/\/likemetkovic.hr\/natjecanje-iz-prve-pomoci-osnovna-skola-stjepana-radica-osvojila-2-mjesto\/#primaryimage\"},\"thumbnailUrl\":\"https:\/\/likemetkovic.hr\/portal\/wp-content\/uploads\/2016\/04\/o\u0161_stjepana_radi\u0107a_prva-pomo\u0107_3.jpg\",\"datePublished\":\"2016-04-19T09:35:47+00:00\",\"author\":{\"@id\":\"https:\/\/likemetkovic.hr\/#\/schema\/person\/a42711f3385a0e2be6f7e0443bfb28f0\"},\"breadcrumb\":{\"@id\":\"https:\/\/likemetkovic.hr\/natjecanje-iz-prve-pomoci-osnovna-skola-stjepana-radica-osvojila-2-mjesto\/#breadcrumb\"},\"inLanguage\":\"hr\",\"potentialAction\":[{\"@type\":\"ReadAction\",\"target\":[\"https:\/\/likemetkovic.hr\/natjecanje-iz-prve-pomoci-osnovna-skola-stjepana-radica-osvojila-2-mjesto\/\"]}]},{\"@type\":\"ImageObject\",\"inLanguage\":\"hr\",\"@id\":\"https:\/\/likemetkovic.hr\/natjecanje-iz-prve-pomoci-osnovna-skola-stjepana-radica-osvojila-2-mjesto\/#primaryimage\",\"url\":\"https:\/\/likemetkovic.hr\/portal\/wp-content\/uploads\/2016\/04\/o\u0161_stjepana_radi\u0107a_prva-pomo\u0107_3.jpg\",\"contentUrl\":\"https:\/\/likemetkovic.hr\/portal\/wp-content\/uploads\/2016\/04\/o\u0161_stjepana_radi\u0107a_prva-pomo\u0107_3.jpg\",\"width\":800,\"height\":631},{\"@type\":\"BreadcrumbList\",\"@id\":\"https:\/\/likemetkovic.hr\/natjecanje-iz-prve-pomoci-osnovna-skola-stjepana-radica-osvojila-2-mjesto\/#breadcrumb\",\"itemListElement\":[{\"@type\":\"ListItem\",\"position\":1,\"name\":\"Po\u010detna stranica\",\"item\":\"https:\/\/likemetkovic.hr\/portal\/\"},{\"@type\":\"ListItem\",\"position\":2,\"name\":\"NATJECANJE IZ PRVE POMO\u0106I: Osnovna \u0161kola Stjepana Radi\u0107a osvojila 2. mjesto!\"}]},{\"@type\":\"WebSite\",\"@id\":\"https:\/\/likemetkovic.hr\/#website\",\"url\":\"https:\/\/likemetkovic.hr\/\",\"name\":\"likemetkovic.hr\",\"description\":\"Misli pozitivno... \u010ditaj LIKE\",\"potentialAction\":[{\"@type\":\"SearchAction\",\"target\":{\"@type\":\"EntryPoint\",\"urlTemplate\":\"https:\/\/likemetkovic.hr\/?s={search_term_string}\"},\"query-input\":{\"@type\":\"PropertyValueSpecification\",\"valueRequired\":true,\"valueName\":\"search_term_string\"}}],\"inLanguage\":\"hr\"},{\"@type\":\"Person\",\"@id\":\"https:\/\/likemetkovic.hr\/#\/schema\/person\/a42711f3385a0e2be6f7e0443bfb28f0\",\"name\":\"LIKEmetkovic.hr\",\"sameAs\":[\"http:\/\/likemetkovic.hr\"],\"url\":\"https:\/\/likemetkovic.hr\/portal\/author\/likemetkovic-hr\/\"}]}<\/script>\n<!-- \/ Yoast SEO plugin. -->","yoast_head_json":{"title":"NATJECANJE IZ PRVE POMO\u0106I: Osnovna \u0161kola Stjepana Radi\u0107a osvojila 2. mjesto! - likemetkovic.hr","robots":{"index":"index","follow":"follow","max-snippet":"max-snippet:-1","max-image-preview":"max-image-preview:large","max-video-preview":"max-video-preview:-1"},"canonical":"https:\/\/likemetkovic.hr\/natjecanje-iz-prve-pomoci-osnovna-skola-stjepana-radica-osvojila-2-mjesto\/","og_locale":"hr_HR","og_type":"article","og_title":"NATJECANJE IZ PRVE POMO\u0106I: Osnovna \u0161kola Stjepana Radi\u0107a osvojila 2. mjesto! - likemetkovic.hr","og_description":"U organizaciji Crvenog kri\u017ea iz Metkovi\u0107a \u00a0u subotu 16. travnja 2016. godine u sportskoj dvorani Gimnazije Metkovi\u0107 i Srednje \u0161kole Metkovi\u0107 odr\u017eano je\u00a0Me\u0111u\u017eupanijsko natjecanje\u00a0 podmlatka i mlade\u017ei Hrvatskog Crvenog kri\u017ea na kojem su sudjelovale 23 ekipe u\u010denika osnovnih i srednjih \u0161kola Dubrova\u010dko-neretvanske i Splitsko-dalmatinske \u017eupanije. Osnovnu\u00a0\u0161kolu Stjepana Radi\u0107a je pod vodstvom nastavnice Vesne Pavlovi\u0107 predstavljalo [&hellip;]","og_url":"https:\/\/likemetkovic.hr\/natjecanje-iz-prve-pomoci-osnovna-skola-stjepana-radica-osvojila-2-mjesto\/","og_site_name":"likemetkovic.hr","article_publisher":"https:\/\/www.facebook.com\/likemetkovic.hr\/","article_published_time":"2016-04-19T09:35:47+00:00","og_image":[{"width":800,"height":631,"url":"https:\/\/likemetkovic.hr\/wp-content\/uploads\/2016\/04\/o\u0161_stjepana_radi\u0107a_prva-pomo\u0107_3.jpg","type":"image\/jpeg"}],"author":"LIKEmetkovic.hr","twitter_card":"summary_large_image","twitter_misc":{"Napisao\/la":"LIKEmetkovic.hr","Procijenjeno vrijeme \u010ditanja":"1 minuta"},"schema":{"@context":"https:\/\/schema.org","@graph":[{"@type":"WebPage","@id":"https:\/\/likemetkovic.hr\/natjecanje-iz-prve-pomoci-osnovna-skola-stjepana-radica-osvojila-2-mjesto\/","url":"https:\/\/likemetkovic.hr\/natjecanje-iz-prve-pomoci-osnovna-skola-stjepana-radica-osvojila-2-mjesto\/","name":"NATJECANJE IZ PRVE POMO\u0106I: Osnovna \u0161kola Stjepana Radi\u0107a osvojila 2. mjesto! - likemetkovic.hr","isPartOf":{"@id":"https:\/\/likemetkovic.hr\/#website"},"primaryImageOfPage":{"@id":"https:\/\/likemetkovic.hr\/natjecanje-iz-prve-pomoci-osnovna-skola-stjepana-radica-osvojila-2-mjesto\/#primaryimage"},"image":{"@id":"https:\/\/likemetkovic.hr\/natjecanje-iz-prve-pomoci-osnovna-skola-stjepana-radica-osvojila-2-mjesto\/#primaryimage"},"thumbnailUrl":"https:\/\/likemetkovic.hr\/portal\/wp-content\/uploads\/2016\/04\/o\u0161_stjepana_radi\u0107a_prva-pomo\u0107_3.jpg","datePublished":"2016-04-19T09:35:47+00:00","author":{"@id":"https:\/\/likemetkovic.hr\/#\/schema\/person\/a42711f3385a0e2be6f7e0443bfb28f0"},"breadcrumb":{"@id":"https:\/\/likemetkovic.hr\/natjecanje-iz-prve-pomoci-osnovna-skola-stjepana-radica-osvojila-2-mjesto\/#breadcrumb"},"inLanguage":"hr","potentialAction":[{"@type":"ReadAction","target":["https:\/\/likemetkovic.hr\/natjecanje-iz-prve-pomoci-osnovna-skola-stjepana-radica-osvojila-2-mjesto\/"]}]},{"@type":"ImageObject","inLanguage":"hr","@id":"https:\/\/likemetkovic.hr\/natjecanje-iz-prve-pomoci-osnovna-skola-stjepana-radica-osvojila-2-mjesto\/#primaryimage","url":"https:\/\/likemetkovic.hr\/portal\/wp-content\/uploads\/2016\/04\/o\u0161_stjepana_radi\u0107a_prva-pomo\u0107_3.jpg","contentUrl":"https:\/\/likemetkovic.hr\/portal\/wp-content\/uploads\/2016\/04\/o\u0161_stjepana_radi\u0107a_prva-pomo\u0107_3.jpg","width":800,"height":631},{"@type":"BreadcrumbList","@id":"https:\/\/likemetkovic.hr\/natjecanje-iz-prve-pomoci-osnovna-skola-stjepana-radica-osvojila-2-mjesto\/#breadcrumb","itemListElement":[{"@type":"ListItem","position":1,"name":"Po\u010detna stranica","item":"https:\/\/likemetkovic.hr\/portal\/"},{"@type":"ListItem","position":2,"name":"NATJECANJE IZ PRVE POMO\u0106I: Osnovna \u0161kola Stjepana Radi\u0107a osvojila 2. mjesto!"}]},{"@type":"WebSite","@id":"https:\/\/likemetkovic.hr\/#website","url":"https:\/\/likemetkovic.hr\/","name":"likemetkovic.hr","description":"Misli pozitivno... \u010ditaj LIKE","potentialAction":[{"@type":"SearchAction","target":{"@type":"EntryPoint","urlTemplate":"https:\/\/likemetkovic.hr\/?s={search_term_string}"},"query-input":{"@type":"PropertyValueSpecification","valueRequired":true,"valueName":"search_term_string"}}],"inLanguage":"hr"},{"@type":"Person","@id":"https:\/\/likemetkovic.hr\/#\/schema\/person\/a42711f3385a0e2be6f7e0443bfb28f0","name":"LIKEmetkovic.hr","sameAs":["http:\/\/likemetkovic.hr"],"url":"https:\/\/likemetkovic.hr\/portal\/author\/likemetkovic-hr\/"}]}},"_links":{"self":[{"href":"https:\/\/likemetkovic.hr\/portal\/wp-json\/wp\/v2\/posts\/19035","targetHints":{"allow":["GET"]}}],"collection":[{"href":"https:\/\/likemetkovic.hr\/portal\/wp-json\/wp\/v2\/posts"}],"about":[{"href":"https:\/\/likemetkovic.hr\/portal\/wp-json\/wp\/v2\/types\/post"}],"author":[{"embeddable":true,"href":"https:\/\/likemetkovic.hr\/portal\/wp-json\/wp\/v2\/users\/7"}],"replies":[{"embeddable":true,"href":"https:\/\/likemetkovic.hr\/portal\/wp-json\/wp\/v2\/comments?post=19035"}],"version-history":[{"count":0,"href":"https:\/\/likemetkovic.hr\/portal\/wp-json\/wp\/v2\/posts\/19035\/revisions"}],"wp:featuredmedia":[{"embeddable":true,"href":"https:\/\/likemetkovic.hr\/portal\/wp-json\/wp\/v2\/media\/19038"}],"wp:attachment":[{"href":"https:\/\/likemetkovic.hr\/portal\/wp-json\/wp\/v2\/media?parent=19035"}],"wp:term":[{"taxonomy":"category","embeddable":true,"href":"https:\/\/likemetkovic.hr\/portal\/wp-json\/wp\/v2\/categories?post=19035"},{"taxonomy":"post_tag","embeddable":true,"href":"https:\/\/likemetkovic.hr\/portal\/wp-json\/wp\/v2\/tags?post=19035"}],"curies":[{"name":"wp","href":"https:\/\/api.w.org\/{rel}","templated":true}]}}