{"id":19085,"date":"2016-04-20T14:13:24","date_gmt":"2016-04-20T12:13:24","guid":{"rendered":"http:\/\/likemetkovic.hr\/?p=19085"},"modified":"2016-04-21T09:01:24","modified_gmt":"2016-04-21T07:01:24","slug":"sjednica-gradskog-vijeca-metkovic-se-bratimi-talijanskim-gradom-ortoneom","status":"publish","type":"post","link":"https:\/\/likemetkovic.hr\/portal\/sjednica-gradskog-vijeca-metkovic-se-bratimi-talijanskim-gradom-ortoneom\/","title":{"rendered":"SJEDNICA GRADSKOG VIJE\u0106A: Metkovi\u0107 se bratimi sa talijanskim gradom Ortoneom"},"content":{"rendered":"<p align=\"justify\"><span style=\"font-family: Verdana;\">Pod predsjedavanjem Marina Veraje ju\u010der je u Zgradi politi\u010dkih stranaka odr\u017eana XXV. Sjednica Gradskoga vije\u0107a Grada Metkovi\u0107a, na po\u010detku koje je 11 vije\u0107nika jednoglasno usvojilo Zapisnik s pro\u0161le sjednice i Dnevni red teku\u0107e koji je sadr\u017eavao 22 to\u010dke.<\/span><\/p>\n<p class=\"vijest2\">Na Sjednici je usvojeno Izvje\u0161\u0107e o radu davatelja usluge skupljanja i zbrinjavanja mije\u0161anoga komunalnog otpada \u010cisto\u0107e Metkovi\u0107 d.o.o. za obavljanje komunalnih djelatnosti za 2015. godinu. Tako\u0111er su usvojena izvje\u0161\u0107a o radu i financijska izvje\u0161\u0107a za 2015. godinu Dje\u010djega vrti\u0107a Metkovi\u0107, Ustanove za kulturu i sport Metkovi\u0107, Gradske knji\u017enice Metkovi\u0107, Prirodoslovnoga muzeja Metkovi\u0107 te Humanitarne zaklade <i>Iva Petru\u0161i\u0107<\/i>. Valja napomenuti da je iz Izvje\u0161\u0107a Ustanove za kulturu i sport Metkovi\u0107 vidljivo kako je GKS u 2015. godini imao 31.500 posjetitelja raznih kulturnih doga\u0111anja, \u0161to govori samo za sebe. Nadalje, u Financijskome izvje\u0161\u0107u Humanitarne zaklade <i>Iva Petru\u0161i\u0107<\/i> navodi se da je u prethodnoj godini ispla\u0107ena socijalna pomo\u0107 u iznosu od gotovo 169 tisu\u0107a kuna, od \u010dega je preko 23 tisu\u0107e kuna u sije\u010dnju 2015. ispla\u0107eno za lije\u010denje dje\u010daka Ivana Bebi\u0107a, dok je ne\u0161to vi\u0161e od 30 tisu\u0107a kuna ispla\u0107eno za jednokratne pomo\u0107i. Za posrednu financijsku pomo\u0107 Zaklada je izdvojila gotovo 115 tisu\u0107a kuna.<\/p>\n<p class=\"vijest2\">Na Sjenici je potvr\u0111ena Odluka o sklapanju Sporazuma o bratimljenju talijanskoga Grada Ortona i Grada Metkovi\u0107a, koji se zasniva na temelju prethodne suradnje kroz vi\u0161e me\u0111usobnih posjeta koji \u0107e se nastaviti i ove godine. Zna\u010dajno je spomenuti kako ta dva grada imaju povijesne dodirne to\u010dke po pitanju prometne povezanosti morskim putovima, ali i drugim oblicima prijateljske suradnje. Bratimljenjem se planira uspostaviti partnerski odnos na obostrano zadovoljstvo i pozitivno djelovanje za kori\u0161tenje komplementarnih resursa obaju gradova.<\/p>\n<p class=\"vijest2\">Na Sjednici je potvr\u0111eno objavljivanje Javnoga poziva za isticanje kandidature za izbor \u010dlanova Savjeta mladih Grada Metkovi\u0107a i njihovih zamjenika. Tako\u0111er su usvojeni prijedlozi odluka o odabiru najpovoljnijih ponuda u postupcima nabave ustupanja radova na odr\u017eavanju nerazvrstanih cesta na podru\u010dju Grada Metkovi\u0107a, postupku nabave ustupanja radova na odr\u017eavanju objekata i ure\u0111aja javne rasvjete na podru\u010dju Grada Metkovi\u0107a u 2016. i 2017. godine te u postupku nabave sezonskoga cvije\u0107a, ukrasnih biljaka i repromaterijala za potrebe Programa odr\u017eavanja javnih povr\u0161ina Grada Metkovi\u0107a u 2016. godini.<\/p>\n<p class=\"vijest2\">Prihva\u0107en je prijedlog Odluke o prihva\u0107anju Dru\u0161tvenoga ugovora o osnivanju trgova\u010dkog dru\u0161tva <i>Agrum Neretva<\/i> d.o.o. za istra\u017eivanje i razvoj. Prijedlog Odluke o izmjenama Odluke o koeficijentima za obra\u010dun pla\u0107e slu\u017ebenika i namje\u0161tenika u Jedinstvenom upravnom odjelu Grada Metkovi\u0107a tako\u0111er je jednoglasno prihva\u0107en. Prijedlog Odluke o izmjeni Odluke o raspisivanju otvorenog javnog natje\u010daja za prodaju gra\u0111evinskog zemlji\u0161ta u Poslovnoj zoni Dubravica bila je posljednja to\u010dka Dnevnog reda, \u010dijim je prihva\u0107anjem zaklju\u010dena XXV. Sjednica Gradskoga vije\u0107a Grada Metkovi\u0107a.<\/p>\n<p>J. Vu\u010dkovi\u0107, I. Puljan<\/p>\n\r\n                <style type=\"text\/css\">\r\n                    \r\n                    #tdi_1  .td-doubleSlider-2 .td-item1 {\r\n                        background: url(https:\/\/likemetkovic.hr\/portal\/wp-content\/uploads\/2016\/04\/GV190416-1-80x60.jpg) 0 0 no-repeat;\r\n                    }\r\n                    #tdi_1  .td-doubleSlider-2 .td-item2 {\r\n                        background: url(https:\/\/likemetkovic.hr\/portal\/wp-content\/uploads\/2016\/04\/GV190416-3-80x60.jpg) 0 0 no-repeat;\r\n                    }\r\n                <\/style>\r\n\r\n                <div id=\"tdi_1\" class=\"td-gallery td-slide-on-2-columns\">\r\n                    <div class=\"post_td_gallery\">\r\n                        <div class=\"td-gallery-slide-top\">\r\n                           <div class=\"td-gallery-title\"><\/div>\r\n\r\n                            <div class=\"td-gallery-controls-wrapper\">\r\n                                <div class=\"td-gallery-slide-count\"><span class=\"td-gallery-slide-item-focus\">1<\/span> of 2<\/div>\r\n                                <div class=\"td-gallery-slide-prev-next-but\">\r\n                                    <i class = \"td-icon-left doubleSliderPrevButton\"><\/i>\r\n                                    <i class = \"td-icon-right doubleSliderNextButton\"><\/i>\r\n                                <\/div>\r\n                            <\/div>\r\n                        <\/div>\r\n\r\n                        <div class = \"td-doubleSlider-1 \">\r\n                            <div class = \"td-slider\">\r\n                                \r\n                    <div class = \"td-slide-item td-item1\">\r\n                        <figure class=\"td-slide-galery-figure td-slide-popup-gallery\">\r\n                            <a class=\"slide-gallery-image-link\" href=\"https:\/\/likemetkovic.hr\/portal\/wp-content\/uploads\/2016\/04\/GV190416-1.jpg\" title=\"_GV190416-1\"  data-caption=\"Foto: metkovic.hr\"  data-description=\"\">\r\n                                <img decoding=\"async\" src=\"https:\/\/likemetkovic.hr\/portal\/wp-content\/uploads\/2016\/04\/GV190416-1-630x420.jpg\" srcset=\"https:\/\/likemetkovic.hr\/portal\/wp-content\/uploads\/2016\/04\/GV190416-1-630x420.jpg 630w, https:\/\/likemetkovic.hr\/portal\/wp-content\/uploads\/2016\/04\/GV190416-1-300x200.jpg 300w, https:\/\/likemetkovic.hr\/portal\/wp-content\/uploads\/2016\/04\/GV190416-1-768x512.jpg 768w, https:\/\/likemetkovic.hr\/portal\/wp-content\/uploads\/2016\/04\/GV190416-1-640x427.jpg 640w, https:\/\/likemetkovic.hr\/portal\/wp-content\/uploads\/2016\/04\/GV190416-1-696x464.jpg 696w, https:\/\/likemetkovic.hr\/portal\/wp-content\/uploads\/2016\/04\/GV190416-1.jpg 900w\" sizes=\"(max-width: 630px) 100vw, 630px\" alt=\"\">\r\n                            <\/a>\r\n                            <figcaption class = \"td-slide-caption td-gallery-slide-content\"><div class = \"td-gallery-slide-copywrite\">Foto: metkovic.hr<\/div><\/figcaption>\r\n                        <\/figure>\r\n                    <\/div>\r\n                    <div class = \"td-slide-item td-item2\">\r\n                        <figure class=\"td-slide-galery-figure td-slide-popup-gallery\">\r\n                            <a class=\"slide-gallery-image-link\" href=\"https:\/\/likemetkovic.hr\/portal\/wp-content\/uploads\/2016\/04\/GV190416-3.jpg\" title=\"_GV190416-3\"  data-caption=\"Foto: metkovic.hr\"  data-description=\"\">\r\n                                <img decoding=\"async\" src=\"https:\/\/likemetkovic.hr\/portal\/wp-content\/uploads\/2016\/04\/GV190416-3-630x420.jpg\" srcset=\"https:\/\/likemetkovic.hr\/portal\/wp-content\/uploads\/2016\/04\/GV190416-3-630x420.jpg 630w, https:\/\/likemetkovic.hr\/portal\/wp-content\/uploads\/2016\/04\/GV190416-3-300x200.jpg 300w, https:\/\/likemetkovic.hr\/portal\/wp-content\/uploads\/2016\/04\/GV190416-3-768x512.jpg 768w, https:\/\/likemetkovic.hr\/portal\/wp-content\/uploads\/2016\/04\/GV190416-3-640x427.jpg 640w, https:\/\/likemetkovic.hr\/portal\/wp-content\/uploads\/2016\/04\/GV190416-3-696x464.jpg 696w, https:\/\/likemetkovic.hr\/portal\/wp-content\/uploads\/2016\/04\/GV190416-3.jpg 900w\" sizes=\"(max-width: 630px) 100vw, 630px\" alt=\"\">\r\n                            <\/a>\r\n                            <figcaption class = \"td-slide-caption td-gallery-slide-content\"><div class = \"td-gallery-slide-copywrite\">Foto: metkovic.hr<\/div><\/figcaption>\r\n                        <\/figure>\r\n                    <\/div>\r\n                            <\/div>\r\n                        <\/div>\r\n\r\n                        <div class = \"td-doubleSlider-2\">\r\n                            <div class = \"td-slider\">\r\n                                \r\n                    <div class = \"td-button td-item1\">\r\n                        <div class = \"td-border\"><\/div>\r\n                    <\/div>\r\n                    <div class = \"td-button td-item2\">\r\n                        <div class = \"td-border\"><\/div>\r\n                    <\/div>\r\n                            <\/div>\r\n                        <\/div>\r\n\r\n                    <\/div>\r\n\r\n                <\/div>\r\n                \n","protected":false},"excerpt":{"rendered":"<p>Pod predsjedavanjem Marina Veraje ju\u010der je u Zgradi politi\u010dkih stranaka odr\u017eana XXV. Sjednica Gradskoga vije\u0107a Grada Metkovi\u0107a, na po\u010detku koje je 11 vije\u0107nika jednoglasno usvojilo Zapisnik s pro\u0161le sjednice i Dnevni red teku\u0107e koji je sadr\u017eavao 22 to\u010dke. Na Sjednici je usvojeno Izvje\u0161\u0107e o radu davatelja usluge skupljanja i zbrinjavanja mije\u0161anoga komunalnog otpada \u010cisto\u0107e Metkovi\u0107 [&hellip;]<\/p>\n","protected":false},"author":7,"featured_media":19086,"comment_status":"open","ping_status":"open","sticky":false,"template":"","format":"standard","meta":{"footnotes":""},"categories":[283,11,290],"tags":[],"class_list":{"0":"post-19085","1":"post","2":"type-post","3":"status-publish","4":"format-standard","5":"has-post-thumbnail","7":"category-a","8":"category-metkovic-dolina","9":"category-politika"},"yoast_head":"<!-- This site is optimized with the Yoast SEO plugin v25.2 - https:\/\/yoast.com\/wordpress\/plugins\/seo\/ -->\n<title>SJEDNICA GRADSKOG VIJE\u0106A: Metkovi\u0107 se bratimi sa talijanskim gradom Ortoneom - likemetkovic.hr<\/title>\n<meta name=\"robots\" content=\"index, follow, max-snippet:-1, max-image-preview:large, max-video-preview:-1\" \/>\n<link rel=\"canonical\" href=\"https:\/\/likemetkovic.hr\/sjednica-gradskog-vijeca-metkovic-se-bratimi-talijanskim-gradom-ortoneom\/\" \/>\n<meta property=\"og:locale\" content=\"hr_HR\" \/>\n<meta property=\"og:type\" content=\"article\" \/>\n<meta property=\"og:title\" content=\"SJEDNICA GRADSKOG VIJE\u0106A: Metkovi\u0107 se bratimi sa talijanskim gradom Ortoneom - likemetkovic.hr\" \/>\n<meta property=\"og:description\" content=\"Pod predsjedavanjem Marina Veraje ju\u010der je u Zgradi politi\u010dkih stranaka odr\u017eana XXV. Sjednica Gradskoga vije\u0107a Grada Metkovi\u0107a, na po\u010detku koje je 11 vije\u0107nika jednoglasno usvojilo Zapisnik s pro\u0161le sjednice i Dnevni red teku\u0107e koji je sadr\u017eavao 22 to\u010dke. Na Sjednici je usvojeno Izvje\u0161\u0107e o radu davatelja usluge skupljanja i zbrinjavanja mije\u0161anoga komunalnog otpada \u010cisto\u0107e Metkovi\u0107 [&hellip;]\" \/>\n<meta property=\"og:url\" content=\"https:\/\/likemetkovic.hr\/sjednica-gradskog-vijeca-metkovic-se-bratimi-talijanskim-gradom-ortoneom\/\" \/>\n<meta property=\"og:site_name\" content=\"likemetkovic.hr\" \/>\n<meta property=\"article:publisher\" content=\"https:\/\/www.facebook.com\/likemetkovic.hr\/\" \/>\n<meta property=\"article:published_time\" content=\"2016-04-20T12:13:24+00:00\" \/>\n<meta property=\"article:modified_time\" content=\"2016-04-21T07:01:24+00:00\" \/>\n<meta property=\"og:image\" content=\"https:\/\/likemetkovic.hr\/wp-content\/uploads\/2016\/04\/GV190416-1.jpg\" \/>\n\t<meta property=\"og:image:width\" content=\"900\" \/>\n\t<meta property=\"og:image:height\" content=\"600\" \/>\n\t<meta property=\"og:image:type\" content=\"image\/jpeg\" \/>\n<meta name=\"author\" content=\"LIKEmetkovic.hr\" \/>\n<meta name=\"twitter:card\" content=\"summary_large_image\" \/>\n<meta name=\"twitter:label1\" content=\"Napisao\/la\" \/>\n\t<meta name=\"twitter:data1\" content=\"LIKEmetkovic.hr\" \/>\n\t<meta name=\"twitter:label2\" content=\"Procijenjeno vrijeme \u010ditanja\" \/>\n\t<meta name=\"twitter:data2\" content=\"3 minute\" \/>\n<script type=\"application\/ld+json\" class=\"yoast-schema-graph\">{\"@context\":\"https:\/\/schema.org\",\"@graph\":[{\"@type\":\"WebPage\",\"@id\":\"https:\/\/likemetkovic.hr\/sjednica-gradskog-vijeca-metkovic-se-bratimi-talijanskim-gradom-ortoneom\/\",\"url\":\"https:\/\/likemetkovic.hr\/sjednica-gradskog-vijeca-metkovic-se-bratimi-talijanskim-gradom-ortoneom\/\",\"name\":\"SJEDNICA GRADSKOG VIJE\u0106A: Metkovi\u0107 se bratimi sa talijanskim gradom Ortoneom - likemetkovic.hr\",\"isPartOf\":{\"@id\":\"https:\/\/likemetkovic.hr\/#website\"},\"primaryImageOfPage\":{\"@id\":\"https:\/\/likemetkovic.hr\/sjednica-gradskog-vijeca-metkovic-se-bratimi-talijanskim-gradom-ortoneom\/#primaryimage\"},\"image\":{\"@id\":\"https:\/\/likemetkovic.hr\/sjednica-gradskog-vijeca-metkovic-se-bratimi-talijanskim-gradom-ortoneom\/#primaryimage\"},\"thumbnailUrl\":\"https:\/\/likemetkovic.hr\/portal\/wp-content\/uploads\/2016\/04\/GV190416-1.jpg\",\"datePublished\":\"2016-04-20T12:13:24+00:00\",\"dateModified\":\"2016-04-21T07:01:24+00:00\",\"author\":{\"@id\":\"https:\/\/likemetkovic.hr\/#\/schema\/person\/a42711f3385a0e2be6f7e0443bfb28f0\"},\"breadcrumb\":{\"@id\":\"https:\/\/likemetkovic.hr\/sjednica-gradskog-vijeca-metkovic-se-bratimi-talijanskim-gradom-ortoneom\/#breadcrumb\"},\"inLanguage\":\"hr\",\"potentialAction\":[{\"@type\":\"ReadAction\",\"target\":[\"https:\/\/likemetkovic.hr\/sjednica-gradskog-vijeca-metkovic-se-bratimi-talijanskim-gradom-ortoneom\/\"]}]},{\"@type\":\"ImageObject\",\"inLanguage\":\"hr\",\"@id\":\"https:\/\/likemetkovic.hr\/sjednica-gradskog-vijeca-metkovic-se-bratimi-talijanskim-gradom-ortoneom\/#primaryimage\",\"url\":\"https:\/\/likemetkovic.hr\/portal\/wp-content\/uploads\/2016\/04\/GV190416-1.jpg\",\"contentUrl\":\"https:\/\/likemetkovic.hr\/portal\/wp-content\/uploads\/2016\/04\/GV190416-1.jpg\",\"width\":900,\"height\":600,\"caption\":\"Foto: metkovic.hr\"},{\"@type\":\"BreadcrumbList\",\"@id\":\"https:\/\/likemetkovic.hr\/sjednica-gradskog-vijeca-metkovic-se-bratimi-talijanskim-gradom-ortoneom\/#breadcrumb\",\"itemListElement\":[{\"@type\":\"ListItem\",\"position\":1,\"name\":\"Po\u010detna stranica\",\"item\":\"https:\/\/likemetkovic.hr\/portal\/\"},{\"@type\":\"ListItem\",\"position\":2,\"name\":\"SJEDNICA GRADSKOG VIJE\u0106A: Metkovi\u0107 se bratimi sa talijanskim gradom Ortoneom\"}]},{\"@type\":\"WebSite\",\"@id\":\"https:\/\/likemetkovic.hr\/#website\",\"url\":\"https:\/\/likemetkovic.hr\/\",\"name\":\"likemetkovic.hr\",\"description\":\"Misli pozitivno... \u010ditaj LIKE\",\"potentialAction\":[{\"@type\":\"SearchAction\",\"target\":{\"@type\":\"EntryPoint\",\"urlTemplate\":\"https:\/\/likemetkovic.hr\/?s={search_term_string}\"},\"query-input\":{\"@type\":\"PropertyValueSpecification\",\"valueRequired\":true,\"valueName\":\"search_term_string\"}}],\"inLanguage\":\"hr\"},{\"@type\":\"Person\",\"@id\":\"https:\/\/likemetkovic.hr\/#\/schema\/person\/a42711f3385a0e2be6f7e0443bfb28f0\",\"name\":\"LIKEmetkovic.hr\",\"sameAs\":[\"http:\/\/likemetkovic.hr\"],\"url\":\"https:\/\/likemetkovic.hr\/portal\/author\/likemetkovic-hr\/\"}]}<\/script>\n<!-- \/ Yoast SEO plugin. -->","yoast_head_json":{"title":"SJEDNICA GRADSKOG VIJE\u0106A: Metkovi\u0107 se bratimi sa talijanskim gradom Ortoneom - likemetkovic.hr","robots":{"index":"index","follow":"follow","max-snippet":"max-snippet:-1","max-image-preview":"max-image-preview:large","max-video-preview":"max-video-preview:-1"},"canonical":"https:\/\/likemetkovic.hr\/sjednica-gradskog-vijeca-metkovic-se-bratimi-talijanskim-gradom-ortoneom\/","og_locale":"hr_HR","og_type":"article","og_title":"SJEDNICA GRADSKOG VIJE\u0106A: Metkovi\u0107 se bratimi sa talijanskim gradom Ortoneom - likemetkovic.hr","og_description":"Pod predsjedavanjem Marina Veraje ju\u010der je u Zgradi politi\u010dkih stranaka odr\u017eana XXV. Sjednica Gradskoga vije\u0107a Grada Metkovi\u0107a, na po\u010detku koje je 11 vije\u0107nika jednoglasno usvojilo Zapisnik s pro\u0161le sjednice i Dnevni red teku\u0107e koji je sadr\u017eavao 22 to\u010dke. Na Sjednici je usvojeno Izvje\u0161\u0107e o radu davatelja usluge skupljanja i zbrinjavanja mije\u0161anoga komunalnog otpada \u010cisto\u0107e Metkovi\u0107 [&hellip;]","og_url":"https:\/\/likemetkovic.hr\/sjednica-gradskog-vijeca-metkovic-se-bratimi-talijanskim-gradom-ortoneom\/","og_site_name":"likemetkovic.hr","article_publisher":"https:\/\/www.facebook.com\/likemetkovic.hr\/","article_published_time":"2016-04-20T12:13:24+00:00","article_modified_time":"2016-04-21T07:01:24+00:00","og_image":[{"width":900,"height":600,"url":"https:\/\/likemetkovic.hr\/wp-content\/uploads\/2016\/04\/GV190416-1.jpg","type":"image\/jpeg"}],"author":"LIKEmetkovic.hr","twitter_card":"summary_large_image","twitter_misc":{"Napisao\/la":"LIKEmetkovic.hr","Procijenjeno vrijeme \u010ditanja":"3 minute"},"schema":{"@context":"https:\/\/schema.org","@graph":[{"@type":"WebPage","@id":"https:\/\/likemetkovic.hr\/sjednica-gradskog-vijeca-metkovic-se-bratimi-talijanskim-gradom-ortoneom\/","url":"https:\/\/likemetkovic.hr\/sjednica-gradskog-vijeca-metkovic-se-bratimi-talijanskim-gradom-ortoneom\/","name":"SJEDNICA GRADSKOG VIJE\u0106A: Metkovi\u0107 se bratimi sa talijanskim gradom Ortoneom - likemetkovic.hr","isPartOf":{"@id":"https:\/\/likemetkovic.hr\/#website"},"primaryImageOfPage":{"@id":"https:\/\/likemetkovic.hr\/sjednica-gradskog-vijeca-metkovic-se-bratimi-talijanskim-gradom-ortoneom\/#primaryimage"},"image":{"@id":"https:\/\/likemetkovic.hr\/sjednica-gradskog-vijeca-metkovic-se-bratimi-talijanskim-gradom-ortoneom\/#primaryimage"},"thumbnailUrl":"https:\/\/likemetkovic.hr\/portal\/wp-content\/uploads\/2016\/04\/GV190416-1.jpg","datePublished":"2016-04-20T12:13:24+00:00","dateModified":"2016-04-21T07:01:24+00:00","author":{"@id":"https:\/\/likemetkovic.hr\/#\/schema\/person\/a42711f3385a0e2be6f7e0443bfb28f0"},"breadcrumb":{"@id":"https:\/\/likemetkovic.hr\/sjednica-gradskog-vijeca-metkovic-se-bratimi-talijanskim-gradom-ortoneom\/#breadcrumb"},"inLanguage":"hr","potentialAction":[{"@type":"ReadAction","target":["https:\/\/likemetkovic.hr\/sjednica-gradskog-vijeca-metkovic-se-bratimi-talijanskim-gradom-ortoneom\/"]}]},{"@type":"ImageObject","inLanguage":"hr","@id":"https:\/\/likemetkovic.hr\/sjednica-gradskog-vijeca-metkovic-se-bratimi-talijanskim-gradom-ortoneom\/#primaryimage","url":"https:\/\/likemetkovic.hr\/portal\/wp-content\/uploads\/2016\/04\/GV190416-1.jpg","contentUrl":"https:\/\/likemetkovic.hr\/portal\/wp-content\/uploads\/2016\/04\/GV190416-1.jpg","width":900,"height":600,"caption":"Foto: metkovic.hr"},{"@type":"BreadcrumbList","@id":"https:\/\/likemetkovic.hr\/sjednica-gradskog-vijeca-metkovic-se-bratimi-talijanskim-gradom-ortoneom\/#breadcrumb","itemListElement":[{"@type":"ListItem","position":1,"name":"Po\u010detna stranica","item":"https:\/\/likemetkovic.hr\/portal\/"},{"@type":"ListItem","position":2,"name":"SJEDNICA GRADSKOG VIJE\u0106A: Metkovi\u0107 se bratimi sa talijanskim gradom Ortoneom"}]},{"@type":"WebSite","@id":"https:\/\/likemetkovic.hr\/#website","url":"https:\/\/likemetkovic.hr\/","name":"likemetkovic.hr","description":"Misli pozitivno... \u010ditaj LIKE","potentialAction":[{"@type":"SearchAction","target":{"@type":"EntryPoint","urlTemplate":"https:\/\/likemetkovic.hr\/?s={search_term_string}"},"query-input":{"@type":"PropertyValueSpecification","valueRequired":true,"valueName":"search_term_string"}}],"inLanguage":"hr"},{"@type":"Person","@id":"https:\/\/likemetkovic.hr\/#\/schema\/person\/a42711f3385a0e2be6f7e0443bfb28f0","name":"LIKEmetkovic.hr","sameAs":["http:\/\/likemetkovic.hr"],"url":"https:\/\/likemetkovic.hr\/portal\/author\/likemetkovic-hr\/"}]}},"_links":{"self":[{"href":"https:\/\/likemetkovic.hr\/portal\/wp-json\/wp\/v2\/posts\/19085","targetHints":{"allow":["GET"]}}],"collection":[{"href":"https:\/\/likemetkovic.hr\/portal\/wp-json\/wp\/v2\/posts"}],"about":[{"href":"https:\/\/likemetkovic.hr\/portal\/wp-json\/wp\/v2\/types\/post"}],"author":[{"embeddable":true,"href":"https:\/\/likemetkovic.hr\/portal\/wp-json\/wp\/v2\/users\/7"}],"replies":[{"embeddable":true,"href":"https:\/\/likemetkovic.hr\/portal\/wp-json\/wp\/v2\/comments?post=19085"}],"version-history":[{"count":0,"href":"https:\/\/likemetkovic.hr\/portal\/wp-json\/wp\/v2\/posts\/19085\/revisions"}],"wp:featuredmedia":[{"embeddable":true,"href":"https:\/\/likemetkovic.hr\/portal\/wp-json\/wp\/v2\/media\/19086"}],"wp:attachment":[{"href":"https:\/\/likemetkovic.hr\/portal\/wp-json\/wp\/v2\/media?parent=19085"}],"wp:term":[{"taxonomy":"category","embeddable":true,"href":"https:\/\/likemetkovic.hr\/portal\/wp-json\/wp\/v2\/categories?post=19085"},{"taxonomy":"post_tag","embeddable":true,"href":"https:\/\/likemetkovic.hr\/portal\/wp-json\/wp\/v2\/tags?post=19085"}],"curies":[{"name":"wp","href":"https:\/\/api.w.org\/{rel}","templated":true}]}}