{"id":19091,"date":"2016-04-20T15:33:49","date_gmt":"2016-04-20T13:33:49","guid":{"rendered":"http:\/\/likemetkovic.hr\/?p=19091"},"modified":"2016-04-20T15:38:58","modified_gmt":"2016-04-20T13:38:58","slug":"odjevni-tehnicari-srednje-skole-metkovic-zelimo-biti-svi-isti","status":"publish","type":"post","link":"https:\/\/likemetkovic.hr\/portal\/odjevni-tehnicari-srednje-skole-metkovic-zelimo-biti-svi-isti\/","title":{"rendered":"ODJEVNI TEHNI\u010cARI SREDNJE \u0160KOLE METKOVI\u0106: &#8220;\u017delimo biti svi isti&#8221;"},"content":{"rendered":"<p>Nije dovoljno samo govoriti da trebamo\u00a0svi biti jednaki jedni pred drugima, a ipak razli\u010diti u svojoj su\u0161tini, da odijelo ne \u010dini \u010dovjeka, da nije va\u017eno \u0161ta nosimo na sebi nego u sebi, potrebno je i djelovati u tom smjeru i konkretno pokazati svoj stav dru\u0161tvu u kojem \u017eivimo. Upravo to su u\u010dinili u\u010denici 4. razreda Srednje \u0161kole Metkovi\u0107 &#8211; Odjevni tehni\u010dari u suradnji sa svojim profesorima.<\/p>\n<p>&#8220;U suradnji sa svojim razrednim odjelom &#8220;Odjevni tehni\u010dari&#8221; 4. razreda Srednje \u0161kole Metkovi\u0107, do\u0161li smo na ideju da osmislimo i napravimo razredne kute. Razmi\u0161ljaju\u0107i o tome kako smo svi posebni, razli\u010diti, duga\u010diji od drugih, ali ipak u kona\u010dnici jednaki. Ono po \u010demu se izvana razlikujemo je prolazno, prividno i na kraju nebitno, \u0161to smo i \u017eeljeli pokazati ovom idejom koju smo na kraju i realiziralii koju smo nazvali &#8220;\u017delimo biti svi isti&#8221;. U realizaciji ove ideje nam je pomogla <strong>prof. Milena \u017divkovi\u0107<\/strong> sa svojim stru\u010dnim savjetima. Nadamo se da \u0107e i sljede\u0107e generacije prihvatiti i nastaviti sa realizacijom ove ideje.&#8221; rekla nam je njihova razrednica <strong>prof. Rosanda Lovri\u0107<\/strong>.<\/p>\n\r\n                <style type=\"text\/css\">\r\n                    \r\n                    #tdi_1  .td-doubleSlider-2 .td-item1 {\r\n                        background: url(https:\/\/likemetkovic.hr\/portal\/wp-content\/uploads\/2016\/04\/srednja-\u0161kola_dizajneri_1-80x60.jpg) 0 0 no-repeat;\r\n                    }\r\n                    #tdi_1  .td-doubleSlider-2 .td-item2 {\r\n                        background: url(https:\/\/likemetkovic.hr\/portal\/wp-content\/uploads\/2016\/04\/srednja-\u0161kola_dizajneri_2-80x60.jpg) 0 0 no-repeat;\r\n                    }\r\n                    #tdi_1  .td-doubleSlider-2 .td-item3 {\r\n                        background: url(https:\/\/likemetkovic.hr\/portal\/wp-content\/uploads\/2016\/04\/srednja-\u0161kola_dizajneri_3-80x60.jpg) 0 0 no-repeat;\r\n                    }\r\n                <\/style>\r\n\r\n                <div id=\"tdi_1\" class=\"td-gallery td-slide-on-2-columns\">\r\n                    <div class=\"post_td_gallery\">\r\n                        <div class=\"td-gallery-slide-top\">\r\n                           <div class=\"td-gallery-title\"><\/div>\r\n\r\n                            <div class=\"td-gallery-controls-wrapper\">\r\n                                <div class=\"td-gallery-slide-count\"><span class=\"td-gallery-slide-item-focus\">1<\/span> of 4<\/div>\r\n                                <div class=\"td-gallery-slide-prev-next-but\">\r\n                                    <i class = \"td-icon-left doubleSliderPrevButton\"><\/i>\r\n                                    <i class = \"td-icon-right doubleSliderNextButton\"><\/i>\r\n                                <\/div>\r\n                            <\/div>\r\n                        <\/div>\r\n\r\n                        <div class = \"td-doubleSlider-1 \">\r\n                            <div class = \"td-slider\">\r\n                                \r\n                    <div class = \"td-slide-item td-item1\">\r\n                        <figure class=\"td-slide-galery-figure td-slide-popup-gallery\">\r\n                            <a class=\"slide-gallery-image-link\" href=\"https:\/\/likemetkovic.hr\/portal\/wp-content\/uploads\/2016\/04\/srednja-\u0161kola_dizajneri_1.jpg\" title=\"srednja \u0161kola_dizajneri_1\"  data-caption=\"\"  data-description=\"\">\r\n                                <img decoding=\"async\" src=\"https:\/\/likemetkovic.hr\/portal\/wp-content\/uploads\/2016\/04\/srednja-\u0161kola_dizajneri_1-560x420.jpg\" srcset=\"https:\/\/likemetkovic.hr\/portal\/wp-content\/uploads\/2016\/04\/srednja-\u0161kola_dizajneri_1-560x420.jpg 560w, https:\/\/likemetkovic.hr\/portal\/wp-content\/uploads\/2016\/04\/srednja-\u0161kola_dizajneri_1-300x225.jpg 300w, https:\/\/likemetkovic.hr\/portal\/wp-content\/uploads\/2016\/04\/srednja-\u0161kola_dizajneri_1-768x576.jpg 768w, https:\/\/likemetkovic.hr\/portal\/wp-content\/uploads\/2016\/04\/srednja-\u0161kola_dizajneri_1-640x480.jpg 640w, https:\/\/likemetkovic.hr\/portal\/wp-content\/uploads\/2016\/04\/srednja-\u0161kola_dizajneri_1-80x60.jpg 80w, https:\/\/likemetkovic.hr\/portal\/wp-content\/uploads\/2016\/04\/srednja-\u0161kola_dizajneri_1-265x198.jpg 265w, https:\/\/likemetkovic.hr\/portal\/wp-content\/uploads\/2016\/04\/srednja-\u0161kola_dizajneri_1-696x522.jpg 696w, https:\/\/likemetkovic.hr\/portal\/wp-content\/uploads\/2016\/04\/srednja-\u0161kola_dizajneri_1.jpg 800w\" sizes=\"(max-width: 560px) 100vw, 560px\" alt=\"\">\r\n                            <\/a>\r\n                            \r\n                        <\/figure>\r\n                    <\/div>\r\n                    <div class = \"td-slide-item td-item2\">\r\n                        <figure class=\"td-slide-galery-figure td-slide-popup-gallery\">\r\n                            <a class=\"slide-gallery-image-link\" href=\"https:\/\/likemetkovic.hr\/portal\/wp-content\/uploads\/2016\/04\/srednja-\u0161kola_dizajneri_2.jpg\" title=\"srednja \u0161kola_dizajneri_2\"  data-caption=\"\"  data-description=\"\">\r\n                                <img decoding=\"async\" src=\"https:\/\/likemetkovic.hr\/portal\/wp-content\/uploads\/2016\/04\/srednja-\u0161kola_dizajneri_2-560x420.jpg\" srcset=\"https:\/\/likemetkovic.hr\/portal\/wp-content\/uploads\/2016\/04\/srednja-\u0161kola_dizajneri_2-560x420.jpg 560w, https:\/\/likemetkovic.hr\/portal\/wp-content\/uploads\/2016\/04\/srednja-\u0161kola_dizajneri_2-300x225.jpg 300w, https:\/\/likemetkovic.hr\/portal\/wp-content\/uploads\/2016\/04\/srednja-\u0161kola_dizajneri_2-768x576.jpg 768w, https:\/\/likemetkovic.hr\/portal\/wp-content\/uploads\/2016\/04\/srednja-\u0161kola_dizajneri_2-640x480.jpg 640w, https:\/\/likemetkovic.hr\/portal\/wp-content\/uploads\/2016\/04\/srednja-\u0161kola_dizajneri_2-80x60.jpg 80w, https:\/\/likemetkovic.hr\/portal\/wp-content\/uploads\/2016\/04\/srednja-\u0161kola_dizajneri_2-265x198.jpg 265w, https:\/\/likemetkovic.hr\/portal\/wp-content\/uploads\/2016\/04\/srednja-\u0161kola_dizajneri_2-696x522.jpg 696w, https:\/\/likemetkovic.hr\/portal\/wp-content\/uploads\/2016\/04\/srednja-\u0161kola_dizajneri_2.jpg 800w\" sizes=\"(max-width: 560px) 100vw, 560px\" alt=\"\">\r\n                            <\/a>\r\n                            \r\n                        <\/figure>\r\n                    <\/div>\r\n                    <div class = \"td-slide-item td-item3\">\r\n                        <figure class=\"td-slide-galery-figure td-slide-popup-gallery\">\r\n                            <a class=\"slide-gallery-image-link\" href=\"https:\/\/likemetkovic.hr\/portal\/wp-content\/uploads\/2016\/04\/srednja-\u0161kola_dizajneri_3.jpg\" title=\"srednja \u0161kola_dizajneri_3\"  data-caption=\"\"  data-description=\"\">\r\n                                <img decoding=\"async\" src=\"https:\/\/likemetkovic.hr\/portal\/wp-content\/uploads\/2016\/04\/srednja-\u0161kola_dizajneri_3-560x420.jpg\" srcset=\"https:\/\/likemetkovic.hr\/portal\/wp-content\/uploads\/2016\/04\/srednja-\u0161kola_dizajneri_3-560x420.jpg 560w, https:\/\/likemetkovic.hr\/portal\/wp-content\/uploads\/2016\/04\/srednja-\u0161kola_dizajneri_3-300x225.jpg 300w, https:\/\/likemetkovic.hr\/portal\/wp-content\/uploads\/2016\/04\/srednja-\u0161kola_dizajneri_3-768x576.jpg 768w, https:\/\/likemetkovic.hr\/portal\/wp-content\/uploads\/2016\/04\/srednja-\u0161kola_dizajneri_3-640x480.jpg 640w, https:\/\/likemetkovic.hr\/portal\/wp-content\/uploads\/2016\/04\/srednja-\u0161kola_dizajneri_3-80x60.jpg 80w, https:\/\/likemetkovic.hr\/portal\/wp-content\/uploads\/2016\/04\/srednja-\u0161kola_dizajneri_3-265x198.jpg 265w, https:\/\/likemetkovic.hr\/portal\/wp-content\/uploads\/2016\/04\/srednja-\u0161kola_dizajneri_3-696x522.jpg 696w, https:\/\/likemetkovic.hr\/portal\/wp-content\/uploads\/2016\/04\/srednja-\u0161kola_dizajneri_3.jpg 800w\" sizes=\"(max-width: 560px) 100vw, 560px\" alt=\"\">\r\n                            <\/a>\r\n                            \r\n                        <\/figure>\r\n                    <\/div>\r\n                            <\/div>\r\n                        <\/div>\r\n\r\n                        <div class = \"td-doubleSlider-2\">\r\n                            <div class = \"td-slider\">\r\n                                \r\n                    <div class = \"td-button td-item1\">\r\n                        <div class = \"td-border\"><\/div>\r\n                    <\/div>\r\n                    <div class = \"td-button td-item2\">\r\n                        <div class = \"td-border\"><\/div>\r\n                    <\/div>\r\n                    <div class = \"td-button td-item3\">\r\n                        <div class = \"td-border\"><\/div>\r\n                    <\/div>\r\n                            <\/div>\r\n                        <\/div>\r\n\r\n                    <\/div>\r\n\r\n                <\/div>\r\n                \n","protected":false},"excerpt":{"rendered":"<p>Nije dovoljno samo govoriti da trebamo\u00a0svi biti jednaki jedni pred drugima, a ipak razli\u010diti u svojoj su\u0161tini, da odijelo ne \u010dini \u010dovjeka, da nije va\u017eno \u0161ta nosimo na sebi nego u sebi, potrebno je i djelovati u tom smjeru i konkretno pokazati svoj stav dru\u0161tvu u kojem \u017eivimo. Upravo to su u\u010dinili u\u010denici 4. razreda [&hellip;]<\/p>\n","protected":false},"author":7,"featured_media":19095,"comment_status":"open","ping_status":"open","sticky":false,"template":"","format":"standard","meta":{"footnotes":""},"categories":[283,166],"tags":[],"class_list":{"0":"post-19091","1":"post","2":"type-post","3":"status-publish","4":"format-standard","5":"has-post-thumbnail","7":"category-a","8":"category-skolstvo"},"yoast_head":"<!-- This site is optimized with the Yoast SEO plugin v25.2 - https:\/\/yoast.com\/wordpress\/plugins\/seo\/ -->\n<title>ODJEVNI TEHNI\u010cARI SREDNJE \u0160KOLE METKOVI\u0106: &quot;\u017delimo biti svi isti&quot; - likemetkovic.hr<\/title>\n<meta name=\"robots\" content=\"index, follow, max-snippet:-1, max-image-preview:large, max-video-preview:-1\" \/>\n<link rel=\"canonical\" href=\"https:\/\/likemetkovic.hr\/odjevni-tehnicari-srednje-skole-metkovic-zelimo-biti-svi-isti\/\" \/>\n<meta property=\"og:locale\" content=\"hr_HR\" \/>\n<meta property=\"og:type\" content=\"article\" \/>\n<meta property=\"og:title\" content=\"ODJEVNI TEHNI\u010cARI SREDNJE \u0160KOLE METKOVI\u0106: &quot;\u017delimo biti svi isti&quot; - likemetkovic.hr\" \/>\n<meta property=\"og:description\" content=\"Nije dovoljno samo govoriti da trebamo\u00a0svi biti jednaki jedni pred drugima, a ipak razli\u010diti u svojoj su\u0161tini, da odijelo ne \u010dini \u010dovjeka, da nije va\u017eno \u0161ta nosimo na sebi nego u sebi, potrebno je i djelovati u tom smjeru i konkretno pokazati svoj stav dru\u0161tvu u kojem \u017eivimo. Upravo to su u\u010dinili u\u010denici 4. razreda [&hellip;]\" \/>\n<meta property=\"og:url\" content=\"https:\/\/likemetkovic.hr\/odjevni-tehnicari-srednje-skole-metkovic-zelimo-biti-svi-isti\/\" \/>\n<meta property=\"og:site_name\" content=\"likemetkovic.hr\" \/>\n<meta property=\"article:publisher\" content=\"https:\/\/www.facebook.com\/likemetkovic.hr\/\" \/>\n<meta property=\"article:published_time\" content=\"2016-04-20T13:33:49+00:00\" \/>\n<meta property=\"article:modified_time\" content=\"2016-04-20T13:38:58+00:00\" \/>\n<meta property=\"og:image\" content=\"https:\/\/likemetkovic.hr\/wp-content\/uploads\/2016\/04\/srednja-\u0161kola_dizajneri_3.jpg\" \/>\n\t<meta property=\"og:image:width\" content=\"800\" \/>\n\t<meta property=\"og:image:height\" content=\"600\" \/>\n\t<meta property=\"og:image:type\" content=\"image\/jpeg\" \/>\n<meta name=\"author\" content=\"LIKEmetkovic.hr\" \/>\n<meta name=\"twitter:card\" content=\"summary_large_image\" \/>\n<meta name=\"twitter:label1\" content=\"Napisao\/la\" \/>\n\t<meta name=\"twitter:data1\" content=\"LIKEmetkovic.hr\" \/>\n\t<meta name=\"twitter:label2\" content=\"Procijenjeno vrijeme \u010ditanja\" \/>\n\t<meta name=\"twitter:data2\" content=\"1 minuta\" \/>\n<script type=\"application\/ld+json\" class=\"yoast-schema-graph\">{\"@context\":\"https:\/\/schema.org\",\"@graph\":[{\"@type\":\"WebPage\",\"@id\":\"https:\/\/likemetkovic.hr\/odjevni-tehnicari-srednje-skole-metkovic-zelimo-biti-svi-isti\/\",\"url\":\"https:\/\/likemetkovic.hr\/odjevni-tehnicari-srednje-skole-metkovic-zelimo-biti-svi-isti\/\",\"name\":\"ODJEVNI TEHNI\u010cARI SREDNJE \u0160KOLE METKOVI\u0106: \\\"\u017delimo biti svi isti\\\" - likemetkovic.hr\",\"isPartOf\":{\"@id\":\"https:\/\/likemetkovic.hr\/#website\"},\"primaryImageOfPage\":{\"@id\":\"https:\/\/likemetkovic.hr\/odjevni-tehnicari-srednje-skole-metkovic-zelimo-biti-svi-isti\/#primaryimage\"},\"image\":{\"@id\":\"https:\/\/likemetkovic.hr\/odjevni-tehnicari-srednje-skole-metkovic-zelimo-biti-svi-isti\/#primaryimage\"},\"thumbnailUrl\":\"https:\/\/likemetkovic.hr\/portal\/wp-content\/uploads\/2016\/04\/srednja-\u0161kola_dizajneri_3.jpg\",\"datePublished\":\"2016-04-20T13:33:49+00:00\",\"dateModified\":\"2016-04-20T13:38:58+00:00\",\"author\":{\"@id\":\"https:\/\/likemetkovic.hr\/#\/schema\/person\/a42711f3385a0e2be6f7e0443bfb28f0\"},\"breadcrumb\":{\"@id\":\"https:\/\/likemetkovic.hr\/odjevni-tehnicari-srednje-skole-metkovic-zelimo-biti-svi-isti\/#breadcrumb\"},\"inLanguage\":\"hr\",\"potentialAction\":[{\"@type\":\"ReadAction\",\"target\":[\"https:\/\/likemetkovic.hr\/odjevni-tehnicari-srednje-skole-metkovic-zelimo-biti-svi-isti\/\"]}]},{\"@type\":\"ImageObject\",\"inLanguage\":\"hr\",\"@id\":\"https:\/\/likemetkovic.hr\/odjevni-tehnicari-srednje-skole-metkovic-zelimo-biti-svi-isti\/#primaryimage\",\"url\":\"https:\/\/likemetkovic.hr\/portal\/wp-content\/uploads\/2016\/04\/srednja-\u0161kola_dizajneri_3.jpg\",\"contentUrl\":\"https:\/\/likemetkovic.hr\/portal\/wp-content\/uploads\/2016\/04\/srednja-\u0161kola_dizajneri_3.jpg\",\"width\":800,\"height\":600},{\"@type\":\"BreadcrumbList\",\"@id\":\"https:\/\/likemetkovic.hr\/odjevni-tehnicari-srednje-skole-metkovic-zelimo-biti-svi-isti\/#breadcrumb\",\"itemListElement\":[{\"@type\":\"ListItem\",\"position\":1,\"name\":\"Po\u010detna stranica\",\"item\":\"https:\/\/likemetkovic.hr\/portal\/\"},{\"@type\":\"ListItem\",\"position\":2,\"name\":\"ODJEVNI TEHNI\u010cARI SREDNJE \u0160KOLE METKOVI\u0106: &#8220;\u017delimo biti svi isti&#8221;\"}]},{\"@type\":\"WebSite\",\"@id\":\"https:\/\/likemetkovic.hr\/#website\",\"url\":\"https:\/\/likemetkovic.hr\/\",\"name\":\"likemetkovic.hr\",\"description\":\"Misli pozitivno... \u010ditaj LIKE\",\"potentialAction\":[{\"@type\":\"SearchAction\",\"target\":{\"@type\":\"EntryPoint\",\"urlTemplate\":\"https:\/\/likemetkovic.hr\/?s={search_term_string}\"},\"query-input\":{\"@type\":\"PropertyValueSpecification\",\"valueRequired\":true,\"valueName\":\"search_term_string\"}}],\"inLanguage\":\"hr\"},{\"@type\":\"Person\",\"@id\":\"https:\/\/likemetkovic.hr\/#\/schema\/person\/a42711f3385a0e2be6f7e0443bfb28f0\",\"name\":\"LIKEmetkovic.hr\",\"sameAs\":[\"http:\/\/likemetkovic.hr\"],\"url\":\"https:\/\/likemetkovic.hr\/portal\/author\/likemetkovic-hr\/\"}]}<\/script>\n<!-- \/ Yoast SEO plugin. -->","yoast_head_json":{"title":"ODJEVNI TEHNI\u010cARI SREDNJE \u0160KOLE METKOVI\u0106: \"\u017delimo biti svi isti\" - likemetkovic.hr","robots":{"index":"index","follow":"follow","max-snippet":"max-snippet:-1","max-image-preview":"max-image-preview:large","max-video-preview":"max-video-preview:-1"},"canonical":"https:\/\/likemetkovic.hr\/odjevni-tehnicari-srednje-skole-metkovic-zelimo-biti-svi-isti\/","og_locale":"hr_HR","og_type":"article","og_title":"ODJEVNI TEHNI\u010cARI SREDNJE \u0160KOLE METKOVI\u0106: \"\u017delimo biti svi isti\" - likemetkovic.hr","og_description":"Nije dovoljno samo govoriti da trebamo\u00a0svi biti jednaki jedni pred drugima, a ipak razli\u010diti u svojoj su\u0161tini, da odijelo ne \u010dini \u010dovjeka, da nije va\u017eno \u0161ta nosimo na sebi nego u sebi, potrebno je i djelovati u tom smjeru i konkretno pokazati svoj stav dru\u0161tvu u kojem \u017eivimo. Upravo to su u\u010dinili u\u010denici 4. razreda [&hellip;]","og_url":"https:\/\/likemetkovic.hr\/odjevni-tehnicari-srednje-skole-metkovic-zelimo-biti-svi-isti\/","og_site_name":"likemetkovic.hr","article_publisher":"https:\/\/www.facebook.com\/likemetkovic.hr\/","article_published_time":"2016-04-20T13:33:49+00:00","article_modified_time":"2016-04-20T13:38:58+00:00","og_image":[{"width":800,"height":600,"url":"https:\/\/likemetkovic.hr\/wp-content\/uploads\/2016\/04\/srednja-\u0161kola_dizajneri_3.jpg","type":"image\/jpeg"}],"author":"LIKEmetkovic.hr","twitter_card":"summary_large_image","twitter_misc":{"Napisao\/la":"LIKEmetkovic.hr","Procijenjeno vrijeme \u010ditanja":"1 minuta"},"schema":{"@context":"https:\/\/schema.org","@graph":[{"@type":"WebPage","@id":"https:\/\/likemetkovic.hr\/odjevni-tehnicari-srednje-skole-metkovic-zelimo-biti-svi-isti\/","url":"https:\/\/likemetkovic.hr\/odjevni-tehnicari-srednje-skole-metkovic-zelimo-biti-svi-isti\/","name":"ODJEVNI TEHNI\u010cARI SREDNJE \u0160KOLE METKOVI\u0106: \"\u017delimo biti svi isti\" - likemetkovic.hr","isPartOf":{"@id":"https:\/\/likemetkovic.hr\/#website"},"primaryImageOfPage":{"@id":"https:\/\/likemetkovic.hr\/odjevni-tehnicari-srednje-skole-metkovic-zelimo-biti-svi-isti\/#primaryimage"},"image":{"@id":"https:\/\/likemetkovic.hr\/odjevni-tehnicari-srednje-skole-metkovic-zelimo-biti-svi-isti\/#primaryimage"},"thumbnailUrl":"https:\/\/likemetkovic.hr\/portal\/wp-content\/uploads\/2016\/04\/srednja-\u0161kola_dizajneri_3.jpg","datePublished":"2016-04-20T13:33:49+00:00","dateModified":"2016-04-20T13:38:58+00:00","author":{"@id":"https:\/\/likemetkovic.hr\/#\/schema\/person\/a42711f3385a0e2be6f7e0443bfb28f0"},"breadcrumb":{"@id":"https:\/\/likemetkovic.hr\/odjevni-tehnicari-srednje-skole-metkovic-zelimo-biti-svi-isti\/#breadcrumb"},"inLanguage":"hr","potentialAction":[{"@type":"ReadAction","target":["https:\/\/likemetkovic.hr\/odjevni-tehnicari-srednje-skole-metkovic-zelimo-biti-svi-isti\/"]}]},{"@type":"ImageObject","inLanguage":"hr","@id":"https:\/\/likemetkovic.hr\/odjevni-tehnicari-srednje-skole-metkovic-zelimo-biti-svi-isti\/#primaryimage","url":"https:\/\/likemetkovic.hr\/portal\/wp-content\/uploads\/2016\/04\/srednja-\u0161kola_dizajneri_3.jpg","contentUrl":"https:\/\/likemetkovic.hr\/portal\/wp-content\/uploads\/2016\/04\/srednja-\u0161kola_dizajneri_3.jpg","width":800,"height":600},{"@type":"BreadcrumbList","@id":"https:\/\/likemetkovic.hr\/odjevni-tehnicari-srednje-skole-metkovic-zelimo-biti-svi-isti\/#breadcrumb","itemListElement":[{"@type":"ListItem","position":1,"name":"Po\u010detna stranica","item":"https:\/\/likemetkovic.hr\/portal\/"},{"@type":"ListItem","position":2,"name":"ODJEVNI TEHNI\u010cARI SREDNJE \u0160KOLE METKOVI\u0106: &#8220;\u017delimo biti svi isti&#8221;"}]},{"@type":"WebSite","@id":"https:\/\/likemetkovic.hr\/#website","url":"https:\/\/likemetkovic.hr\/","name":"likemetkovic.hr","description":"Misli pozitivno... \u010ditaj LIKE","potentialAction":[{"@type":"SearchAction","target":{"@type":"EntryPoint","urlTemplate":"https:\/\/likemetkovic.hr\/?s={search_term_string}"},"query-input":{"@type":"PropertyValueSpecification","valueRequired":true,"valueName":"search_term_string"}}],"inLanguage":"hr"},{"@type":"Person","@id":"https:\/\/likemetkovic.hr\/#\/schema\/person\/a42711f3385a0e2be6f7e0443bfb28f0","name":"LIKEmetkovic.hr","sameAs":["http:\/\/likemetkovic.hr"],"url":"https:\/\/likemetkovic.hr\/portal\/author\/likemetkovic-hr\/"}]}},"_links":{"self":[{"href":"https:\/\/likemetkovic.hr\/portal\/wp-json\/wp\/v2\/posts\/19091","targetHints":{"allow":["GET"]}}],"collection":[{"href":"https:\/\/likemetkovic.hr\/portal\/wp-json\/wp\/v2\/posts"}],"about":[{"href":"https:\/\/likemetkovic.hr\/portal\/wp-json\/wp\/v2\/types\/post"}],"author":[{"embeddable":true,"href":"https:\/\/likemetkovic.hr\/portal\/wp-json\/wp\/v2\/users\/7"}],"replies":[{"embeddable":true,"href":"https:\/\/likemetkovic.hr\/portal\/wp-json\/wp\/v2\/comments?post=19091"}],"version-history":[{"count":0,"href":"https:\/\/likemetkovic.hr\/portal\/wp-json\/wp\/v2\/posts\/19091\/revisions"}],"wp:featuredmedia":[{"embeddable":true,"href":"https:\/\/likemetkovic.hr\/portal\/wp-json\/wp\/v2\/media\/19095"}],"wp:attachment":[{"href":"https:\/\/likemetkovic.hr\/portal\/wp-json\/wp\/v2\/media?parent=19091"}],"wp:term":[{"taxonomy":"category","embeddable":true,"href":"https:\/\/likemetkovic.hr\/portal\/wp-json\/wp\/v2\/categories?post=19091"},{"taxonomy":"post_tag","embeddable":true,"href":"https:\/\/likemetkovic.hr\/portal\/wp-json\/wp\/v2\/tags?post=19091"}],"curies":[{"name":"wp","href":"https:\/\/api.w.org\/{rel}","templated":true}]}}