{"id":19420,"date":"2016-04-25T00:45:11","date_gmt":"2016-04-24T22:45:11","guid":{"rendered":"http:\/\/likemetkovic.hr\/?p=19420"},"modified":"2016-04-25T00:45:11","modified_gmt":"2016-04-24T22:45:11","slug":"19420-2","status":"publish","type":"post","link":"https:\/\/likemetkovic.hr\/portal\/19420-2\/","title":{"rendered":"Ivan Zec sjajan drugi u Sinju, vratio se Ru\u0111er Bo\u0161kovi\u0107"},"content":{"rendered":"<p>Danas je u Sinju u organizaciji Atletskog kluba Sinj s po\u010detkom u 9 sati i 30 minuta odr\u017ean 19. Sinjski polumaraton i utrka gra\u0111ana i Hrvatskog Junior cestovnog Kupa na 5 km na kojem su nastupili i metkovski trka\u010di <strong>Ru\u0111er Bo\u0161kovi\u0107<\/strong>, <strong>Ivan Zec<\/strong> te od trka\u010dica<strong> Biljana Taslak.<\/strong><\/p>\n<p><strong>Ivan Zec<\/strong> je zauzeo sjajno drugo mjesto, odmah iza pobjednika utrke Sr\u0111ana Or\u0161uli\u0107a. Ivan je za na\u0161 portal dao i kratku izjavu: &#8220;<em>Danas su u Sinju u sklopu prvenstva hrvatske odr\u017eane utrke na 5 km i 21 km. Kao Predstavnici Ak Dubriovnik Ru\u0111er Bo\u0161kovi\u0107 i ja tr\u010dali smo 5 km. Ru\u0111er je i vi\u0161e nego dobro odradio povratak nakon operacije te uspje\u0161no zar\u0161io utrku bez bolova. ja sam osvojio dreugo mjesto, odmah iza Sr\u0111ana Or\u0161uli\u0107a\u00a0koji spada u sam vrh tr\u010danja na kratke staze. O utrci bih rekao to da sam odli\u010dno krenuo i vodio prvi kilometar, a nakon drugog tr\u010dimo rame uz rame i tako sve do 4100 metara kada mi se za\u010depio nos i oduzele ruke zbog hladno\u0107e, a to sve dugujem nepripremljenosti, jer sam zbog poslovnih obaveza zadnjih 8 dana po autobusima i bez treninga no kako ka\u017eu na\u0161i stari ljudi, nikad se nevalja \u017ealiti. Tako i ja ovo danas ne gledam kao izgovor ve\u0107 kao detaljan opis utrke mada bi vjerojatno u drugim okolnostima pobjedio. Me\u0111utim, danas nisam pobijedio i Sr\u0111an je zaslu\u017eeno uzeo pobjedu te mu na tome \u010destitam.<\/em>&#8221;<\/p>\n<p>A nakon nakon pet mjeseci pauze danas je prvi put nastupio i <strong>Ru\u0111er Bo\u0161kovi\u0107<\/strong> i zauzeo sjajno 7. mjesto: &#8220;<em>Danas sam nakon gotovo pola godine pauze, tr\u010dao svoju prvu utrku. Osje\u0107aj je zaista bio poseban, iako je ki\u0161a padala gotovo svih 5 kilometara nisam se dao, te sam ostvario 7. mjesto ukupno. Iako mi to nije bilo u cilju, vi\u0161e sam razmi\u0161ljao o vremenu, koje je na kraju iznosilo 20:47, \u0161to u prijevodu zna\u010di da nisam puno izgubio u vremenu dok sam se oporavljao od operacije zgloba. Nadam se da je ovo moj novi po\u010detak i da \u0107u marljivim treningom opet biti onaj stari i jo\u0161 bolji.<\/em>&#8221;<\/p>\n<p>Sjajna nastup je imala\u00a0i <strong>Biljana Taslak<\/strong> koja je zauzela drugo mjesto u kategoriji \u017eena iznad\u00a050 godina.<\/p>\n<p>\u010cestitamo svim na\u0161im trka\u010dima na nastupu u Sinju!<\/p>\n\r\n                <style type=\"text\/css\">\r\n                    \r\n                    #tdi_1  .td-doubleSlider-2 .td-item1 {\r\n                        background: url(https:\/\/likemetkovic.hr\/portal\/wp-content\/uploads\/2016\/04\/ivan-zec-80x60.jpg) 0 0 no-repeat;\r\n                    }\r\n                    #tdi_1  .td-doubleSlider-2 .td-item2 {\r\n                        background: url(https:\/\/likemetkovic.hr\/portal\/wp-content\/uploads\/2016\/04\/tr\u010danje-80x60.jpg) 0 0 no-repeat;\r\n                    }\r\n                <\/style>\r\n\r\n                <div id=\"tdi_1\" class=\"td-gallery td-slide-on-2-columns\">\r\n                    <div class=\"post_td_gallery\">\r\n                        <div class=\"td-gallery-slide-top\">\r\n                           <div class=\"td-gallery-title\"><\/div>\r\n\r\n                            <div class=\"td-gallery-controls-wrapper\">\r\n                                <div class=\"td-gallery-slide-count\"><span class=\"td-gallery-slide-item-focus\">1<\/span> of 2<\/div>\r\n                                <div class=\"td-gallery-slide-prev-next-but\">\r\n                                    <i class = \"td-icon-left doubleSliderPrevButton\"><\/i>\r\n                                    <i class = \"td-icon-right doubleSliderNextButton\"><\/i>\r\n                                <\/div>\r\n                            <\/div>\r\n                        <\/div>\r\n\r\n                        <div class = \"td-doubleSlider-1 \">\r\n                            <div class = \"td-slider\">\r\n                                \r\n                    <div class = \"td-slide-item td-item1\">\r\n                        <figure class=\"td-slide-galery-figure td-slide-popup-gallery\">\r\n                            <a class=\"slide-gallery-image-link\" href=\"https:\/\/likemetkovic.hr\/portal\/wp-content\/uploads\/2016\/04\/ivan-zec.jpg\" title=\"ivan zec\"  data-caption=\"Foto: facebook\"  data-description=\"\">\r\n                                <img decoding=\"async\" src=\"https:\/\/likemetkovic.hr\/portal\/wp-content\/uploads\/2016\/04\/ivan-zec-573x420.jpg\" srcset=\"https:\/\/likemetkovic.hr\/portal\/wp-content\/uploads\/2016\/04\/ivan-zec-573x420.jpg 573w, https:\/\/likemetkovic.hr\/portal\/wp-content\/uploads\/2016\/04\/ivan-zec-300x220.jpg 300w, https:\/\/likemetkovic.hr\/portal\/wp-content\/uploads\/2016\/04\/ivan-zec-768x563.jpg 768w, https:\/\/likemetkovic.hr\/portal\/wp-content\/uploads\/2016\/04\/ivan-zec-640x469.jpg 640w, https:\/\/likemetkovic.hr\/portal\/wp-content\/uploads\/2016\/04\/ivan-zec-80x60.jpg 80w, https:\/\/likemetkovic.hr\/portal\/wp-content\/uploads\/2016\/04\/ivan-zec-696x510.jpg 696w, https:\/\/likemetkovic.hr\/portal\/wp-content\/uploads\/2016\/04\/ivan-zec.jpg 819w\" sizes=\"(max-width: 573px) 100vw, 573px\" alt=\"\">\r\n                            <\/a>\r\n                            <figcaption class = \"td-slide-caption td-gallery-slide-content\"><div class = \"td-gallery-slide-copywrite\">Foto: facebook<\/div><\/figcaption>\r\n                        <\/figure>\r\n                    <\/div>\r\n                    <div class = \"td-slide-item td-item2\">\r\n                        <figure class=\"td-slide-galery-figure td-slide-popup-gallery\">\r\n                            <a class=\"slide-gallery-image-link\" href=\"https:\/\/likemetkovic.hr\/portal\/wp-content\/uploads\/2016\/04\/tr\u010danje.jpg\" title=\"tr\u010danje\"  data-caption=\"Foto: facebook\"  data-description=\"\">\r\n                                <img decoding=\"async\" src=\"https:\/\/likemetkovic.hr\/portal\/wp-content\/uploads\/2016\/04\/tr\u010danje-632x420.jpg\" srcset=\"https:\/\/likemetkovic.hr\/portal\/wp-content\/uploads\/2016\/04\/tr\u010danje-632x420.jpg 632w, https:\/\/likemetkovic.hr\/portal\/wp-content\/uploads\/2016\/04\/tr\u010danje-300x200.jpg 300w, https:\/\/likemetkovic.hr\/portal\/wp-content\/uploads\/2016\/04\/tr\u010danje-768x510.jpg 768w, https:\/\/likemetkovic.hr\/portal\/wp-content\/uploads\/2016\/04\/tr\u010danje-640x425.jpg 640w, https:\/\/likemetkovic.hr\/portal\/wp-content\/uploads\/2016\/04\/tr\u010danje-696x463.jpg 696w, https:\/\/likemetkovic.hr\/portal\/wp-content\/uploads\/2016\/04\/tr\u010danje.jpg 960w\" sizes=\"(max-width: 632px) 100vw, 632px\" alt=\"\">\r\n                            <\/a>\r\n                            <figcaption class = \"td-slide-caption td-gallery-slide-content\"><div class = \"td-gallery-slide-copywrite\">Foto: facebook<\/div><\/figcaption>\r\n                        <\/figure>\r\n                    <\/div>\r\n                            <\/div>\r\n                        <\/div>\r\n\r\n                        <div class = \"td-doubleSlider-2\">\r\n                            <div class = \"td-slider\">\r\n                                \r\n                    <div class = \"td-button td-item1\">\r\n                        <div class = \"td-border\"><\/div>\r\n                    <\/div>\r\n                    <div class = \"td-button td-item2\">\r\n                        <div class = \"td-border\"><\/div>\r\n                    <\/div>\r\n                            <\/div>\r\n                        <\/div>\r\n\r\n                    <\/div>\r\n\r\n                <\/div>\r\n                \n","protected":false},"excerpt":{"rendered":"<p>Danas je u Sinju u organizaciji Atletskog kluba Sinj s po\u010detkom u 9 sati i 30 minuta odr\u017ean 19. Sinjski polumaraton i utrka gra\u0111ana i Hrvatskog Junior cestovnog Kupa na 5 km na kojem su nastupili i metkovski trka\u010di Ru\u0111er Bo\u0161kovi\u0107, Ivan Zec te od trka\u010dica Biljana Taslak. Ivan Zec je zauzeo sjajno drugo mjesto, [&hellip;]<\/p>\n","protected":false},"author":7,"featured_media":19421,"comment_status":"open","ping_status":"open","sticky":false,"template":"","format":"standard","meta":{"footnotes":""},"categories":[283],"tags":[],"class_list":{"0":"post-19420","1":"post","2":"type-post","3":"status-publish","4":"format-standard","5":"has-post-thumbnail","7":"category-a"},"yoast_head":"<!-- This site is optimized with the Yoast SEO plugin v25.2 - https:\/\/yoast.com\/wordpress\/plugins\/seo\/ -->\n<title>Ivan Zec sjajan drugi u Sinju, vratio se Ru\u0111er Bo\u0161kovi\u0107 - likemetkovic.hr<\/title>\n<meta name=\"robots\" content=\"index, follow, max-snippet:-1, max-image-preview:large, max-video-preview:-1\" \/>\n<link rel=\"canonical\" href=\"https:\/\/likemetkovic.hr\/19420-2\/\" \/>\n<meta property=\"og:locale\" content=\"hr_HR\" \/>\n<meta property=\"og:type\" content=\"article\" \/>\n<meta property=\"og:title\" content=\"Ivan Zec sjajan drugi u Sinju, vratio se Ru\u0111er Bo\u0161kovi\u0107 - likemetkovic.hr\" \/>\n<meta property=\"og:description\" content=\"Danas je u Sinju u organizaciji Atletskog kluba Sinj s po\u010detkom u 9 sati i 30 minuta odr\u017ean 19. Sinjski polumaraton i utrka gra\u0111ana i Hrvatskog Junior cestovnog Kupa na 5 km na kojem su nastupili i metkovski trka\u010di Ru\u0111er Bo\u0161kovi\u0107, Ivan Zec te od trka\u010dica Biljana Taslak. Ivan Zec je zauzeo sjajno drugo mjesto, [&hellip;]\" \/>\n<meta property=\"og:url\" content=\"https:\/\/likemetkovic.hr\/19420-2\/\" \/>\n<meta property=\"og:site_name\" content=\"likemetkovic.hr\" \/>\n<meta property=\"article:publisher\" content=\"https:\/\/www.facebook.com\/likemetkovic.hr\/\" \/>\n<meta property=\"article:published_time\" content=\"2016-04-24T22:45:11+00:00\" \/>\n<meta property=\"og:image\" content=\"https:\/\/likemetkovic.hr\/wp-content\/uploads\/2016\/04\/ivan-zec.jpg\" \/>\n\t<meta property=\"og:image:width\" content=\"819\" \/>\n\t<meta property=\"og:image:height\" content=\"600\" \/>\n\t<meta property=\"og:image:type\" content=\"image\/jpeg\" \/>\n<meta name=\"author\" content=\"LIKEmetkovic.hr\" \/>\n<meta name=\"twitter:card\" content=\"summary_large_image\" \/>\n<meta name=\"twitter:label1\" content=\"Napisao\/la\" \/>\n\t<meta name=\"twitter:data1\" content=\"LIKEmetkovic.hr\" \/>\n\t<meta name=\"twitter:label2\" content=\"Procijenjeno vrijeme \u010ditanja\" \/>\n\t<meta name=\"twitter:data2\" content=\"2 minute\" \/>\n<script type=\"application\/ld+json\" class=\"yoast-schema-graph\">{\"@context\":\"https:\/\/schema.org\",\"@graph\":[{\"@type\":\"WebPage\",\"@id\":\"https:\/\/likemetkovic.hr\/19420-2\/\",\"url\":\"https:\/\/likemetkovic.hr\/19420-2\/\",\"name\":\"Ivan Zec sjajan drugi u Sinju, vratio se Ru\u0111er Bo\u0161kovi\u0107 - likemetkovic.hr\",\"isPartOf\":{\"@id\":\"https:\/\/likemetkovic.hr\/#website\"},\"primaryImageOfPage\":{\"@id\":\"https:\/\/likemetkovic.hr\/19420-2\/#primaryimage\"},\"image\":{\"@id\":\"https:\/\/likemetkovic.hr\/19420-2\/#primaryimage\"},\"thumbnailUrl\":\"https:\/\/likemetkovic.hr\/portal\/wp-content\/uploads\/2016\/04\/ivan-zec.jpg\",\"datePublished\":\"2016-04-24T22:45:11+00:00\",\"author\":{\"@id\":\"https:\/\/likemetkovic.hr\/#\/schema\/person\/a42711f3385a0e2be6f7e0443bfb28f0\"},\"breadcrumb\":{\"@id\":\"https:\/\/likemetkovic.hr\/19420-2\/#breadcrumb\"},\"inLanguage\":\"hr\",\"potentialAction\":[{\"@type\":\"ReadAction\",\"target\":[\"https:\/\/likemetkovic.hr\/19420-2\/\"]}]},{\"@type\":\"ImageObject\",\"inLanguage\":\"hr\",\"@id\":\"https:\/\/likemetkovic.hr\/19420-2\/#primaryimage\",\"url\":\"https:\/\/likemetkovic.hr\/portal\/wp-content\/uploads\/2016\/04\/ivan-zec.jpg\",\"contentUrl\":\"https:\/\/likemetkovic.hr\/portal\/wp-content\/uploads\/2016\/04\/ivan-zec.jpg\",\"width\":819,\"height\":600,\"caption\":\"Foto: facebook\"},{\"@type\":\"BreadcrumbList\",\"@id\":\"https:\/\/likemetkovic.hr\/19420-2\/#breadcrumb\",\"itemListElement\":[{\"@type\":\"ListItem\",\"position\":1,\"name\":\"Po\u010detna stranica\",\"item\":\"https:\/\/likemetkovic.hr\/portal\/\"},{\"@type\":\"ListItem\",\"position\":2,\"name\":\"Ivan Zec sjajan drugi u Sinju, vratio se Ru\u0111er Bo\u0161kovi\u0107\"}]},{\"@type\":\"WebSite\",\"@id\":\"https:\/\/likemetkovic.hr\/#website\",\"url\":\"https:\/\/likemetkovic.hr\/\",\"name\":\"likemetkovic.hr\",\"description\":\"Misli pozitivno... \u010ditaj LIKE\",\"potentialAction\":[{\"@type\":\"SearchAction\",\"target\":{\"@type\":\"EntryPoint\",\"urlTemplate\":\"https:\/\/likemetkovic.hr\/?s={search_term_string}\"},\"query-input\":{\"@type\":\"PropertyValueSpecification\",\"valueRequired\":true,\"valueName\":\"search_term_string\"}}],\"inLanguage\":\"hr\"},{\"@type\":\"Person\",\"@id\":\"https:\/\/likemetkovic.hr\/#\/schema\/person\/a42711f3385a0e2be6f7e0443bfb28f0\",\"name\":\"LIKEmetkovic.hr\",\"sameAs\":[\"http:\/\/likemetkovic.hr\"],\"url\":\"https:\/\/likemetkovic.hr\/portal\/author\/likemetkovic-hr\/\"}]}<\/script>\n<!-- \/ Yoast SEO plugin. -->","yoast_head_json":{"title":"Ivan Zec sjajan drugi u Sinju, vratio se Ru\u0111er Bo\u0161kovi\u0107 - likemetkovic.hr","robots":{"index":"index","follow":"follow","max-snippet":"max-snippet:-1","max-image-preview":"max-image-preview:large","max-video-preview":"max-video-preview:-1"},"canonical":"https:\/\/likemetkovic.hr\/19420-2\/","og_locale":"hr_HR","og_type":"article","og_title":"Ivan Zec sjajan drugi u Sinju, vratio se Ru\u0111er Bo\u0161kovi\u0107 - likemetkovic.hr","og_description":"Danas je u Sinju u organizaciji Atletskog kluba Sinj s po\u010detkom u 9 sati i 30 minuta odr\u017ean 19. Sinjski polumaraton i utrka gra\u0111ana i Hrvatskog Junior cestovnog Kupa na 5 km na kojem su nastupili i metkovski trka\u010di Ru\u0111er Bo\u0161kovi\u0107, Ivan Zec te od trka\u010dica Biljana Taslak. Ivan Zec je zauzeo sjajno drugo mjesto, [&hellip;]","og_url":"https:\/\/likemetkovic.hr\/19420-2\/","og_site_name":"likemetkovic.hr","article_publisher":"https:\/\/www.facebook.com\/likemetkovic.hr\/","article_published_time":"2016-04-24T22:45:11+00:00","og_image":[{"width":819,"height":600,"url":"https:\/\/likemetkovic.hr\/wp-content\/uploads\/2016\/04\/ivan-zec.jpg","type":"image\/jpeg"}],"author":"LIKEmetkovic.hr","twitter_card":"summary_large_image","twitter_misc":{"Napisao\/la":"LIKEmetkovic.hr","Procijenjeno vrijeme \u010ditanja":"2 minute"},"schema":{"@context":"https:\/\/schema.org","@graph":[{"@type":"WebPage","@id":"https:\/\/likemetkovic.hr\/19420-2\/","url":"https:\/\/likemetkovic.hr\/19420-2\/","name":"Ivan Zec sjajan drugi u Sinju, vratio se Ru\u0111er Bo\u0161kovi\u0107 - likemetkovic.hr","isPartOf":{"@id":"https:\/\/likemetkovic.hr\/#website"},"primaryImageOfPage":{"@id":"https:\/\/likemetkovic.hr\/19420-2\/#primaryimage"},"image":{"@id":"https:\/\/likemetkovic.hr\/19420-2\/#primaryimage"},"thumbnailUrl":"https:\/\/likemetkovic.hr\/portal\/wp-content\/uploads\/2016\/04\/ivan-zec.jpg","datePublished":"2016-04-24T22:45:11+00:00","author":{"@id":"https:\/\/likemetkovic.hr\/#\/schema\/person\/a42711f3385a0e2be6f7e0443bfb28f0"},"breadcrumb":{"@id":"https:\/\/likemetkovic.hr\/19420-2\/#breadcrumb"},"inLanguage":"hr","potentialAction":[{"@type":"ReadAction","target":["https:\/\/likemetkovic.hr\/19420-2\/"]}]},{"@type":"ImageObject","inLanguage":"hr","@id":"https:\/\/likemetkovic.hr\/19420-2\/#primaryimage","url":"https:\/\/likemetkovic.hr\/portal\/wp-content\/uploads\/2016\/04\/ivan-zec.jpg","contentUrl":"https:\/\/likemetkovic.hr\/portal\/wp-content\/uploads\/2016\/04\/ivan-zec.jpg","width":819,"height":600,"caption":"Foto: facebook"},{"@type":"BreadcrumbList","@id":"https:\/\/likemetkovic.hr\/19420-2\/#breadcrumb","itemListElement":[{"@type":"ListItem","position":1,"name":"Po\u010detna stranica","item":"https:\/\/likemetkovic.hr\/portal\/"},{"@type":"ListItem","position":2,"name":"Ivan Zec sjajan drugi u Sinju, vratio se Ru\u0111er Bo\u0161kovi\u0107"}]},{"@type":"WebSite","@id":"https:\/\/likemetkovic.hr\/#website","url":"https:\/\/likemetkovic.hr\/","name":"likemetkovic.hr","description":"Misli pozitivno... \u010ditaj LIKE","potentialAction":[{"@type":"SearchAction","target":{"@type":"EntryPoint","urlTemplate":"https:\/\/likemetkovic.hr\/?s={search_term_string}"},"query-input":{"@type":"PropertyValueSpecification","valueRequired":true,"valueName":"search_term_string"}}],"inLanguage":"hr"},{"@type":"Person","@id":"https:\/\/likemetkovic.hr\/#\/schema\/person\/a42711f3385a0e2be6f7e0443bfb28f0","name":"LIKEmetkovic.hr","sameAs":["http:\/\/likemetkovic.hr"],"url":"https:\/\/likemetkovic.hr\/portal\/author\/likemetkovic-hr\/"}]}},"_links":{"self":[{"href":"https:\/\/likemetkovic.hr\/portal\/wp-json\/wp\/v2\/posts\/19420","targetHints":{"allow":["GET"]}}],"collection":[{"href":"https:\/\/likemetkovic.hr\/portal\/wp-json\/wp\/v2\/posts"}],"about":[{"href":"https:\/\/likemetkovic.hr\/portal\/wp-json\/wp\/v2\/types\/post"}],"author":[{"embeddable":true,"href":"https:\/\/likemetkovic.hr\/portal\/wp-json\/wp\/v2\/users\/7"}],"replies":[{"embeddable":true,"href":"https:\/\/likemetkovic.hr\/portal\/wp-json\/wp\/v2\/comments?post=19420"}],"version-history":[{"count":0,"href":"https:\/\/likemetkovic.hr\/portal\/wp-json\/wp\/v2\/posts\/19420\/revisions"}],"wp:featuredmedia":[{"embeddable":true,"href":"https:\/\/likemetkovic.hr\/portal\/wp-json\/wp\/v2\/media\/19421"}],"wp:attachment":[{"href":"https:\/\/likemetkovic.hr\/portal\/wp-json\/wp\/v2\/media?parent=19420"}],"wp:term":[{"taxonomy":"category","embeddable":true,"href":"https:\/\/likemetkovic.hr\/portal\/wp-json\/wp\/v2\/categories?post=19420"},{"taxonomy":"post_tag","embeddable":true,"href":"https:\/\/likemetkovic.hr\/portal\/wp-json\/wp\/v2\/tags?post=19420"}],"curies":[{"name":"wp","href":"https:\/\/api.w.org\/{rel}","templated":true}]}}