{"id":19424,"date":"2016-04-25T00:54:06","date_gmt":"2016-04-24T22:54:06","guid":{"rendered":"http:\/\/likemetkovic.hr\/?p=19424"},"modified":"2016-04-25T00:54:06","modified_gmt":"2016-04-24T22:54:06","slug":"ante-svagusa-iz-gimnazije-metkovic-drzanom-natjecanju-iz-matematike","status":"publish","type":"post","link":"https:\/\/likemetkovic.hr\/portal\/ante-svagusa-iz-gimnazije-metkovic-drzanom-natjecanju-iz-matematike\/","title":{"rendered":"Ante Svagu\u0161a iz Gimnazije Metkovi\u0107 na Dr\u017eanom natjecanju iz matematike"},"content":{"rendered":"<p>\u010cesto \u010ditamo o uspjesima na\u0161ih matemati\u010dara na \u017eupanijskoj razini, no poseban je uspjeh ako ste \u00a0pozvani na Dr\u017eavno natjecanje iz matematike.<\/p>\n<p><span style=\"font-weight: 400;\">Ove godine na to je natjecanje pozvan \u00a0<strong>Ante Svagu\u0161a<\/strong>, u\u010denik prvoga razreda Gimnazije Metkovi\u0107. Svojim rezultatima izborio je natjecanje izme\u0111u 20 u\u010denika prirodoslovno-matemati\u010dkih gimnazija iz cijele Hrvatske. Sudjelovanje na natjecanju uspjeh je izboren u konkurenciji matemati\u010dkih gimnazija \u010diji tjedni broj sati matematike uvelike prema\u0161uje satnicu matematike u Gimnaziji Metkovi\u0107. Ante se nada da \u0107e ove godine tijekom praznika poha\u0111ati <\/span><i><span style=\"font-weight: 400;\">Ljetnu \u0161kolu matematike<\/span><\/i><span style=\"font-weight: 400;\"> koja \u0107e mu pomo\u0107i ostvariti jo\u0161 bolje rezultate.<\/span><\/p>\n<p><span style=\"font-weight: 400;\">\u010cestitke Anti na njegovu uspjehu.<\/span><\/p>\n","protected":false},"excerpt":{"rendered":"<p>\u010cesto \u010ditamo o uspjesima na\u0161ih matemati\u010dara na \u017eupanijskoj razini, no poseban je uspjeh ako ste \u00a0pozvani na Dr\u017eavno natjecanje iz matematike. Ove godine na to je natjecanje pozvan \u00a0Ante Svagu\u0161a, u\u010denik prvoga razreda Gimnazije Metkovi\u0107. Svojim rezultatima izborio je natjecanje izme\u0111u 20 u\u010denika prirodoslovno-matemati\u010dkih gimnazija iz cijele Hrvatske. Sudjelovanje na natjecanju uspjeh je izboren u [&hellip;]<\/p>\n","protected":false},"author":7,"featured_media":19425,"comment_status":"open","ping_status":"open","sticky":false,"template":"","format":"standard","meta":{"footnotes":""},"categories":[283,166],"tags":[],"class_list":{"0":"post-19424","1":"post","2":"type-post","3":"status-publish","4":"format-standard","5":"has-post-thumbnail","7":"category-a","8":"category-skolstvo"},"yoast_head":"<!-- This site is optimized with the Yoast SEO plugin v25.2 - https:\/\/yoast.com\/wordpress\/plugins\/seo\/ -->\n<title>Ante Svagu\u0161a iz Gimnazije Metkovi\u0107 na Dr\u017eanom natjecanju iz matematike - likemetkovic.hr<\/title>\n<meta name=\"robots\" content=\"index, follow, max-snippet:-1, max-image-preview:large, max-video-preview:-1\" \/>\n<link rel=\"canonical\" href=\"https:\/\/likemetkovic.hr\/ante-svagusa-iz-gimnazije-metkovic-drzanom-natjecanju-iz-matematike\/\" \/>\n<meta property=\"og:locale\" content=\"hr_HR\" \/>\n<meta property=\"og:type\" content=\"article\" \/>\n<meta property=\"og:title\" content=\"Ante Svagu\u0161a iz Gimnazije Metkovi\u0107 na Dr\u017eanom natjecanju iz matematike - likemetkovic.hr\" \/>\n<meta property=\"og:description\" content=\"\u010cesto \u010ditamo o uspjesima na\u0161ih matemati\u010dara na \u017eupanijskoj razini, no poseban je uspjeh ako ste \u00a0pozvani na Dr\u017eavno natjecanje iz matematike. Ove godine na to je natjecanje pozvan \u00a0Ante Svagu\u0161a, u\u010denik prvoga razreda Gimnazije Metkovi\u0107. Svojim rezultatima izborio je natjecanje izme\u0111u 20 u\u010denika prirodoslovno-matemati\u010dkih gimnazija iz cijele Hrvatske. Sudjelovanje na natjecanju uspjeh je izboren u [&hellip;]\" \/>\n<meta property=\"og:url\" content=\"https:\/\/likemetkovic.hr\/ante-svagusa-iz-gimnazije-metkovic-drzanom-natjecanju-iz-matematike\/\" \/>\n<meta property=\"og:site_name\" content=\"likemetkovic.hr\" \/>\n<meta property=\"article:publisher\" content=\"https:\/\/www.facebook.com\/likemetkovic.hr\/\" \/>\n<meta property=\"article:published_time\" content=\"2016-04-24T22:54:06+00:00\" \/>\n<meta property=\"og:image\" content=\"https:\/\/likemetkovic.hr\/wp-content\/uploads\/2016\/04\/ante-svagu\u0161a.jpg\" \/>\n\t<meta property=\"og:image:width\" content=\"814\" \/>\n\t<meta property=\"og:image:height\" content=\"600\" \/>\n\t<meta property=\"og:image:type\" content=\"image\/jpeg\" \/>\n<meta name=\"author\" content=\"LIKEmetkovic.hr\" \/>\n<meta name=\"twitter:card\" content=\"summary_large_image\" \/>\n<meta name=\"twitter:label1\" content=\"Napisao\/la\" \/>\n\t<meta name=\"twitter:data1\" content=\"LIKEmetkovic.hr\" \/>\n\t<meta name=\"twitter:label2\" content=\"Procijenjeno vrijeme \u010ditanja\" \/>\n\t<meta name=\"twitter:data2\" content=\"1 minuta\" \/>\n<script type=\"application\/ld+json\" class=\"yoast-schema-graph\">{\"@context\":\"https:\/\/schema.org\",\"@graph\":[{\"@type\":\"WebPage\",\"@id\":\"https:\/\/likemetkovic.hr\/ante-svagusa-iz-gimnazije-metkovic-drzanom-natjecanju-iz-matematike\/\",\"url\":\"https:\/\/likemetkovic.hr\/ante-svagusa-iz-gimnazije-metkovic-drzanom-natjecanju-iz-matematike\/\",\"name\":\"Ante Svagu\u0161a iz Gimnazije Metkovi\u0107 na Dr\u017eanom natjecanju iz matematike - likemetkovic.hr\",\"isPartOf\":{\"@id\":\"https:\/\/likemetkovic.hr\/#website\"},\"primaryImageOfPage\":{\"@id\":\"https:\/\/likemetkovic.hr\/ante-svagusa-iz-gimnazije-metkovic-drzanom-natjecanju-iz-matematike\/#primaryimage\"},\"image\":{\"@id\":\"https:\/\/likemetkovic.hr\/ante-svagusa-iz-gimnazije-metkovic-drzanom-natjecanju-iz-matematike\/#primaryimage\"},\"thumbnailUrl\":\"https:\/\/likemetkovic.hr\/portal\/wp-content\/uploads\/2016\/04\/ante-svagu\u0161a.jpg\",\"datePublished\":\"2016-04-24T22:54:06+00:00\",\"author\":{\"@id\":\"https:\/\/likemetkovic.hr\/#\/schema\/person\/a42711f3385a0e2be6f7e0443bfb28f0\"},\"breadcrumb\":{\"@id\":\"https:\/\/likemetkovic.hr\/ante-svagusa-iz-gimnazije-metkovic-drzanom-natjecanju-iz-matematike\/#breadcrumb\"},\"inLanguage\":\"hr\",\"potentialAction\":[{\"@type\":\"ReadAction\",\"target\":[\"https:\/\/likemetkovic.hr\/ante-svagusa-iz-gimnazije-metkovic-drzanom-natjecanju-iz-matematike\/\"]}]},{\"@type\":\"ImageObject\",\"inLanguage\":\"hr\",\"@id\":\"https:\/\/likemetkovic.hr\/ante-svagusa-iz-gimnazije-metkovic-drzanom-natjecanju-iz-matematike\/#primaryimage\",\"url\":\"https:\/\/likemetkovic.hr\/portal\/wp-content\/uploads\/2016\/04\/ante-svagu\u0161a.jpg\",\"contentUrl\":\"https:\/\/likemetkovic.hr\/portal\/wp-content\/uploads\/2016\/04\/ante-svagu\u0161a.jpg\",\"width\":814,\"height\":600},{\"@type\":\"BreadcrumbList\",\"@id\":\"https:\/\/likemetkovic.hr\/ante-svagusa-iz-gimnazije-metkovic-drzanom-natjecanju-iz-matematike\/#breadcrumb\",\"itemListElement\":[{\"@type\":\"ListItem\",\"position\":1,\"name\":\"Po\u010detna stranica\",\"item\":\"https:\/\/likemetkovic.hr\/portal\/\"},{\"@type\":\"ListItem\",\"position\":2,\"name\":\"Ante Svagu\u0161a iz Gimnazije Metkovi\u0107 na Dr\u017eanom natjecanju iz matematike\"}]},{\"@type\":\"WebSite\",\"@id\":\"https:\/\/likemetkovic.hr\/#website\",\"url\":\"https:\/\/likemetkovic.hr\/\",\"name\":\"likemetkovic.hr\",\"description\":\"Misli pozitivno... \u010ditaj LIKE\",\"potentialAction\":[{\"@type\":\"SearchAction\",\"target\":{\"@type\":\"EntryPoint\",\"urlTemplate\":\"https:\/\/likemetkovic.hr\/?s={search_term_string}\"},\"query-input\":{\"@type\":\"PropertyValueSpecification\",\"valueRequired\":true,\"valueName\":\"search_term_string\"}}],\"inLanguage\":\"hr\"},{\"@type\":\"Person\",\"@id\":\"https:\/\/likemetkovic.hr\/#\/schema\/person\/a42711f3385a0e2be6f7e0443bfb28f0\",\"name\":\"LIKEmetkovic.hr\",\"sameAs\":[\"http:\/\/likemetkovic.hr\"],\"url\":\"https:\/\/likemetkovic.hr\/portal\/author\/likemetkovic-hr\/\"}]}<\/script>\n<!-- \/ Yoast SEO plugin. -->","yoast_head_json":{"title":"Ante Svagu\u0161a iz Gimnazije Metkovi\u0107 na Dr\u017eanom natjecanju iz matematike - likemetkovic.hr","robots":{"index":"index","follow":"follow","max-snippet":"max-snippet:-1","max-image-preview":"max-image-preview:large","max-video-preview":"max-video-preview:-1"},"canonical":"https:\/\/likemetkovic.hr\/ante-svagusa-iz-gimnazije-metkovic-drzanom-natjecanju-iz-matematike\/","og_locale":"hr_HR","og_type":"article","og_title":"Ante Svagu\u0161a iz Gimnazije Metkovi\u0107 na Dr\u017eanom natjecanju iz matematike - likemetkovic.hr","og_description":"\u010cesto \u010ditamo o uspjesima na\u0161ih matemati\u010dara na \u017eupanijskoj razini, no poseban je uspjeh ako ste \u00a0pozvani na Dr\u017eavno natjecanje iz matematike. Ove godine na to je natjecanje pozvan \u00a0Ante Svagu\u0161a, u\u010denik prvoga razreda Gimnazije Metkovi\u0107. Svojim rezultatima izborio je natjecanje izme\u0111u 20 u\u010denika prirodoslovno-matemati\u010dkih gimnazija iz cijele Hrvatske. Sudjelovanje na natjecanju uspjeh je izboren u [&hellip;]","og_url":"https:\/\/likemetkovic.hr\/ante-svagusa-iz-gimnazije-metkovic-drzanom-natjecanju-iz-matematike\/","og_site_name":"likemetkovic.hr","article_publisher":"https:\/\/www.facebook.com\/likemetkovic.hr\/","article_published_time":"2016-04-24T22:54:06+00:00","og_image":[{"width":814,"height":600,"url":"https:\/\/likemetkovic.hr\/wp-content\/uploads\/2016\/04\/ante-svagu\u0161a.jpg","type":"image\/jpeg"}],"author":"LIKEmetkovic.hr","twitter_card":"summary_large_image","twitter_misc":{"Napisao\/la":"LIKEmetkovic.hr","Procijenjeno vrijeme \u010ditanja":"1 minuta"},"schema":{"@context":"https:\/\/schema.org","@graph":[{"@type":"WebPage","@id":"https:\/\/likemetkovic.hr\/ante-svagusa-iz-gimnazije-metkovic-drzanom-natjecanju-iz-matematike\/","url":"https:\/\/likemetkovic.hr\/ante-svagusa-iz-gimnazije-metkovic-drzanom-natjecanju-iz-matematike\/","name":"Ante Svagu\u0161a iz Gimnazije Metkovi\u0107 na Dr\u017eanom natjecanju iz matematike - likemetkovic.hr","isPartOf":{"@id":"https:\/\/likemetkovic.hr\/#website"},"primaryImageOfPage":{"@id":"https:\/\/likemetkovic.hr\/ante-svagusa-iz-gimnazije-metkovic-drzanom-natjecanju-iz-matematike\/#primaryimage"},"image":{"@id":"https:\/\/likemetkovic.hr\/ante-svagusa-iz-gimnazije-metkovic-drzanom-natjecanju-iz-matematike\/#primaryimage"},"thumbnailUrl":"https:\/\/likemetkovic.hr\/portal\/wp-content\/uploads\/2016\/04\/ante-svagu\u0161a.jpg","datePublished":"2016-04-24T22:54:06+00:00","author":{"@id":"https:\/\/likemetkovic.hr\/#\/schema\/person\/a42711f3385a0e2be6f7e0443bfb28f0"},"breadcrumb":{"@id":"https:\/\/likemetkovic.hr\/ante-svagusa-iz-gimnazije-metkovic-drzanom-natjecanju-iz-matematike\/#breadcrumb"},"inLanguage":"hr","potentialAction":[{"@type":"ReadAction","target":["https:\/\/likemetkovic.hr\/ante-svagusa-iz-gimnazije-metkovic-drzanom-natjecanju-iz-matematike\/"]}]},{"@type":"ImageObject","inLanguage":"hr","@id":"https:\/\/likemetkovic.hr\/ante-svagusa-iz-gimnazije-metkovic-drzanom-natjecanju-iz-matematike\/#primaryimage","url":"https:\/\/likemetkovic.hr\/portal\/wp-content\/uploads\/2016\/04\/ante-svagu\u0161a.jpg","contentUrl":"https:\/\/likemetkovic.hr\/portal\/wp-content\/uploads\/2016\/04\/ante-svagu\u0161a.jpg","width":814,"height":600},{"@type":"BreadcrumbList","@id":"https:\/\/likemetkovic.hr\/ante-svagusa-iz-gimnazije-metkovic-drzanom-natjecanju-iz-matematike\/#breadcrumb","itemListElement":[{"@type":"ListItem","position":1,"name":"Po\u010detna stranica","item":"https:\/\/likemetkovic.hr\/portal\/"},{"@type":"ListItem","position":2,"name":"Ante Svagu\u0161a iz Gimnazije Metkovi\u0107 na Dr\u017eanom natjecanju iz matematike"}]},{"@type":"WebSite","@id":"https:\/\/likemetkovic.hr\/#website","url":"https:\/\/likemetkovic.hr\/","name":"likemetkovic.hr","description":"Misli pozitivno... \u010ditaj LIKE","potentialAction":[{"@type":"SearchAction","target":{"@type":"EntryPoint","urlTemplate":"https:\/\/likemetkovic.hr\/?s={search_term_string}"},"query-input":{"@type":"PropertyValueSpecification","valueRequired":true,"valueName":"search_term_string"}}],"inLanguage":"hr"},{"@type":"Person","@id":"https:\/\/likemetkovic.hr\/#\/schema\/person\/a42711f3385a0e2be6f7e0443bfb28f0","name":"LIKEmetkovic.hr","sameAs":["http:\/\/likemetkovic.hr"],"url":"https:\/\/likemetkovic.hr\/portal\/author\/likemetkovic-hr\/"}]}},"_links":{"self":[{"href":"https:\/\/likemetkovic.hr\/portal\/wp-json\/wp\/v2\/posts\/19424","targetHints":{"allow":["GET"]}}],"collection":[{"href":"https:\/\/likemetkovic.hr\/portal\/wp-json\/wp\/v2\/posts"}],"about":[{"href":"https:\/\/likemetkovic.hr\/portal\/wp-json\/wp\/v2\/types\/post"}],"author":[{"embeddable":true,"href":"https:\/\/likemetkovic.hr\/portal\/wp-json\/wp\/v2\/users\/7"}],"replies":[{"embeddable":true,"href":"https:\/\/likemetkovic.hr\/portal\/wp-json\/wp\/v2\/comments?post=19424"}],"version-history":[{"count":0,"href":"https:\/\/likemetkovic.hr\/portal\/wp-json\/wp\/v2\/posts\/19424\/revisions"}],"wp:featuredmedia":[{"embeddable":true,"href":"https:\/\/likemetkovic.hr\/portal\/wp-json\/wp\/v2\/media\/19425"}],"wp:attachment":[{"href":"https:\/\/likemetkovic.hr\/portal\/wp-json\/wp\/v2\/media?parent=19424"}],"wp:term":[{"taxonomy":"category","embeddable":true,"href":"https:\/\/likemetkovic.hr\/portal\/wp-json\/wp\/v2\/categories?post=19424"},{"taxonomy":"post_tag","embeddable":true,"href":"https:\/\/likemetkovic.hr\/portal\/wp-json\/wp\/v2\/tags?post=19424"}],"curies":[{"name":"wp","href":"https:\/\/api.w.org\/{rel}","templated":true}]}}