{"id":19472,"date":"2016-04-25T19:04:24","date_gmt":"2016-04-25T17:04:24","guid":{"rendered":"http:\/\/likemetkovic.hr\/?p=19472"},"modified":"2018-06-02T14:48:17","modified_gmt":"2018-06-02T12:48:17","slug":"19472-2","status":"publish","type":"post","link":"https:\/\/likemetkovic.hr\/portal\/19472-2\/","title":{"rendered":"U\u010denici Gimnazije Metkovi\u0107 u sklopu europskog projekta boravili u Rumunjskoj"},"content":{"rendered":"<p><span style=\"font-weight: 400;\">\u010cetvero u\u010denika Gimnazije Metkovi\u0107 sa svojim profesoricama <strong>\u017divkom Frankovi\u0107<\/strong> i<strong> Ljiljanom Jeli\u010di\u0107<\/strong> boravili su ovih dana u Rumunjskoj u sklopu zavr\u0161nice dvogodi\u0161njega europskog projekta primjene matematike u stvarnome \u017eivotu <\/span><i><span style=\"font-weight: 400;\">What&#8217;s The Use Of It. <\/span><\/i><span style=\"font-weight: 400;\">Projekt je uklju\u010dio mobilnost nastavnika i u\u010denika u Cipar, Rumunjsku, Tursku, \u0160panjolsku i Hrvatsku, tj. Gimnaziju Metkovi\u0107.<\/span><\/p>\n<p><span style=\"font-weight: 400;\">Svi projektni ciljevi i zada\u0107e uspje\u0161no su realizirani, a cjelokupan rad i ozra\u010dje obilje\u017eeni su kao primjer dobre prakse. Radni materijali \u2013 prezentacije objavljeni su na stranici <\/span><a href=\"http:\/\/www.whatstheuseofit.net\"><span style=\"font-weight: 400;\">www.whatstheuseofit.net<\/span><\/a><span style=\"font-weight: 400;\"> . <\/span><\/p>\n<p><span style=\"font-weight: 400; color: #0000ff;\">U okviru slobodnih aktivnosti, tijekom ove \u0161kolske godine, u\u010denici metkovske gimnazije sura\u0111ivali su na osmi\u0161ljenim radionicama, davali prijedloge i sugestije. \u010cetvero najvrjednijih svoja su iskustva podijelili \u00a0s u\u010denicima ostalih partnerskih \u0161kola na susretu u rumunjskom gradu Bacauu od \u00a011. \u00a0do 15. travnja 2016. godine. <span style=\"color: #333333;\"><strong>Frano Raji\u010d, Ema Boras, Ivan Pavlovi\u0107 i Matija Mati\u0107<\/strong><\/span>, u\u010denici tre\u0107ega \u00a0razreda prirodoslovno-matemati\u010dke gimnazije, \u00a0stekli su nova prijateljstva i upoznali druk\u010diji sustav \u0161kolovanja. \u00a0<\/span><\/p>\n<p><span style=\"font-weight: 400;\">\u201eVrijedno je naglasiti da je zavr\u0161en kurikul za 35 sati nastave po planiranim cjelinama, a u zavr\u0161noj fazi preostaje dotjerivanje prezentacija i kona\u010dna evaluacija\u201c, rekla nam je <strong>prof. Ljiljana Jeli\u010di\u0107<\/strong>, voditeljica hrvatskoga tima. Na Dr\u017eavnom skupu nastavnika matematike u Zadru 21 \u2013 23. o\u017eujka 2016., Projekt je predstavila <strong>prof. Ljubica Jerkovi\u0107<\/strong>.<\/span><\/p>\n\r\n                <style type=\"text\/css\">\r\n                    \r\n                    #tdi_1  .td-doubleSlider-2 .td-item1 {\r\n                        background: url(https:\/\/likemetkovic.hr\/portal\/wp-content\/uploads\/2016\/04\/gimnazija-u-rumunjskoj_2016_1-80x60.jpg) 0 0 no-repeat;\r\n                    }\r\n                    #tdi_1  .td-doubleSlider-2 .td-item2 {\r\n                        background: url(https:\/\/likemetkovic.hr\/portal\/wp-content\/uploads\/2016\/04\/gimnazija-u-rumunjskoj_2016_2-80x60.jpg) 0 0 no-repeat;\r\n                    }\r\n                    #tdi_1  .td-doubleSlider-2 .td-item3 {\r\n                        background: url(https:\/\/likemetkovic.hr\/portal\/wp-content\/uploads\/2016\/04\/gimnazija-u-rumunjskoj_2016_5-80x60.jpg) 0 0 no-repeat;\r\n                    }\r\n                <\/style>\r\n\r\n                <div id=\"tdi_1\" class=\"td-gallery td-slide-on-2-columns\">\r\n                    <div class=\"post_td_gallery\">\r\n                        <div class=\"td-gallery-slide-top\">\r\n                           <div class=\"td-gallery-title\"><\/div>\r\n\r\n                            <div class=\"td-gallery-controls-wrapper\">\r\n                                <div class=\"td-gallery-slide-count\"><span class=\"td-gallery-slide-item-focus\">1<\/span> of 3<\/div>\r\n                                <div class=\"td-gallery-slide-prev-next-but\">\r\n                                    <i class = \"td-icon-left doubleSliderPrevButton\"><\/i>\r\n                                    <i class = \"td-icon-right doubleSliderNextButton\"><\/i>\r\n                                <\/div>\r\n                            <\/div>\r\n                        <\/div>\r\n\r\n                        <div class = \"td-doubleSlider-1 \">\r\n                            <div class = \"td-slider\">\r\n                                \r\n                    <div class = \"td-slide-item td-item1\">\r\n                        <figure class=\"td-slide-galery-figure td-slide-popup-gallery\">\r\n                            <a class=\"slide-gallery-image-link\" href=\"https:\/\/likemetkovic.hr\/portal\/wp-content\/uploads\/2016\/04\/gimnazija-u-rumunjskoj_2016_1.jpg\" title=\"gimnazija u rumunjskoj_2016_1\"  data-caption=\"\"  data-description=\"\">\r\n                                <img decoding=\"async\" src=\"https:\/\/likemetkovic.hr\/portal\/wp-content\/uploads\/2016\/04\/gimnazija-u-rumunjskoj_2016_1-566x420.jpg\" srcset=\"https:\/\/likemetkovic.hr\/portal\/wp-content\/uploads\/2016\/04\/gimnazija-u-rumunjskoj_2016_1-566x420.jpg 566w, https:\/\/likemetkovic.hr\/portal\/wp-content\/uploads\/2016\/04\/gimnazija-u-rumunjskoj_2016_1-300x223.jpg 300w, https:\/\/likemetkovic.hr\/portal\/wp-content\/uploads\/2016\/04\/gimnazija-u-rumunjskoj_2016_1-768x570.jpg 768w, https:\/\/likemetkovic.hr\/portal\/wp-content\/uploads\/2016\/04\/gimnazija-u-rumunjskoj_2016_1-640x475.jpg 640w, https:\/\/likemetkovic.hr\/portal\/wp-content\/uploads\/2016\/04\/gimnazija-u-rumunjskoj_2016_1-80x60.jpg 80w, https:\/\/likemetkovic.hr\/portal\/wp-content\/uploads\/2016\/04\/gimnazija-u-rumunjskoj_2016_1-265x198.jpg 265w, https:\/\/likemetkovic.hr\/portal\/wp-content\/uploads\/2016\/04\/gimnazija-u-rumunjskoj_2016_1-696x517.jpg 696w, https:\/\/likemetkovic.hr\/portal\/wp-content\/uploads\/2016\/04\/gimnazija-u-rumunjskoj_2016_1.jpg 808w\" sizes=\"(max-width: 566px) 100vw, 566px\" alt=\"\">\r\n                            <\/a>\r\n                            \r\n                        <\/figure>\r\n                    <\/div>\r\n                    <div class = \"td-slide-item td-item2\">\r\n                        <figure class=\"td-slide-galery-figure td-slide-popup-gallery\">\r\n                            <a class=\"slide-gallery-image-link\" href=\"https:\/\/likemetkovic.hr\/portal\/wp-content\/uploads\/2016\/04\/gimnazija-u-rumunjskoj_2016_2.jpg\" title=\"gimnazija u rumunjskoj_2016_2\"  data-caption=\"\"  data-description=\"\">\r\n                                <img decoding=\"async\" src=\"https:\/\/likemetkovic.hr\/portal\/wp-content\/uploads\/2016\/04\/gimnazija-u-rumunjskoj_2016_2-631x420.jpg\" srcset=\"https:\/\/likemetkovic.hr\/portal\/wp-content\/uploads\/2016\/04\/gimnazija-u-rumunjskoj_2016_2-631x420.jpg 631w, https:\/\/likemetkovic.hr\/portal\/wp-content\/uploads\/2016\/04\/gimnazija-u-rumunjskoj_2016_2-300x200.jpg 300w, https:\/\/likemetkovic.hr\/portal\/wp-content\/uploads\/2016\/04\/gimnazija-u-rumunjskoj_2016_2-768x511.jpg 768w, https:\/\/likemetkovic.hr\/portal\/wp-content\/uploads\/2016\/04\/gimnazija-u-rumunjskoj_2016_2-640x426.jpg 640w, https:\/\/likemetkovic.hr\/portal\/wp-content\/uploads\/2016\/04\/gimnazija-u-rumunjskoj_2016_2-696x463.jpg 696w, https:\/\/likemetkovic.hr\/portal\/wp-content\/uploads\/2016\/04\/gimnazija-u-rumunjskoj_2016_2.jpg 901w\" sizes=\"(max-width: 631px) 100vw, 631px\" alt=\"\">\r\n                            <\/a>\r\n                            \r\n                        <\/figure>\r\n                    <\/div>\r\n                    <div class = \"td-slide-item td-item3\">\r\n                        <figure class=\"td-slide-galery-figure td-slide-popup-gallery\">\r\n                            <a class=\"slide-gallery-image-link\" href=\"https:\/\/likemetkovic.hr\/portal\/wp-content\/uploads\/2016\/04\/gimnazija-u-rumunjskoj_2016_5.jpg\" title=\"gimnazija u rumunjskoj_2016_5\"  data-caption=\"\"  data-description=\"\">\r\n                                <img decoding=\"async\" src=\"https:\/\/likemetkovic.hr\/portal\/wp-content\/uploads\/2016\/04\/gimnazija-u-rumunjskoj_2016_5-631x420.jpg\" srcset=\"https:\/\/likemetkovic.hr\/portal\/wp-content\/uploads\/2016\/04\/gimnazija-u-rumunjskoj_2016_5-631x420.jpg 631w, https:\/\/likemetkovic.hr\/portal\/wp-content\/uploads\/2016\/04\/gimnazija-u-rumunjskoj_2016_5-300x200.jpg 300w, https:\/\/likemetkovic.hr\/portal\/wp-content\/uploads\/2016\/04\/gimnazija-u-rumunjskoj_2016_5-768x511.jpg 768w, https:\/\/likemetkovic.hr\/portal\/wp-content\/uploads\/2016\/04\/gimnazija-u-rumunjskoj_2016_5-640x426.jpg 640w, https:\/\/likemetkovic.hr\/portal\/wp-content\/uploads\/2016\/04\/gimnazija-u-rumunjskoj_2016_5-696x463.jpg 696w, https:\/\/likemetkovic.hr\/portal\/wp-content\/uploads\/2016\/04\/gimnazija-u-rumunjskoj_2016_5.jpg 901w\" sizes=\"(max-width: 631px) 100vw, 631px\" alt=\"\">\r\n                            <\/a>\r\n                            \r\n                        <\/figure>\r\n                    <\/div>\r\n                            <\/div>\r\n                        <\/div>\r\n\r\n                        <div class = \"td-doubleSlider-2\">\r\n                            <div class = \"td-slider\">\r\n                                \r\n                    <div class = \"td-button td-item1\">\r\n                        <div class = \"td-border\"><\/div>\r\n                    <\/div>\r\n                    <div class = \"td-button td-item2\">\r\n                        <div class = \"td-border\"><\/div>\r\n                    <\/div>\r\n                    <div class = \"td-button td-item3\">\r\n                        <div class = \"td-border\"><\/div>\r\n                    <\/div>\r\n                            <\/div>\r\n                        <\/div>\r\n\r\n                    <\/div>\r\n\r\n                <\/div>\r\n                \n","protected":false},"excerpt":{"rendered":"<p>\u010cetvero u\u010denika Gimnazije Metkovi\u0107 sa svojim profesoricama \u017divkom Frankovi\u0107 i Ljiljanom Jeli\u010di\u0107 boravili su ovih dana u Rumunjskoj u sklopu zavr\u0161nice dvogodi\u0161njega europskog projekta primjene matematike u stvarnome \u017eivotu What&#8217;s The Use Of It. Projekt je uklju\u010dio mobilnost nastavnika i u\u010denika u Cipar, Rumunjsku, Tursku, \u0160panjolsku i Hrvatsku, tj. Gimnaziju Metkovi\u0107. Svi projektni ciljevi i [&hellip;]<\/p>\n","protected":false},"author":7,"featured_media":19473,"comment_status":"open","ping_status":"open","sticky":false,"template":"","format":"standard","meta":{"footnotes":""},"categories":[283,166],"tags":[],"class_list":{"0":"post-19472","1":"post","2":"type-post","3":"status-publish","4":"format-standard","5":"has-post-thumbnail","7":"category-a","8":"category-skolstvo"},"yoast_head":"<!-- This site is optimized with the Yoast SEO plugin v25.2 - https:\/\/yoast.com\/wordpress\/plugins\/seo\/ -->\n<title>U\u010denici Gimnazije Metkovi\u0107 u sklopu europskog projekta boravili u Rumunjskoj - likemetkovic.hr<\/title>\n<meta name=\"robots\" content=\"index, follow, max-snippet:-1, max-image-preview:large, max-video-preview:-1\" \/>\n<link rel=\"canonical\" href=\"https:\/\/likemetkovic.hr\/19472-2\/\" \/>\n<meta property=\"og:locale\" content=\"hr_HR\" \/>\n<meta property=\"og:type\" content=\"article\" \/>\n<meta property=\"og:title\" content=\"U\u010denici Gimnazije Metkovi\u0107 u sklopu europskog projekta boravili u Rumunjskoj - likemetkovic.hr\" \/>\n<meta property=\"og:description\" content=\"\u010cetvero u\u010denika Gimnazije Metkovi\u0107 sa svojim profesoricama \u017divkom Frankovi\u0107 i Ljiljanom Jeli\u010di\u0107 boravili su ovih dana u Rumunjskoj u sklopu zavr\u0161nice dvogodi\u0161njega europskog projekta primjene matematike u stvarnome \u017eivotu What&#8217;s The Use Of It. Projekt je uklju\u010dio mobilnost nastavnika i u\u010denika u Cipar, Rumunjsku, Tursku, \u0160panjolsku i Hrvatsku, tj. Gimnaziju Metkovi\u0107. Svi projektni ciljevi i [&hellip;]\" \/>\n<meta property=\"og:url\" content=\"https:\/\/likemetkovic.hr\/19472-2\/\" \/>\n<meta property=\"og:site_name\" content=\"likemetkovic.hr\" \/>\n<meta property=\"article:publisher\" content=\"https:\/\/www.facebook.com\/likemetkovic.hr\/\" \/>\n<meta property=\"article:published_time\" content=\"2016-04-25T17:04:24+00:00\" \/>\n<meta property=\"article:modified_time\" content=\"2018-06-02T12:48:17+00:00\" \/>\n<meta property=\"og:image\" content=\"https:\/\/likemetkovic.hr\/wp-content\/uploads\/2016\/04\/gimnazija-u-rumunjskoj_2016_1.jpg\" \/>\n\t<meta property=\"og:image:width\" content=\"808\" \/>\n\t<meta property=\"og:image:height\" content=\"600\" \/>\n\t<meta property=\"og:image:type\" content=\"image\/jpeg\" \/>\n<meta name=\"author\" content=\"LIKEmetkovic.hr\" \/>\n<meta name=\"twitter:card\" content=\"summary_large_image\" \/>\n<meta name=\"twitter:label1\" content=\"Napisao\/la\" \/>\n\t<meta name=\"twitter:data1\" content=\"LIKEmetkovic.hr\" \/>\n\t<meta name=\"twitter:label2\" content=\"Procijenjeno vrijeme \u010ditanja\" \/>\n\t<meta name=\"twitter:data2\" content=\"1 minuta\" \/>\n<script type=\"application\/ld+json\" class=\"yoast-schema-graph\">{\"@context\":\"https:\/\/schema.org\",\"@graph\":[{\"@type\":\"WebPage\",\"@id\":\"https:\/\/likemetkovic.hr\/19472-2\/\",\"url\":\"https:\/\/likemetkovic.hr\/19472-2\/\",\"name\":\"U\u010denici Gimnazije Metkovi\u0107 u sklopu europskog projekta boravili u Rumunjskoj - likemetkovic.hr\",\"isPartOf\":{\"@id\":\"https:\/\/likemetkovic.hr\/#website\"},\"primaryImageOfPage\":{\"@id\":\"https:\/\/likemetkovic.hr\/19472-2\/#primaryimage\"},\"image\":{\"@id\":\"https:\/\/likemetkovic.hr\/19472-2\/#primaryimage\"},\"thumbnailUrl\":\"https:\/\/likemetkovic.hr\/portal\/wp-content\/uploads\/2016\/04\/gimnazija-u-rumunjskoj_2016_1.jpg\",\"datePublished\":\"2016-04-25T17:04:24+00:00\",\"dateModified\":\"2018-06-02T12:48:17+00:00\",\"author\":{\"@id\":\"https:\/\/likemetkovic.hr\/#\/schema\/person\/a42711f3385a0e2be6f7e0443bfb28f0\"},\"breadcrumb\":{\"@id\":\"https:\/\/likemetkovic.hr\/19472-2\/#breadcrumb\"},\"inLanguage\":\"hr\",\"potentialAction\":[{\"@type\":\"ReadAction\",\"target\":[\"https:\/\/likemetkovic.hr\/19472-2\/\"]}]},{\"@type\":\"ImageObject\",\"inLanguage\":\"hr\",\"@id\":\"https:\/\/likemetkovic.hr\/19472-2\/#primaryimage\",\"url\":\"https:\/\/likemetkovic.hr\/portal\/wp-content\/uploads\/2016\/04\/gimnazija-u-rumunjskoj_2016_1.jpg\",\"contentUrl\":\"https:\/\/likemetkovic.hr\/portal\/wp-content\/uploads\/2016\/04\/gimnazija-u-rumunjskoj_2016_1.jpg\",\"width\":808,\"height\":600},{\"@type\":\"BreadcrumbList\",\"@id\":\"https:\/\/likemetkovic.hr\/19472-2\/#breadcrumb\",\"itemListElement\":[{\"@type\":\"ListItem\",\"position\":1,\"name\":\"Po\u010detna stranica\",\"item\":\"https:\/\/likemetkovic.hr\/portal\/\"},{\"@type\":\"ListItem\",\"position\":2,\"name\":\"U\u010denici Gimnazije Metkovi\u0107 u sklopu europskog projekta boravili u Rumunjskoj\"}]},{\"@type\":\"WebSite\",\"@id\":\"https:\/\/likemetkovic.hr\/#website\",\"url\":\"https:\/\/likemetkovic.hr\/\",\"name\":\"likemetkovic.hr\",\"description\":\"Misli pozitivno... \u010ditaj LIKE\",\"potentialAction\":[{\"@type\":\"SearchAction\",\"target\":{\"@type\":\"EntryPoint\",\"urlTemplate\":\"https:\/\/likemetkovic.hr\/?s={search_term_string}\"},\"query-input\":{\"@type\":\"PropertyValueSpecification\",\"valueRequired\":true,\"valueName\":\"search_term_string\"}}],\"inLanguage\":\"hr\"},{\"@type\":\"Person\",\"@id\":\"https:\/\/likemetkovic.hr\/#\/schema\/person\/a42711f3385a0e2be6f7e0443bfb28f0\",\"name\":\"LIKEmetkovic.hr\",\"sameAs\":[\"http:\/\/likemetkovic.hr\"],\"url\":\"https:\/\/likemetkovic.hr\/portal\/author\/likemetkovic-hr\/\"}]}<\/script>\n<!-- \/ Yoast SEO plugin. -->","yoast_head_json":{"title":"U\u010denici Gimnazije Metkovi\u0107 u sklopu europskog projekta boravili u Rumunjskoj - likemetkovic.hr","robots":{"index":"index","follow":"follow","max-snippet":"max-snippet:-1","max-image-preview":"max-image-preview:large","max-video-preview":"max-video-preview:-1"},"canonical":"https:\/\/likemetkovic.hr\/19472-2\/","og_locale":"hr_HR","og_type":"article","og_title":"U\u010denici Gimnazije Metkovi\u0107 u sklopu europskog projekta boravili u Rumunjskoj - likemetkovic.hr","og_description":"\u010cetvero u\u010denika Gimnazije Metkovi\u0107 sa svojim profesoricama \u017divkom Frankovi\u0107 i Ljiljanom Jeli\u010di\u0107 boravili su ovih dana u Rumunjskoj u sklopu zavr\u0161nice dvogodi\u0161njega europskog projekta primjene matematike u stvarnome \u017eivotu What&#8217;s The Use Of It. Projekt je uklju\u010dio mobilnost nastavnika i u\u010denika u Cipar, Rumunjsku, Tursku, \u0160panjolsku i Hrvatsku, tj. Gimnaziju Metkovi\u0107. Svi projektni ciljevi i [&hellip;]","og_url":"https:\/\/likemetkovic.hr\/19472-2\/","og_site_name":"likemetkovic.hr","article_publisher":"https:\/\/www.facebook.com\/likemetkovic.hr\/","article_published_time":"2016-04-25T17:04:24+00:00","article_modified_time":"2018-06-02T12:48:17+00:00","og_image":[{"width":808,"height":600,"url":"https:\/\/likemetkovic.hr\/wp-content\/uploads\/2016\/04\/gimnazija-u-rumunjskoj_2016_1.jpg","type":"image\/jpeg"}],"author":"LIKEmetkovic.hr","twitter_card":"summary_large_image","twitter_misc":{"Napisao\/la":"LIKEmetkovic.hr","Procijenjeno vrijeme \u010ditanja":"1 minuta"},"schema":{"@context":"https:\/\/schema.org","@graph":[{"@type":"WebPage","@id":"https:\/\/likemetkovic.hr\/19472-2\/","url":"https:\/\/likemetkovic.hr\/19472-2\/","name":"U\u010denici Gimnazije Metkovi\u0107 u sklopu europskog projekta boravili u Rumunjskoj - likemetkovic.hr","isPartOf":{"@id":"https:\/\/likemetkovic.hr\/#website"},"primaryImageOfPage":{"@id":"https:\/\/likemetkovic.hr\/19472-2\/#primaryimage"},"image":{"@id":"https:\/\/likemetkovic.hr\/19472-2\/#primaryimage"},"thumbnailUrl":"https:\/\/likemetkovic.hr\/portal\/wp-content\/uploads\/2016\/04\/gimnazija-u-rumunjskoj_2016_1.jpg","datePublished":"2016-04-25T17:04:24+00:00","dateModified":"2018-06-02T12:48:17+00:00","author":{"@id":"https:\/\/likemetkovic.hr\/#\/schema\/person\/a42711f3385a0e2be6f7e0443bfb28f0"},"breadcrumb":{"@id":"https:\/\/likemetkovic.hr\/19472-2\/#breadcrumb"},"inLanguage":"hr","potentialAction":[{"@type":"ReadAction","target":["https:\/\/likemetkovic.hr\/19472-2\/"]}]},{"@type":"ImageObject","inLanguage":"hr","@id":"https:\/\/likemetkovic.hr\/19472-2\/#primaryimage","url":"https:\/\/likemetkovic.hr\/portal\/wp-content\/uploads\/2016\/04\/gimnazija-u-rumunjskoj_2016_1.jpg","contentUrl":"https:\/\/likemetkovic.hr\/portal\/wp-content\/uploads\/2016\/04\/gimnazija-u-rumunjskoj_2016_1.jpg","width":808,"height":600},{"@type":"BreadcrumbList","@id":"https:\/\/likemetkovic.hr\/19472-2\/#breadcrumb","itemListElement":[{"@type":"ListItem","position":1,"name":"Po\u010detna stranica","item":"https:\/\/likemetkovic.hr\/portal\/"},{"@type":"ListItem","position":2,"name":"U\u010denici Gimnazije Metkovi\u0107 u sklopu europskog projekta boravili u Rumunjskoj"}]},{"@type":"WebSite","@id":"https:\/\/likemetkovic.hr\/#website","url":"https:\/\/likemetkovic.hr\/","name":"likemetkovic.hr","description":"Misli pozitivno... \u010ditaj LIKE","potentialAction":[{"@type":"SearchAction","target":{"@type":"EntryPoint","urlTemplate":"https:\/\/likemetkovic.hr\/?s={search_term_string}"},"query-input":{"@type":"PropertyValueSpecification","valueRequired":true,"valueName":"search_term_string"}}],"inLanguage":"hr"},{"@type":"Person","@id":"https:\/\/likemetkovic.hr\/#\/schema\/person\/a42711f3385a0e2be6f7e0443bfb28f0","name":"LIKEmetkovic.hr","sameAs":["http:\/\/likemetkovic.hr"],"url":"https:\/\/likemetkovic.hr\/portal\/author\/likemetkovic-hr\/"}]}},"_links":{"self":[{"href":"https:\/\/likemetkovic.hr\/portal\/wp-json\/wp\/v2\/posts\/19472","targetHints":{"allow":["GET"]}}],"collection":[{"href":"https:\/\/likemetkovic.hr\/portal\/wp-json\/wp\/v2\/posts"}],"about":[{"href":"https:\/\/likemetkovic.hr\/portal\/wp-json\/wp\/v2\/types\/post"}],"author":[{"embeddable":true,"href":"https:\/\/likemetkovic.hr\/portal\/wp-json\/wp\/v2\/users\/7"}],"replies":[{"embeddable":true,"href":"https:\/\/likemetkovic.hr\/portal\/wp-json\/wp\/v2\/comments?post=19472"}],"version-history":[{"count":0,"href":"https:\/\/likemetkovic.hr\/portal\/wp-json\/wp\/v2\/posts\/19472\/revisions"}],"wp:featuredmedia":[{"embeddable":true,"href":"https:\/\/likemetkovic.hr\/portal\/wp-json\/wp\/v2\/media\/19473"}],"wp:attachment":[{"href":"https:\/\/likemetkovic.hr\/portal\/wp-json\/wp\/v2\/media?parent=19472"}],"wp:term":[{"taxonomy":"category","embeddable":true,"href":"https:\/\/likemetkovic.hr\/portal\/wp-json\/wp\/v2\/categories?post=19472"},{"taxonomy":"post_tag","embeddable":true,"href":"https:\/\/likemetkovic.hr\/portal\/wp-json\/wp\/v2\/tags?post=19472"}],"curies":[{"name":"wp","href":"https:\/\/api.w.org\/{rel}","templated":true}]}}