{"id":19663,"date":"2016-05-01T09:02:29","date_gmt":"2016-05-01T07:02:29","guid":{"rendered":"http:\/\/likemetkovic.hr\/?p=19663"},"modified":"2016-05-01T09:02:29","modified_gmt":"2016-05-01T07:02:29","slug":"ante-zivkovic-pobjednik-6-challenge-marco-polo-utrke-korculi","status":"publish","type":"post","link":"https:\/\/likemetkovic.hr\/portal\/ante-zivkovic-pobjednik-6-challenge-marco-polo-utrke-korculi\/","title":{"rendered":"Ante \u017divkovi\u0107 pobjednik 6. Challenge Marco Polo utrke na Kor\u010duli!"},"content":{"rendered":"<p>Na Kor\u010duli je ju\u010der odr\u017eano veliko me\u0111unarodno, \u0161esto po redu, triatlon natjecanje u organizaciji Grada Kor\u010dule i TK Splita pod nazivom 6. Challenge Marco Polo.<\/p>\n<p>Me\u0111u brojnim natjecateljima u razli\u010ditim disciplinama iz 11 zemalja svijeta nastupio je i Ante \u017divkovi\u0107. Rezultat? Onakav kakav smo i navikli kod Ante. Dakle, prvi na uli\u010dnoj utrci 10 km ukupno i prvi u kategoriji M20 i prvi u sprint triatlon \u0161tafeti s biciklistom Ivan Banovi\u0107 i pliva\u010dem Ivan Bili\u0107, i to 10 minuta ispred drugoplasirane ekipe! Ante je postigao vrijeme od 35:07:01.<\/p>\n<p>Bravo Ante!<\/p>\n\r\n                <style type=\"text\/css\">\r\n                    \r\n                    #tdi_1  .td-doubleSlider-2 .td-item1 {\r\n                        background: url(https:\/\/likemetkovic.hr\/portal\/wp-content\/uploads\/2016\/05\/ante-\u017eivkovi\u0107-kor\u010dula-2016_6-80x60.jpg) 0 0 no-repeat;\r\n                    }\r\n                    #tdi_1  .td-doubleSlider-2 .td-item2 {\r\n                        background: url(https:\/\/likemetkovic.hr\/portal\/wp-content\/uploads\/2016\/05\/ante-\u017eivkovi\u0107-kor\u010dula-2016_1-80x60.jpg) 0 0 no-repeat;\r\n                    }\r\n                    #tdi_1  .td-doubleSlider-2 .td-item3 {\r\n                        background: url(https:\/\/likemetkovic.hr\/portal\/wp-content\/uploads\/2016\/05\/ante-\u017eivkovi\u0107-kor\u010dula-2016_2-80x60.jpg) 0 0 no-repeat;\r\n                    }\r\n                    #tdi_1  .td-doubleSlider-2 .td-item4 {\r\n                        background: url(https:\/\/likemetkovic.hr\/portal\/wp-content\/uploads\/2016\/05\/ante-\u017eivkovi\u0107-kor\u010dula-2016_3-80x60.jpg) 0 0 no-repeat;\r\n                    }\r\n                    #tdi_1  .td-doubleSlider-2 .td-item5 {\r\n                        background: url(https:\/\/likemetkovic.hr\/portal\/wp-content\/uploads\/2016\/05\/ante-\u017eivkovi\u0107-kor\u010dula-2016_4-80x60.jpg) 0 0 no-repeat;\r\n                    }\r\n                    #tdi_1  .td-doubleSlider-2 .td-item6 {\r\n                        background: url(https:\/\/likemetkovic.hr\/portal\/wp-content\/uploads\/2016\/05\/ante-\u017eivkovi\u0107-kor\u010dula-2016_5-80x60.jpg) 0 0 no-repeat;\r\n                    }\r\n                <\/style>\r\n\r\n                <div id=\"tdi_1\" class=\"td-gallery td-slide-on-2-columns\">\r\n                    <div class=\"post_td_gallery\">\r\n                        <div class=\"td-gallery-slide-top\">\r\n                           <div class=\"td-gallery-title\"><\/div>\r\n\r\n                            <div class=\"td-gallery-controls-wrapper\">\r\n                                <div class=\"td-gallery-slide-count\"><span class=\"td-gallery-slide-item-focus\">1<\/span> of 6<\/div>\r\n                                <div class=\"td-gallery-slide-prev-next-but\">\r\n                                    <i class = \"td-icon-left doubleSliderPrevButton\"><\/i>\r\n                                    <i class = \"td-icon-right doubleSliderNextButton\"><\/i>\r\n                                <\/div>\r\n                            <\/div>\r\n                        <\/div>\r\n\r\n                        <div class = \"td-doubleSlider-1 \">\r\n                            <div class = \"td-slider\">\r\n                                \r\n                    <div class = \"td-slide-item td-item1\">\r\n                        <figure class=\"td-slide-galery-figure td-slide-popup-gallery\">\r\n                            <a class=\"slide-gallery-image-link\" href=\"https:\/\/likemetkovic.hr\/portal\/wp-content\/uploads\/2016\/05\/ante-\u017eivkovi\u0107-kor\u010dula-2016_6.jpg\" title=\"ante \u017eivkovi\u0107 kor\u010dula 2016_6\"  data-caption=\"\"  data-description=\"\">\r\n                                <img decoding=\"async\" src=\"https:\/\/likemetkovic.hr\/portal\/wp-content\/uploads\/2016\/05\/ante-\u017eivkovi\u0107-kor\u010dula-2016_6-236x420.jpg\" srcset=\"https:\/\/likemetkovic.hr\/portal\/wp-content\/uploads\/2016\/05\/ante-\u017eivkovi\u0107-kor\u010dula-2016_6-236x420.jpg 236w, https:\/\/likemetkovic.hr\/portal\/wp-content\/uploads\/2016\/05\/ante-\u017eivkovi\u0107-kor\u010dula-2016_6-169x300.jpg 169w, https:\/\/likemetkovic.hr\/portal\/wp-content\/uploads\/2016\/05\/ante-\u017eivkovi\u0107-kor\u010dula-2016_6-360x640.jpg 360w, https:\/\/likemetkovic.hr\/portal\/wp-content\/uploads\/2016\/05\/ante-\u017eivkovi\u0107-kor\u010dula-2016_6.jpg 540w\" sizes=\"(max-width: 236px) 100vw, 236px\" alt=\"\">\r\n                            <\/a>\r\n                            \r\n                        <\/figure>\r\n                    <\/div>\r\n                    <div class = \"td-slide-item td-item2\">\r\n                        <figure class=\"td-slide-galery-figure td-slide-popup-gallery\">\r\n                            <a class=\"slide-gallery-image-link\" href=\"https:\/\/likemetkovic.hr\/portal\/wp-content\/uploads\/2016\/05\/ante-\u017eivkovi\u0107-kor\u010dula-2016_1.jpg\" title=\"ante \u017eivkovi\u0107 kor\u010dula 2016_1\"  data-caption=\"\"  data-description=\"\">\r\n                                <img decoding=\"async\" src=\"https:\/\/likemetkovic.hr\/portal\/wp-content\/uploads\/2016\/05\/ante-\u017eivkovi\u0107-kor\u010dula-2016_1-315x420.jpg\" srcset=\"https:\/\/likemetkovic.hr\/portal\/wp-content\/uploads\/2016\/05\/ante-\u017eivkovi\u0107-kor\u010dula-2016_1-315x420.jpg 315w, https:\/\/likemetkovic.hr\/portal\/wp-content\/uploads\/2016\/05\/ante-\u017eivkovi\u0107-kor\u010dula-2016_1-225x300.jpg 225w, https:\/\/likemetkovic.hr\/portal\/wp-content\/uploads\/2016\/05\/ante-\u017eivkovi\u0107-kor\u010dula-2016_1-480x640.jpg 480w, https:\/\/likemetkovic.hr\/portal\/wp-content\/uploads\/2016\/05\/ante-\u017eivkovi\u0107-kor\u010dula-2016_1.jpg 600w\" sizes=\"(max-width: 315px) 100vw, 315px\" alt=\"\">\r\n                            <\/a>\r\n                            \r\n                        <\/figure>\r\n                    <\/div>\r\n                    <div class = \"td-slide-item td-item3\">\r\n                        <figure class=\"td-slide-galery-figure td-slide-popup-gallery\">\r\n                            <a class=\"slide-gallery-image-link\" href=\"https:\/\/likemetkovic.hr\/portal\/wp-content\/uploads\/2016\/05\/ante-\u017eivkovi\u0107-kor\u010dula-2016_2.jpg\" title=\"ante \u017eivkovi\u0107 kor\u010dula 2016_2\"  data-caption=\"\"  data-description=\"\">\r\n                                <img decoding=\"async\" src=\"https:\/\/likemetkovic.hr\/portal\/wp-content\/uploads\/2016\/05\/ante-\u017eivkovi\u0107-kor\u010dula-2016_2-341x420.jpg\" srcset=\"https:\/\/likemetkovic.hr\/portal\/wp-content\/uploads\/2016\/05\/ante-\u017eivkovi\u0107-kor\u010dula-2016_2-341x420.jpg 341w, https:\/\/likemetkovic.hr\/portal\/wp-content\/uploads\/2016\/05\/ante-\u017eivkovi\u0107-kor\u010dula-2016_2-244x300.jpg 244w, https:\/\/likemetkovic.hr\/portal\/wp-content\/uploads\/2016\/05\/ante-\u017eivkovi\u0107-kor\u010dula-2016_2-520x640.jpg 520w, https:\/\/likemetkovic.hr\/portal\/wp-content\/uploads\/2016\/05\/ante-\u017eivkovi\u0107-kor\u010dula-2016_2-324x400.jpg 324w, https:\/\/likemetkovic.hr\/portal\/wp-content\/uploads\/2016\/05\/ante-\u017eivkovi\u0107-kor\u010dula-2016_2.jpg 540w\" sizes=\"(max-width: 341px) 100vw, 341px\" alt=\"\">\r\n                            <\/a>\r\n                            \r\n                        <\/figure>\r\n                    <\/div>\r\n                    <div class = \"td-slide-item td-item4\">\r\n                        <figure class=\"td-slide-galery-figure td-slide-popup-gallery\">\r\n                            <a class=\"slide-gallery-image-link\" href=\"https:\/\/likemetkovic.hr\/portal\/wp-content\/uploads\/2016\/05\/ante-\u017eivkovi\u0107-kor\u010dula-2016_3.jpg\" title=\"ante \u017eivkovi\u0107 kor\u010dula 2016_3\"  data-caption=\"\"  data-description=\"\">\r\n                                <img decoding=\"async\" src=\"https:\/\/likemetkovic.hr\/portal\/wp-content\/uploads\/2016\/05\/ante-\u017eivkovi\u0107-kor\u010dula-2016_3-351x420.jpg\" srcset=\"https:\/\/likemetkovic.hr\/portal\/wp-content\/uploads\/2016\/05\/ante-\u017eivkovi\u0107-kor\u010dula-2016_3-351x420.jpg 351w, https:\/\/likemetkovic.hr\/portal\/wp-content\/uploads\/2016\/05\/ante-\u017eivkovi\u0107-kor\u010dula-2016_3-250x300.jpg 250w, https:\/\/likemetkovic.hr\/portal\/wp-content\/uploads\/2016\/05\/ante-\u017eivkovi\u0107-kor\u010dula-2016_3-534x640.jpg 534w, https:\/\/likemetkovic.hr\/portal\/wp-content\/uploads\/2016\/05\/ante-\u017eivkovi\u0107-kor\u010dula-2016_3.jpg 540w\" sizes=\"(max-width: 351px) 100vw, 351px\" alt=\"\">\r\n                            <\/a>\r\n                            \r\n                        <\/figure>\r\n                    <\/div>\r\n                    <div class = \"td-slide-item td-item5\">\r\n                        <figure class=\"td-slide-galery-figure td-slide-popup-gallery\">\r\n                            <a class=\"slide-gallery-image-link\" href=\"https:\/\/likemetkovic.hr\/portal\/wp-content\/uploads\/2016\/05\/ante-\u017eivkovi\u0107-kor\u010dula-2016_4.jpg\" title=\"ante \u017eivkovi\u0107 kor\u010dula 2016_4\"  data-caption=\"\"  data-description=\"\">\r\n                                <img decoding=\"async\" src=\"https:\/\/likemetkovic.hr\/portal\/wp-content\/uploads\/2016\/05\/ante-\u017eivkovi\u0107-kor\u010dula-2016_4-589x420.jpg\" srcset=\"https:\/\/likemetkovic.hr\/portal\/wp-content\/uploads\/2016\/05\/ante-\u017eivkovi\u0107-kor\u010dula-2016_4-589x420.jpg 589w, https:\/\/likemetkovic.hr\/portal\/wp-content\/uploads\/2016\/05\/ante-\u017eivkovi\u0107-kor\u010dula-2016_4-300x214.jpg 300w, https:\/\/likemetkovic.hr\/portal\/wp-content\/uploads\/2016\/05\/ante-\u017eivkovi\u0107-kor\u010dula-2016_4-768x548.jpg 768w, https:\/\/likemetkovic.hr\/portal\/wp-content\/uploads\/2016\/05\/ante-\u017eivkovi\u0107-kor\u010dula-2016_4-640x457.jpg 640w, https:\/\/likemetkovic.hr\/portal\/wp-content\/uploads\/2016\/05\/ante-\u017eivkovi\u0107-kor\u010dula-2016_4-100x70.jpg 100w, https:\/\/likemetkovic.hr\/portal\/wp-content\/uploads\/2016\/05\/ante-\u017eivkovi\u0107-kor\u010dula-2016_4-696x497.jpg 696w, https:\/\/likemetkovic.hr\/portal\/wp-content\/uploads\/2016\/05\/ante-\u017eivkovi\u0107-kor\u010dula-2016_4.jpg 841w\" sizes=\"(max-width: 589px) 100vw, 589px\" alt=\"\">\r\n                            <\/a>\r\n                            \r\n                        <\/figure>\r\n                    <\/div>\r\n                    <div class = \"td-slide-item td-item6\">\r\n                        <figure class=\"td-slide-galery-figure td-slide-popup-gallery\">\r\n                            <a class=\"slide-gallery-image-link\" href=\"https:\/\/likemetkovic.hr\/portal\/wp-content\/uploads\/2016\/05\/ante-\u017eivkovi\u0107-kor\u010dula-2016_5.jpg\" title=\"ante \u017eivkovi\u0107 kor\u010dula 2016_5\"  data-caption=\"\"  data-description=\"\">\r\n                                <img decoding=\"async\" src=\"https:\/\/likemetkovic.hr\/portal\/wp-content\/uploads\/2016\/05\/ante-\u017eivkovi\u0107-kor\u010dula-2016_5-624x420.jpg\" srcset=\"https:\/\/likemetkovic.hr\/portal\/wp-content\/uploads\/2016\/05\/ante-\u017eivkovi\u0107-kor\u010dula-2016_5-624x420.jpg 624w, https:\/\/likemetkovic.hr\/portal\/wp-content\/uploads\/2016\/05\/ante-\u017eivkovi\u0107-kor\u010dula-2016_5-300x202.jpg 300w, https:\/\/likemetkovic.hr\/portal\/wp-content\/uploads\/2016\/05\/ante-\u017eivkovi\u0107-kor\u010dula-2016_5-768x517.jpg 768w, https:\/\/likemetkovic.hr\/portal\/wp-content\/uploads\/2016\/05\/ante-\u017eivkovi\u0107-kor\u010dula-2016_5-640x430.jpg 640w, https:\/\/likemetkovic.hr\/portal\/wp-content\/uploads\/2016\/05\/ante-\u017eivkovi\u0107-kor\u010dula-2016_5-696x468.jpg 696w, https:\/\/likemetkovic.hr\/portal\/wp-content\/uploads\/2016\/05\/ante-\u017eivkovi\u0107-kor\u010dula-2016_5.jpg 892w\" sizes=\"(max-width: 624px) 100vw, 624px\" alt=\"\">\r\n                            <\/a>\r\n                            \r\n                        <\/figure>\r\n                    <\/div>\r\n                            <\/div>\r\n                        <\/div>\r\n\r\n                        <div class = \"td-doubleSlider-2\">\r\n                            <div class = \"td-slider\">\r\n                                \r\n                    <div class = \"td-button td-item1\">\r\n                        <div class = \"td-border\"><\/div>\r\n                    <\/div>\r\n                    <div class = \"td-button td-item2\">\r\n                        <div class = \"td-border\"><\/div>\r\n                    <\/div>\r\n                    <div class = \"td-button td-item3\">\r\n                        <div class = \"td-border\"><\/div>\r\n                    <\/div>\r\n                    <div class = \"td-button td-item4\">\r\n                        <div class = \"td-border\"><\/div>\r\n                    <\/div>\r\n                    <div class = \"td-button td-item5\">\r\n                        <div class = \"td-border\"><\/div>\r\n                    <\/div>\r\n                    <div class = \"td-button td-item6\">\r\n                        <div class = \"td-border\"><\/div>\r\n                    <\/div>\r\n                            <\/div>\r\n                        <\/div>\r\n\r\n                    <\/div>\r\n\r\n                <\/div>\r\n                \n<p>&nbsp;<\/p>\n","protected":false},"excerpt":{"rendered":"<p>Na Kor\u010duli je ju\u010der odr\u017eano veliko me\u0111unarodno, \u0161esto po redu, triatlon natjecanje u organizaciji Grada Kor\u010dule i TK Splita pod nazivom 6. Challenge Marco Polo. Me\u0111u brojnim natjecateljima u razli\u010ditim disciplinama iz 11 zemalja svijeta nastupio je i Ante \u017divkovi\u0107. Rezultat? Onakav kakav smo i navikli kod Ante. Dakle, prvi na uli\u010dnoj utrci 10 km [&hellip;]<\/p>\n","protected":false},"author":7,"featured_media":19668,"comment_status":"open","ping_status":"open","sticky":false,"template":"","format":"standard","meta":{"footnotes":""},"categories":[283],"tags":[],"class_list":{"0":"post-19663","1":"post","2":"type-post","3":"status-publish","4":"format-standard","5":"has-post-thumbnail","7":"category-a"},"yoast_head":"<!-- This site is optimized with the Yoast SEO plugin v25.2 - https:\/\/yoast.com\/wordpress\/plugins\/seo\/ -->\n<title>Ante \u017divkovi\u0107 pobjednik 6. Challenge Marco Polo utrke na Kor\u010duli! - likemetkovic.hr<\/title>\n<meta name=\"robots\" content=\"index, follow, max-snippet:-1, max-image-preview:large, max-video-preview:-1\" \/>\n<link rel=\"canonical\" href=\"https:\/\/likemetkovic.hr\/ante-zivkovic-pobjednik-6-challenge-marco-polo-utrke-korculi\/\" \/>\n<meta property=\"og:locale\" content=\"hr_HR\" \/>\n<meta property=\"og:type\" content=\"article\" \/>\n<meta property=\"og:title\" content=\"Ante \u017divkovi\u0107 pobjednik 6. Challenge Marco Polo utrke na Kor\u010duli! - likemetkovic.hr\" \/>\n<meta property=\"og:description\" content=\"Na Kor\u010duli je ju\u010der odr\u017eano veliko me\u0111unarodno, \u0161esto po redu, triatlon natjecanje u organizaciji Grada Kor\u010dule i TK Splita pod nazivom 6. Challenge Marco Polo. Me\u0111u brojnim natjecateljima u razli\u010ditim disciplinama iz 11 zemalja svijeta nastupio je i Ante \u017divkovi\u0107. Rezultat? Onakav kakav smo i navikli kod Ante. Dakle, prvi na uli\u010dnoj utrci 10 km [&hellip;]\" \/>\n<meta property=\"og:url\" content=\"https:\/\/likemetkovic.hr\/ante-zivkovic-pobjednik-6-challenge-marco-polo-utrke-korculi\/\" \/>\n<meta property=\"og:site_name\" content=\"likemetkovic.hr\" \/>\n<meta property=\"article:publisher\" content=\"https:\/\/www.facebook.com\/likemetkovic.hr\/\" \/>\n<meta property=\"article:published_time\" content=\"2016-05-01T07:02:29+00:00\" \/>\n<meta property=\"og:image\" content=\"https:\/\/likemetkovic.hr\/wp-content\/uploads\/2016\/05\/ante-\u017eivkovi\u0107-kor\u010dula-2016_4.jpg\" \/>\n\t<meta property=\"og:image:width\" content=\"841\" \/>\n\t<meta property=\"og:image:height\" content=\"600\" \/>\n\t<meta property=\"og:image:type\" content=\"image\/jpeg\" \/>\n<meta name=\"author\" content=\"LIKEmetkovic.hr\" \/>\n<meta name=\"twitter:card\" content=\"summary_large_image\" \/>\n<meta name=\"twitter:label1\" content=\"Napisao\/la\" \/>\n\t<meta name=\"twitter:data1\" content=\"LIKEmetkovic.hr\" \/>\n\t<meta name=\"twitter:label2\" content=\"Procijenjeno vrijeme \u010ditanja\" \/>\n\t<meta name=\"twitter:data2\" content=\"1 minuta\" \/>\n<script type=\"application\/ld+json\" class=\"yoast-schema-graph\">{\"@context\":\"https:\/\/schema.org\",\"@graph\":[{\"@type\":\"WebPage\",\"@id\":\"https:\/\/likemetkovic.hr\/ante-zivkovic-pobjednik-6-challenge-marco-polo-utrke-korculi\/\",\"url\":\"https:\/\/likemetkovic.hr\/ante-zivkovic-pobjednik-6-challenge-marco-polo-utrke-korculi\/\",\"name\":\"Ante \u017divkovi\u0107 pobjednik 6. Challenge Marco Polo utrke na Kor\u010duli! - likemetkovic.hr\",\"isPartOf\":{\"@id\":\"https:\/\/likemetkovic.hr\/#website\"},\"primaryImageOfPage\":{\"@id\":\"https:\/\/likemetkovic.hr\/ante-zivkovic-pobjednik-6-challenge-marco-polo-utrke-korculi\/#primaryimage\"},\"image\":{\"@id\":\"https:\/\/likemetkovic.hr\/ante-zivkovic-pobjednik-6-challenge-marco-polo-utrke-korculi\/#primaryimage\"},\"thumbnailUrl\":\"https:\/\/likemetkovic.hr\/portal\/wp-content\/uploads\/2016\/05\/ante-\u017eivkovi\u0107-kor\u010dula-2016_4.jpg\",\"datePublished\":\"2016-05-01T07:02:29+00:00\",\"author\":{\"@id\":\"https:\/\/likemetkovic.hr\/#\/schema\/person\/a42711f3385a0e2be6f7e0443bfb28f0\"},\"breadcrumb\":{\"@id\":\"https:\/\/likemetkovic.hr\/ante-zivkovic-pobjednik-6-challenge-marco-polo-utrke-korculi\/#breadcrumb\"},\"inLanguage\":\"hr\",\"potentialAction\":[{\"@type\":\"ReadAction\",\"target\":[\"https:\/\/likemetkovic.hr\/ante-zivkovic-pobjednik-6-challenge-marco-polo-utrke-korculi\/\"]}]},{\"@type\":\"ImageObject\",\"inLanguage\":\"hr\",\"@id\":\"https:\/\/likemetkovic.hr\/ante-zivkovic-pobjednik-6-challenge-marco-polo-utrke-korculi\/#primaryimage\",\"url\":\"https:\/\/likemetkovic.hr\/portal\/wp-content\/uploads\/2016\/05\/ante-\u017eivkovi\u0107-kor\u010dula-2016_4.jpg\",\"contentUrl\":\"https:\/\/likemetkovic.hr\/portal\/wp-content\/uploads\/2016\/05\/ante-\u017eivkovi\u0107-kor\u010dula-2016_4.jpg\",\"width\":841,\"height\":600},{\"@type\":\"BreadcrumbList\",\"@id\":\"https:\/\/likemetkovic.hr\/ante-zivkovic-pobjednik-6-challenge-marco-polo-utrke-korculi\/#breadcrumb\",\"itemListElement\":[{\"@type\":\"ListItem\",\"position\":1,\"name\":\"Po\u010detna stranica\",\"item\":\"https:\/\/likemetkovic.hr\/portal\/\"},{\"@type\":\"ListItem\",\"position\":2,\"name\":\"Ante \u017divkovi\u0107 pobjednik 6. Challenge Marco Polo utrke na Kor\u010duli!\"}]},{\"@type\":\"WebSite\",\"@id\":\"https:\/\/likemetkovic.hr\/#website\",\"url\":\"https:\/\/likemetkovic.hr\/\",\"name\":\"likemetkovic.hr\",\"description\":\"Misli pozitivno... \u010ditaj LIKE\",\"potentialAction\":[{\"@type\":\"SearchAction\",\"target\":{\"@type\":\"EntryPoint\",\"urlTemplate\":\"https:\/\/likemetkovic.hr\/?s={search_term_string}\"},\"query-input\":{\"@type\":\"PropertyValueSpecification\",\"valueRequired\":true,\"valueName\":\"search_term_string\"}}],\"inLanguage\":\"hr\"},{\"@type\":\"Person\",\"@id\":\"https:\/\/likemetkovic.hr\/#\/schema\/person\/a42711f3385a0e2be6f7e0443bfb28f0\",\"name\":\"LIKEmetkovic.hr\",\"sameAs\":[\"http:\/\/likemetkovic.hr\"],\"url\":\"https:\/\/likemetkovic.hr\/portal\/author\/likemetkovic-hr\/\"}]}<\/script>\n<!-- \/ Yoast SEO plugin. -->","yoast_head_json":{"title":"Ante \u017divkovi\u0107 pobjednik 6. Challenge Marco Polo utrke na Kor\u010duli! - likemetkovic.hr","robots":{"index":"index","follow":"follow","max-snippet":"max-snippet:-1","max-image-preview":"max-image-preview:large","max-video-preview":"max-video-preview:-1"},"canonical":"https:\/\/likemetkovic.hr\/ante-zivkovic-pobjednik-6-challenge-marco-polo-utrke-korculi\/","og_locale":"hr_HR","og_type":"article","og_title":"Ante \u017divkovi\u0107 pobjednik 6. Challenge Marco Polo utrke na Kor\u010duli! - likemetkovic.hr","og_description":"Na Kor\u010duli je ju\u010der odr\u017eano veliko me\u0111unarodno, \u0161esto po redu, triatlon natjecanje u organizaciji Grada Kor\u010dule i TK Splita pod nazivom 6. Challenge Marco Polo. Me\u0111u brojnim natjecateljima u razli\u010ditim disciplinama iz 11 zemalja svijeta nastupio je i Ante \u017divkovi\u0107. Rezultat? Onakav kakav smo i navikli kod Ante. Dakle, prvi na uli\u010dnoj utrci 10 km [&hellip;]","og_url":"https:\/\/likemetkovic.hr\/ante-zivkovic-pobjednik-6-challenge-marco-polo-utrke-korculi\/","og_site_name":"likemetkovic.hr","article_publisher":"https:\/\/www.facebook.com\/likemetkovic.hr\/","article_published_time":"2016-05-01T07:02:29+00:00","og_image":[{"width":841,"height":600,"url":"https:\/\/likemetkovic.hr\/wp-content\/uploads\/2016\/05\/ante-\u017eivkovi\u0107-kor\u010dula-2016_4.jpg","type":"image\/jpeg"}],"author":"LIKEmetkovic.hr","twitter_card":"summary_large_image","twitter_misc":{"Napisao\/la":"LIKEmetkovic.hr","Procijenjeno vrijeme \u010ditanja":"1 minuta"},"schema":{"@context":"https:\/\/schema.org","@graph":[{"@type":"WebPage","@id":"https:\/\/likemetkovic.hr\/ante-zivkovic-pobjednik-6-challenge-marco-polo-utrke-korculi\/","url":"https:\/\/likemetkovic.hr\/ante-zivkovic-pobjednik-6-challenge-marco-polo-utrke-korculi\/","name":"Ante \u017divkovi\u0107 pobjednik 6. Challenge Marco Polo utrke na Kor\u010duli! - likemetkovic.hr","isPartOf":{"@id":"https:\/\/likemetkovic.hr\/#website"},"primaryImageOfPage":{"@id":"https:\/\/likemetkovic.hr\/ante-zivkovic-pobjednik-6-challenge-marco-polo-utrke-korculi\/#primaryimage"},"image":{"@id":"https:\/\/likemetkovic.hr\/ante-zivkovic-pobjednik-6-challenge-marco-polo-utrke-korculi\/#primaryimage"},"thumbnailUrl":"https:\/\/likemetkovic.hr\/portal\/wp-content\/uploads\/2016\/05\/ante-\u017eivkovi\u0107-kor\u010dula-2016_4.jpg","datePublished":"2016-05-01T07:02:29+00:00","author":{"@id":"https:\/\/likemetkovic.hr\/#\/schema\/person\/a42711f3385a0e2be6f7e0443bfb28f0"},"breadcrumb":{"@id":"https:\/\/likemetkovic.hr\/ante-zivkovic-pobjednik-6-challenge-marco-polo-utrke-korculi\/#breadcrumb"},"inLanguage":"hr","potentialAction":[{"@type":"ReadAction","target":["https:\/\/likemetkovic.hr\/ante-zivkovic-pobjednik-6-challenge-marco-polo-utrke-korculi\/"]}]},{"@type":"ImageObject","inLanguage":"hr","@id":"https:\/\/likemetkovic.hr\/ante-zivkovic-pobjednik-6-challenge-marco-polo-utrke-korculi\/#primaryimage","url":"https:\/\/likemetkovic.hr\/portal\/wp-content\/uploads\/2016\/05\/ante-\u017eivkovi\u0107-kor\u010dula-2016_4.jpg","contentUrl":"https:\/\/likemetkovic.hr\/portal\/wp-content\/uploads\/2016\/05\/ante-\u017eivkovi\u0107-kor\u010dula-2016_4.jpg","width":841,"height":600},{"@type":"BreadcrumbList","@id":"https:\/\/likemetkovic.hr\/ante-zivkovic-pobjednik-6-challenge-marco-polo-utrke-korculi\/#breadcrumb","itemListElement":[{"@type":"ListItem","position":1,"name":"Po\u010detna stranica","item":"https:\/\/likemetkovic.hr\/portal\/"},{"@type":"ListItem","position":2,"name":"Ante \u017divkovi\u0107 pobjednik 6. Challenge Marco Polo utrke na Kor\u010duli!"}]},{"@type":"WebSite","@id":"https:\/\/likemetkovic.hr\/#website","url":"https:\/\/likemetkovic.hr\/","name":"likemetkovic.hr","description":"Misli pozitivno... \u010ditaj LIKE","potentialAction":[{"@type":"SearchAction","target":{"@type":"EntryPoint","urlTemplate":"https:\/\/likemetkovic.hr\/?s={search_term_string}"},"query-input":{"@type":"PropertyValueSpecification","valueRequired":true,"valueName":"search_term_string"}}],"inLanguage":"hr"},{"@type":"Person","@id":"https:\/\/likemetkovic.hr\/#\/schema\/person\/a42711f3385a0e2be6f7e0443bfb28f0","name":"LIKEmetkovic.hr","sameAs":["http:\/\/likemetkovic.hr"],"url":"https:\/\/likemetkovic.hr\/portal\/author\/likemetkovic-hr\/"}]}},"_links":{"self":[{"href":"https:\/\/likemetkovic.hr\/portal\/wp-json\/wp\/v2\/posts\/19663","targetHints":{"allow":["GET"]}}],"collection":[{"href":"https:\/\/likemetkovic.hr\/portal\/wp-json\/wp\/v2\/posts"}],"about":[{"href":"https:\/\/likemetkovic.hr\/portal\/wp-json\/wp\/v2\/types\/post"}],"author":[{"embeddable":true,"href":"https:\/\/likemetkovic.hr\/portal\/wp-json\/wp\/v2\/users\/7"}],"replies":[{"embeddable":true,"href":"https:\/\/likemetkovic.hr\/portal\/wp-json\/wp\/v2\/comments?post=19663"}],"version-history":[{"count":0,"href":"https:\/\/likemetkovic.hr\/portal\/wp-json\/wp\/v2\/posts\/19663\/revisions"}],"wp:featuredmedia":[{"embeddable":true,"href":"https:\/\/likemetkovic.hr\/portal\/wp-json\/wp\/v2\/media\/19668"}],"wp:attachment":[{"href":"https:\/\/likemetkovic.hr\/portal\/wp-json\/wp\/v2\/media?parent=19663"}],"wp:term":[{"taxonomy":"category","embeddable":true,"href":"https:\/\/likemetkovic.hr\/portal\/wp-json\/wp\/v2\/categories?post=19663"},{"taxonomy":"post_tag","embeddable":true,"href":"https:\/\/likemetkovic.hr\/portal\/wp-json\/wp\/v2\/tags?post=19663"}],"curies":[{"name":"wp","href":"https:\/\/api.w.org\/{rel}","templated":true}]}}