{"id":19778,"date":"2016-05-03T13:15:12","date_gmt":"2016-05-03T11:15:12","guid":{"rendered":"http:\/\/likemetkovic.hr\/?p=19778"},"modified":"2018-06-02T17:26:01","modified_gmt":"2018-06-02T15:26:01","slug":"os-stjepana-radica-ra","status":"publish","type":"post","link":"https:\/\/likemetkovic.hr\/portal\/os-stjepana-radica-ra\/","title":{"rendered":"O\u0160 STJEPANA RADI\u0106A: Razgovor s potpredsjednikom Vlade Bo\u017eom Petrovom"},"content":{"rendered":"<p>U\u010denice sedmih razreda Osnovne\u00a0\u0161kole Stjepana Radi\u0107a\u00a0<strong>Paula Kozina, Lana Or\u0161uli\u0107, Ana Putica i Mia Sr\u0161en<\/strong>, u sklopu projekta <em><strong>Mediji na\u0161i svagda\u0161nji,<\/strong><\/em> u pratnji svoje mentorice pedagoginje <strong>Nikoline Vugdelije<\/strong> razgovarale su s gospodinom<strong> Bo\u017eom Petrovom<\/strong>, potpredsjednikom Vlade RH. U\u010denice \u0107e ovaj projekt predstaviti na ovogodi\u0161njoj Dr\u017eavnoj smotri iz gra\u0111anskog odgoja i obrazovanja.<\/p>\n<p>Prije svega predstavile su mu svoj projekt koji se bavi nedostatkom medijske pismenosti u dana\u0161njemu dru\u0161tvu, pozitivnim i negativnim obilje\u017ejima medija te problemom elektroni\u010dkoga nasilja. Potpredsjednik im je rekao kako smatra da je problem prisutan, ali da \u0161ira javnost nije dovoljno upoznata s njim. Kako ka\u017ee:<em>\u201ePojedinci ne znaju kakav utjecaj mogu imati njihovi neprimjereni komentari objavljeni bilo putem dru\u0161tvenih mre\u017ea ili putem razli\u010ditih portala.\u201c <\/em>Gospodin Petrov se sla\u017ee da mediji imaju dvije strane; lo\u0161a strana je to \u0161to neki mediji i novinari namjerno daju la\u017ene informacije ili zbog nedostatka informacija nadopune izjavu svojom verzijom pri\u010de, a dobra strana je ta \u0161to bi mediji trebali biti borci za istinu i kontrolni mehanizam svega onoga \u0161to se doga\u0111a u dru\u0161tvu. Kao \u010dlan Vlade smatra da bi se vlast trebala baviti medijskim obrazovanjem mladih, ali i starijih uzrasta, no to je te\u017ee jer su to ve\u0107 uvelike formirane osobe.<\/p>\n<p>U tome kontekstu, dotaknuo se i kurikularne reforme i spomenuo kako je pozitivno \u0161to se jedan veliki dio reforme odnosi na uvo\u0111enje informacijsko-komunikacijskih tehnologija u nastavu. Istaknuo je i \u010dinjenicu da je nebitno je li netko javna osoba ili ne jer je svatko odgovoran za svoje ogla\u0161avanje preko medija. A njemu kao javnoj osobi mediji \u010desto poku\u0161avaju prodrijeti i u privatni \u017eivot koji koliko mo\u017ee ipak poku\u0161ava za\u0161titi.<\/p>\n<p>Za kraj je gospodin Petrov na\u0161im sedma\u0161icama poru\u010dio da u budu\u0107nosti djeluju javno, ali da ne posustaju ukoliko do\u017eive prigovore, jer koliko god nekolicinu ljudi tu\u0111i uspjeh raduje, toliko su drugi zbog njega ljubomorni. U\u010denice su se zahvalile gospodinu Petrovu na vremenu koje je izdvojio za njih, kao i na korisnom i ugodnom razgovoru.<\/p>\n\r\n                <style type=\"text\/css\">\r\n                    \r\n                    #tdi_1  .td-doubleSlider-2 .td-item1 {\r\n                        background: url(https:\/\/likemetkovic.hr\/portal\/wp-content\/uploads\/2016\/05\/bozo_petrov_os_stjepan_2016_3-80x60.jpg) 0 0 no-repeat;\r\n                    }\r\n                    #tdi_1  .td-doubleSlider-2 .td-item2 {\r\n                        background: url(https:\/\/likemetkovic.hr\/portal\/wp-content\/uploads\/2016\/05\/bozo_petrov_os_stjepan_2016_1-80x60.jpg) 0 0 no-repeat;\r\n                    }\r\n                <\/style>\r\n\r\n                <div id=\"tdi_1\" class=\"td-gallery td-slide-on-2-columns\">\r\n                    <div class=\"post_td_gallery\">\r\n                        <div class=\"td-gallery-slide-top\">\r\n                           <div class=\"td-gallery-title\"><\/div>\r\n\r\n                            <div class=\"td-gallery-controls-wrapper\">\r\n                                <div class=\"td-gallery-slide-count\"><span class=\"td-gallery-slide-item-focus\">1<\/span> of 2<\/div>\r\n                                <div class=\"td-gallery-slide-prev-next-but\">\r\n                                    <i class = \"td-icon-left doubleSliderPrevButton\"><\/i>\r\n                                    <i class = \"td-icon-right doubleSliderNextButton\"><\/i>\r\n                                <\/div>\r\n                            <\/div>\r\n                        <\/div>\r\n\r\n                        <div class = \"td-doubleSlider-1 \">\r\n                            <div class = \"td-slider\">\r\n                                \r\n                    <div class = \"td-slide-item td-item1\">\r\n                        <figure class=\"td-slide-galery-figure td-slide-popup-gallery\">\r\n                            <a class=\"slide-gallery-image-link\" href=\"https:\/\/likemetkovic.hr\/portal\/wp-content\/uploads\/2016\/05\/bozo_petrov_os_stjepan_2016_3.jpg\" title=\"bozo_petrov_os_stjepan_2016_3\"  data-caption=\"\"  data-description=\"\">\r\n                                <img decoding=\"async\" src=\"https:\/\/likemetkovic.hr\/portal\/wp-content\/uploads\/2016\/05\/bozo_petrov_os_stjepan_2016_3-506x420.jpg\" srcset=\"https:\/\/likemetkovic.hr\/portal\/wp-content\/uploads\/2016\/05\/bozo_petrov_os_stjepan_2016_3-506x420.jpg 506w, https:\/\/likemetkovic.hr\/portal\/wp-content\/uploads\/2016\/05\/bozo_petrov_os_stjepan_2016_3-300x249.jpg 300w, https:\/\/likemetkovic.hr\/portal\/wp-content\/uploads\/2016\/05\/bozo_petrov_os_stjepan_2016_3-640x531.jpg 640w, https:\/\/likemetkovic.hr\/portal\/wp-content\/uploads\/2016\/05\/bozo_petrov_os_stjepan_2016_3-696x578.jpg 696w, https:\/\/likemetkovic.hr\/portal\/wp-content\/uploads\/2016\/05\/bozo_petrov_os_stjepan_2016_3.jpg 723w\" sizes=\"(max-width: 506px) 100vw, 506px\" alt=\"\">\r\n                            <\/a>\r\n                            \r\n                        <\/figure>\r\n                    <\/div>\r\n                    <div class = \"td-slide-item td-item2\">\r\n                        <figure class=\"td-slide-galery-figure td-slide-popup-gallery\">\r\n                            <a class=\"slide-gallery-image-link\" href=\"https:\/\/likemetkovic.hr\/portal\/wp-content\/uploads\/2016\/05\/bozo_petrov_os_stjepan_2016_1.jpg\" title=\"bozo_petrov_os_stjepan_2016_1\"  data-caption=\"\"  data-description=\"\">\r\n                                <img decoding=\"async\" src=\"https:\/\/likemetkovic.hr\/portal\/wp-content\/uploads\/2016\/05\/bozo_petrov_os_stjepan_2016_1-573x420.jpg\" srcset=\"https:\/\/likemetkovic.hr\/portal\/wp-content\/uploads\/2016\/05\/bozo_petrov_os_stjepan_2016_1-573x420.jpg 573w, https:\/\/likemetkovic.hr\/portal\/wp-content\/uploads\/2016\/05\/bozo_petrov_os_stjepan_2016_1-300x220.jpg 300w, https:\/\/likemetkovic.hr\/portal\/wp-content\/uploads\/2016\/05\/bozo_petrov_os_stjepan_2016_1-768x563.jpg 768w, https:\/\/likemetkovic.hr\/portal\/wp-content\/uploads\/2016\/05\/bozo_petrov_os_stjepan_2016_1-640x469.jpg 640w, https:\/\/likemetkovic.hr\/portal\/wp-content\/uploads\/2016\/05\/bozo_petrov_os_stjepan_2016_1-80x60.jpg 80w, https:\/\/likemetkovic.hr\/portal\/wp-content\/uploads\/2016\/05\/bozo_petrov_os_stjepan_2016_1-696x510.jpg 696w, https:\/\/likemetkovic.hr\/portal\/wp-content\/uploads\/2016\/05\/bozo_petrov_os_stjepan_2016_1.jpg 819w\" sizes=\"(max-width: 573px) 100vw, 573px\" alt=\"\">\r\n                            <\/a>\r\n                            \r\n                        <\/figure>\r\n                    <\/div>\r\n                            <\/div>\r\n                        <\/div>\r\n\r\n                        <div class = \"td-doubleSlider-2\">\r\n                            <div class = \"td-slider\">\r\n                                \r\n                    <div class = \"td-button td-item1\">\r\n                        <div class = \"td-border\"><\/div>\r\n                    <\/div>\r\n                    <div class = \"td-button td-item2\">\r\n                        <div class = \"td-border\"><\/div>\r\n                    <\/div>\r\n                            <\/div>\r\n                        <\/div>\r\n\r\n                    <\/div>\r\n\r\n                <\/div>\r\n                \n","protected":false},"excerpt":{"rendered":"<p>U\u010denice sedmih razreda Osnovne\u00a0\u0161kole Stjepana Radi\u0107a\u00a0Paula Kozina, Lana Or\u0161uli\u0107, Ana Putica i Mia Sr\u0161en, u sklopu projekta Mediji na\u0161i svagda\u0161nji, u pratnji svoje mentorice pedagoginje Nikoline Vugdelije razgovarale su s gospodinom Bo\u017eom Petrovom, potpredsjednikom Vlade RH. U\u010denice \u0107e ovaj projekt predstaviti na ovogodi\u0161njoj Dr\u017eavnoj smotri iz gra\u0111anskog odgoja i obrazovanja. Prije svega predstavile su mu [&hellip;]<\/p>\n","protected":false},"author":7,"featured_media":19779,"comment_status":"open","ping_status":"open","sticky":false,"template":"","format":"standard","meta":{"footnotes":""},"categories":[283,166],"tags":[],"class_list":{"0":"post-19778","1":"post","2":"type-post","3":"status-publish","4":"format-standard","5":"has-post-thumbnail","7":"category-a","8":"category-skolstvo"},"yoast_head":"<!-- This site is optimized with the Yoast SEO plugin v25.2 - https:\/\/yoast.com\/wordpress\/plugins\/seo\/ -->\n<title>O\u0160 STJEPANA RADI\u0106A: Razgovor s potpredsjednikom Vlade Bo\u017eom Petrovom - likemetkovic.hr<\/title>\n<meta name=\"robots\" content=\"index, follow, max-snippet:-1, max-image-preview:large, max-video-preview:-1\" \/>\n<link rel=\"canonical\" href=\"https:\/\/likemetkovic.hr\/os-stjepana-radica-ra\/\" \/>\n<meta property=\"og:locale\" content=\"hr_HR\" \/>\n<meta property=\"og:type\" content=\"article\" \/>\n<meta property=\"og:title\" content=\"O\u0160 STJEPANA RADI\u0106A: Razgovor s potpredsjednikom Vlade Bo\u017eom Petrovom - likemetkovic.hr\" \/>\n<meta property=\"og:description\" content=\"U\u010denice sedmih razreda Osnovne\u00a0\u0161kole Stjepana Radi\u0107a\u00a0Paula Kozina, Lana Or\u0161uli\u0107, Ana Putica i Mia Sr\u0161en, u sklopu projekta Mediji na\u0161i svagda\u0161nji, u pratnji svoje mentorice pedagoginje Nikoline Vugdelije razgovarale su s gospodinom Bo\u017eom Petrovom, potpredsjednikom Vlade RH. U\u010denice \u0107e ovaj projekt predstaviti na ovogodi\u0161njoj Dr\u017eavnoj smotri iz gra\u0111anskog odgoja i obrazovanja. Prije svega predstavile su mu [&hellip;]\" \/>\n<meta property=\"og:url\" content=\"https:\/\/likemetkovic.hr\/os-stjepana-radica-ra\/\" \/>\n<meta property=\"og:site_name\" content=\"likemetkovic.hr\" \/>\n<meta property=\"article:publisher\" content=\"https:\/\/www.facebook.com\/likemetkovic.hr\/\" \/>\n<meta property=\"article:published_time\" content=\"2016-05-03T11:15:12+00:00\" \/>\n<meta property=\"article:modified_time\" content=\"2018-06-02T15:26:01+00:00\" \/>\n<meta property=\"og:image\" content=\"https:\/\/likemetkovic.hr\/wp-content\/uploads\/2016\/05\/bozo_petrov_os_stjepan_2016_1.jpg\" \/>\n\t<meta property=\"og:image:width\" content=\"819\" \/>\n\t<meta property=\"og:image:height\" content=\"600\" \/>\n\t<meta property=\"og:image:type\" content=\"image\/jpeg\" \/>\n<meta name=\"author\" content=\"LIKEmetkovic.hr\" \/>\n<meta name=\"twitter:card\" content=\"summary_large_image\" \/>\n<meta name=\"twitter:label1\" content=\"Napisao\/la\" \/>\n\t<meta name=\"twitter:data1\" content=\"LIKEmetkovic.hr\" \/>\n\t<meta name=\"twitter:label2\" content=\"Procijenjeno vrijeme \u010ditanja\" \/>\n\t<meta name=\"twitter:data2\" content=\"2 minute\" \/>\n<script type=\"application\/ld+json\" class=\"yoast-schema-graph\">{\"@context\":\"https:\/\/schema.org\",\"@graph\":[{\"@type\":\"WebPage\",\"@id\":\"https:\/\/likemetkovic.hr\/os-stjepana-radica-ra\/\",\"url\":\"https:\/\/likemetkovic.hr\/os-stjepana-radica-ra\/\",\"name\":\"O\u0160 STJEPANA RADI\u0106A: Razgovor s potpredsjednikom Vlade Bo\u017eom Petrovom - likemetkovic.hr\",\"isPartOf\":{\"@id\":\"https:\/\/likemetkovic.hr\/#website\"},\"primaryImageOfPage\":{\"@id\":\"https:\/\/likemetkovic.hr\/os-stjepana-radica-ra\/#primaryimage\"},\"image\":{\"@id\":\"https:\/\/likemetkovic.hr\/os-stjepana-radica-ra\/#primaryimage\"},\"thumbnailUrl\":\"https:\/\/likemetkovic.hr\/portal\/wp-content\/uploads\/2016\/05\/bozo_petrov_os_stjepan_2016_1.jpg\",\"datePublished\":\"2016-05-03T11:15:12+00:00\",\"dateModified\":\"2018-06-02T15:26:01+00:00\",\"author\":{\"@id\":\"https:\/\/likemetkovic.hr\/#\/schema\/person\/a42711f3385a0e2be6f7e0443bfb28f0\"},\"breadcrumb\":{\"@id\":\"https:\/\/likemetkovic.hr\/os-stjepana-radica-ra\/#breadcrumb\"},\"inLanguage\":\"hr\",\"potentialAction\":[{\"@type\":\"ReadAction\",\"target\":[\"https:\/\/likemetkovic.hr\/os-stjepana-radica-ra\/\"]}]},{\"@type\":\"ImageObject\",\"inLanguage\":\"hr\",\"@id\":\"https:\/\/likemetkovic.hr\/os-stjepana-radica-ra\/#primaryimage\",\"url\":\"https:\/\/likemetkovic.hr\/portal\/wp-content\/uploads\/2016\/05\/bozo_petrov_os_stjepan_2016_1.jpg\",\"contentUrl\":\"https:\/\/likemetkovic.hr\/portal\/wp-content\/uploads\/2016\/05\/bozo_petrov_os_stjepan_2016_1.jpg\",\"width\":819,\"height\":600},{\"@type\":\"BreadcrumbList\",\"@id\":\"https:\/\/likemetkovic.hr\/os-stjepana-radica-ra\/#breadcrumb\",\"itemListElement\":[{\"@type\":\"ListItem\",\"position\":1,\"name\":\"Po\u010detna stranica\",\"item\":\"https:\/\/likemetkovic.hr\/portal\/\"},{\"@type\":\"ListItem\",\"position\":2,\"name\":\"O\u0160 STJEPANA RADI\u0106A: Razgovor s potpredsjednikom Vlade Bo\u017eom Petrovom\"}]},{\"@type\":\"WebSite\",\"@id\":\"https:\/\/likemetkovic.hr\/#website\",\"url\":\"https:\/\/likemetkovic.hr\/\",\"name\":\"likemetkovic.hr\",\"description\":\"Misli pozitivno... \u010ditaj LIKE\",\"potentialAction\":[{\"@type\":\"SearchAction\",\"target\":{\"@type\":\"EntryPoint\",\"urlTemplate\":\"https:\/\/likemetkovic.hr\/?s={search_term_string}\"},\"query-input\":{\"@type\":\"PropertyValueSpecification\",\"valueRequired\":true,\"valueName\":\"search_term_string\"}}],\"inLanguage\":\"hr\"},{\"@type\":\"Person\",\"@id\":\"https:\/\/likemetkovic.hr\/#\/schema\/person\/a42711f3385a0e2be6f7e0443bfb28f0\",\"name\":\"LIKEmetkovic.hr\",\"sameAs\":[\"http:\/\/likemetkovic.hr\"],\"url\":\"https:\/\/likemetkovic.hr\/portal\/author\/likemetkovic-hr\/\"}]}<\/script>\n<!-- \/ Yoast SEO plugin. -->","yoast_head_json":{"title":"O\u0160 STJEPANA RADI\u0106A: Razgovor s potpredsjednikom Vlade Bo\u017eom Petrovom - likemetkovic.hr","robots":{"index":"index","follow":"follow","max-snippet":"max-snippet:-1","max-image-preview":"max-image-preview:large","max-video-preview":"max-video-preview:-1"},"canonical":"https:\/\/likemetkovic.hr\/os-stjepana-radica-ra\/","og_locale":"hr_HR","og_type":"article","og_title":"O\u0160 STJEPANA RADI\u0106A: Razgovor s potpredsjednikom Vlade Bo\u017eom Petrovom - likemetkovic.hr","og_description":"U\u010denice sedmih razreda Osnovne\u00a0\u0161kole Stjepana Radi\u0107a\u00a0Paula Kozina, Lana Or\u0161uli\u0107, Ana Putica i Mia Sr\u0161en, u sklopu projekta Mediji na\u0161i svagda\u0161nji, u pratnji svoje mentorice pedagoginje Nikoline Vugdelije razgovarale su s gospodinom Bo\u017eom Petrovom, potpredsjednikom Vlade RH. U\u010denice \u0107e ovaj projekt predstaviti na ovogodi\u0161njoj Dr\u017eavnoj smotri iz gra\u0111anskog odgoja i obrazovanja. Prije svega predstavile su mu [&hellip;]","og_url":"https:\/\/likemetkovic.hr\/os-stjepana-radica-ra\/","og_site_name":"likemetkovic.hr","article_publisher":"https:\/\/www.facebook.com\/likemetkovic.hr\/","article_published_time":"2016-05-03T11:15:12+00:00","article_modified_time":"2018-06-02T15:26:01+00:00","og_image":[{"width":819,"height":600,"url":"https:\/\/likemetkovic.hr\/wp-content\/uploads\/2016\/05\/bozo_petrov_os_stjepan_2016_1.jpg","type":"image\/jpeg"}],"author":"LIKEmetkovic.hr","twitter_card":"summary_large_image","twitter_misc":{"Napisao\/la":"LIKEmetkovic.hr","Procijenjeno vrijeme \u010ditanja":"2 minute"},"schema":{"@context":"https:\/\/schema.org","@graph":[{"@type":"WebPage","@id":"https:\/\/likemetkovic.hr\/os-stjepana-radica-ra\/","url":"https:\/\/likemetkovic.hr\/os-stjepana-radica-ra\/","name":"O\u0160 STJEPANA RADI\u0106A: Razgovor s potpredsjednikom Vlade Bo\u017eom Petrovom - likemetkovic.hr","isPartOf":{"@id":"https:\/\/likemetkovic.hr\/#website"},"primaryImageOfPage":{"@id":"https:\/\/likemetkovic.hr\/os-stjepana-radica-ra\/#primaryimage"},"image":{"@id":"https:\/\/likemetkovic.hr\/os-stjepana-radica-ra\/#primaryimage"},"thumbnailUrl":"https:\/\/likemetkovic.hr\/portal\/wp-content\/uploads\/2016\/05\/bozo_petrov_os_stjepan_2016_1.jpg","datePublished":"2016-05-03T11:15:12+00:00","dateModified":"2018-06-02T15:26:01+00:00","author":{"@id":"https:\/\/likemetkovic.hr\/#\/schema\/person\/a42711f3385a0e2be6f7e0443bfb28f0"},"breadcrumb":{"@id":"https:\/\/likemetkovic.hr\/os-stjepana-radica-ra\/#breadcrumb"},"inLanguage":"hr","potentialAction":[{"@type":"ReadAction","target":["https:\/\/likemetkovic.hr\/os-stjepana-radica-ra\/"]}]},{"@type":"ImageObject","inLanguage":"hr","@id":"https:\/\/likemetkovic.hr\/os-stjepana-radica-ra\/#primaryimage","url":"https:\/\/likemetkovic.hr\/portal\/wp-content\/uploads\/2016\/05\/bozo_petrov_os_stjepan_2016_1.jpg","contentUrl":"https:\/\/likemetkovic.hr\/portal\/wp-content\/uploads\/2016\/05\/bozo_petrov_os_stjepan_2016_1.jpg","width":819,"height":600},{"@type":"BreadcrumbList","@id":"https:\/\/likemetkovic.hr\/os-stjepana-radica-ra\/#breadcrumb","itemListElement":[{"@type":"ListItem","position":1,"name":"Po\u010detna stranica","item":"https:\/\/likemetkovic.hr\/portal\/"},{"@type":"ListItem","position":2,"name":"O\u0160 STJEPANA RADI\u0106A: Razgovor s potpredsjednikom Vlade Bo\u017eom Petrovom"}]},{"@type":"WebSite","@id":"https:\/\/likemetkovic.hr\/#website","url":"https:\/\/likemetkovic.hr\/","name":"likemetkovic.hr","description":"Misli pozitivno... \u010ditaj LIKE","potentialAction":[{"@type":"SearchAction","target":{"@type":"EntryPoint","urlTemplate":"https:\/\/likemetkovic.hr\/?s={search_term_string}"},"query-input":{"@type":"PropertyValueSpecification","valueRequired":true,"valueName":"search_term_string"}}],"inLanguage":"hr"},{"@type":"Person","@id":"https:\/\/likemetkovic.hr\/#\/schema\/person\/a42711f3385a0e2be6f7e0443bfb28f0","name":"LIKEmetkovic.hr","sameAs":["http:\/\/likemetkovic.hr"],"url":"https:\/\/likemetkovic.hr\/portal\/author\/likemetkovic-hr\/"}]}},"_links":{"self":[{"href":"https:\/\/likemetkovic.hr\/portal\/wp-json\/wp\/v2\/posts\/19778","targetHints":{"allow":["GET"]}}],"collection":[{"href":"https:\/\/likemetkovic.hr\/portal\/wp-json\/wp\/v2\/posts"}],"about":[{"href":"https:\/\/likemetkovic.hr\/portal\/wp-json\/wp\/v2\/types\/post"}],"author":[{"embeddable":true,"href":"https:\/\/likemetkovic.hr\/portal\/wp-json\/wp\/v2\/users\/7"}],"replies":[{"embeddable":true,"href":"https:\/\/likemetkovic.hr\/portal\/wp-json\/wp\/v2\/comments?post=19778"}],"version-history":[{"count":0,"href":"https:\/\/likemetkovic.hr\/portal\/wp-json\/wp\/v2\/posts\/19778\/revisions"}],"wp:featuredmedia":[{"embeddable":true,"href":"https:\/\/likemetkovic.hr\/portal\/wp-json\/wp\/v2\/media\/19779"}],"wp:attachment":[{"href":"https:\/\/likemetkovic.hr\/portal\/wp-json\/wp\/v2\/media?parent=19778"}],"wp:term":[{"taxonomy":"category","embeddable":true,"href":"https:\/\/likemetkovic.hr\/portal\/wp-json\/wp\/v2\/categories?post=19778"},{"taxonomy":"post_tag","embeddable":true,"href":"https:\/\/likemetkovic.hr\/portal\/wp-json\/wp\/v2\/tags?post=19778"}],"curies":[{"name":"wp","href":"https:\/\/api.w.org\/{rel}","templated":true}]}}