{"id":19871,"date":"2016-05-05T08:07:18","date_gmt":"2016-05-05T06:07:18","guid":{"rendered":"http:\/\/likemetkovic.hr\/?p=19871"},"modified":"2018-06-02T17:28:08","modified_gmt":"2018-06-02T15:28:08","slug":"drustvo-neretvana-prijatelja-neretve-proslavilo-desetu-obljetnicu","status":"publish","type":"post","link":"https:\/\/likemetkovic.hr\/portal\/drustvo-neretvana-prijatelja-neretve-proslavilo-desetu-obljetnicu\/","title":{"rendered":"Dru\u0161tvo Neretvana i prijatelja Neretve proslavilo desetu obljetnicu"},"content":{"rendered":"<p>U hotelu je The Westin u Zagrebu 30. travnja 2016. odr\u017eana jubilarna 10. No\u0107 Neretvana, vrhunac obilje\u017eavanja 10. obljetnice djelovanja Dru\u0161tva Neretvana i prijatelja Neretve u Zagrebu. Na po\u010detku je ve\u010deri predsjednik Dru\u0161tva <strong>Luka Vlahovi\u0107<\/strong> sa\u017eeto podsjetio na sve ostvarene ciljeve: od dobivanja prostora za rad Dru\u0161tva, izdavanja zbornika, nadvladavanja mjesnih antagonizama koji ko\u010de razvoj zavi\u010daja i ideje Grada Neretve kojom se povezuju hrvatski krajevi s obiju strana hrvatsko-bosanskohercegova\u010dke granice. Zatim je Katarina Bari\u0161i\u0107 s nekoliko prigodnih rije\u010di predstavila izlo\u017ebu likovnih radova u\u010denika Srednje \u0161kole Metkovi\u0107 pod naslovom \u201eVodena vladarica\u201c, a <strong>Domagoj Vidovi\u0107<\/strong>, glavni urednik Hrvatskoga neretvanskog zbornika, u nekoliko je crtica predstavio zbornik istaknuv\u0161i ime najplodnijega autora<strong> Dragana Jurkovi\u0107a Bokina Mimoze<\/strong>. Uslijedili su pozdravni govori Marija Klobu\u010di\u0107a, izaslanika Grada Metkovi\u0107a i saborskoga zastupnika<strong>, Nikole Veraje<\/strong>, predstavnika Dubrova\u010dko-neretvanske \u017eupanije i pro\u010delnika Upravnih odjela DN\u017d-a, <strong>Mira Lace<\/strong>, pro\u010delnika Ureda gradona\u010delnika i ujedno izaslanika zagreba\u010dkoga gradona\u010delnika Milana Bandi\u0107a, <strong>Damira Borasa<\/strong>, rektora Sveu\u010dili\u0161ta u Zagrebu i<strong> Marija Popovi\u0107a<\/strong>, tajnika Dru\u0161tva Neretvana i prijatelja Neretve u Splitu. Me\u0111u nazo\u010dnima su se od predstavnika mjesnih upravnih jedinica na\u0161li i opuzenski gradona\u010delnik<strong> Ivo Mihaljevi\u0107<\/strong>, predstavnik Grada Metkovi\u0107a <strong>Ante Miji\u0107<\/strong> i predstavnik Grada Plo\u010da <strong>Izvor \u0160kubonja<\/strong>, a uz ministra pravosu\u0111a <strong>Antu \u0160prlju<\/strong> (veterana neretvanskih slavlja) kao predstavnica je Vlade Republike Hrvatske pristigla <strong>Bernardica Jureti\u0107<\/strong>, ministrica socijalne politike i mladih. Zovu zavi\u010daja nije odolio ni biv\u0161i predsjednik Hrvatskoga sabora<strong> Luka Bebi\u0107.<\/strong> \u201eNadimak\u201c su rodnoga kraja \u201eDolina ministara i dekana\u201c svojom nazo\u010dno\u0161\u0107u opravdali dekan Prirodoslovno-matemati\u010dkoga fakulteta <strong>Zoran Curi\u0107<\/strong> te <strong>Zdravko Kapovi\u0107<\/strong> (negda\u0161nji dekan Geodetskoga fakulteta) i Nedjeljko Peri\u0107 (negda\u0161nji dekan Fakulteta za elektrotehniku i ra\u010dunarstvo) kojima su se pridru\u017eili ve\u0107 spomenuti rektor <strong>Damir Boras i Damir Je\u017eek<\/strong>, dekan Prehrambeno-biotehnolo\u0161koga fakulteta. Nakon pozdravnih je govora iznesena retrospektiva desetogodi\u0161njega djelovanja Dru\u0161tva tijekom koje je govorio i prvi urednik Hrvatskoga neretvanskog zbornika, knji\u017eevnik<strong> Stjepan \u0160e\u0161elj,<\/strong> \u010diji je \u010dasopis Hrvatsko slovo istoga dana proslavio 21. ro\u0111endan. Iz usta su rektora Borasa (ina\u010de podrijetlom iz Vitine i Blata na Kor\u010duli, \u0161to je posebno istaknuo) potekle najve\u0107e pohvale radu i vodstvu Dru\u0161tva u pro\u0161lih deset godina, od potpore zamisli o povezivanju neretvanskoga i hercegova\u010dkoga dijela Neretvanske doline do biranih rije\u010di posve\u0107enih zborniku i temama (poput neospornoga hrvatstva \u0107irilice) koje obra\u0111uje. Ima li boljega poticaja za nastavak rada Dru\u0161tva i potragu za neobra\u0111enim temama? Ima li boljega poziva mla\u0111im snagama da se uklju\u010de, u mjeri u kojoj sami odlu\u010de i u segmentu djelovanja koji sami odrede? Programom su uspje\u0161no kormilarili Niko Pavlovi\u0107 i Roko Veraja, \u0161to je bilo posebno izazovno za vrijeme tombole kad su morali izbjegavati neobi\u010dne manevre presretnih ili razo\u010daranih tombola\u0161a, a proslavu je razdrmavao sastav Falset uobi\u010dajenim slijedom lakih nota. Vidjeli se i za deset godina ma gdje god bili.<\/p>\n<p><strong>2006. Osnovano Dru\u0161tvo Neretvana i prijatelja Neretve i ulazak u vlastite prostorije<\/strong><\/p>\n<p>Inicijativu za osnivanje Dru\u0161tva Neretvana i prijatelja Neretve u Zagrebu pokre\u0107u Luka Vlahovi\u0107, Vedran Dami\u0107, Mile Nikoli\u0107 i Dragan Jurkovi\u0107. Uz pomo\u0107 Nike Pavlovi\u0107a, ravnatelja kazali\u0161ta \u201eKomedija\u201c, pripremljeno je sazivanje osniva\u010dke skup\u0161tine koja je odr\u017eana 11. velja\u010de 2006. u kazali\u0161tu \u201eKomedija\u201d na Kaptolu uz nazo\u010dnost stotinjak Neretvana iz Zagreba. Na skup\u0161tini su izabrana tijela Dru\u0161tva i prihva\u0107en program rada s naglaskom promicanja Neretve i pomaganja svekolika razvitka Neretve na gospodarsko-socijalnom, kulturnom, umjetni\u010dkom, znanstvenom i turisti\u010dkom planu. Ve\u0107 je tada predsjednik Dru\u0161tva Luka Vlahovi\u0107 rekao kako Dru\u0161tvo mora izdavati zbornik koji \u0107e biti i hrvatski i neretvanski. Dvodnevno slavlje u povodu useljenja u vlastite prostorije 2. i 3. prosinca 2006. odr\u017ealo se na Jarunu i na Zagreba\u010dkome velesajmu. Pritom je odr\u017eana pretpremijera dokumentarca \u201eRivalstvo \u0161to nas ve\u017ee \u2013 Maraton la\u0111a na Neretvi\u201c.<\/p>\n<p><strong>2007. Prva No\u0107 Neretvana (tekst Ivice Puljana)<\/strong><br \/>\nOgromna Kristalna dvorana zagreba\u010dkog Westina (biv\u0161i Intercontinental) te subote gotovo je bila premalena da primi sve zainteresirane. U organizaciji je Dru\u0161tva Neretvana i prijatelja Neretve u Zagrebu odr\u017eana &#8220;No\u0107 Neretvana&#8221; koja je jo\u0161 jednom dokazala da ve\u0107ina Neretvana, bez obzira na zagreba\u010dki sta\u017e, ne mo\u017ee bez svoga kraja.<br \/>\nPreko pet stotina sudionika, me\u0111u kojima su bili mnogi prijatelji Neretve, kao i izaslanstva iz neretvanskih gradova i op\u0107ina ugodno se uz pjesmu i ples dru\u017eilo do u sitne sate. Organizator je za zabavu anga\u017eirao Sanju Parma\u0107 i skupinu Kompas kojima je u pomo\u0107 uskakao i Rafael Dropuli\u0107. Kao gosti nastupili su trio \u201eFeminem\u201c i klapa \u201eKogul\u201c, a metkovski glumac Tomislav Marti\u0107 pro\u010ditao je i nekoliko neretvanskih zgoda opisanih u knjizi Sre\u0107ka Ili\u0107a.<\/p>\n<p><strong>2008. Grad Neretva kao cilj (iz teksta Luka Vlahovi\u0107a)<\/strong><br \/>\nZa\u0161to Grad Neretva? Zato \u0161to od Splita do Dubrovnika, osim Makarske, nema ve\u0107ega grada, pa to podru\u010dje samo po sebi tra\u017ei novo ve\u0107e sredi\u0161te. Nije li se u staro doba tu nalazila Narona, a \u010ditavo je \u0161ire podru\u010dje bilo veliko gospodarsko-kulturno sredi\u0161te?<br \/>\nSvi Neretvani, bez obzira na to gdje \u017eivimo, pomozimo da na\u0161a Neretva \u017eivi boljim \u017eivotom! Neretva u gospodarskom, kulturnom i sportskom pogledu sa svojim \u0161irim podru\u010djem od Neuma, Trpnja, Drvenika, Ljubu\u0161kog, Me\u0111ugorja, \u010capljine i Stoca, s prirodnim predispozicijama te vrijednim i pametnim ljudima mo\u017ee mnogo vi\u0161e i bolje. Zato neka se svi vizionari i svi ljudi koji \u017eele dobro Neretvi usprave i dignu svoj glas u ovim te\u0161kim vremenima za novo doba, za novu Neretvu.<br \/>\nI neka \u017eivi Grad Neretva.<\/p>\n<p><strong>2009. Prvi broj Hrvatskoga neretvanskog zbornika (iz proslova Stjepana \u0160e\u0161elja)<\/strong><br \/>\nDragi Neretvani i prijatelji Neretve! Nakon utemeljenja Dru\u0161tva Neretvana i prijatelja Neretve, ure\u0111enja dru\u0161tvenih prostorija u Zagrebu te uspje\u0161no uprili\u010denih dviju no\u0107i Neretvana otisnuli smo se u tre\u0107i pothvat koji smo nazvali Hrvatski neretvanski zbornik. \u017delja nam je bila prikupiti tekstove o Neretvi kao i ine uratke koji svjedo\u010de o duhu Neretve, njezine ljepote, mogu\u0107nosti, ali i tekstove o pote\u0161ko\u0107ama s kojima se susre\u0107u Neretvani danomice. Uvrstili smo i tekstove onih koji su potekli iz neretvanskoga kraja kao i onih koji su ga iskreno zavoljeli i darovali mu se pa ih s pouzdanjem mo\u017eemo prozvati prijateljima Neretve. Ovaj bi zbornik trebao pokazati duhovne protege Neretvana i njihove dosege u raznim podru\u010djima u kojima oni nedvojbeno zauzimaju vode\u0107a mjesta.<\/p>\n<p><strong>2010. Pomo\u0107 stradalnicima od poplava<\/strong><br \/>\nZbog poplave i izvanrednog stanja u dolini Neretve, sino\u0107 je u sjedi\u0161tu Dru\u0161tva odr\u017eana izvanredna sjednica Upravnog odbora Dru\u0161tva Neretvana i prijatelja Neretve u Zagrebu. Kako se poplava u dolini Neretve ponavlja ve\u0107 drugi put ove godine, nanose\u0107i \u0161tete nesagledivih razmjera, Dru\u0161tvo upu\u0107uje apel svim mjerodavnim institucijama u Republici Hrvatskoj da se HITNO krene u realizaciju obrambenog sustava i za\u0161tite doline Neretve. Dru\u0161tvo je prikupilo oko 75 000 kn.<\/p>\n<p><strong>2011. Osnovana Udruga studenata doline Neretve<\/strong><br \/>\nUdruga studenata doline Neretve osnovana je u prosincu 2011. godine u Zagrebu, djeluje u smjeru povezivanja studenata s podru\u010dja doline Neretve te njegovanja kulturne i povijesne ba\u0161tine neretvanskog podneblja, a bavi se i aktualnim temama iz podru\u010dja studentskog standarda i \u017eivota op\u0107enito.<\/p>\n<p><strong>2012. Dani Neretve (iz teksta Zdravka Kapovi\u0107a)<\/strong><br \/>\nDru\u0161tvo Neretvana i prijatelja Neretve organiziralo je 13. i 14. listopada 2012. manifestaciju \u201eDani Neretve u Zagrebu\u201c. Cilj manifestacije bio je promicati kulturne, gospodarske i humanitarne vrijednosti i raznolikost doline Neretve. Tom se manifestacijom \u017eelio dati poseban naglasak na promid\u017ebu neretvanske mandarine kao hrvatske robne marke, na promid\u017ebu poljoprivredne proizvodnje na\u0161ega kraja, pokazati park prirode, kulturne znamenitosti, ali i re\u0107i stru\u010dno mi\u0161ljenje o planovima i programima razvitka na\u0161ega zavi\u010daja.<\/p>\n<p><strong>2013. Osnovan Ju\u017enohrvatski ogranak Dru\u0161tva hrvatskih knji\u017eevnika<\/strong><br \/>\nU zgradi \u017dupnog dvora svetoga Vlaha u Stonu, u nazo\u010dnosti predsjednika Dru\u0161tva hrvatskih knji\u017eevnika Bo\u017eidara Petra\u010da, koji je odr\u017eao u uvodno slovo, odr\u017eana je osniva\u010dka skup\u0161tina Ju\u017enohrvatskog ogranka Dru\u0161tva hrvatskih knji\u017eevnika u kojemu se okupljaju hrvatski knji\u017eevnici iz ju\u017ene Dalmacije, jugoisto\u010dne Hercegovine, Boke kotorske, Crne Gore i Molizea na poticaj Stjepana \u0160e\u0161elja. Time se zamisao o Gradu Neretvi Luke Vlahovi\u0107a pro\u0161irila i na \u0161ire podru\u010dje.<\/p>\n<p><strong>2014. Petar Tutavac Bili\u0107 predstavljen hrvatskoj javnosti<\/strong><br \/>\nNa priredbi je Dani hrvatskoga jezika u predvorju Nacionalne i sveu\u010dili\u0161ne knji\u017enice u Zagrebu 17. o\u017eujka 2014. postavljena izlo\u017eba 375 godina hrvatskih pravopisa u organizaciji Instituta za hrvatski jezik i jezikoslovlje te Nacionalne i sveu\u010dili\u0161ne knji\u017enice. Tom je prigodom prvi put domovinskoj javnosti, u \u010demu su sudjelovali i \u010dlanovi Dru\u0161tva, predstavljen jedini hrvatski pravopis napisan u inozemstvu. Rije\u010d je o Pravopisu hrvatskoga jezika (koji je ujedno jedini hrvatski ikavski pravopis) iz 1971. \u010diji je autor Neretvanin izgnan u Argentinu Petar Tutavac Bili\u0107. Pravopis je objavljen u zborniku s 9. Neretvanskoga knji\u017eevnoga, znanstvenoga i kulturnoga susreta koje uspje\u0161no organizira Stjepan \u0160e\u0161elj.<\/p>\n<p><strong>2015. Sudjelovanje u turisti\u010dkoj ponudi<\/strong><br \/>\nU predve\u010derje 4. srpnja 2015., u Kleku je u suradnji Dru\u0161tva Neretvana i prijatelja Neretve u Zagrebu, Podru\u017enice Instituta za hrvatski jezik i jezikoslovlje u Metkovi\u0107u i pizzerije Vanda odr\u017eana \u010detvrta Neretvanska siesta, knji\u017eevno-glazbena priredba kojom se promi\u010du djela neretvanskih knji\u017eevnika. Prvi je to put da se Neretvanska siesta odr\u017eala izvan zagreba\u010dkih prostorija Dru\u0161tva Neretvana i prijatelja Neretve, a lica su okupljenih pokazala da sli\u010dnih priredaba itekako nedostaje u prili\u010dno ujedna\u010denoj turisti\u010dkoj ponudi na jadranskoj obali. Ujedno su \u010dlanovi Dru\u0161tva Neretvana i prijatelja Neretve potpomogli manifestaciju Dani Neretvanske kne\u017eevine.<\/p>\n<p><strong>2016. Darujmo najuspje\u0161nije<\/strong><br \/>\nDru\u0161tvo Neretvana i prijatelja Neretve u Zagrebu, Hrvatsko slovo, Neretvanska riznica umjetnina i inih vrijednosti te metkovska podru\u017enica Instituta za hrvatski jezik i jezikoslovlje darovat \u0107e najuspje\u0161nije u\u010denike iz hrvatskoga jezika u neretvanskim, isto\u010dnohercegova\u010dkim i pelje\u0161kim \u0161kolama.<\/p>\n<p>Na proslavi desete obljetnice djelovanja Dru\u0161tva Neretvana i prijatelja Neretve u Zagrebu prisustvovao je i ministar<strong> Ante \u0160prlje<\/strong> te Pro\u010delnik Upravnog odjela za za\u0161titu okoli\u0161a i prirode <strong>Nikola Veraja<\/strong>. Proslava obljetnice obilje\u017eena je predstavljanjem svih zbornika koji sadr\u017eavaju pridjev neretvanski te se nastavila u prostorijama Dru\u0161tva na Jarunu.<\/p>\n<p>No\u0107 Neretvana je tradicionalna manifestacjia koja ponajprije kulturno-zabavnim programom te gastronomskom ponudom i opu\u0161tenim dru\u017eenjem predstavlja Neretvane i Neretvu Zagrebu, ali i slu\u017ei za odr\u017eavanje veza sa zavi\u010dajem.<\/p>\n\r\n                <style type=\"text\/css\">\r\n                    \r\n                    #tdi_1  .td-doubleSlider-2 .td-item1 {\r\n                        background: url(https:\/\/likemetkovic.hr\/portal\/wp-content\/uploads\/2016\/05\/10_noc_neretvana_02-80x60.jpg) 0 0 no-repeat;\r\n                    }\r\n                    #tdi_1  .td-doubleSlider-2 .td-item2 {\r\n                        background: url(https:\/\/likemetkovic.hr\/portal\/wp-content\/uploads\/2016\/05\/10_noc_neretvana_03-80x60.jpg) 0 0 no-repeat;\r\n                    }\r\n                    #tdi_1  .td-doubleSlider-2 .td-item3 {\r\n                        background: url(https:\/\/likemetkovic.hr\/portal\/wp-content\/uploads\/2016\/05\/10_noc_neretvana_05-80x60.jpg) 0 0 no-repeat;\r\n                    }\r\n                    #tdi_1  .td-doubleSlider-2 .td-item4 {\r\n                        background: url(https:\/\/likemetkovic.hr\/portal\/wp-content\/uploads\/2016\/05\/10_noc_neretvana_06-80x60.jpg) 0 0 no-repeat;\r\n                    }\r\n                    #tdi_1  .td-doubleSlider-2 .td-item5 {\r\n                        background: url(https:\/\/likemetkovic.hr\/portal\/wp-content\/uploads\/2016\/05\/10_noc_neretvana_10-80x60.jpg) 0 0 no-repeat;\r\n                    }\r\n                <\/style>\r\n\r\n                <div id=\"tdi_1\" class=\"td-gallery td-slide-on-2-columns\">\r\n                    <div class=\"post_td_gallery\">\r\n                        <div class=\"td-gallery-slide-top\">\r\n                           <div class=\"td-gallery-title\"><\/div>\r\n\r\n                            <div class=\"td-gallery-controls-wrapper\">\r\n                                <div class=\"td-gallery-slide-count\"><span class=\"td-gallery-slide-item-focus\">1<\/span> of 5<\/div>\r\n                                <div class=\"td-gallery-slide-prev-next-but\">\r\n                                    <i class = \"td-icon-left doubleSliderPrevButton\"><\/i>\r\n                                    <i class = \"td-icon-right doubleSliderNextButton\"><\/i>\r\n                                <\/div>\r\n                            <\/div>\r\n                        <\/div>\r\n\r\n                        <div class = \"td-doubleSlider-1 \">\r\n                            <div class = \"td-slider\">\r\n                                \r\n                    <div class = \"td-slide-item td-item1\">\r\n                        <figure class=\"td-slide-galery-figure td-slide-popup-gallery\">\r\n                            <a class=\"slide-gallery-image-link\" href=\"https:\/\/likemetkovic.hr\/portal\/wp-content\/uploads\/2016\/05\/10_noc_neretvana_02.jpg\" title=\"10_noc_neretvana_02\"  data-caption=\"\"  data-description=\"\">\r\n                                <img decoding=\"async\" src=\"https:\/\/likemetkovic.hr\/portal\/wp-content\/uploads\/2016\/05\/10_noc_neretvana_02-704x420.jpg\" srcset=\"https:\/\/likemetkovic.hr\/portal\/wp-content\/uploads\/2016\/05\/10_noc_neretvana_02-704x420.jpg 704w, https:\/\/likemetkovic.hr\/portal\/wp-content\/uploads\/2016\/05\/10_noc_neretvana_02-300x179.jpg 300w, https:\/\/likemetkovic.hr\/portal\/wp-content\/uploads\/2016\/05\/10_noc_neretvana_02-768x458.jpg 768w, https:\/\/likemetkovic.hr\/portal\/wp-content\/uploads\/2016\/05\/10_noc_neretvana_02-640x382.jpg 640w, https:\/\/likemetkovic.hr\/portal\/wp-content\/uploads\/2016\/05\/10_noc_neretvana_02-696x416.jpg 696w, https:\/\/likemetkovic.hr\/portal\/wp-content\/uploads\/2016\/05\/10_noc_neretvana_02.jpg 1000w\" sizes=\"(max-width: 704px) 100vw, 704px\" alt=\"\">\r\n                            <\/a>\r\n                            \r\n                        <\/figure>\r\n                    <\/div>\r\n                    <div class = \"td-slide-item td-item2\">\r\n                        <figure class=\"td-slide-galery-figure td-slide-popup-gallery\">\r\n                            <a class=\"slide-gallery-image-link\" href=\"https:\/\/likemetkovic.hr\/portal\/wp-content\/uploads\/2016\/05\/10_noc_neretvana_03.jpg\" title=\"10_noc_neretvana_03\"  data-caption=\"\"  data-description=\"\">\r\n                                <img decoding=\"async\" src=\"https:\/\/likemetkovic.hr\/portal\/wp-content\/uploads\/2016\/05\/10_noc_neretvana_03-825x420.jpg\" srcset=\"https:\/\/likemetkovic.hr\/portal\/wp-content\/uploads\/2016\/05\/10_noc_neretvana_03-825x420.jpg 825w, https:\/\/likemetkovic.hr\/portal\/wp-content\/uploads\/2016\/05\/10_noc_neretvana_03-300x153.jpg 300w, https:\/\/likemetkovic.hr\/portal\/wp-content\/uploads\/2016\/05\/10_noc_neretvana_03-768x391.jpg 768w, https:\/\/likemetkovic.hr\/portal\/wp-content\/uploads\/2016\/05\/10_noc_neretvana_03-640x326.jpg 640w, https:\/\/likemetkovic.hr\/portal\/wp-content\/uploads\/2016\/05\/10_noc_neretvana_03-696x354.jpg 696w, https:\/\/likemetkovic.hr\/portal\/wp-content\/uploads\/2016\/05\/10_noc_neretvana_03.jpg 1000w\" sizes=\"(max-width: 825px) 100vw, 825px\" alt=\"\">\r\n                            <\/a>\r\n                            \r\n                        <\/figure>\r\n                    <\/div>\r\n                    <div class = \"td-slide-item td-item3\">\r\n                        <figure class=\"td-slide-galery-figure td-slide-popup-gallery\">\r\n                            <a class=\"slide-gallery-image-link\" href=\"https:\/\/likemetkovic.hr\/portal\/wp-content\/uploads\/2016\/05\/10_noc_neretvana_05.jpg\" title=\"10_noc_neretvana_05\"  data-caption=\"\"  data-description=\"\">\r\n                                <img decoding=\"async\" src=\"https:\/\/likemetkovic.hr\/portal\/wp-content\/uploads\/2016\/05\/10_noc_neretvana_05-899x420.jpg\" srcset=\"https:\/\/likemetkovic.hr\/portal\/wp-content\/uploads\/2016\/05\/10_noc_neretvana_05-899x420.jpg 899w, https:\/\/likemetkovic.hr\/portal\/wp-content\/uploads\/2016\/05\/10_noc_neretvana_05-300x140.jpg 300w, https:\/\/likemetkovic.hr\/portal\/wp-content\/uploads\/2016\/05\/10_noc_neretvana_05-768x359.jpg 768w, https:\/\/likemetkovic.hr\/portal\/wp-content\/uploads\/2016\/05\/10_noc_neretvana_05-640x299.jpg 640w, https:\/\/likemetkovic.hr\/portal\/wp-content\/uploads\/2016\/05\/10_noc_neretvana_05-696x325.jpg 696w, https:\/\/likemetkovic.hr\/portal\/wp-content\/uploads\/2016\/05\/10_noc_neretvana_05.jpg 1000w\" sizes=\"(max-width: 899px) 100vw, 899px\" alt=\"\">\r\n                            <\/a>\r\n                            \r\n                        <\/figure>\r\n                    <\/div>\r\n                    <div class = \"td-slide-item td-item4\">\r\n                        <figure class=\"td-slide-galery-figure td-slide-popup-gallery\">\r\n                            <a class=\"slide-gallery-image-link\" href=\"https:\/\/likemetkovic.hr\/portal\/wp-content\/uploads\/2016\/05\/10_noc_neretvana_06.jpg\" title=\"10_noc_neretvana_06\"  data-caption=\"\"  data-description=\"\">\r\n                                <img decoding=\"async\" src=\"https:\/\/likemetkovic.hr\/portal\/wp-content\/uploads\/2016\/05\/10_noc_neretvana_06-998x420.jpg\" srcset=\"https:\/\/likemetkovic.hr\/portal\/wp-content\/uploads\/2016\/05\/10_noc_neretvana_06-998x420.jpg 998w, https:\/\/likemetkovic.hr\/portal\/wp-content\/uploads\/2016\/05\/10_noc_neretvana_06-300x126.jpg 300w, https:\/\/likemetkovic.hr\/portal\/wp-content\/uploads\/2016\/05\/10_noc_neretvana_06-768x323.jpg 768w, https:\/\/likemetkovic.hr\/portal\/wp-content\/uploads\/2016\/05\/10_noc_neretvana_06-640x269.jpg 640w, https:\/\/likemetkovic.hr\/portal\/wp-content\/uploads\/2016\/05\/10_noc_neretvana_06-696x293.jpg 696w, https:\/\/likemetkovic.hr\/portal\/wp-content\/uploads\/2016\/05\/10_noc_neretvana_06.jpg 1000w\" sizes=\"(max-width: 998px) 100vw, 998px\" alt=\"\">\r\n                            <\/a>\r\n                            \r\n                        <\/figure>\r\n                    <\/div>\r\n                    <div class = \"td-slide-item td-item5\">\r\n                        <figure class=\"td-slide-galery-figure td-slide-popup-gallery\">\r\n                            <a class=\"slide-gallery-image-link\" href=\"https:\/\/likemetkovic.hr\/portal\/wp-content\/uploads\/2016\/05\/10_noc_neretvana_10.jpg\" title=\"10_noc_neretvana_10\"  data-caption=\"\"  data-description=\"\">\r\n                                <img decoding=\"async\" src=\"https:\/\/likemetkovic.hr\/portal\/wp-content\/uploads\/2016\/05\/10_noc_neretvana_10-742x420.jpg\" srcset=\"https:\/\/likemetkovic.hr\/portal\/wp-content\/uploads\/2016\/05\/10_noc_neretvana_10-742x420.jpg 742w, https:\/\/likemetkovic.hr\/portal\/wp-content\/uploads\/2016\/05\/10_noc_neretvana_10-300x170.jpg 300w, https:\/\/likemetkovic.hr\/portal\/wp-content\/uploads\/2016\/05\/10_noc_neretvana_10-768x435.jpg 768w, https:\/\/likemetkovic.hr\/portal\/wp-content\/uploads\/2016\/05\/10_noc_neretvana_10-640x362.jpg 640w, https:\/\/likemetkovic.hr\/portal\/wp-content\/uploads\/2016\/05\/10_noc_neretvana_10-696x394.jpg 696w, https:\/\/likemetkovic.hr\/portal\/wp-content\/uploads\/2016\/05\/10_noc_neretvana_10.jpg 1000w\" sizes=\"(max-width: 742px) 100vw, 742px\" alt=\"\">\r\n                            <\/a>\r\n                            \r\n                        <\/figure>\r\n                    <\/div>\r\n                            <\/div>\r\n                        <\/div>\r\n\r\n                        <div class = \"td-doubleSlider-2\">\r\n                            <div class = \"td-slider\">\r\n                                \r\n                    <div class = \"td-button td-item1\">\r\n                        <div class = \"td-border\"><\/div>\r\n                    <\/div>\r\n                    <div class = \"td-button td-item2\">\r\n                        <div class = \"td-border\"><\/div>\r\n                    <\/div>\r\n                    <div class = \"td-button td-item3\">\r\n                        <div class = \"td-border\"><\/div>\r\n                    <\/div>\r\n                    <div class = \"td-button td-item4\">\r\n                        <div class = \"td-border\"><\/div>\r\n                    <\/div>\r\n                    <div class = \"td-button td-item5\">\r\n                        <div class = \"td-border\"><\/div>\r\n                    <\/div>\r\n                            <\/div>\r\n                        <\/div>\r\n\r\n                    <\/div>\r\n\r\n                <\/div>\r\n                \n","protected":false},"excerpt":{"rendered":"<p>U hotelu je The Westin u Zagrebu 30. travnja 2016. odr\u017eana jubilarna 10. No\u0107 Neretvana, vrhunac obilje\u017eavanja 10. obljetnice djelovanja Dru\u0161tva Neretvana i prijatelja Neretve u Zagrebu. Na po\u010detku je ve\u010deri predsjednik Dru\u0161tva Luka Vlahovi\u0107 sa\u017eeto podsjetio na sve ostvarene ciljeve: od dobivanja prostora za rad Dru\u0161tva, izdavanja zbornika, nadvladavanja mjesnih antagonizama koji ko\u010de razvoj [&hellip;]<\/p>\n","protected":false},"author":7,"featured_media":19882,"comment_status":"open","ping_status":"open","sticky":false,"template":"","format":"standard","meta":{"footnotes":""},"categories":[283,71],"tags":[],"class_list":{"0":"post-19871","1":"post","2":"type-post","3":"status-publish","4":"format-standard","5":"has-post-thumbnail","7":"category-a","8":"category-svega-po-malo"},"yoast_head":"<!-- This site is optimized with the Yoast SEO plugin v25.2 - https:\/\/yoast.com\/wordpress\/plugins\/seo\/ -->\n<title>Dru\u0161tvo Neretvana i prijatelja Neretve proslavilo desetu obljetnicu - likemetkovic.hr<\/title>\n<meta name=\"robots\" content=\"index, follow, max-snippet:-1, max-image-preview:large, max-video-preview:-1\" \/>\n<link rel=\"canonical\" href=\"https:\/\/likemetkovic.hr\/drustvo-neretvana-prijatelja-neretve-proslavilo-desetu-obljetnicu\/\" \/>\n<meta property=\"og:locale\" content=\"hr_HR\" \/>\n<meta property=\"og:type\" content=\"article\" \/>\n<meta property=\"og:title\" content=\"Dru\u0161tvo Neretvana i prijatelja Neretve proslavilo desetu obljetnicu - likemetkovic.hr\" \/>\n<meta property=\"og:description\" content=\"U hotelu je The Westin u Zagrebu 30. travnja 2016. odr\u017eana jubilarna 10. No\u0107 Neretvana, vrhunac obilje\u017eavanja 10. obljetnice djelovanja Dru\u0161tva Neretvana i prijatelja Neretve u Zagrebu. Na po\u010detku je ve\u010deri predsjednik Dru\u0161tva Luka Vlahovi\u0107 sa\u017eeto podsjetio na sve ostvarene ciljeve: od dobivanja prostora za rad Dru\u0161tva, izdavanja zbornika, nadvladavanja mjesnih antagonizama koji ko\u010de razvoj [&hellip;]\" \/>\n<meta property=\"og:url\" content=\"https:\/\/likemetkovic.hr\/drustvo-neretvana-prijatelja-neretve-proslavilo-desetu-obljetnicu\/\" \/>\n<meta property=\"og:site_name\" content=\"likemetkovic.hr\" \/>\n<meta property=\"article:publisher\" content=\"https:\/\/www.facebook.com\/likemetkovic.hr\/\" \/>\n<meta property=\"article:published_time\" content=\"2016-05-05T06:07:18+00:00\" \/>\n<meta property=\"article:modified_time\" content=\"2018-06-02T15:28:08+00:00\" \/>\n<meta property=\"og:image\" content=\"https:\/\/likemetkovic.hr\/wp-content\/uploads\/2016\/05\/10_noc_neretvana_03.jpg\" \/>\n\t<meta property=\"og:image:width\" content=\"1000\" \/>\n\t<meta property=\"og:image:height\" content=\"509\" \/>\n\t<meta property=\"og:image:type\" content=\"image\/jpeg\" \/>\n<meta name=\"author\" content=\"LIKEmetkovic.hr\" \/>\n<meta name=\"twitter:card\" content=\"summary_large_image\" \/>\n<meta name=\"twitter:label1\" content=\"Napisao\/la\" \/>\n\t<meta name=\"twitter:data1\" content=\"LIKEmetkovic.hr\" \/>\n\t<meta name=\"twitter:label2\" content=\"Procijenjeno vrijeme \u010ditanja\" \/>\n\t<meta name=\"twitter:data2\" content=\"9 minuta\" \/>\n<script type=\"application\/ld+json\" class=\"yoast-schema-graph\">{\"@context\":\"https:\/\/schema.org\",\"@graph\":[{\"@type\":\"WebPage\",\"@id\":\"https:\/\/likemetkovic.hr\/drustvo-neretvana-prijatelja-neretve-proslavilo-desetu-obljetnicu\/\",\"url\":\"https:\/\/likemetkovic.hr\/drustvo-neretvana-prijatelja-neretve-proslavilo-desetu-obljetnicu\/\",\"name\":\"Dru\u0161tvo Neretvana i prijatelja Neretve proslavilo desetu obljetnicu - likemetkovic.hr\",\"isPartOf\":{\"@id\":\"https:\/\/likemetkovic.hr\/#website\"},\"primaryImageOfPage\":{\"@id\":\"https:\/\/likemetkovic.hr\/drustvo-neretvana-prijatelja-neretve-proslavilo-desetu-obljetnicu\/#primaryimage\"},\"image\":{\"@id\":\"https:\/\/likemetkovic.hr\/drustvo-neretvana-prijatelja-neretve-proslavilo-desetu-obljetnicu\/#primaryimage\"},\"thumbnailUrl\":\"https:\/\/likemetkovic.hr\/portal\/wp-content\/uploads\/2016\/05\/10_noc_neretvana_03.jpg\",\"datePublished\":\"2016-05-05T06:07:18+00:00\",\"dateModified\":\"2018-06-02T15:28:08+00:00\",\"author\":{\"@id\":\"https:\/\/likemetkovic.hr\/#\/schema\/person\/a42711f3385a0e2be6f7e0443bfb28f0\"},\"breadcrumb\":{\"@id\":\"https:\/\/likemetkovic.hr\/drustvo-neretvana-prijatelja-neretve-proslavilo-desetu-obljetnicu\/#breadcrumb\"},\"inLanguage\":\"hr\",\"potentialAction\":[{\"@type\":\"ReadAction\",\"target\":[\"https:\/\/likemetkovic.hr\/drustvo-neretvana-prijatelja-neretve-proslavilo-desetu-obljetnicu\/\"]}]},{\"@type\":\"ImageObject\",\"inLanguage\":\"hr\",\"@id\":\"https:\/\/likemetkovic.hr\/drustvo-neretvana-prijatelja-neretve-proslavilo-desetu-obljetnicu\/#primaryimage\",\"url\":\"https:\/\/likemetkovic.hr\/portal\/wp-content\/uploads\/2016\/05\/10_noc_neretvana_03.jpg\",\"contentUrl\":\"https:\/\/likemetkovic.hr\/portal\/wp-content\/uploads\/2016\/05\/10_noc_neretvana_03.jpg\",\"width\":1000,\"height\":509},{\"@type\":\"BreadcrumbList\",\"@id\":\"https:\/\/likemetkovic.hr\/drustvo-neretvana-prijatelja-neretve-proslavilo-desetu-obljetnicu\/#breadcrumb\",\"itemListElement\":[{\"@type\":\"ListItem\",\"position\":1,\"name\":\"Po\u010detna stranica\",\"item\":\"https:\/\/likemetkovic.hr\/portal\/\"},{\"@type\":\"ListItem\",\"position\":2,\"name\":\"Dru\u0161tvo Neretvana i prijatelja Neretve proslavilo desetu obljetnicu\"}]},{\"@type\":\"WebSite\",\"@id\":\"https:\/\/likemetkovic.hr\/#website\",\"url\":\"https:\/\/likemetkovic.hr\/\",\"name\":\"likemetkovic.hr\",\"description\":\"Misli pozitivno... \u010ditaj LIKE\",\"potentialAction\":[{\"@type\":\"SearchAction\",\"target\":{\"@type\":\"EntryPoint\",\"urlTemplate\":\"https:\/\/likemetkovic.hr\/?s={search_term_string}\"},\"query-input\":{\"@type\":\"PropertyValueSpecification\",\"valueRequired\":true,\"valueName\":\"search_term_string\"}}],\"inLanguage\":\"hr\"},{\"@type\":\"Person\",\"@id\":\"https:\/\/likemetkovic.hr\/#\/schema\/person\/a42711f3385a0e2be6f7e0443bfb28f0\",\"name\":\"LIKEmetkovic.hr\",\"sameAs\":[\"http:\/\/likemetkovic.hr\"],\"url\":\"https:\/\/likemetkovic.hr\/portal\/author\/likemetkovic-hr\/\"}]}<\/script>\n<!-- \/ Yoast SEO plugin. -->","yoast_head_json":{"title":"Dru\u0161tvo Neretvana i prijatelja Neretve proslavilo desetu obljetnicu - likemetkovic.hr","robots":{"index":"index","follow":"follow","max-snippet":"max-snippet:-1","max-image-preview":"max-image-preview:large","max-video-preview":"max-video-preview:-1"},"canonical":"https:\/\/likemetkovic.hr\/drustvo-neretvana-prijatelja-neretve-proslavilo-desetu-obljetnicu\/","og_locale":"hr_HR","og_type":"article","og_title":"Dru\u0161tvo Neretvana i prijatelja Neretve proslavilo desetu obljetnicu - likemetkovic.hr","og_description":"U hotelu je The Westin u Zagrebu 30. travnja 2016. odr\u017eana jubilarna 10. No\u0107 Neretvana, vrhunac obilje\u017eavanja 10. obljetnice djelovanja Dru\u0161tva Neretvana i prijatelja Neretve u Zagrebu. Na po\u010detku je ve\u010deri predsjednik Dru\u0161tva Luka Vlahovi\u0107 sa\u017eeto podsjetio na sve ostvarene ciljeve: od dobivanja prostora za rad Dru\u0161tva, izdavanja zbornika, nadvladavanja mjesnih antagonizama koji ko\u010de razvoj [&hellip;]","og_url":"https:\/\/likemetkovic.hr\/drustvo-neretvana-prijatelja-neretve-proslavilo-desetu-obljetnicu\/","og_site_name":"likemetkovic.hr","article_publisher":"https:\/\/www.facebook.com\/likemetkovic.hr\/","article_published_time":"2016-05-05T06:07:18+00:00","article_modified_time":"2018-06-02T15:28:08+00:00","og_image":[{"width":1000,"height":509,"url":"https:\/\/likemetkovic.hr\/wp-content\/uploads\/2016\/05\/10_noc_neretvana_03.jpg","type":"image\/jpeg"}],"author":"LIKEmetkovic.hr","twitter_card":"summary_large_image","twitter_misc":{"Napisao\/la":"LIKEmetkovic.hr","Procijenjeno vrijeme \u010ditanja":"9 minuta"},"schema":{"@context":"https:\/\/schema.org","@graph":[{"@type":"WebPage","@id":"https:\/\/likemetkovic.hr\/drustvo-neretvana-prijatelja-neretve-proslavilo-desetu-obljetnicu\/","url":"https:\/\/likemetkovic.hr\/drustvo-neretvana-prijatelja-neretve-proslavilo-desetu-obljetnicu\/","name":"Dru\u0161tvo Neretvana i prijatelja Neretve proslavilo desetu obljetnicu - likemetkovic.hr","isPartOf":{"@id":"https:\/\/likemetkovic.hr\/#website"},"primaryImageOfPage":{"@id":"https:\/\/likemetkovic.hr\/drustvo-neretvana-prijatelja-neretve-proslavilo-desetu-obljetnicu\/#primaryimage"},"image":{"@id":"https:\/\/likemetkovic.hr\/drustvo-neretvana-prijatelja-neretve-proslavilo-desetu-obljetnicu\/#primaryimage"},"thumbnailUrl":"https:\/\/likemetkovic.hr\/portal\/wp-content\/uploads\/2016\/05\/10_noc_neretvana_03.jpg","datePublished":"2016-05-05T06:07:18+00:00","dateModified":"2018-06-02T15:28:08+00:00","author":{"@id":"https:\/\/likemetkovic.hr\/#\/schema\/person\/a42711f3385a0e2be6f7e0443bfb28f0"},"breadcrumb":{"@id":"https:\/\/likemetkovic.hr\/drustvo-neretvana-prijatelja-neretve-proslavilo-desetu-obljetnicu\/#breadcrumb"},"inLanguage":"hr","potentialAction":[{"@type":"ReadAction","target":["https:\/\/likemetkovic.hr\/drustvo-neretvana-prijatelja-neretve-proslavilo-desetu-obljetnicu\/"]}]},{"@type":"ImageObject","inLanguage":"hr","@id":"https:\/\/likemetkovic.hr\/drustvo-neretvana-prijatelja-neretve-proslavilo-desetu-obljetnicu\/#primaryimage","url":"https:\/\/likemetkovic.hr\/portal\/wp-content\/uploads\/2016\/05\/10_noc_neretvana_03.jpg","contentUrl":"https:\/\/likemetkovic.hr\/portal\/wp-content\/uploads\/2016\/05\/10_noc_neretvana_03.jpg","width":1000,"height":509},{"@type":"BreadcrumbList","@id":"https:\/\/likemetkovic.hr\/drustvo-neretvana-prijatelja-neretve-proslavilo-desetu-obljetnicu\/#breadcrumb","itemListElement":[{"@type":"ListItem","position":1,"name":"Po\u010detna stranica","item":"https:\/\/likemetkovic.hr\/portal\/"},{"@type":"ListItem","position":2,"name":"Dru\u0161tvo Neretvana i prijatelja Neretve proslavilo desetu obljetnicu"}]},{"@type":"WebSite","@id":"https:\/\/likemetkovic.hr\/#website","url":"https:\/\/likemetkovic.hr\/","name":"likemetkovic.hr","description":"Misli pozitivno... \u010ditaj LIKE","potentialAction":[{"@type":"SearchAction","target":{"@type":"EntryPoint","urlTemplate":"https:\/\/likemetkovic.hr\/?s={search_term_string}"},"query-input":{"@type":"PropertyValueSpecification","valueRequired":true,"valueName":"search_term_string"}}],"inLanguage":"hr"},{"@type":"Person","@id":"https:\/\/likemetkovic.hr\/#\/schema\/person\/a42711f3385a0e2be6f7e0443bfb28f0","name":"LIKEmetkovic.hr","sameAs":["http:\/\/likemetkovic.hr"],"url":"https:\/\/likemetkovic.hr\/portal\/author\/likemetkovic-hr\/"}]}},"_links":{"self":[{"href":"https:\/\/likemetkovic.hr\/portal\/wp-json\/wp\/v2\/posts\/19871","targetHints":{"allow":["GET"]}}],"collection":[{"href":"https:\/\/likemetkovic.hr\/portal\/wp-json\/wp\/v2\/posts"}],"about":[{"href":"https:\/\/likemetkovic.hr\/portal\/wp-json\/wp\/v2\/types\/post"}],"author":[{"embeddable":true,"href":"https:\/\/likemetkovic.hr\/portal\/wp-json\/wp\/v2\/users\/7"}],"replies":[{"embeddable":true,"href":"https:\/\/likemetkovic.hr\/portal\/wp-json\/wp\/v2\/comments?post=19871"}],"version-history":[{"count":0,"href":"https:\/\/likemetkovic.hr\/portal\/wp-json\/wp\/v2\/posts\/19871\/revisions"}],"wp:featuredmedia":[{"embeddable":true,"href":"https:\/\/likemetkovic.hr\/portal\/wp-json\/wp\/v2\/media\/19882"}],"wp:attachment":[{"href":"https:\/\/likemetkovic.hr\/portal\/wp-json\/wp\/v2\/media?parent=19871"}],"wp:term":[{"taxonomy":"category","embeddable":true,"href":"https:\/\/likemetkovic.hr\/portal\/wp-json\/wp\/v2\/categories?post=19871"},{"taxonomy":"post_tag","embeddable":true,"href":"https:\/\/likemetkovic.hr\/portal\/wp-json\/wp\/v2\/tags?post=19871"}],"curies":[{"name":"wp","href":"https:\/\/api.w.org\/{rel}","templated":true}]}}