{"id":19937,"date":"2016-05-06T18:00:33","date_gmt":"2016-05-06T16:00:33","guid":{"rendered":"http:\/\/likemetkovic.hr\/?p=19937"},"modified":"2016-05-06T16:12:38","modified_gmt":"2016-05-06T14:12:38","slug":"os-don-mihovila-pavlinovica","status":"publish","type":"post","link":"https:\/\/likemetkovic.hr\/portal\/os-don-mihovila-pavlinovica\/","title":{"rendered":"O\u0160 DON MIHOVILA PAVLINOVI\u0106A: &#8220;Projekt Tragom nestalog grada&#8221; ide na dr\u017eavnu smotru"},"content":{"rendered":"<p class=\"naslov\">Odgojiteljice\u00a0 Dje\u010djeg vrti\u0107a \u00a0\u201eRadost\u201c \u00a0iz Metkovi\u0107a\u00a0<strong> Jadranka Jerkovi\u0107, Ton\u0107ika\u00a0 Gujnovi\u0107 i Marijana Bebi\u0107<\/strong> sa svojim su skupinama pred\u0161kolaca provele projekt <em>Tragom nestalog \u00a0grada.<\/em> Cilj projekta\u00a0 bio je\u00a0 upoznavanje vrijednosti zavi\u010dajne kulturne ba\u0161tine. Vanjski suradnik na\u00a0 tom projektu bio je \u00a05.b \u00a0Osnovne \u0161kole don Mihovila Pavlinovi\u0107a sa svojom \u00a0razrednicom i u\u010diteljicom Povijesti\u00a0 <strong>Keti Petrovi\u0107<\/strong>. S veseljem su primili vijest da \u0107e taj projekt biti predstavljen na Dr\u017eavnoj smotri u Zagrebu.<\/p>\n<p>U\u010denici<strong>\u00a05.b<\/strong> razreda <strong>Marko Cvitkovi\u0107, Ana i Lea\u00a0 Medak Kova\u010devi\u0107, Lea Volarevi\u0107<\/strong> te<strong>Kristina Dani\u010di\u0107<\/strong> priredili \u00a0su vrti\u0107anima PowerPoint prezentaciju <em>Tragom nestalog\u00a0 grada<\/em>. Vrti\u0107ane su upoznali s arheologijom i \u00a0arheolozima, s postojanjem grada Narone te koliko je dugo grad postojao, kada i kako je poru\u0161en i zaboravljen. Peta\u0161i su svojim mladim prijateljima iz vrti\u0107a <em>\u201eRadost\u201c <\/em>\u00a0predstavili tko je i \u0161to radi arheolog, \u0161to je i \u010demu slu\u017ei muzej te \u0161to nam pri\u010daju ostatci stare Narone. Tako\u0111er su \u010duli \u00a0<em>\u201eLegendu o caru Norinu\u201c<\/em> iz knjige<em> Sto najljep\u0161ih legendi i povijesnih pri\u010da iz hrvatske pro\u0161losti.<\/em> Razgovarali su o na\u0161oj najpoznatijoj legendi te dobili prigodne\u00a0 listi\u0107e o njoj. Vrti\u0107ani, sudionici projekta, tako\u0111er su posjetili kabinet Povijesti i u njemu vidjeli materijalne povijesne ostatke, predmete od gline, posude, fibule i tematske plakate. Jo\u0161 su saznali da je <em>Muzej Narona<\/em> prvi muzej \u00a0<em>in situ<\/em> \u00a0u Hrvatskoj, tj. izgra\u0111en je na samom povijesnom\u00a0 lokalitetu.\u00a0 Slu\u017ei o\u010duvanju kulturne ba\u0161tine jednog naroda i Neretvani su s pravom ponosni zbog tako bogate kulturne ba\u0161tine i va\u017enosti grada Narone u razdoblju procvata Rimskoga Carstva. Mladi povjesni\u010dari iz 5.b razreda tako\u0111er su objasnili vrti\u0107anima da je Narona arheolo\u0161kim otkri\u0107em ponovo\u00a0 dobila svoj sjaj i o\u017eivjela kroz prona\u0111ene ostatke koji \u010dovjeku dana\u0161njice pru\u017eaju uvid u bogatu pro\u0161lost grada te u svakodnevnicu minulih vremena.<\/p>\n<div>\n<p>Polaznici Dje\u010djeg vrti\u0107a <em>\u201eRadost\u201c \u00a0<\/em>ovim su projektom postali\u00a0 mali istra\u017eiva\u010di i arheolozi te\u00a0 upoznali razne\u00a0 ostatke pro\u0161losti, materijalna povijesna vrela i tako, na njima vrlo zanimljiv na\u010din, postali svjesni va\u017enosti i bogatstva kulturne\u00a0 ba\u0161tine svoga u\u017eeg zavi\u010daja.<\/p>\n<p>Projektom <u>\u201eTragom nestalog grada\u201c<\/u> mali pred\u0161kolci sudjelovali su na Regionalnoj\u00a0 smotri\u00a0 projekata\u00a0 iz podru\u010dja\u00a0 Nacionalnog\u00a0\u00a0 odgoja\u00a0 i obrazovanja\u00a0 za ljudska prava\u00a0 i demokratsko gra\u0111anstvo Vlade RH\u00a0 koja je odr\u017eana u amfiteatru Sveu\u010dili\u0161nog kampusa\u00a0 u Dubrovniku,\u00a0 18. i 19.\u00a0 travnja. Svi sudionici regionalne smotre, tako i na\u0161i vrti\u0107ani, svoje projekte su predstavili PowerPoint prezentacijama. Nakon prezentacija, pred\u0161kolci su saznali da su predlo\u017eeni za dr\u017eavnu smotru.<\/p>\n<p>Sudionicima projekta \u010destitamo i \u017eelimo im puno uspjeha na predstavljanju projekta\u00a0 u Zagrebu.<\/p>\n<\/div>\n","protected":false},"excerpt":{"rendered":"<p>Odgojiteljice\u00a0 Dje\u010djeg vrti\u0107a \u00a0\u201eRadost\u201c \u00a0iz Metkovi\u0107a\u00a0 Jadranka Jerkovi\u0107, Ton\u0107ika\u00a0 Gujnovi\u0107 i Marijana Bebi\u0107 sa svojim su skupinama pred\u0161kolaca provele projekt Tragom nestalog \u00a0grada. Cilj projekta\u00a0 bio je\u00a0 upoznavanje vrijednosti zavi\u010dajne kulturne ba\u0161tine. Vanjski suradnik na\u00a0 tom projektu bio je \u00a05.b \u00a0Osnovne \u0161kole don Mihovila Pavlinovi\u0107a sa svojom \u00a0razrednicom i u\u010diteljicom Povijesti\u00a0 Keti Petrovi\u0107. S veseljem [&hellip;]<\/p>\n","protected":false},"author":7,"featured_media":19939,"comment_status":"open","ping_status":"open","sticky":false,"template":"","format":"standard","meta":{"footnotes":""},"categories":[283,166],"tags":[],"class_list":{"0":"post-19937","1":"post","2":"type-post","3":"status-publish","4":"format-standard","5":"has-post-thumbnail","7":"category-a","8":"category-skolstvo"},"yoast_head":"<!-- This site is optimized with the Yoast SEO plugin v25.2 - https:\/\/yoast.com\/wordpress\/plugins\/seo\/ -->\n<title>O\u0160 DON MIHOVILA PAVLINOVI\u0106A: &quot;Projekt Tragom nestalog grada&quot; ide na dr\u017eavnu smotru - likemetkovic.hr<\/title>\n<meta name=\"robots\" content=\"index, follow, max-snippet:-1, max-image-preview:large, max-video-preview:-1\" \/>\n<link rel=\"canonical\" href=\"https:\/\/likemetkovic.hr\/os-don-mihovila-pavlinovica\/\" \/>\n<meta property=\"og:locale\" content=\"hr_HR\" \/>\n<meta property=\"og:type\" content=\"article\" \/>\n<meta property=\"og:title\" content=\"O\u0160 DON MIHOVILA PAVLINOVI\u0106A: &quot;Projekt Tragom nestalog grada&quot; ide na dr\u017eavnu smotru - likemetkovic.hr\" \/>\n<meta property=\"og:description\" content=\"Odgojiteljice\u00a0 Dje\u010djeg vrti\u0107a \u00a0\u201eRadost\u201c \u00a0iz Metkovi\u0107a\u00a0 Jadranka Jerkovi\u0107, Ton\u0107ika\u00a0 Gujnovi\u0107 i Marijana Bebi\u0107 sa svojim su skupinama pred\u0161kolaca provele projekt Tragom nestalog \u00a0grada. Cilj projekta\u00a0 bio je\u00a0 upoznavanje vrijednosti zavi\u010dajne kulturne ba\u0161tine. Vanjski suradnik na\u00a0 tom projektu bio je \u00a05.b \u00a0Osnovne \u0161kole don Mihovila Pavlinovi\u0107a sa svojom \u00a0razrednicom i u\u010diteljicom Povijesti\u00a0 Keti Petrovi\u0107. S veseljem [&hellip;]\" \/>\n<meta property=\"og:url\" content=\"https:\/\/likemetkovic.hr\/os-don-mihovila-pavlinovica\/\" \/>\n<meta property=\"og:site_name\" content=\"likemetkovic.hr\" \/>\n<meta property=\"article:publisher\" content=\"https:\/\/www.facebook.com\/likemetkovic.hr\/\" \/>\n<meta property=\"article:published_time\" content=\"2016-05-06T16:00:33+00:00\" \/>\n<meta property=\"og:image\" content=\"https:\/\/likemetkovic.hr\/wp-content\/uploads\/2016\/05\/don-mihovil.jpg\" \/>\n\t<meta property=\"og:image:width\" content=\"802\" \/>\n\t<meta property=\"og:image:height\" content=\"600\" \/>\n\t<meta property=\"og:image:type\" content=\"image\/jpeg\" \/>\n<meta name=\"author\" content=\"LIKEmetkovic.hr\" \/>\n<meta name=\"twitter:card\" content=\"summary_large_image\" \/>\n<meta name=\"twitter:label1\" content=\"Napisao\/la\" \/>\n\t<meta name=\"twitter:data1\" content=\"LIKEmetkovic.hr\" \/>\n\t<meta name=\"twitter:label2\" content=\"Procijenjeno vrijeme \u010ditanja\" \/>\n\t<meta name=\"twitter:data2\" content=\"2 minute\" \/>\n<script type=\"application\/ld+json\" class=\"yoast-schema-graph\">{\"@context\":\"https:\/\/schema.org\",\"@graph\":[{\"@type\":\"WebPage\",\"@id\":\"https:\/\/likemetkovic.hr\/os-don-mihovila-pavlinovica\/\",\"url\":\"https:\/\/likemetkovic.hr\/os-don-mihovila-pavlinovica\/\",\"name\":\"O\u0160 DON MIHOVILA PAVLINOVI\u0106A: \\\"Projekt Tragom nestalog grada\\\" ide na dr\u017eavnu smotru - likemetkovic.hr\",\"isPartOf\":{\"@id\":\"https:\/\/likemetkovic.hr\/#website\"},\"primaryImageOfPage\":{\"@id\":\"https:\/\/likemetkovic.hr\/os-don-mihovila-pavlinovica\/#primaryimage\"},\"image\":{\"@id\":\"https:\/\/likemetkovic.hr\/os-don-mihovila-pavlinovica\/#primaryimage\"},\"thumbnailUrl\":\"https:\/\/likemetkovic.hr\/portal\/wp-content\/uploads\/2016\/05\/don-mihovil.jpg\",\"datePublished\":\"2016-05-06T16:00:33+00:00\",\"author\":{\"@id\":\"https:\/\/likemetkovic.hr\/#\/schema\/person\/a42711f3385a0e2be6f7e0443bfb28f0\"},\"breadcrumb\":{\"@id\":\"https:\/\/likemetkovic.hr\/os-don-mihovila-pavlinovica\/#breadcrumb\"},\"inLanguage\":\"hr\",\"potentialAction\":[{\"@type\":\"ReadAction\",\"target\":[\"https:\/\/likemetkovic.hr\/os-don-mihovila-pavlinovica\/\"]}]},{\"@type\":\"ImageObject\",\"inLanguage\":\"hr\",\"@id\":\"https:\/\/likemetkovic.hr\/os-don-mihovila-pavlinovica\/#primaryimage\",\"url\":\"https:\/\/likemetkovic.hr\/portal\/wp-content\/uploads\/2016\/05\/don-mihovil.jpg\",\"contentUrl\":\"https:\/\/likemetkovic.hr\/portal\/wp-content\/uploads\/2016\/05\/don-mihovil.jpg\",\"width\":802,\"height\":600,\"caption\":\"Foto: Ilija Kordi\u0107\"},{\"@type\":\"BreadcrumbList\",\"@id\":\"https:\/\/likemetkovic.hr\/os-don-mihovila-pavlinovica\/#breadcrumb\",\"itemListElement\":[{\"@type\":\"ListItem\",\"position\":1,\"name\":\"Po\u010detna stranica\",\"item\":\"https:\/\/likemetkovic.hr\/portal\/\"},{\"@type\":\"ListItem\",\"position\":2,\"name\":\"O\u0160 DON MIHOVILA PAVLINOVI\u0106A: &#8220;Projekt Tragom nestalog grada&#8221; ide na dr\u017eavnu smotru\"}]},{\"@type\":\"WebSite\",\"@id\":\"https:\/\/likemetkovic.hr\/#website\",\"url\":\"https:\/\/likemetkovic.hr\/\",\"name\":\"likemetkovic.hr\",\"description\":\"Misli pozitivno... \u010ditaj LIKE\",\"potentialAction\":[{\"@type\":\"SearchAction\",\"target\":{\"@type\":\"EntryPoint\",\"urlTemplate\":\"https:\/\/likemetkovic.hr\/?s={search_term_string}\"},\"query-input\":{\"@type\":\"PropertyValueSpecification\",\"valueRequired\":true,\"valueName\":\"search_term_string\"}}],\"inLanguage\":\"hr\"},{\"@type\":\"Person\",\"@id\":\"https:\/\/likemetkovic.hr\/#\/schema\/person\/a42711f3385a0e2be6f7e0443bfb28f0\",\"name\":\"LIKEmetkovic.hr\",\"sameAs\":[\"http:\/\/likemetkovic.hr\"],\"url\":\"https:\/\/likemetkovic.hr\/portal\/author\/likemetkovic-hr\/\"}]}<\/script>\n<!-- \/ Yoast SEO plugin. -->","yoast_head_json":{"title":"O\u0160 DON MIHOVILA PAVLINOVI\u0106A: \"Projekt Tragom nestalog grada\" ide na dr\u017eavnu smotru - likemetkovic.hr","robots":{"index":"index","follow":"follow","max-snippet":"max-snippet:-1","max-image-preview":"max-image-preview:large","max-video-preview":"max-video-preview:-1"},"canonical":"https:\/\/likemetkovic.hr\/os-don-mihovila-pavlinovica\/","og_locale":"hr_HR","og_type":"article","og_title":"O\u0160 DON MIHOVILA PAVLINOVI\u0106A: \"Projekt Tragom nestalog grada\" ide na dr\u017eavnu smotru - likemetkovic.hr","og_description":"Odgojiteljice\u00a0 Dje\u010djeg vrti\u0107a \u00a0\u201eRadost\u201c \u00a0iz Metkovi\u0107a\u00a0 Jadranka Jerkovi\u0107, Ton\u0107ika\u00a0 Gujnovi\u0107 i Marijana Bebi\u0107 sa svojim su skupinama pred\u0161kolaca provele projekt Tragom nestalog \u00a0grada. Cilj projekta\u00a0 bio je\u00a0 upoznavanje vrijednosti zavi\u010dajne kulturne ba\u0161tine. Vanjski suradnik na\u00a0 tom projektu bio je \u00a05.b \u00a0Osnovne \u0161kole don Mihovila Pavlinovi\u0107a sa svojom \u00a0razrednicom i u\u010diteljicom Povijesti\u00a0 Keti Petrovi\u0107. S veseljem [&hellip;]","og_url":"https:\/\/likemetkovic.hr\/os-don-mihovila-pavlinovica\/","og_site_name":"likemetkovic.hr","article_publisher":"https:\/\/www.facebook.com\/likemetkovic.hr\/","article_published_time":"2016-05-06T16:00:33+00:00","og_image":[{"width":802,"height":600,"url":"https:\/\/likemetkovic.hr\/wp-content\/uploads\/2016\/05\/don-mihovil.jpg","type":"image\/jpeg"}],"author":"LIKEmetkovic.hr","twitter_card":"summary_large_image","twitter_misc":{"Napisao\/la":"LIKEmetkovic.hr","Procijenjeno vrijeme \u010ditanja":"2 minute"},"schema":{"@context":"https:\/\/schema.org","@graph":[{"@type":"WebPage","@id":"https:\/\/likemetkovic.hr\/os-don-mihovila-pavlinovica\/","url":"https:\/\/likemetkovic.hr\/os-don-mihovila-pavlinovica\/","name":"O\u0160 DON MIHOVILA PAVLINOVI\u0106A: \"Projekt Tragom nestalog grada\" ide na dr\u017eavnu smotru - likemetkovic.hr","isPartOf":{"@id":"https:\/\/likemetkovic.hr\/#website"},"primaryImageOfPage":{"@id":"https:\/\/likemetkovic.hr\/os-don-mihovila-pavlinovica\/#primaryimage"},"image":{"@id":"https:\/\/likemetkovic.hr\/os-don-mihovila-pavlinovica\/#primaryimage"},"thumbnailUrl":"https:\/\/likemetkovic.hr\/portal\/wp-content\/uploads\/2016\/05\/don-mihovil.jpg","datePublished":"2016-05-06T16:00:33+00:00","author":{"@id":"https:\/\/likemetkovic.hr\/#\/schema\/person\/a42711f3385a0e2be6f7e0443bfb28f0"},"breadcrumb":{"@id":"https:\/\/likemetkovic.hr\/os-don-mihovila-pavlinovica\/#breadcrumb"},"inLanguage":"hr","potentialAction":[{"@type":"ReadAction","target":["https:\/\/likemetkovic.hr\/os-don-mihovila-pavlinovica\/"]}]},{"@type":"ImageObject","inLanguage":"hr","@id":"https:\/\/likemetkovic.hr\/os-don-mihovila-pavlinovica\/#primaryimage","url":"https:\/\/likemetkovic.hr\/portal\/wp-content\/uploads\/2016\/05\/don-mihovil.jpg","contentUrl":"https:\/\/likemetkovic.hr\/portal\/wp-content\/uploads\/2016\/05\/don-mihovil.jpg","width":802,"height":600,"caption":"Foto: Ilija Kordi\u0107"},{"@type":"BreadcrumbList","@id":"https:\/\/likemetkovic.hr\/os-don-mihovila-pavlinovica\/#breadcrumb","itemListElement":[{"@type":"ListItem","position":1,"name":"Po\u010detna stranica","item":"https:\/\/likemetkovic.hr\/portal\/"},{"@type":"ListItem","position":2,"name":"O\u0160 DON MIHOVILA PAVLINOVI\u0106A: &#8220;Projekt Tragom nestalog grada&#8221; ide na dr\u017eavnu smotru"}]},{"@type":"WebSite","@id":"https:\/\/likemetkovic.hr\/#website","url":"https:\/\/likemetkovic.hr\/","name":"likemetkovic.hr","description":"Misli pozitivno... \u010ditaj LIKE","potentialAction":[{"@type":"SearchAction","target":{"@type":"EntryPoint","urlTemplate":"https:\/\/likemetkovic.hr\/?s={search_term_string}"},"query-input":{"@type":"PropertyValueSpecification","valueRequired":true,"valueName":"search_term_string"}}],"inLanguage":"hr"},{"@type":"Person","@id":"https:\/\/likemetkovic.hr\/#\/schema\/person\/a42711f3385a0e2be6f7e0443bfb28f0","name":"LIKEmetkovic.hr","sameAs":["http:\/\/likemetkovic.hr"],"url":"https:\/\/likemetkovic.hr\/portal\/author\/likemetkovic-hr\/"}]}},"_links":{"self":[{"href":"https:\/\/likemetkovic.hr\/portal\/wp-json\/wp\/v2\/posts\/19937","targetHints":{"allow":["GET"]}}],"collection":[{"href":"https:\/\/likemetkovic.hr\/portal\/wp-json\/wp\/v2\/posts"}],"about":[{"href":"https:\/\/likemetkovic.hr\/portal\/wp-json\/wp\/v2\/types\/post"}],"author":[{"embeddable":true,"href":"https:\/\/likemetkovic.hr\/portal\/wp-json\/wp\/v2\/users\/7"}],"replies":[{"embeddable":true,"href":"https:\/\/likemetkovic.hr\/portal\/wp-json\/wp\/v2\/comments?post=19937"}],"version-history":[{"count":0,"href":"https:\/\/likemetkovic.hr\/portal\/wp-json\/wp\/v2\/posts\/19937\/revisions"}],"wp:featuredmedia":[{"embeddable":true,"href":"https:\/\/likemetkovic.hr\/portal\/wp-json\/wp\/v2\/media\/19939"}],"wp:attachment":[{"href":"https:\/\/likemetkovic.hr\/portal\/wp-json\/wp\/v2\/media?parent=19937"}],"wp:term":[{"taxonomy":"category","embeddable":true,"href":"https:\/\/likemetkovic.hr\/portal\/wp-json\/wp\/v2\/categories?post=19937"},{"taxonomy":"post_tag","embeddable":true,"href":"https:\/\/likemetkovic.hr\/portal\/wp-json\/wp\/v2\/tags?post=19937"}],"curies":[{"name":"wp","href":"https:\/\/api.w.org\/{rel}","templated":true}]}}