{"id":20197,"date":"2016-05-11T07:43:30","date_gmt":"2016-05-11T05:43:30","guid":{"rendered":"http:\/\/likemetkovic.hr\/?p=20197"},"modified":"2016-05-11T07:43:30","modified_gmt":"2016-05-11T05:43:30","slug":"christopher-duarte-roko-kravar-pohvaljeni-drzavnom-natjecanju-iz-fizike","status":"publish","type":"post","link":"https:\/\/likemetkovic.hr\/portal\/christopher-duarte-roko-kravar-pohvaljeni-drzavnom-natjecanju-iz-fizike\/","title":{"rendered":"Christopher Duarte i Roko Kravar pohvaljeni na Dr\u017eavnom natjecanju iz fizike"},"content":{"rendered":"<p>Dr\u017eavno natjecanje iz fizike u\u010denika osnovnih i srednjih \u0161kola organizira Ministarstvo znanosti, obrazovanja i sporta Republike Hrvatske, Agencija za odgoj i obrazovanje i Hrvatsko fizikalno dru\u0161tvo.<\/p>\n<p>Natjecanje u znanju organizirano je u pet skupina: jedna skupina za osnovne \u0161kole (8. razred) i 4 skupine za srednje \u0161kole). Na ovogodi\u0161njem natjecanju od \u0161kolske, \u017eupanijske pa sve do dr\u017eavne razine sudjelovalo je <strong>598 \u0161kola<\/strong> i <strong>3 203 u\u010denika<\/strong> od kojih je samo 121 pozvan na dr\u017eavno natjecanje (49 iz O\u0160 i 72 iz S\u0160). Me\u0111u njima na\u0161la su se i dva u\u010denika O\u0160 Stjepana Radi\u0107a iz 8.d razreda <strong>Christopher Duarte<\/strong> (1. mjesto na \u017eupanijskom natjecanju) i <strong>Roko Kravar<\/strong> (2. mjesto na \u017eupanijskom natjecanju). Njihova <strong>mentorica Renata Obradovi\u0107, prof.<\/strong> ne krije zadovoljstvo ovako dobrim uspjehom na\u0161ih u\u010denika jer je zaista prava rijetkost imati na ovako velikoj razini dva u\u010denika iz jedne \u0161kole.<\/p>\n<p>Dr\u017eavno natjecanje i smotra iz fizike sodr\u017eala se u Brodarici, \u0160ibenik od 25. do 28. travnja 2016. godine, a doma\u0107in je bila \u00a0Osnovna \u0161kola Brodarica. Na Dr\u017eavnom natjecanju iz fizike u\u010denici osvajaju nagrade po kategorijama tako su za osnovne \u0161kole podijeljene tri I. nagrade, \u0161est II. nagrada i devet III. nagrada. Ostali su u\u010denici poredani po abecednom redu, a na\u0161i Christopher i Roko su za svoj uspjeh dobili priznanje u obliku pohvalnice.<\/p>\n<p>U\u010denici i nastavnica su se nakon predivna tri dana provedena u hotelskom kompleksu Solaris \u0160ibenik sretno vratili ku\u0107i prepuni dojmova i ponosni na svoj uspjeh.<\/p>\n<p>Ponosni smo na njih te im od srca \u010destitamo na ulo\u017eenom trudu, marljivom i predanom radu i promociji izvrsnosti i grada Metkovi\u0107a.<\/p>\n\r\n                <style type=\"text\/css\">\r\n                    \r\n                    #tdi_1  .td-doubleSlider-2 .td-item1 {\r\n                        background: url(https:\/\/likemetkovic.hr\/portal\/wp-content\/uploads\/2016\/05\/osnovna-stjepana_1-80x60.jpg) 0 0 no-repeat;\r\n                    }\r\n                    #tdi_1  .td-doubleSlider-2 .td-item2 {\r\n                        background: url(https:\/\/likemetkovic.hr\/portal\/wp-content\/uploads\/2016\/05\/osnovna-stjepana_2-80x60.jpg) 0 0 no-repeat;\r\n                    }\r\n                    #tdi_1  .td-doubleSlider-2 .td-item3 {\r\n                        background: url(https:\/\/likemetkovic.hr\/portal\/wp-content\/uploads\/2016\/05\/osnovna-stjepana_3-80x60.jpg) 0 0 no-repeat;\r\n                    }\r\n                    #tdi_1  .td-doubleSlider-2 .td-item4 {\r\n                        background: url(https:\/\/likemetkovic.hr\/portal\/wp-content\/uploads\/2016\/05\/osnovna-stjepana_4-80x60.jpg) 0 0 no-repeat;\r\n                    }\r\n                <\/style>\r\n\r\n                <div id=\"tdi_1\" class=\"td-gallery td-slide-on-2-columns\">\r\n                    <div class=\"post_td_gallery\">\r\n                        <div class=\"td-gallery-slide-top\">\r\n                           <div class=\"td-gallery-title\"><\/div>\r\n\r\n                            <div class=\"td-gallery-controls-wrapper\">\r\n                                <div class=\"td-gallery-slide-count\"><span class=\"td-gallery-slide-item-focus\">1<\/span> of 4<\/div>\r\n                                <div class=\"td-gallery-slide-prev-next-but\">\r\n                                    <i class = \"td-icon-left doubleSliderPrevButton\"><\/i>\r\n                                    <i class = \"td-icon-right doubleSliderNextButton\"><\/i>\r\n                                <\/div>\r\n                            <\/div>\r\n                        <\/div>\r\n\r\n                        <div class = \"td-doubleSlider-1 \">\r\n                            <div class = \"td-slider\">\r\n                                \r\n                    <div class = \"td-slide-item td-item1\">\r\n                        <figure class=\"td-slide-galery-figure td-slide-popup-gallery\">\r\n                            <a class=\"slide-gallery-image-link\" href=\"https:\/\/likemetkovic.hr\/portal\/wp-content\/uploads\/2016\/05\/osnovna-stjepana_1.jpg\" title=\"osnovna stjepana_1\"  data-caption=\"\"  data-description=\"\">\r\n                                <img decoding=\"async\" src=\"https:\/\/likemetkovic.hr\/portal\/wp-content\/uploads\/2016\/05\/osnovna-stjepana_1-602x420.jpg\" srcset=\"https:\/\/likemetkovic.hr\/portal\/wp-content\/uploads\/2016\/05\/osnovna-stjepana_1-602x420.jpg 602w, https:\/\/likemetkovic.hr\/portal\/wp-content\/uploads\/2016\/05\/osnovna-stjepana_1-300x209.jpg 300w, https:\/\/likemetkovic.hr\/portal\/wp-content\/uploads\/2016\/05\/osnovna-stjepana_1-768x536.jpg 768w, https:\/\/likemetkovic.hr\/portal\/wp-content\/uploads\/2016\/05\/osnovna-stjepana_1-640x447.jpg 640w, https:\/\/likemetkovic.hr\/portal\/wp-content\/uploads\/2016\/05\/osnovna-stjepana_1-100x70.jpg 100w, https:\/\/likemetkovic.hr\/portal\/wp-content\/uploads\/2016\/05\/osnovna-stjepana_1-696x486.jpg 696w, https:\/\/likemetkovic.hr\/portal\/wp-content\/uploads\/2016\/05\/osnovna-stjepana_1.jpg 860w\" sizes=\"(max-width: 602px) 100vw, 602px\" alt=\"\">\r\n                            <\/a>\r\n                            \r\n                        <\/figure>\r\n                    <\/div>\r\n                    <div class = \"td-slide-item td-item2\">\r\n                        <figure class=\"td-slide-galery-figure td-slide-popup-gallery\">\r\n                            <a class=\"slide-gallery-image-link\" href=\"https:\/\/likemetkovic.hr\/portal\/wp-content\/uploads\/2016\/05\/osnovna-stjepana_2.jpg\" title=\"osnovna stjepana_2\"  data-caption=\"\"  data-description=\"\">\r\n                                <img decoding=\"async\" src=\"https:\/\/likemetkovic.hr\/portal\/wp-content\/uploads\/2016\/05\/osnovna-stjepana_2-356x420.jpg\" srcset=\"https:\/\/likemetkovic.hr\/portal\/wp-content\/uploads\/2016\/05\/osnovna-stjepana_2-356x420.jpg 356w, https:\/\/likemetkovic.hr\/portal\/wp-content\/uploads\/2016\/05\/osnovna-stjepana_2-255x300.jpg 255w, https:\/\/likemetkovic.hr\/portal\/wp-content\/uploads\/2016\/05\/osnovna-stjepana_2.jpg 768w, https:\/\/likemetkovic.hr\/portal\/wp-content\/uploads\/2016\/05\/osnovna-stjepana_2-543x640.jpg 543w, https:\/\/likemetkovic.hr\/portal\/wp-content\/uploads\/2016\/05\/osnovna-stjepana_2-696x820.jpg 696w\" sizes=\"(max-width: 356px) 100vw, 356px\" alt=\"\">\r\n                            <\/a>\r\n                            \r\n                        <\/figure>\r\n                    <\/div>\r\n                    <div class = \"td-slide-item td-item3\">\r\n                        <figure class=\"td-slide-galery-figure td-slide-popup-gallery\">\r\n                            <a class=\"slide-gallery-image-link\" href=\"https:\/\/likemetkovic.hr\/portal\/wp-content\/uploads\/2016\/05\/osnovna-stjepana_3.jpg\" title=\"osnovna stjepana_3\"  data-caption=\"\"  data-description=\"\">\r\n                                <img decoding=\"async\" src=\"https:\/\/likemetkovic.hr\/portal\/wp-content\/uploads\/2016\/05\/osnovna-stjepana_3-349x420.jpg\" srcset=\"https:\/\/likemetkovic.hr\/portal\/wp-content\/uploads\/2016\/05\/osnovna-stjepana_3-349x420.jpg 349w, https:\/\/likemetkovic.hr\/portal\/wp-content\/uploads\/2016\/05\/osnovna-stjepana_3-249x300.jpg 249w, https:\/\/likemetkovic.hr\/portal\/wp-content\/uploads\/2016\/05\/osnovna-stjepana_3.jpg 768w, https:\/\/likemetkovic.hr\/portal\/wp-content\/uploads\/2016\/05\/osnovna-stjepana_3-531x640.jpg 531w, https:\/\/likemetkovic.hr\/portal\/wp-content\/uploads\/2016\/05\/osnovna-stjepana_3-696x838.jpg 696w\" sizes=\"(max-width: 349px) 100vw, 349px\" alt=\"\">\r\n                            <\/a>\r\n                            \r\n                        <\/figure>\r\n                    <\/div>\r\n                    <div class = \"td-slide-item td-item4\">\r\n                        <figure class=\"td-slide-galery-figure td-slide-popup-gallery\">\r\n                            <a class=\"slide-gallery-image-link\" href=\"https:\/\/likemetkovic.hr\/portal\/wp-content\/uploads\/2016\/05\/osnovna-stjepana_4.jpg\" title=\"osnovna stjepana_4\"  data-caption=\"\"  data-description=\"\">\r\n                                <img decoding=\"async\" src=\"https:\/\/likemetkovic.hr\/portal\/wp-content\/uploads\/2016\/05\/osnovna-stjepana_4-395x420.jpg\" srcset=\"https:\/\/likemetkovic.hr\/portal\/wp-content\/uploads\/2016\/05\/osnovna-stjepana_4-395x420.jpg 395w, https:\/\/likemetkovic.hr\/portal\/wp-content\/uploads\/2016\/05\/osnovna-stjepana_4-282x300.jpg 282w, https:\/\/likemetkovic.hr\/portal\/wp-content\/uploads\/2016\/05\/osnovna-stjepana_4.jpg 768w, https:\/\/likemetkovic.hr\/portal\/wp-content\/uploads\/2016\/05\/osnovna-stjepana_4-602x640.jpg 602w, https:\/\/likemetkovic.hr\/portal\/wp-content\/uploads\/2016\/05\/osnovna-stjepana_4-696x740.jpg 696w\" sizes=\"(max-width: 395px) 100vw, 395px\" alt=\"\">\r\n                            <\/a>\r\n                            \r\n                        <\/figure>\r\n                    <\/div>\r\n                            <\/div>\r\n                        <\/div>\r\n\r\n                        <div class = \"td-doubleSlider-2\">\r\n                            <div class = \"td-slider\">\r\n                                \r\n                    <div class = \"td-button td-item1\">\r\n                        <div class = \"td-border\"><\/div>\r\n                    <\/div>\r\n                    <div class = \"td-button td-item2\">\r\n                        <div class = \"td-border\"><\/div>\r\n                    <\/div>\r\n                    <div class = \"td-button td-item3\">\r\n                        <div class = \"td-border\"><\/div>\r\n                    <\/div>\r\n                    <div class = \"td-button td-item4\">\r\n                        <div class = \"td-border\"><\/div>\r\n                    <\/div>\r\n                            <\/div>\r\n                        <\/div>\r\n\r\n                    <\/div>\r\n\r\n                <\/div>\r\n                \n","protected":false},"excerpt":{"rendered":"<p>Dr\u017eavno natjecanje iz fizike u\u010denika osnovnih i srednjih \u0161kola organizira Ministarstvo znanosti, obrazovanja i sporta Republike Hrvatske, Agencija za odgoj i obrazovanje i Hrvatsko fizikalno dru\u0161tvo. Natjecanje u znanju organizirano je u pet skupina: jedna skupina za osnovne \u0161kole (8. razred) i 4 skupine za srednje \u0161kole). Na ovogodi\u0161njem natjecanju od \u0161kolske, \u017eupanijske pa sve [&hellip;]<\/p>\n","protected":false},"author":7,"featured_media":20198,"comment_status":"open","ping_status":"open","sticky":false,"template":"","format":"standard","meta":{"footnotes":""},"categories":[283,166],"tags":[],"class_list":{"0":"post-20197","1":"post","2":"type-post","3":"status-publish","4":"format-standard","5":"has-post-thumbnail","7":"category-a","8":"category-skolstvo"},"yoast_head":"<!-- This site is optimized with the Yoast SEO plugin v25.2 - https:\/\/yoast.com\/wordpress\/plugins\/seo\/ -->\n<title>Christopher Duarte i Roko Kravar pohvaljeni na Dr\u017eavnom natjecanju iz fizike - likemetkovic.hr<\/title>\n<meta name=\"robots\" content=\"index, follow, max-snippet:-1, max-image-preview:large, max-video-preview:-1\" \/>\n<link rel=\"canonical\" href=\"https:\/\/likemetkovic.hr\/christopher-duarte-roko-kravar-pohvaljeni-drzavnom-natjecanju-iz-fizike\/\" \/>\n<meta property=\"og:locale\" content=\"hr_HR\" \/>\n<meta property=\"og:type\" content=\"article\" \/>\n<meta property=\"og:title\" content=\"Christopher Duarte i Roko Kravar pohvaljeni na Dr\u017eavnom natjecanju iz fizike - likemetkovic.hr\" \/>\n<meta property=\"og:description\" content=\"Dr\u017eavno natjecanje iz fizike u\u010denika osnovnih i srednjih \u0161kola organizira Ministarstvo znanosti, obrazovanja i sporta Republike Hrvatske, Agencija za odgoj i obrazovanje i Hrvatsko fizikalno dru\u0161tvo. Natjecanje u znanju organizirano je u pet skupina: jedna skupina za osnovne \u0161kole (8. razred) i 4 skupine za srednje \u0161kole). Na ovogodi\u0161njem natjecanju od \u0161kolske, \u017eupanijske pa sve [&hellip;]\" \/>\n<meta property=\"og:url\" content=\"https:\/\/likemetkovic.hr\/christopher-duarte-roko-kravar-pohvaljeni-drzavnom-natjecanju-iz-fizike\/\" \/>\n<meta property=\"og:site_name\" content=\"likemetkovic.hr\" \/>\n<meta property=\"article:publisher\" content=\"https:\/\/www.facebook.com\/likemetkovic.hr\/\" \/>\n<meta property=\"article:published_time\" content=\"2016-05-11T05:43:30+00:00\" \/>\n<meta property=\"og:image\" content=\"https:\/\/likemetkovic.hr\/wp-content\/uploads\/2016\/05\/osnovna-stjepana_1.jpg\" \/>\n\t<meta property=\"og:image:width\" content=\"860\" \/>\n\t<meta property=\"og:image:height\" content=\"600\" \/>\n\t<meta property=\"og:image:type\" content=\"image\/jpeg\" \/>\n<meta name=\"author\" content=\"LIKEmetkovic.hr\" \/>\n<meta name=\"twitter:card\" content=\"summary_large_image\" \/>\n<meta name=\"twitter:label1\" content=\"Napisao\/la\" \/>\n\t<meta name=\"twitter:data1\" content=\"LIKEmetkovic.hr\" \/>\n\t<meta name=\"twitter:label2\" content=\"Procijenjeno vrijeme \u010ditanja\" \/>\n\t<meta name=\"twitter:data2\" content=\"1 minuta\" \/>\n<script type=\"application\/ld+json\" class=\"yoast-schema-graph\">{\"@context\":\"https:\/\/schema.org\",\"@graph\":[{\"@type\":\"WebPage\",\"@id\":\"https:\/\/likemetkovic.hr\/christopher-duarte-roko-kravar-pohvaljeni-drzavnom-natjecanju-iz-fizike\/\",\"url\":\"https:\/\/likemetkovic.hr\/christopher-duarte-roko-kravar-pohvaljeni-drzavnom-natjecanju-iz-fizike\/\",\"name\":\"Christopher Duarte i Roko Kravar pohvaljeni na Dr\u017eavnom natjecanju iz fizike - likemetkovic.hr\",\"isPartOf\":{\"@id\":\"https:\/\/likemetkovic.hr\/#website\"},\"primaryImageOfPage\":{\"@id\":\"https:\/\/likemetkovic.hr\/christopher-duarte-roko-kravar-pohvaljeni-drzavnom-natjecanju-iz-fizike\/#primaryimage\"},\"image\":{\"@id\":\"https:\/\/likemetkovic.hr\/christopher-duarte-roko-kravar-pohvaljeni-drzavnom-natjecanju-iz-fizike\/#primaryimage\"},\"thumbnailUrl\":\"https:\/\/likemetkovic.hr\/portal\/wp-content\/uploads\/2016\/05\/osnovna-stjepana_1.jpg\",\"datePublished\":\"2016-05-11T05:43:30+00:00\",\"author\":{\"@id\":\"https:\/\/likemetkovic.hr\/#\/schema\/person\/a42711f3385a0e2be6f7e0443bfb28f0\"},\"breadcrumb\":{\"@id\":\"https:\/\/likemetkovic.hr\/christopher-duarte-roko-kravar-pohvaljeni-drzavnom-natjecanju-iz-fizike\/#breadcrumb\"},\"inLanguage\":\"hr\",\"potentialAction\":[{\"@type\":\"ReadAction\",\"target\":[\"https:\/\/likemetkovic.hr\/christopher-duarte-roko-kravar-pohvaljeni-drzavnom-natjecanju-iz-fizike\/\"]}]},{\"@type\":\"ImageObject\",\"inLanguage\":\"hr\",\"@id\":\"https:\/\/likemetkovic.hr\/christopher-duarte-roko-kravar-pohvaljeni-drzavnom-natjecanju-iz-fizike\/#primaryimage\",\"url\":\"https:\/\/likemetkovic.hr\/portal\/wp-content\/uploads\/2016\/05\/osnovna-stjepana_1.jpg\",\"contentUrl\":\"https:\/\/likemetkovic.hr\/portal\/wp-content\/uploads\/2016\/05\/osnovna-stjepana_1.jpg\",\"width\":860,\"height\":600},{\"@type\":\"BreadcrumbList\",\"@id\":\"https:\/\/likemetkovic.hr\/christopher-duarte-roko-kravar-pohvaljeni-drzavnom-natjecanju-iz-fizike\/#breadcrumb\",\"itemListElement\":[{\"@type\":\"ListItem\",\"position\":1,\"name\":\"Po\u010detna stranica\",\"item\":\"https:\/\/likemetkovic.hr\/portal\/\"},{\"@type\":\"ListItem\",\"position\":2,\"name\":\"Christopher Duarte i Roko Kravar pohvaljeni na Dr\u017eavnom natjecanju iz fizike\"}]},{\"@type\":\"WebSite\",\"@id\":\"https:\/\/likemetkovic.hr\/#website\",\"url\":\"https:\/\/likemetkovic.hr\/\",\"name\":\"likemetkovic.hr\",\"description\":\"Misli pozitivno... \u010ditaj LIKE\",\"potentialAction\":[{\"@type\":\"SearchAction\",\"target\":{\"@type\":\"EntryPoint\",\"urlTemplate\":\"https:\/\/likemetkovic.hr\/?s={search_term_string}\"},\"query-input\":{\"@type\":\"PropertyValueSpecification\",\"valueRequired\":true,\"valueName\":\"search_term_string\"}}],\"inLanguage\":\"hr\"},{\"@type\":\"Person\",\"@id\":\"https:\/\/likemetkovic.hr\/#\/schema\/person\/a42711f3385a0e2be6f7e0443bfb28f0\",\"name\":\"LIKEmetkovic.hr\",\"sameAs\":[\"http:\/\/likemetkovic.hr\"],\"url\":\"https:\/\/likemetkovic.hr\/portal\/author\/likemetkovic-hr\/\"}]}<\/script>\n<!-- \/ Yoast SEO plugin. -->","yoast_head_json":{"title":"Christopher Duarte i Roko Kravar pohvaljeni na Dr\u017eavnom natjecanju iz fizike - likemetkovic.hr","robots":{"index":"index","follow":"follow","max-snippet":"max-snippet:-1","max-image-preview":"max-image-preview:large","max-video-preview":"max-video-preview:-1"},"canonical":"https:\/\/likemetkovic.hr\/christopher-duarte-roko-kravar-pohvaljeni-drzavnom-natjecanju-iz-fizike\/","og_locale":"hr_HR","og_type":"article","og_title":"Christopher Duarte i Roko Kravar pohvaljeni na Dr\u017eavnom natjecanju iz fizike - likemetkovic.hr","og_description":"Dr\u017eavno natjecanje iz fizike u\u010denika osnovnih i srednjih \u0161kola organizira Ministarstvo znanosti, obrazovanja i sporta Republike Hrvatske, Agencija za odgoj i obrazovanje i Hrvatsko fizikalno dru\u0161tvo. Natjecanje u znanju organizirano je u pet skupina: jedna skupina za osnovne \u0161kole (8. razred) i 4 skupine za srednje \u0161kole). Na ovogodi\u0161njem natjecanju od \u0161kolske, \u017eupanijske pa sve [&hellip;]","og_url":"https:\/\/likemetkovic.hr\/christopher-duarte-roko-kravar-pohvaljeni-drzavnom-natjecanju-iz-fizike\/","og_site_name":"likemetkovic.hr","article_publisher":"https:\/\/www.facebook.com\/likemetkovic.hr\/","article_published_time":"2016-05-11T05:43:30+00:00","og_image":[{"width":860,"height":600,"url":"https:\/\/likemetkovic.hr\/wp-content\/uploads\/2016\/05\/osnovna-stjepana_1.jpg","type":"image\/jpeg"}],"author":"LIKEmetkovic.hr","twitter_card":"summary_large_image","twitter_misc":{"Napisao\/la":"LIKEmetkovic.hr","Procijenjeno vrijeme \u010ditanja":"1 minuta"},"schema":{"@context":"https:\/\/schema.org","@graph":[{"@type":"WebPage","@id":"https:\/\/likemetkovic.hr\/christopher-duarte-roko-kravar-pohvaljeni-drzavnom-natjecanju-iz-fizike\/","url":"https:\/\/likemetkovic.hr\/christopher-duarte-roko-kravar-pohvaljeni-drzavnom-natjecanju-iz-fizike\/","name":"Christopher Duarte i Roko Kravar pohvaljeni na Dr\u017eavnom natjecanju iz fizike - likemetkovic.hr","isPartOf":{"@id":"https:\/\/likemetkovic.hr\/#website"},"primaryImageOfPage":{"@id":"https:\/\/likemetkovic.hr\/christopher-duarte-roko-kravar-pohvaljeni-drzavnom-natjecanju-iz-fizike\/#primaryimage"},"image":{"@id":"https:\/\/likemetkovic.hr\/christopher-duarte-roko-kravar-pohvaljeni-drzavnom-natjecanju-iz-fizike\/#primaryimage"},"thumbnailUrl":"https:\/\/likemetkovic.hr\/portal\/wp-content\/uploads\/2016\/05\/osnovna-stjepana_1.jpg","datePublished":"2016-05-11T05:43:30+00:00","author":{"@id":"https:\/\/likemetkovic.hr\/#\/schema\/person\/a42711f3385a0e2be6f7e0443bfb28f0"},"breadcrumb":{"@id":"https:\/\/likemetkovic.hr\/christopher-duarte-roko-kravar-pohvaljeni-drzavnom-natjecanju-iz-fizike\/#breadcrumb"},"inLanguage":"hr","potentialAction":[{"@type":"ReadAction","target":["https:\/\/likemetkovic.hr\/christopher-duarte-roko-kravar-pohvaljeni-drzavnom-natjecanju-iz-fizike\/"]}]},{"@type":"ImageObject","inLanguage":"hr","@id":"https:\/\/likemetkovic.hr\/christopher-duarte-roko-kravar-pohvaljeni-drzavnom-natjecanju-iz-fizike\/#primaryimage","url":"https:\/\/likemetkovic.hr\/portal\/wp-content\/uploads\/2016\/05\/osnovna-stjepana_1.jpg","contentUrl":"https:\/\/likemetkovic.hr\/portal\/wp-content\/uploads\/2016\/05\/osnovna-stjepana_1.jpg","width":860,"height":600},{"@type":"BreadcrumbList","@id":"https:\/\/likemetkovic.hr\/christopher-duarte-roko-kravar-pohvaljeni-drzavnom-natjecanju-iz-fizike\/#breadcrumb","itemListElement":[{"@type":"ListItem","position":1,"name":"Po\u010detna stranica","item":"https:\/\/likemetkovic.hr\/portal\/"},{"@type":"ListItem","position":2,"name":"Christopher Duarte i Roko Kravar pohvaljeni na Dr\u017eavnom natjecanju iz fizike"}]},{"@type":"WebSite","@id":"https:\/\/likemetkovic.hr\/#website","url":"https:\/\/likemetkovic.hr\/","name":"likemetkovic.hr","description":"Misli pozitivno... \u010ditaj LIKE","potentialAction":[{"@type":"SearchAction","target":{"@type":"EntryPoint","urlTemplate":"https:\/\/likemetkovic.hr\/?s={search_term_string}"},"query-input":{"@type":"PropertyValueSpecification","valueRequired":true,"valueName":"search_term_string"}}],"inLanguage":"hr"},{"@type":"Person","@id":"https:\/\/likemetkovic.hr\/#\/schema\/person\/a42711f3385a0e2be6f7e0443bfb28f0","name":"LIKEmetkovic.hr","sameAs":["http:\/\/likemetkovic.hr"],"url":"https:\/\/likemetkovic.hr\/portal\/author\/likemetkovic-hr\/"}]}},"_links":{"self":[{"href":"https:\/\/likemetkovic.hr\/portal\/wp-json\/wp\/v2\/posts\/20197","targetHints":{"allow":["GET"]}}],"collection":[{"href":"https:\/\/likemetkovic.hr\/portal\/wp-json\/wp\/v2\/posts"}],"about":[{"href":"https:\/\/likemetkovic.hr\/portal\/wp-json\/wp\/v2\/types\/post"}],"author":[{"embeddable":true,"href":"https:\/\/likemetkovic.hr\/portal\/wp-json\/wp\/v2\/users\/7"}],"replies":[{"embeddable":true,"href":"https:\/\/likemetkovic.hr\/portal\/wp-json\/wp\/v2\/comments?post=20197"}],"version-history":[{"count":0,"href":"https:\/\/likemetkovic.hr\/portal\/wp-json\/wp\/v2\/posts\/20197\/revisions"}],"wp:featuredmedia":[{"embeddable":true,"href":"https:\/\/likemetkovic.hr\/portal\/wp-json\/wp\/v2\/media\/20198"}],"wp:attachment":[{"href":"https:\/\/likemetkovic.hr\/portal\/wp-json\/wp\/v2\/media?parent=20197"}],"wp:term":[{"taxonomy":"category","embeddable":true,"href":"https:\/\/likemetkovic.hr\/portal\/wp-json\/wp\/v2\/categories?post=20197"},{"taxonomy":"post_tag","embeddable":true,"href":"https:\/\/likemetkovic.hr\/portal\/wp-json\/wp\/v2\/tags?post=20197"}],"curies":[{"name":"wp","href":"https:\/\/api.w.org\/{rel}","templated":true}]}}