{"id":20362,"date":"2016-05-14T21:42:16","date_gmt":"2016-05-14T19:42:16","guid":{"rendered":"http:\/\/likemetkovic.hr\/?p=20362"},"modified":"2016-05-14T21:42:16","modified_gmt":"2016-05-14T19:42:16","slug":"foto-maturalna-zabava-66-generacije-maturanata-srednje-skole-metkovic","status":"publish","type":"post","link":"https:\/\/likemetkovic.hr\/portal\/foto-maturalna-zabava-66-generacije-maturanata-srednje-skole-metkovic\/","title":{"rendered":"FOTO Maturalna zabava 66. generacije maturanata Srednje \u0161kole Metkovi\u0107"},"content":{"rendered":"<p>Sino\u0107 je u <em>Hotelu Dalmacija<\/em>\u00a0odr\u017eana Maturalna zabava <strong>66. generacije<\/strong> maturanata<em> Srednje \u0161kole Metkovi\u0107<\/em>. Radosnu skupinu od 207 maturanata \u010dinili su\u00a0<span style=\"color: #0000ff;\"><strong>3.C\/E -automehani\u010dari\/<wbr \/>elektromehani\u010dari<\/strong><\/span> &#8211; razrednik <strong>Josip To\u0161i\u0107<\/strong> <span style=\"color: #0000ff;\"><strong>3.F-konobari\u00a0<\/strong><\/span>&#8211; razrednik\u00a0<strong>Ivan Karamati\u0107<\/strong>, <span style=\"color: #0000ff;\"><strong>4.D-Ra\u010dunalni tehni\u010dari u strojarstvu<\/strong><\/span> &#8211; razrednik\u00a0<strong>Zoran Grgi\u0107<\/strong>,\u00a0<span style=\"color: #0000ff;\"><strong>4.J -Ekonomisti<\/strong><\/span> &#8211; razrednik\u00a0<strong>Danijela Ba\u0107ilo<\/strong>, <span style=\"color: #0000ff;\"><strong>4.I -Ekonomisti<\/strong><\/span> &#8211; razrednik\u00a0<strong>Anica Golu\u017ea<\/strong>, <span style=\"color: #0000ff;\"><strong>3.H -Kuhari<\/strong><\/span> &#8211; razrednik\u00a0<strong>Petar Nikoli\u0107<\/strong> (u odsutnosti), zamjenski razrednik <strong>Zoran Martinovi\u0107<\/strong>,<span style=\"color: #0000ff;\"><strong> 4.B- Odjevni tehni\u010dari<\/strong><\/span> &#8211; razrednik\u00a0<strong>Rosanda Lovri\u0107<\/strong>,<strong>\u00a0<span style=\"color: #0000ff;\">3.A &#8211; Prodava\u010di<\/span><\/strong> &#8211; razrednik\u00a0<strong>\u017deljka Dodig<\/strong>,<strong> 4.K &#8211; <span style=\"color: #0000ff;\">Upravni referenti<\/span><\/strong> &#8211; razrednica<strong> Julija Kne\u017eevi\u0107<\/strong>, <span style=\"color: #0000ff;\"><strong>3.G &#8211; Voza\u010di motornog vozila<\/strong><\/span>&#8211; razrednik <strong>Ivan Menalo<\/strong> te<span style=\"color: #0000ff;\"><strong>\u00a03.L &#8211; pomo\u0107ni kuhari<\/strong> <\/span>&#8211; razrednik<strong> Dalibor Mateljak<\/strong>.<\/p>\n<p>Na zabavi je osim maturanata i djelatnika \u0161kole predvo\u0111enih\u00a0ravnateljem <strong>Mariom Obradovi\u0107em<\/strong> nazo\u010dila i gradona\u010delnica <strong>Katarina Ujdur.<\/strong><\/p>\n<p>Kraj svog srednjo\u0161kolskog obrazovanja maturanti i maturantice Srednje \u0161kole Metkovi\u0107\u00a0slavili su do dugo u no\u0107!<\/p>\n<p>\u010cestitamo maturantima, njihovim obiteljima, profesorima i cijeloj Srednjoj \u0161koli Metkovi\u0107!<\/p>\n\r\n                <style type=\"text\/css\">\r\n                    \r\n                    #tdi_1  .td-doubleSlider-2 .td-item1 {\r\n                        background: url(https:\/\/likemetkovic.hr\/portal\/wp-content\/uploads\/2016\/05\/3.C-E-automehani\u010dari-elektromehani\u010dari-razrednik-Josip-To\u0161i\u0107-80x60.jpg) 0 0 no-repeat;\r\n                    }\r\n                    #tdi_1  .td-doubleSlider-2 .td-item2 {\r\n                        background: url(https:\/\/likemetkovic.hr\/portal\/wp-content\/uploads\/2016\/05\/3.F-konobari-Ivan-Karamati\u0107-80x60.jpg) 0 0 no-repeat;\r\n                    }\r\n                    #tdi_1  .td-doubleSlider-2 .td-item3 {\r\n                        background: url(https:\/\/likemetkovic.hr\/portal\/wp-content\/uploads\/2016\/05\/4.D-Ra\u010dunalni-tehni\u010dari-u-strojarstvu-Zoran-Grgi\u0107-80x60.jpg) 0 0 no-repeat;\r\n                    }\r\n                    #tdi_1  .td-doubleSlider-2 .td-item4 {\r\n                        background: url(https:\/\/likemetkovic.hr\/portal\/wp-content\/uploads\/2016\/05\/maturalna-s\u0161-3.A-Prodava\u010di-\u017deljka-Dodig-80x60.jpg) 0 0 no-repeat;\r\n                    }\r\n                    #tdi_1  .td-doubleSlider-2 .td-item5 {\r\n                        background: url(https:\/\/likemetkovic.hr\/portal\/wp-content\/uploads\/2016\/05\/maturalna-s\u0161-3.G-Voza\u010di-motornog-vozila-Ivan-Menalo-80x60.jpg) 0 0 no-repeat;\r\n                    }\r\n                    #tdi_1  .td-doubleSlider-2 .td-item6 {\r\n                        background: url(https:\/\/likemetkovic.hr\/portal\/wp-content\/uploads\/2016\/05\/maturalna-s\u0161-3.H-Kuhari-Petar-Nikoli\u0107-80x60.jpg) 0 0 no-repeat;\r\n                    }\r\n                    #tdi_1  .td-doubleSlider-2 .td-item7 {\r\n                        background: url(https:\/\/likemetkovic.hr\/portal\/wp-content\/uploads\/2016\/05\/maturalna-s\u0161-3.H-Kuhari-Petar-Nikoli\u0107_zamjenski-razrednik-Zoran-Martinovi\u0107-80x60.jpg) 0 0 no-repeat;\r\n                    }\r\n                    #tdi_1  .td-doubleSlider-2 .td-item8 {\r\n                        background: url(https:\/\/likemetkovic.hr\/portal\/wp-content\/uploads\/2016\/05\/maturalna-s\u0161-4.B-Odjevni-tehni\u010dari-Rosanda-Lovri\u0107-80x60.jpg) 0 0 no-repeat;\r\n                    }\r\n                    #tdi_1  .td-doubleSlider-2 .td-item9 {\r\n                        background: url(https:\/\/likemetkovic.hr\/portal\/wp-content\/uploads\/2016\/05\/maturalna-s\u0161-4.i-Ekonomisti-Anica-Golu\u017ea-80x60.jpg) 0 0 no-repeat;\r\n                    }\r\n                    #tdi_1  .td-doubleSlider-2 .td-item10 {\r\n                        background: url(https:\/\/likemetkovic.hr\/portal\/wp-content\/uploads\/2016\/05\/maturalna-s\u0161-4.J-Ekonomisti-Danijela-Ba\u0107ilo-80x60.jpg) 0 0 no-repeat;\r\n                    }\r\n                    #tdi_1  .td-doubleSlider-2 .td-item11 {\r\n                        background: url(https:\/\/likemetkovic.hr\/portal\/wp-content\/uploads\/2016\/05\/maturalna-s\u0161-4.K-Upravni-referenti-Julija-Kne\u017eevi\u0107-80x60.jpg) 0 0 no-repeat;\r\n                    }\r\n                    #tdi_1  .td-doubleSlider-2 .td-item12 {\r\n                        background: url(https:\/\/likemetkovic.hr\/portal\/wp-content\/uploads\/2016\/05\/maturalna-s\u0161-80x60.jpg) 0 0 no-repeat;\r\n                    }\r\n                <\/style>\r\n\r\n                <div id=\"tdi_1\" class=\"td-gallery td-slide-on-2-columns\">\r\n                    <div class=\"post_td_gallery\">\r\n                        <div class=\"td-gallery-slide-top\">\r\n                           <div class=\"td-gallery-title\"><\/div>\r\n\r\n                            <div class=\"td-gallery-controls-wrapper\">\r\n                                <div class=\"td-gallery-slide-count\"><span class=\"td-gallery-slide-item-focus\">1<\/span> of 12<\/div>\r\n                                <div class=\"td-gallery-slide-prev-next-but\">\r\n                                    <i class = \"td-icon-left doubleSliderPrevButton\"><\/i>\r\n                                    <i class = \"td-icon-right doubleSliderNextButton\"><\/i>\r\n                                <\/div>\r\n                            <\/div>\r\n                        <\/div>\r\n\r\n                        <div class = \"td-doubleSlider-1 \">\r\n                            <div class = \"td-slider\">\r\n                                \r\n                    <div class = \"td-slide-item td-item1\">\r\n                        <figure class=\"td-slide-galery-figure td-slide-popup-gallery\">\r\n                            <a class=\"slide-gallery-image-link\" href=\"https:\/\/likemetkovic.hr\/portal\/wp-content\/uploads\/2016\/05\/3.C-E-automehani\u010dari-elektromehani\u010dari-razrednik-Josip-To\u0161i\u0107.jpg\" title=\"maturanti s\u0161 - 3.C-E -automehani\u010dari-elektromehani\u010dari - razrednik Josip To\u0161i\u0107\"  data-caption=\"Foto: Foto Veraja - 3.C-E -automehani\u010dari-elektromehani\u010dari\"  data-description=\"\">\r\n                                <img decoding=\"async\" src=\"https:\/\/likemetkovic.hr\/portal\/wp-content\/uploads\/2016\/05\/3.C-E-automehani\u010dari-elektromehani\u010dari-razrednik-Josip-To\u0161i\u0107-630x420.jpg\" srcset=\"https:\/\/likemetkovic.hr\/portal\/wp-content\/uploads\/2016\/05\/3.C-E-automehani\u010dari-elektromehani\u010dari-razrednik-Josip-To\u0161i\u0107-630x420.jpg 630w, https:\/\/likemetkovic.hr\/portal\/wp-content\/uploads\/2016\/05\/3.C-E-automehani\u010dari-elektromehani\u010dari-razrednik-Josip-To\u0161i\u0107-300x200.jpg 300w, https:\/\/likemetkovic.hr\/portal\/wp-content\/uploads\/2016\/05\/3.C-E-automehani\u010dari-elektromehani\u010dari-razrednik-Josip-To\u0161i\u0107-768x512.jpg 768w, https:\/\/likemetkovic.hr\/portal\/wp-content\/uploads\/2016\/05\/3.C-E-automehani\u010dari-elektromehani\u010dari-razrednik-Josip-To\u0161i\u0107-640x427.jpg 640w, https:\/\/likemetkovic.hr\/portal\/wp-content\/uploads\/2016\/05\/3.C-E-automehani\u010dari-elektromehani\u010dari-razrednik-Josip-To\u0161i\u0107-696x464.jpg 696w, https:\/\/likemetkovic.hr\/portal\/wp-content\/uploads\/2016\/05\/3.C-E-automehani\u010dari-elektromehani\u010dari-razrednik-Josip-To\u0161i\u0107.jpg 900w\" sizes=\"(max-width: 630px) 100vw, 630px\" alt=\"\">\r\n                            <\/a>\r\n                            <figcaption class = \"td-slide-caption td-gallery-slide-content\"><div class = \"td-gallery-slide-copywrite\">Foto: Foto Veraja - 3.C-E -automehani\u010dari-elektromehani\u010dari<\/div><\/figcaption>\r\n                        <\/figure>\r\n                    <\/div>\r\n                    <div class = \"td-slide-item td-item2\">\r\n                        <figure class=\"td-slide-galery-figure td-slide-popup-gallery\">\r\n                            <a class=\"slide-gallery-image-link\" href=\"https:\/\/likemetkovic.hr\/portal\/wp-content\/uploads\/2016\/05\/3.F-konobari-Ivan-Karamati\u0107.jpg\" title=\"maturanti s\u0161 - 3.F-konobari- Ivan Karamati\u0107\"  data-caption=\"Foto: Foto Veraja - 3.F-konobari\"  data-description=\"\">\r\n                                <img decoding=\"async\" src=\"https:\/\/likemetkovic.hr\/portal\/wp-content\/uploads\/2016\/05\/3.F-konobari-Ivan-Karamati\u0107-630x420.jpg\" srcset=\"https:\/\/likemetkovic.hr\/portal\/wp-content\/uploads\/2016\/05\/3.F-konobari-Ivan-Karamati\u0107-630x420.jpg 630w, https:\/\/likemetkovic.hr\/portal\/wp-content\/uploads\/2016\/05\/3.F-konobari-Ivan-Karamati\u0107-300x200.jpg 300w, https:\/\/likemetkovic.hr\/portal\/wp-content\/uploads\/2016\/05\/3.F-konobari-Ivan-Karamati\u0107-768x512.jpg 768w, https:\/\/likemetkovic.hr\/portal\/wp-content\/uploads\/2016\/05\/3.F-konobari-Ivan-Karamati\u0107-640x427.jpg 640w, https:\/\/likemetkovic.hr\/portal\/wp-content\/uploads\/2016\/05\/3.F-konobari-Ivan-Karamati\u0107-696x464.jpg 696w, https:\/\/likemetkovic.hr\/portal\/wp-content\/uploads\/2016\/05\/3.F-konobari-Ivan-Karamati\u0107.jpg 900w\" sizes=\"(max-width: 630px) 100vw, 630px\" alt=\"\">\r\n                            <\/a>\r\n                            <figcaption class = \"td-slide-caption td-gallery-slide-content\"><div class = \"td-gallery-slide-copywrite\">Foto: Foto Veraja - 3.F-konobari<\/div><\/figcaption>\r\n                        <\/figure>\r\n                    <\/div>\r\n                    <div class = \"td-slide-item td-item3\">\r\n                        <figure class=\"td-slide-galery-figure td-slide-popup-gallery\">\r\n                            <a class=\"slide-gallery-image-link\" href=\"https:\/\/likemetkovic.hr\/portal\/wp-content\/uploads\/2016\/05\/4.D-Ra\u010dunalni-tehni\u010dari-u-strojarstvu-Zoran-Grgi\u0107.jpg\" title=\"4.D-Ra\u010dunalni tehni\u010dari u strojarstvu - Zoran Grgi\u0107\"  data-caption=\"Foto: Foto Veraja - 4.D-Ra\u010dunalni tehni\u010dari u strojarstvu \"  data-description=\"\">\r\n                                <img decoding=\"async\" src=\"https:\/\/likemetkovic.hr\/portal\/wp-content\/uploads\/2016\/05\/4.D-Ra\u010dunalni-tehni\u010dari-u-strojarstvu-Zoran-Grgi\u0107-630x420.jpg\" srcset=\"https:\/\/likemetkovic.hr\/portal\/wp-content\/uploads\/2016\/05\/4.D-Ra\u010dunalni-tehni\u010dari-u-strojarstvu-Zoran-Grgi\u0107-630x420.jpg 630w, https:\/\/likemetkovic.hr\/portal\/wp-content\/uploads\/2016\/05\/4.D-Ra\u010dunalni-tehni\u010dari-u-strojarstvu-Zoran-Grgi\u0107-300x200.jpg 300w, https:\/\/likemetkovic.hr\/portal\/wp-content\/uploads\/2016\/05\/4.D-Ra\u010dunalni-tehni\u010dari-u-strojarstvu-Zoran-Grgi\u0107-768x512.jpg 768w, https:\/\/likemetkovic.hr\/portal\/wp-content\/uploads\/2016\/05\/4.D-Ra\u010dunalni-tehni\u010dari-u-strojarstvu-Zoran-Grgi\u0107-640x427.jpg 640w, https:\/\/likemetkovic.hr\/portal\/wp-content\/uploads\/2016\/05\/4.D-Ra\u010dunalni-tehni\u010dari-u-strojarstvu-Zoran-Grgi\u0107-696x464.jpg 696w, https:\/\/likemetkovic.hr\/portal\/wp-content\/uploads\/2016\/05\/4.D-Ra\u010dunalni-tehni\u010dari-u-strojarstvu-Zoran-Grgi\u0107.jpg 900w\" sizes=\"(max-width: 630px) 100vw, 630px\" alt=\"\">\r\n                            <\/a>\r\n                            <figcaption class = \"td-slide-caption td-gallery-slide-content\"><div class = \"td-gallery-slide-copywrite\">Foto: Foto Veraja - 4.D-Ra\u010dunalni tehni\u010dari u strojarstvu <\/div><\/figcaption>\r\n                        <\/figure>\r\n                    <\/div>\r\n                    <div class = \"td-slide-item td-item4\">\r\n                        <figure class=\"td-slide-galery-figure td-slide-popup-gallery\">\r\n                            <a class=\"slide-gallery-image-link\" href=\"https:\/\/likemetkovic.hr\/portal\/wp-content\/uploads\/2016\/05\/maturalna-s\u0161-3.A-Prodava\u010di-\u017deljka-Dodig.jpg\" title=\"maturalna s\u0161 3.A - Prodava\u010di - \u017deljka Dodig\"  data-caption=\"Foto: Foto Veraja - 3.A - Prodava\u010di\"  data-description=\"\">\r\n                                <img decoding=\"async\" src=\"https:\/\/likemetkovic.hr\/portal\/wp-content\/uploads\/2016\/05\/maturalna-s\u0161-3.A-Prodava\u010di-\u017deljka-Dodig-631x420.jpg\" srcset=\"https:\/\/likemetkovic.hr\/portal\/wp-content\/uploads\/2016\/05\/maturalna-s\u0161-3.A-Prodava\u010di-\u017deljka-Dodig-631x420.jpg 631w, https:\/\/likemetkovic.hr\/portal\/wp-content\/uploads\/2016\/05\/maturalna-s\u0161-3.A-Prodava\u010di-\u017deljka-Dodig-300x200.jpg 300w, https:\/\/likemetkovic.hr\/portal\/wp-content\/uploads\/2016\/05\/maturalna-s\u0161-3.A-Prodava\u010di-\u017deljka-Dodig-768x511.jpg 768w, https:\/\/likemetkovic.hr\/portal\/wp-content\/uploads\/2016\/05\/maturalna-s\u0161-3.A-Prodava\u010di-\u017deljka-Dodig-640x426.jpg 640w, https:\/\/likemetkovic.hr\/portal\/wp-content\/uploads\/2016\/05\/maturalna-s\u0161-3.A-Prodava\u010di-\u017deljka-Dodig-696x463.jpg 696w, https:\/\/likemetkovic.hr\/portal\/wp-content\/uploads\/2016\/05\/maturalna-s\u0161-3.A-Prodava\u010di-\u017deljka-Dodig.jpg 902w\" sizes=\"(max-width: 631px) 100vw, 631px\" alt=\"\">\r\n                            <\/a>\r\n                            <figcaption class = \"td-slide-caption td-gallery-slide-content\"><div class = \"td-gallery-slide-copywrite\">Foto: Foto Veraja - 3.A - Prodava\u010di<\/div><\/figcaption>\r\n                        <\/figure>\r\n                    <\/div>\r\n                    <div class = \"td-slide-item td-item5\">\r\n                        <figure class=\"td-slide-galery-figure td-slide-popup-gallery\">\r\n                            <a class=\"slide-gallery-image-link\" href=\"https:\/\/likemetkovic.hr\/portal\/wp-content\/uploads\/2016\/05\/maturalna-s\u0161-3.G-Voza\u010di-motornog-vozila-Ivan-Menalo.jpg\" title=\"maturalna s\u0161 3.G - Voza\u010di motornog vozila-Ivan Menalo\"  data-caption=\"Foto: Foto Veraja - 3.G - Voza\u010di motornog vozila\"  data-description=\"\">\r\n                                <img decoding=\"async\" src=\"https:\/\/likemetkovic.hr\/portal\/wp-content\/uploads\/2016\/05\/maturalna-s\u0161-3.G-Voza\u010di-motornog-vozila-Ivan-Menalo-630x420.jpg\" srcset=\"https:\/\/likemetkovic.hr\/portal\/wp-content\/uploads\/2016\/05\/maturalna-s\u0161-3.G-Voza\u010di-motornog-vozila-Ivan-Menalo-630x420.jpg 630w, https:\/\/likemetkovic.hr\/portal\/wp-content\/uploads\/2016\/05\/maturalna-s\u0161-3.G-Voza\u010di-motornog-vozila-Ivan-Menalo-300x200.jpg 300w, https:\/\/likemetkovic.hr\/portal\/wp-content\/uploads\/2016\/05\/maturalna-s\u0161-3.G-Voza\u010di-motornog-vozila-Ivan-Menalo-768x512.jpg 768w, https:\/\/likemetkovic.hr\/portal\/wp-content\/uploads\/2016\/05\/maturalna-s\u0161-3.G-Voza\u010di-motornog-vozila-Ivan-Menalo-640x427.jpg 640w, https:\/\/likemetkovic.hr\/portal\/wp-content\/uploads\/2016\/05\/maturalna-s\u0161-3.G-Voza\u010di-motornog-vozila-Ivan-Menalo-696x464.jpg 696w, https:\/\/likemetkovic.hr\/portal\/wp-content\/uploads\/2016\/05\/maturalna-s\u0161-3.G-Voza\u010di-motornog-vozila-Ivan-Menalo.jpg 900w\" sizes=\"(max-width: 630px) 100vw, 630px\" alt=\"\">\r\n                            <\/a>\r\n                            <figcaption class = \"td-slide-caption td-gallery-slide-content\"><div class = \"td-gallery-slide-copywrite\">Foto: Foto Veraja - 3.G - Voza\u010di motornog vozila<\/div><\/figcaption>\r\n                        <\/figure>\r\n                    <\/div>\r\n                    <div class = \"td-slide-item td-item6\">\r\n                        <figure class=\"td-slide-galery-figure td-slide-popup-gallery\">\r\n                            <a class=\"slide-gallery-image-link\" href=\"https:\/\/likemetkovic.hr\/portal\/wp-content\/uploads\/2016\/05\/maturalna-s\u0161-3.H-Kuhari-Petar-Nikoli\u0107.jpg\" title=\"maturalna s\u0161 3.H -Kuhari - Petar Nikoli\u0107\"  data-caption=\"Foto: Foto Veraja - 3.H -Kuhari\"  data-description=\"\">\r\n                                <img decoding=\"async\" src=\"https:\/\/likemetkovic.hr\/portal\/wp-content\/uploads\/2016\/05\/maturalna-s\u0161-3.H-Kuhari-Petar-Nikoli\u0107-630x420.jpg\" srcset=\"https:\/\/likemetkovic.hr\/portal\/wp-content\/uploads\/2016\/05\/maturalna-s\u0161-3.H-Kuhari-Petar-Nikoli\u0107-630x420.jpg 630w, https:\/\/likemetkovic.hr\/portal\/wp-content\/uploads\/2016\/05\/maturalna-s\u0161-3.H-Kuhari-Petar-Nikoli\u0107-300x200.jpg 300w, https:\/\/likemetkovic.hr\/portal\/wp-content\/uploads\/2016\/05\/maturalna-s\u0161-3.H-Kuhari-Petar-Nikoli\u0107-768x512.jpg 768w, https:\/\/likemetkovic.hr\/portal\/wp-content\/uploads\/2016\/05\/maturalna-s\u0161-3.H-Kuhari-Petar-Nikoli\u0107-640x427.jpg 640w, https:\/\/likemetkovic.hr\/portal\/wp-content\/uploads\/2016\/05\/maturalna-s\u0161-3.H-Kuhari-Petar-Nikoli\u0107-696x464.jpg 696w, https:\/\/likemetkovic.hr\/portal\/wp-content\/uploads\/2016\/05\/maturalna-s\u0161-3.H-Kuhari-Petar-Nikoli\u0107.jpg 900w\" sizes=\"(max-width: 630px) 100vw, 630px\" alt=\"\">\r\n                            <\/a>\r\n                            <figcaption class = \"td-slide-caption td-gallery-slide-content\"><div class = \"td-gallery-slide-copywrite\">Foto: Foto Veraja - 3.H -Kuhari<\/div><\/figcaption>\r\n                        <\/figure>\r\n                    <\/div>\r\n                    <div class = \"td-slide-item td-item7\">\r\n                        <figure class=\"td-slide-galery-figure td-slide-popup-gallery\">\r\n                            <a class=\"slide-gallery-image-link\" href=\"https:\/\/likemetkovic.hr\/portal\/wp-content\/uploads\/2016\/05\/maturalna-s\u0161-3.H-Kuhari-Petar-Nikoli\u0107_zamjenski-razrednik-Zoran-Martinovi\u0107.jpg\" title=\"maturalna s\u0161 3.H -Kuhari - Petar Nikoli\u0107_zamjenski razrednik Zoran Martinovi\u0107\"  data-caption=\"Foto: Foto Veraja -  3.H -Kuhari\"  data-description=\"\">\r\n                                <img decoding=\"async\" src=\"https:\/\/likemetkovic.hr\/portal\/wp-content\/uploads\/2016\/05\/maturalna-s\u0161-3.H-Kuhari-Petar-Nikoli\u0107_zamjenski-razrednik-Zoran-Martinovi\u0107-630x420.jpg\" srcset=\"https:\/\/likemetkovic.hr\/portal\/wp-content\/uploads\/2016\/05\/maturalna-s\u0161-3.H-Kuhari-Petar-Nikoli\u0107_zamjenski-razrednik-Zoran-Martinovi\u0107-630x420.jpg 630w, https:\/\/likemetkovic.hr\/portal\/wp-content\/uploads\/2016\/05\/maturalna-s\u0161-3.H-Kuhari-Petar-Nikoli\u0107_zamjenski-razrednik-Zoran-Martinovi\u0107-300x200.jpg 300w, https:\/\/likemetkovic.hr\/portal\/wp-content\/uploads\/2016\/05\/maturalna-s\u0161-3.H-Kuhari-Petar-Nikoli\u0107_zamjenski-razrednik-Zoran-Martinovi\u0107-768x512.jpg 768w, https:\/\/likemetkovic.hr\/portal\/wp-content\/uploads\/2016\/05\/maturalna-s\u0161-3.H-Kuhari-Petar-Nikoli\u0107_zamjenski-razrednik-Zoran-Martinovi\u0107-640x427.jpg 640w, https:\/\/likemetkovic.hr\/portal\/wp-content\/uploads\/2016\/05\/maturalna-s\u0161-3.H-Kuhari-Petar-Nikoli\u0107_zamjenski-razrednik-Zoran-Martinovi\u0107-696x464.jpg 696w, https:\/\/likemetkovic.hr\/portal\/wp-content\/uploads\/2016\/05\/maturalna-s\u0161-3.H-Kuhari-Petar-Nikoli\u0107_zamjenski-razrednik-Zoran-Martinovi\u0107.jpg 900w\" sizes=\"(max-width: 630px) 100vw, 630px\" alt=\"\">\r\n                            <\/a>\r\n                            <figcaption class = \"td-slide-caption td-gallery-slide-content\"><div class = \"td-gallery-slide-copywrite\">Foto: Foto Veraja -  3.H -Kuhari<\/div><\/figcaption>\r\n                        <\/figure>\r\n                    <\/div>\r\n                    <div class = \"td-slide-item td-item8\">\r\n                        <figure class=\"td-slide-galery-figure td-slide-popup-gallery\">\r\n                            <a class=\"slide-gallery-image-link\" href=\"https:\/\/likemetkovic.hr\/portal\/wp-content\/uploads\/2016\/05\/maturalna-s\u0161-4.B-Odjevni-tehni\u010dari-Rosanda-Lovri\u0107.jpg\" title=\"maturalna s\u0161 4.B- Odjevni tehni\u010dari - Rosanda Lovri\u0107\"  data-caption=\"Foto: Foto Veraja -  4.B- Odjevni tehni\u010dari\"  data-description=\"\">\r\n                                <img decoding=\"async\" src=\"https:\/\/likemetkovic.hr\/portal\/wp-content\/uploads\/2016\/05\/maturalna-s\u0161-4.B-Odjevni-tehni\u010dari-Rosanda-Lovri\u0107-630x420.jpg\" srcset=\"https:\/\/likemetkovic.hr\/portal\/wp-content\/uploads\/2016\/05\/maturalna-s\u0161-4.B-Odjevni-tehni\u010dari-Rosanda-Lovri\u0107-630x420.jpg 630w, https:\/\/likemetkovic.hr\/portal\/wp-content\/uploads\/2016\/05\/maturalna-s\u0161-4.B-Odjevni-tehni\u010dari-Rosanda-Lovri\u0107-300x200.jpg 300w, https:\/\/likemetkovic.hr\/portal\/wp-content\/uploads\/2016\/05\/maturalna-s\u0161-4.B-Odjevni-tehni\u010dari-Rosanda-Lovri\u0107-768x512.jpg 768w, https:\/\/likemetkovic.hr\/portal\/wp-content\/uploads\/2016\/05\/maturalna-s\u0161-4.B-Odjevni-tehni\u010dari-Rosanda-Lovri\u0107-640x427.jpg 640w, https:\/\/likemetkovic.hr\/portal\/wp-content\/uploads\/2016\/05\/maturalna-s\u0161-4.B-Odjevni-tehni\u010dari-Rosanda-Lovri\u0107-696x464.jpg 696w, https:\/\/likemetkovic.hr\/portal\/wp-content\/uploads\/2016\/05\/maturalna-s\u0161-4.B-Odjevni-tehni\u010dari-Rosanda-Lovri\u0107.jpg 900w\" sizes=\"(max-width: 630px) 100vw, 630px\" alt=\"\">\r\n                            <\/a>\r\n                            <figcaption class = \"td-slide-caption td-gallery-slide-content\"><div class = \"td-gallery-slide-copywrite\">Foto: Foto Veraja -  4.B- Odjevni tehni\u010dari<\/div><\/figcaption>\r\n                        <\/figure>\r\n                    <\/div>\r\n                    <div class = \"td-slide-item td-item9\">\r\n                        <figure class=\"td-slide-galery-figure td-slide-popup-gallery\">\r\n                            <a class=\"slide-gallery-image-link\" href=\"https:\/\/likemetkovic.hr\/portal\/wp-content\/uploads\/2016\/05\/maturalna-s\u0161-4.i-Ekonomisti-Anica-Golu\u017ea.jpg\" title=\"maturalna s\u0161 4.i -Ekonomisti - Anica Golu\u017ea\"  data-caption=\"Foto: Foto Veraja - 4.I -Ekonomisti \"  data-description=\"\">\r\n                                <img decoding=\"async\" src=\"https:\/\/likemetkovic.hr\/portal\/wp-content\/uploads\/2016\/05\/maturalna-s\u0161-4.i-Ekonomisti-Anica-Golu\u017ea-630x420.jpg\" srcset=\"https:\/\/likemetkovic.hr\/portal\/wp-content\/uploads\/2016\/05\/maturalna-s\u0161-4.i-Ekonomisti-Anica-Golu\u017ea-630x420.jpg 630w, https:\/\/likemetkovic.hr\/portal\/wp-content\/uploads\/2016\/05\/maturalna-s\u0161-4.i-Ekonomisti-Anica-Golu\u017ea-300x200.jpg 300w, https:\/\/likemetkovic.hr\/portal\/wp-content\/uploads\/2016\/05\/maturalna-s\u0161-4.i-Ekonomisti-Anica-Golu\u017ea-768x512.jpg 768w, https:\/\/likemetkovic.hr\/portal\/wp-content\/uploads\/2016\/05\/maturalna-s\u0161-4.i-Ekonomisti-Anica-Golu\u017ea-640x427.jpg 640w, https:\/\/likemetkovic.hr\/portal\/wp-content\/uploads\/2016\/05\/maturalna-s\u0161-4.i-Ekonomisti-Anica-Golu\u017ea-696x464.jpg 696w, https:\/\/likemetkovic.hr\/portal\/wp-content\/uploads\/2016\/05\/maturalna-s\u0161-4.i-Ekonomisti-Anica-Golu\u017ea.jpg 900w\" sizes=\"(max-width: 630px) 100vw, 630px\" alt=\"\">\r\n                            <\/a>\r\n                            <figcaption class = \"td-slide-caption td-gallery-slide-content\"><div class = \"td-gallery-slide-copywrite\">Foto: Foto Veraja - 4.I -Ekonomisti <\/div><\/figcaption>\r\n                        <\/figure>\r\n                    <\/div>\r\n                    <div class = \"td-slide-item td-item10\">\r\n                        <figure class=\"td-slide-galery-figure td-slide-popup-gallery\">\r\n                            <a class=\"slide-gallery-image-link\" href=\"https:\/\/likemetkovic.hr\/portal\/wp-content\/uploads\/2016\/05\/maturalna-s\u0161-4.J-Ekonomisti-Danijela-Ba\u0107ilo.jpg\" title=\"maturalna s\u0161- 4.J -Ekonomisti -Danijela Ba\u0107ilo\"  data-caption=\"Foto: Foto Veraja - 4.J -Ekonomisti \"  data-description=\"\">\r\n                                <img decoding=\"async\" src=\"https:\/\/likemetkovic.hr\/portal\/wp-content\/uploads\/2016\/05\/maturalna-s\u0161-4.J-Ekonomisti-Danijela-Ba\u0107ilo-630x420.jpg\" srcset=\"https:\/\/likemetkovic.hr\/portal\/wp-content\/uploads\/2016\/05\/maturalna-s\u0161-4.J-Ekonomisti-Danijela-Ba\u0107ilo-630x420.jpg 630w, https:\/\/likemetkovic.hr\/portal\/wp-content\/uploads\/2016\/05\/maturalna-s\u0161-4.J-Ekonomisti-Danijela-Ba\u0107ilo-300x200.jpg 300w, https:\/\/likemetkovic.hr\/portal\/wp-content\/uploads\/2016\/05\/maturalna-s\u0161-4.J-Ekonomisti-Danijela-Ba\u0107ilo-768x512.jpg 768w, https:\/\/likemetkovic.hr\/portal\/wp-content\/uploads\/2016\/05\/maturalna-s\u0161-4.J-Ekonomisti-Danijela-Ba\u0107ilo-640x427.jpg 640w, https:\/\/likemetkovic.hr\/portal\/wp-content\/uploads\/2016\/05\/maturalna-s\u0161-4.J-Ekonomisti-Danijela-Ba\u0107ilo-696x464.jpg 696w, https:\/\/likemetkovic.hr\/portal\/wp-content\/uploads\/2016\/05\/maturalna-s\u0161-4.J-Ekonomisti-Danijela-Ba\u0107ilo.jpg 900w\" sizes=\"(max-width: 630px) 100vw, 630px\" alt=\"\">\r\n                            <\/a>\r\n                            <figcaption class = \"td-slide-caption td-gallery-slide-content\"><div class = \"td-gallery-slide-copywrite\">Foto: Foto Veraja - 4.J -Ekonomisti <\/div><\/figcaption>\r\n                        <\/figure>\r\n                    <\/div>\r\n                    <div class = \"td-slide-item td-item11\">\r\n                        <figure class=\"td-slide-galery-figure td-slide-popup-gallery\">\r\n                            <a class=\"slide-gallery-image-link\" href=\"https:\/\/likemetkovic.hr\/portal\/wp-content\/uploads\/2016\/05\/maturalna-s\u0161-4.K-Upravni-referenti-Julija-Kne\u017eevi\u0107.jpg\" title=\"maturalna s\u0161 4.K - Upravni referenti - Julija Kne\u017eevi\u0107\"  data-caption=\"Foto: Foto Veraja - 4.K - Upravni referenti\"  data-description=\"\">\r\n                                <img decoding=\"async\" src=\"https:\/\/likemetkovic.hr\/portal\/wp-content\/uploads\/2016\/05\/maturalna-s\u0161-4.K-Upravni-referenti-Julija-Kne\u017eevi\u0107-630x420.jpg\" srcset=\"https:\/\/likemetkovic.hr\/portal\/wp-content\/uploads\/2016\/05\/maturalna-s\u0161-4.K-Upravni-referenti-Julija-Kne\u017eevi\u0107-630x420.jpg 630w, https:\/\/likemetkovic.hr\/portal\/wp-content\/uploads\/2016\/05\/maturalna-s\u0161-4.K-Upravni-referenti-Julija-Kne\u017eevi\u0107-300x200.jpg 300w, https:\/\/likemetkovic.hr\/portal\/wp-content\/uploads\/2016\/05\/maturalna-s\u0161-4.K-Upravni-referenti-Julija-Kne\u017eevi\u0107-768x512.jpg 768w, https:\/\/likemetkovic.hr\/portal\/wp-content\/uploads\/2016\/05\/maturalna-s\u0161-4.K-Upravni-referenti-Julija-Kne\u017eevi\u0107-640x427.jpg 640w, https:\/\/likemetkovic.hr\/portal\/wp-content\/uploads\/2016\/05\/maturalna-s\u0161-4.K-Upravni-referenti-Julija-Kne\u017eevi\u0107-696x464.jpg 696w, https:\/\/likemetkovic.hr\/portal\/wp-content\/uploads\/2016\/05\/maturalna-s\u0161-4.K-Upravni-referenti-Julija-Kne\u017eevi\u0107.jpg 900w\" sizes=\"(max-width: 630px) 100vw, 630px\" alt=\"\">\r\n                            <\/a>\r\n                            <figcaption class = \"td-slide-caption td-gallery-slide-content\"><div class = \"td-gallery-slide-copywrite\">Foto: Foto Veraja - 4.K - Upravni referenti<\/div><\/figcaption>\r\n                        <\/figure>\r\n                    <\/div>\r\n                    <div class = \"td-slide-item td-item12\">\r\n                        <figure class=\"td-slide-galery-figure td-slide-popup-gallery\">\r\n                            <a class=\"slide-gallery-image-link\" href=\"https:\/\/likemetkovic.hr\/portal\/wp-content\/uploads\/2016\/05\/maturalna-s\u0161.jpg\" title=\"maturalna s\u0161\"  data-caption=\"Foto: Foto Veraja\"  data-description=\"\">\r\n                                <img decoding=\"async\" src=\"https:\/\/likemetkovic.hr\/portal\/wp-content\/uploads\/2016\/05\/maturalna-s\u0161-630x420.jpg\" srcset=\"https:\/\/likemetkovic.hr\/portal\/wp-content\/uploads\/2016\/05\/maturalna-s\u0161-630x420.jpg 630w, https:\/\/likemetkovic.hr\/portal\/wp-content\/uploads\/2016\/05\/maturalna-s\u0161-300x200.jpg 300w, https:\/\/likemetkovic.hr\/portal\/wp-content\/uploads\/2016\/05\/maturalna-s\u0161-768x512.jpg 768w, https:\/\/likemetkovic.hr\/portal\/wp-content\/uploads\/2016\/05\/maturalna-s\u0161-640x427.jpg 640w, https:\/\/likemetkovic.hr\/portal\/wp-content\/uploads\/2016\/05\/maturalna-s\u0161-696x464.jpg 696w, https:\/\/likemetkovic.hr\/portal\/wp-content\/uploads\/2016\/05\/maturalna-s\u0161.jpg 900w\" sizes=\"(max-width: 630px) 100vw, 630px\" alt=\"\">\r\n                            <\/a>\r\n                            <figcaption class = \"td-slide-caption td-gallery-slide-content\"><div class = \"td-gallery-slide-copywrite\">Foto: Foto Veraja<\/div><\/figcaption>\r\n                        <\/figure>\r\n                    <\/div>\r\n                            <\/div>\r\n                        <\/div>\r\n\r\n                        <div class = \"td-doubleSlider-2\">\r\n                            <div class = \"td-slider\">\r\n                                \r\n                    <div class = \"td-button td-item1\">\r\n                        <div class = \"td-border\"><\/div>\r\n                    <\/div>\r\n                    <div class = \"td-button td-item2\">\r\n                        <div class = \"td-border\"><\/div>\r\n                    <\/div>\r\n                    <div class = \"td-button td-item3\">\r\n                        <div class = \"td-border\"><\/div>\r\n                    <\/div>\r\n                    <div class = \"td-button td-item4\">\r\n                        <div class = \"td-border\"><\/div>\r\n                    <\/div>\r\n                    <div class = \"td-button td-item5\">\r\n                        <div class = \"td-border\"><\/div>\r\n                    <\/div>\r\n                    <div class = \"td-button td-item6\">\r\n                        <div class = \"td-border\"><\/div>\r\n                    <\/div>\r\n                    <div class = \"td-button td-item7\">\r\n                        <div class = \"td-border\"><\/div>\r\n                    <\/div>\r\n                    <div class = \"td-button td-item8\">\r\n                        <div class = \"td-border\"><\/div>\r\n                    <\/div>\r\n                    <div class = \"td-button td-item9\">\r\n                        <div class = \"td-border\"><\/div>\r\n                    <\/div>\r\n                    <div class = \"td-button td-item10\">\r\n                        <div class = \"td-border\"><\/div>\r\n                    <\/div>\r\n                    <div class = \"td-button td-item11\">\r\n                        <div class = \"td-border\"><\/div>\r\n                    <\/div>\r\n                    <div class = \"td-button td-item12\">\r\n                        <div class = \"td-border\"><\/div>\r\n                    <\/div>\r\n                            <\/div>\r\n                        <\/div>\r\n\r\n                    <\/div>\r\n\r\n                <\/div>\r\n                \n","protected":false},"excerpt":{"rendered":"<p>Sino\u0107 je u Hotelu Dalmacija\u00a0odr\u017eana Maturalna zabava 66. generacije maturanata Srednje \u0161kole Metkovi\u0107. Radosnu skupinu od 207 maturanata \u010dinili su\u00a03.C\/E -automehani\u010dari\/elektromehani\u010dari &#8211; razrednik Josip To\u0161i\u0107 3.F-konobari\u00a0&#8211; razrednik\u00a0Ivan Karamati\u0107, 4.D-Ra\u010dunalni tehni\u010dari u strojarstvu &#8211; razrednik\u00a0Zoran Grgi\u0107,\u00a04.J -Ekonomisti &#8211; razrednik\u00a0Danijela Ba\u0107ilo, 4.I -Ekonomisti &#8211; razrednik\u00a0Anica Golu\u017ea, 3.H -Kuhari &#8211; razrednik\u00a0Petar Nikoli\u0107 (u odsutnosti), zamjenski razrednik Zoran Martinovi\u0107, [&hellip;]<\/p>\n","protected":false},"author":7,"featured_media":20374,"comment_status":"open","ping_status":"open","sticky":false,"template":"","format":"standard","meta":{"footnotes":""},"categories":[283,11,166],"tags":[],"class_list":{"0":"post-20362","1":"post","2":"type-post","3":"status-publish","4":"format-standard","5":"has-post-thumbnail","7":"category-a","8":"category-metkovic-dolina","9":"category-skolstvo"},"yoast_head":"<!-- This site is optimized with the Yoast SEO plugin v25.2 - https:\/\/yoast.com\/wordpress\/plugins\/seo\/ -->\n<title>FOTO Maturalna zabava 66. generacije maturanata Srednje \u0161kole Metkovi\u0107 - likemetkovic.hr<\/title>\n<meta name=\"robots\" content=\"index, follow, max-snippet:-1, max-image-preview:large, max-video-preview:-1\" \/>\n<link rel=\"canonical\" href=\"https:\/\/likemetkovic.hr\/foto-maturalna-zabava-66-generacije-maturanata-srednje-skole-metkovic\/\" \/>\n<meta property=\"og:locale\" content=\"hr_HR\" \/>\n<meta property=\"og:type\" content=\"article\" \/>\n<meta property=\"og:title\" content=\"FOTO Maturalna zabava 66. generacije maturanata Srednje \u0161kole Metkovi\u0107 - likemetkovic.hr\" \/>\n<meta property=\"og:description\" content=\"Sino\u0107 je u Hotelu Dalmacija\u00a0odr\u017eana Maturalna zabava 66. generacije maturanata Srednje \u0161kole Metkovi\u0107. Radosnu skupinu od 207 maturanata \u010dinili su\u00a03.C\/E -automehani\u010dari\/elektromehani\u010dari &#8211; razrednik Josip To\u0161i\u0107 3.F-konobari\u00a0&#8211; razrednik\u00a0Ivan Karamati\u0107, 4.D-Ra\u010dunalni tehni\u010dari u strojarstvu &#8211; razrednik\u00a0Zoran Grgi\u0107,\u00a04.J -Ekonomisti &#8211; razrednik\u00a0Danijela Ba\u0107ilo, 4.I -Ekonomisti &#8211; razrednik\u00a0Anica Golu\u017ea, 3.H -Kuhari &#8211; razrednik\u00a0Petar Nikoli\u0107 (u odsutnosti), zamjenski razrednik Zoran Martinovi\u0107, [&hellip;]\" \/>\n<meta property=\"og:url\" content=\"https:\/\/likemetkovic.hr\/foto-maturalna-zabava-66-generacije-maturanata-srednje-skole-metkovic\/\" \/>\n<meta property=\"og:site_name\" content=\"likemetkovic.hr\" \/>\n<meta property=\"article:publisher\" content=\"https:\/\/www.facebook.com\/likemetkovic.hr\/\" \/>\n<meta property=\"article:published_time\" content=\"2016-05-14T19:42:16+00:00\" \/>\n<meta property=\"og:image\" content=\"https:\/\/likemetkovic.hr\/wp-content\/uploads\/2016\/05\/maturalna-s\u0161.jpg\" \/>\n\t<meta property=\"og:image:width\" content=\"900\" \/>\n\t<meta property=\"og:image:height\" content=\"600\" \/>\n\t<meta property=\"og:image:type\" content=\"image\/jpeg\" \/>\n<meta name=\"author\" content=\"LIKEmetkovic.hr\" \/>\n<meta name=\"twitter:card\" content=\"summary_large_image\" \/>\n<meta name=\"twitter:label1\" content=\"Napisao\/la\" \/>\n\t<meta name=\"twitter:data1\" content=\"LIKEmetkovic.hr\" \/>\n\t<meta name=\"twitter:label2\" content=\"Procijenjeno vrijeme \u010ditanja\" \/>\n\t<meta name=\"twitter:data2\" content=\"1 minuta\" \/>\n<script type=\"application\/ld+json\" class=\"yoast-schema-graph\">{\"@context\":\"https:\/\/schema.org\",\"@graph\":[{\"@type\":\"WebPage\",\"@id\":\"https:\/\/likemetkovic.hr\/foto-maturalna-zabava-66-generacije-maturanata-srednje-skole-metkovic\/\",\"url\":\"https:\/\/likemetkovic.hr\/foto-maturalna-zabava-66-generacije-maturanata-srednje-skole-metkovic\/\",\"name\":\"FOTO Maturalna zabava 66. generacije maturanata Srednje \u0161kole Metkovi\u0107 - likemetkovic.hr\",\"isPartOf\":{\"@id\":\"https:\/\/likemetkovic.hr\/#website\"},\"primaryImageOfPage\":{\"@id\":\"https:\/\/likemetkovic.hr\/foto-maturalna-zabava-66-generacije-maturanata-srednje-skole-metkovic\/#primaryimage\"},\"image\":{\"@id\":\"https:\/\/likemetkovic.hr\/foto-maturalna-zabava-66-generacije-maturanata-srednje-skole-metkovic\/#primaryimage\"},\"thumbnailUrl\":\"https:\/\/likemetkovic.hr\/portal\/wp-content\/uploads\/2016\/05\/maturalna-s\u0161.jpg\",\"datePublished\":\"2016-05-14T19:42:16+00:00\",\"author\":{\"@id\":\"https:\/\/likemetkovic.hr\/#\/schema\/person\/a42711f3385a0e2be6f7e0443bfb28f0\"},\"breadcrumb\":{\"@id\":\"https:\/\/likemetkovic.hr\/foto-maturalna-zabava-66-generacije-maturanata-srednje-skole-metkovic\/#breadcrumb\"},\"inLanguage\":\"hr\",\"potentialAction\":[{\"@type\":\"ReadAction\",\"target\":[\"https:\/\/likemetkovic.hr\/foto-maturalna-zabava-66-generacije-maturanata-srednje-skole-metkovic\/\"]}]},{\"@type\":\"ImageObject\",\"inLanguage\":\"hr\",\"@id\":\"https:\/\/likemetkovic.hr\/foto-maturalna-zabava-66-generacije-maturanata-srednje-skole-metkovic\/#primaryimage\",\"url\":\"https:\/\/likemetkovic.hr\/portal\/wp-content\/uploads\/2016\/05\/maturalna-s\u0161.jpg\",\"contentUrl\":\"https:\/\/likemetkovic.hr\/portal\/wp-content\/uploads\/2016\/05\/maturalna-s\u0161.jpg\",\"width\":900,\"height\":600,\"caption\":\"Foto: Foto Veraja\"},{\"@type\":\"BreadcrumbList\",\"@id\":\"https:\/\/likemetkovic.hr\/foto-maturalna-zabava-66-generacije-maturanata-srednje-skole-metkovic\/#breadcrumb\",\"itemListElement\":[{\"@type\":\"ListItem\",\"position\":1,\"name\":\"Po\u010detna stranica\",\"item\":\"https:\/\/likemetkovic.hr\/portal\/\"},{\"@type\":\"ListItem\",\"position\":2,\"name\":\"FOTO Maturalna zabava 66. generacije maturanata Srednje \u0161kole Metkovi\u0107\"}]},{\"@type\":\"WebSite\",\"@id\":\"https:\/\/likemetkovic.hr\/#website\",\"url\":\"https:\/\/likemetkovic.hr\/\",\"name\":\"likemetkovic.hr\",\"description\":\"Misli pozitivno... \u010ditaj LIKE\",\"potentialAction\":[{\"@type\":\"SearchAction\",\"target\":{\"@type\":\"EntryPoint\",\"urlTemplate\":\"https:\/\/likemetkovic.hr\/?s={search_term_string}\"},\"query-input\":{\"@type\":\"PropertyValueSpecification\",\"valueRequired\":true,\"valueName\":\"search_term_string\"}}],\"inLanguage\":\"hr\"},{\"@type\":\"Person\",\"@id\":\"https:\/\/likemetkovic.hr\/#\/schema\/person\/a42711f3385a0e2be6f7e0443bfb28f0\",\"name\":\"LIKEmetkovic.hr\",\"sameAs\":[\"http:\/\/likemetkovic.hr\"],\"url\":\"https:\/\/likemetkovic.hr\/portal\/author\/likemetkovic-hr\/\"}]}<\/script>\n<!-- \/ Yoast SEO plugin. -->","yoast_head_json":{"title":"FOTO Maturalna zabava 66. generacije maturanata Srednje \u0161kole Metkovi\u0107 - likemetkovic.hr","robots":{"index":"index","follow":"follow","max-snippet":"max-snippet:-1","max-image-preview":"max-image-preview:large","max-video-preview":"max-video-preview:-1"},"canonical":"https:\/\/likemetkovic.hr\/foto-maturalna-zabava-66-generacije-maturanata-srednje-skole-metkovic\/","og_locale":"hr_HR","og_type":"article","og_title":"FOTO Maturalna zabava 66. generacije maturanata Srednje \u0161kole Metkovi\u0107 - likemetkovic.hr","og_description":"Sino\u0107 je u Hotelu Dalmacija\u00a0odr\u017eana Maturalna zabava 66. generacije maturanata Srednje \u0161kole Metkovi\u0107. Radosnu skupinu od 207 maturanata \u010dinili su\u00a03.C\/E -automehani\u010dari\/elektromehani\u010dari &#8211; razrednik Josip To\u0161i\u0107 3.F-konobari\u00a0&#8211; razrednik\u00a0Ivan Karamati\u0107, 4.D-Ra\u010dunalni tehni\u010dari u strojarstvu &#8211; razrednik\u00a0Zoran Grgi\u0107,\u00a04.J -Ekonomisti &#8211; razrednik\u00a0Danijela Ba\u0107ilo, 4.I -Ekonomisti &#8211; razrednik\u00a0Anica Golu\u017ea, 3.H -Kuhari &#8211; razrednik\u00a0Petar Nikoli\u0107 (u odsutnosti), zamjenski razrednik Zoran Martinovi\u0107, [&hellip;]","og_url":"https:\/\/likemetkovic.hr\/foto-maturalna-zabava-66-generacije-maturanata-srednje-skole-metkovic\/","og_site_name":"likemetkovic.hr","article_publisher":"https:\/\/www.facebook.com\/likemetkovic.hr\/","article_published_time":"2016-05-14T19:42:16+00:00","og_image":[{"width":900,"height":600,"url":"https:\/\/likemetkovic.hr\/wp-content\/uploads\/2016\/05\/maturalna-s\u0161.jpg","type":"image\/jpeg"}],"author":"LIKEmetkovic.hr","twitter_card":"summary_large_image","twitter_misc":{"Napisao\/la":"LIKEmetkovic.hr","Procijenjeno vrijeme \u010ditanja":"1 minuta"},"schema":{"@context":"https:\/\/schema.org","@graph":[{"@type":"WebPage","@id":"https:\/\/likemetkovic.hr\/foto-maturalna-zabava-66-generacije-maturanata-srednje-skole-metkovic\/","url":"https:\/\/likemetkovic.hr\/foto-maturalna-zabava-66-generacije-maturanata-srednje-skole-metkovic\/","name":"FOTO Maturalna zabava 66. generacije maturanata Srednje \u0161kole Metkovi\u0107 - likemetkovic.hr","isPartOf":{"@id":"https:\/\/likemetkovic.hr\/#website"},"primaryImageOfPage":{"@id":"https:\/\/likemetkovic.hr\/foto-maturalna-zabava-66-generacije-maturanata-srednje-skole-metkovic\/#primaryimage"},"image":{"@id":"https:\/\/likemetkovic.hr\/foto-maturalna-zabava-66-generacije-maturanata-srednje-skole-metkovic\/#primaryimage"},"thumbnailUrl":"https:\/\/likemetkovic.hr\/portal\/wp-content\/uploads\/2016\/05\/maturalna-s\u0161.jpg","datePublished":"2016-05-14T19:42:16+00:00","author":{"@id":"https:\/\/likemetkovic.hr\/#\/schema\/person\/a42711f3385a0e2be6f7e0443bfb28f0"},"breadcrumb":{"@id":"https:\/\/likemetkovic.hr\/foto-maturalna-zabava-66-generacije-maturanata-srednje-skole-metkovic\/#breadcrumb"},"inLanguage":"hr","potentialAction":[{"@type":"ReadAction","target":["https:\/\/likemetkovic.hr\/foto-maturalna-zabava-66-generacije-maturanata-srednje-skole-metkovic\/"]}]},{"@type":"ImageObject","inLanguage":"hr","@id":"https:\/\/likemetkovic.hr\/foto-maturalna-zabava-66-generacije-maturanata-srednje-skole-metkovic\/#primaryimage","url":"https:\/\/likemetkovic.hr\/portal\/wp-content\/uploads\/2016\/05\/maturalna-s\u0161.jpg","contentUrl":"https:\/\/likemetkovic.hr\/portal\/wp-content\/uploads\/2016\/05\/maturalna-s\u0161.jpg","width":900,"height":600,"caption":"Foto: Foto Veraja"},{"@type":"BreadcrumbList","@id":"https:\/\/likemetkovic.hr\/foto-maturalna-zabava-66-generacije-maturanata-srednje-skole-metkovic\/#breadcrumb","itemListElement":[{"@type":"ListItem","position":1,"name":"Po\u010detna stranica","item":"https:\/\/likemetkovic.hr\/portal\/"},{"@type":"ListItem","position":2,"name":"FOTO Maturalna zabava 66. generacije maturanata Srednje \u0161kole Metkovi\u0107"}]},{"@type":"WebSite","@id":"https:\/\/likemetkovic.hr\/#website","url":"https:\/\/likemetkovic.hr\/","name":"likemetkovic.hr","description":"Misli pozitivno... \u010ditaj LIKE","potentialAction":[{"@type":"SearchAction","target":{"@type":"EntryPoint","urlTemplate":"https:\/\/likemetkovic.hr\/?s={search_term_string}"},"query-input":{"@type":"PropertyValueSpecification","valueRequired":true,"valueName":"search_term_string"}}],"inLanguage":"hr"},{"@type":"Person","@id":"https:\/\/likemetkovic.hr\/#\/schema\/person\/a42711f3385a0e2be6f7e0443bfb28f0","name":"LIKEmetkovic.hr","sameAs":["http:\/\/likemetkovic.hr"],"url":"https:\/\/likemetkovic.hr\/portal\/author\/likemetkovic-hr\/"}]}},"_links":{"self":[{"href":"https:\/\/likemetkovic.hr\/portal\/wp-json\/wp\/v2\/posts\/20362","targetHints":{"allow":["GET"]}}],"collection":[{"href":"https:\/\/likemetkovic.hr\/portal\/wp-json\/wp\/v2\/posts"}],"about":[{"href":"https:\/\/likemetkovic.hr\/portal\/wp-json\/wp\/v2\/types\/post"}],"author":[{"embeddable":true,"href":"https:\/\/likemetkovic.hr\/portal\/wp-json\/wp\/v2\/users\/7"}],"replies":[{"embeddable":true,"href":"https:\/\/likemetkovic.hr\/portal\/wp-json\/wp\/v2\/comments?post=20362"}],"version-history":[{"count":0,"href":"https:\/\/likemetkovic.hr\/portal\/wp-json\/wp\/v2\/posts\/20362\/revisions"}],"wp:featuredmedia":[{"embeddable":true,"href":"https:\/\/likemetkovic.hr\/portal\/wp-json\/wp\/v2\/media\/20374"}],"wp:attachment":[{"href":"https:\/\/likemetkovic.hr\/portal\/wp-json\/wp\/v2\/media?parent=20362"}],"wp:term":[{"taxonomy":"category","embeddable":true,"href":"https:\/\/likemetkovic.hr\/portal\/wp-json\/wp\/v2\/categories?post=20362"},{"taxonomy":"post_tag","embeddable":true,"href":"https:\/\/likemetkovic.hr\/portal\/wp-json\/wp\/v2\/tags?post=20362"}],"curies":[{"name":"wp","href":"https:\/\/api.w.org\/{rel}","templated":true}]}}