{"id":20911,"date":"2016-05-24T10:41:13","date_gmt":"2016-05-24T08:41:13","guid":{"rendered":"http:\/\/likemetkovic.hr\/?p=20911"},"modified":"2018-06-02T17:42:13","modified_gmt":"2018-06-02T15:42:13","slug":"sierpinski-carpet-uciteljica-marijana-curic-sudjelovala-predstavljanju-projekta-spanjolskoj","status":"publish","type":"post","link":"https:\/\/likemetkovic.hr\/portal\/sierpinski-carpet-uciteljica-marijana-curic-sudjelovala-predstavljanju-projekta-spanjolskoj\/","title":{"rendered":"SIERPINSKI CARPET: U\u010diteljica Marijana Curi\u0107 sudjelovala na predstavljanju projekta u \u0160panjolskoj"},"content":{"rendered":"<p>Zavr\u0161nica\u00a0 svjetskoga matemati\u010dkog projekta\u00a0 Sierpinski \u00a0Carpet\u00a0 odr\u017eala se 13. svibnja 2016. godine u Pala\u010di Municipal de los Juegos \u00a0Mediterr\u00e1neos, u Almer\u00edji (\u0160panjolska) od 10 do 14 sati. Organizator sve\u010danosti je Sveu\u010dili\u0161te\u00a0 u Almeriji, a\u00a0 <strong>jedina hrvatska predstavnica bila je u\u010diteljica Marijana Curi\u0107, koordinatorica projekta za O\u0160 Stjepana Radi\u0107a<\/strong>. Ovim doga\u0111ajem slavilo se 100 godina opisivanja ovog \u010duvenog fraktala. U projektu je sudjelovalo 32 000 u\u010denika diljem svijeta, a u\u010ditelji i u\u010denici koji su sudjelovali u zavr\u0161nom doga\u0111aju zajedno su sastavili \u00a07. iteraciju projekta \u010dija je duljina stranice 43, 7 m, a sastoji se od 512 kvadrata\u00a0 4.iteracije. U\u010denici O\u0160 Stjepana Radi\u0107a su napravili svoj dio koji je ve\u0107 ranije poslan na Sveu\u010dili\u0161te u Almeriji. Na taj su na\u010din pridonijeli stvaranju ovoga ogromnog \u00a0fraktala za koji je Sveu\u010dili\u0161te u Almeriji\u00a0 podnijelo zahtjev za\u00a0 Ginesovu knjigu rekorda.<\/p>\n<p>Fotografije i\u00a0 video materijali s doga\u0111aja mogu se prona\u0107i na mre\u017enoj stranici Sveu\u010dili\u0161ta <u><a href=\"https:\/\/topologia.wordpress.com\/2016\/05\/16\/sierpinskialmeria\/\">https:\/\/topologia.wordpress.com\/2016\/0\/16\/sierpinskialmeria\/<\/a><\/u><a href=\"https:\/\/topologia.wordpress.com\/2016\/05\/16\/sierpinskialmeria\/\">\u00a0<\/a> te na\u00a0 Facebook stranici Sierpinski Carpet\u00a0 i eTwinning stranici projekta.<\/p>\n<p>Osim stvaranja fraktala\u00a0 7. iteracije program je sadr\u017eavao i aktivnosti stvaranja fraktala. Sa svih strana dvorane u\u010denici i u\u010ditelji iz raznih \u0161kola izra\u0111ivali su razli\u010dite fraktalne oblike od raznih materijala.<\/p>\n<p>U holu pala\u010de\u00a0 postavljena je izlo\u017eba fotografija\u00a0 prvih \u0161est iteracije koje su izradili u\u010denici diljem svijeta me\u0111u kojima je predstavljena fotografija i\u00a0 4. c razreda u\u010diteljice Marijane Curi\u0107 s izra\u0111enom drugom iteracijom.<\/p>\n<p>U\u010diteljica Marijana Curi\u0107 imala je kratko predstavljanje projektnih aktivnosti O\u0160 Stjepana Radi\u0107a na engleskom jeziku uz prikaz filma u kojem su u\u010denici, sudionici projekta, izrazili svoj do\u017eivljaj projektnih aktivnosti te uputili Almeriji i svim prisutnima na velikom doga\u0111aju pozdrave iz Hrvatske i iz na\u0161e \u0161kole.<\/p>\n<div class=\"youtube-embed\" data-video_id=\"o838FkONRzw\"><iframe title=\"O\u0160 Stjepana Radi\u0107a Metkovi\u0107, Sierpinski Carpet\" width=\"696\" height=\"392\" src=\"https:\/\/www.youtube.com\/embed\/o838FkONRzw?feature=oembed&#038;enablejsapi=1\" frameborder=\"0\" allow=\"accelerometer; autoplay; encrypted-media; gyroscope; picture-in-picture\" allowfullscreen><\/iframe><\/div>\n<p>Sve\u010danosti na Sveu\u010dili\u0161tu nazo\u010dili su i u\u010ditelji\u00a0 iz Srbije, Poljske, Njema\u010dke i \u0160panjolske, a cijeli doga\u0111aj je TV Broadcast prenosio\u00a0 u\u017eivo.<\/p>\n<p>Video kamerom snimljen je fraktal sedme iteracije te je doga\u0111aj zavr\u0161en u 14 sati.<\/p>\n<p>Osim zavr\u0161nog doga\u0111aja, za vrijeme svog boravka u Almeriji u\u010diteljica Marijana Curi\u0107 posjetila je \u0161kolu San Fernando i Sveu\u010dili\u0161te u Almeriji te je s voditeljicom projekta Sierpinski\u00a0 Carpet na eTwinningu Dolores Jimenez Cardenas u dva 4. razreda radila radionice Sierpinsi Triangle (Sierpinski trokut). Istim su radovima u\u010denici tih razreda na zavr\u0161nom doga\u0111aju slo\u017eili veliki fraktal.<\/p>\n<p>U\u010diteljica Marijana se zahvaljuje O\u0160 Stjepana Radi\u0107a na podr\u0161ci u radu na projektu i materijalima za rad na projektnim aktivnostima te gradu Metkovi\u0107u i Sveu\u010dili\u0161tu u Almeriji na sufinanciranju odlaska u Almeriju i boravka u istom gradu za vrijeme projektnih zbivanja i zavr\u0161nih doga\u0111aja Sierpinski Carpet projekta.<\/p>\n\r\n                <style type=\"text\/css\">\r\n                    \r\n                    #tdi_1  .td-doubleSlider-2 .td-item1 {\r\n                        background: url(https:\/\/likemetkovic.hr\/portal\/wp-content\/uploads\/2016\/05\/Paco-Agis-Torres.jpg-14-80x60.jpg) 0 0 no-repeat;\r\n                    }\r\n                    #tdi_1  .td-doubleSlider-2 .td-item2 {\r\n                        background: url(https:\/\/likemetkovic.hr\/portal\/wp-content\/uploads\/2016\/05\/slika-3-80x60.jpg) 0 0 no-repeat;\r\n                    }\r\n                    #tdi_1  .td-doubleSlider-2 .td-item3 {\r\n                        background: url(https:\/\/likemetkovic.hr\/portal\/wp-content\/uploads\/2016\/05\/slika-7-80x60.jpg) 0 0 no-repeat;\r\n                    }\r\n                    #tdi_1  .td-doubleSlider-2 .td-item4 {\r\n                        background: url(https:\/\/likemetkovic.hr\/portal\/wp-content\/uploads\/2016\/05\/slika-8-80x60.jpg) 0 0 no-repeat;\r\n                    }\r\n                    #tdi_1  .td-doubleSlider-2 .td-item5 {\r\n                        background: url(https:\/\/likemetkovic.hr\/portal\/wp-content\/uploads\/2016\/05\/slika-20-80x60.jpg) 0 0 no-repeat;\r\n                    }\r\n                <\/style>\r\n\r\n                <div id=\"tdi_1\" class=\"td-gallery td-slide-on-2-columns\">\r\n                    <div class=\"post_td_gallery\">\r\n                        <div class=\"td-gallery-slide-top\">\r\n                           <div class=\"td-gallery-title\"><\/div>\r\n\r\n                            <div class=\"td-gallery-controls-wrapper\">\r\n                                <div class=\"td-gallery-slide-count\"><span class=\"td-gallery-slide-item-focus\">1<\/span> of 5<\/div>\r\n                                <div class=\"td-gallery-slide-prev-next-but\">\r\n                                    <i class = \"td-icon-left doubleSliderPrevButton\"><\/i>\r\n                                    <i class = \"td-icon-right doubleSliderNextButton\"><\/i>\r\n                                <\/div>\r\n                            <\/div>\r\n                        <\/div>\r\n\r\n                        <div class = \"td-doubleSlider-1 \">\r\n                            <div class = \"td-slider\">\r\n                                \r\n                    <div class = \"td-slide-item td-item1\">\r\n                        <figure class=\"td-slide-galery-figure td-slide-popup-gallery\">\r\n                            <a class=\"slide-gallery-image-link\" href=\"https:\/\/likemetkovic.hr\/portal\/wp-content\/uploads\/2016\/05\/Paco-Agis-Torres.jpg-14.jpg\" title=\"Paco Agis Torres.jpg 14\"  data-caption=\"\"  data-description=\"\">\r\n                                <img decoding=\"async\" src=\"https:\/\/likemetkovic.hr\/portal\/wp-content\/uploads\/2016\/05\/Paco-Agis-Torres.jpg-14-630x420.jpg\" srcset=\"https:\/\/likemetkovic.hr\/portal\/wp-content\/uploads\/2016\/05\/Paco-Agis-Torres.jpg-14-630x420.jpg 630w, https:\/\/likemetkovic.hr\/portal\/wp-content\/uploads\/2016\/05\/Paco-Agis-Torres.jpg-14-300x200.jpg 300w, https:\/\/likemetkovic.hr\/portal\/wp-content\/uploads\/2016\/05\/Paco-Agis-Torres.jpg-14-768x512.jpg 768w, https:\/\/likemetkovic.hr\/portal\/wp-content\/uploads\/2016\/05\/Paco-Agis-Torres.jpg-14-640x427.jpg 640w, https:\/\/likemetkovic.hr\/portal\/wp-content\/uploads\/2016\/05\/Paco-Agis-Torres.jpg-14-696x464.jpg 696w, https:\/\/likemetkovic.hr\/portal\/wp-content\/uploads\/2016\/05\/Paco-Agis-Torres.jpg-14.jpg 960w\" sizes=\"(max-width: 630px) 100vw, 630px\" alt=\"\">\r\n                            <\/a>\r\n                            \r\n                        <\/figure>\r\n                    <\/div>\r\n                    <div class = \"td-slide-item td-item2\">\r\n                        <figure class=\"td-slide-galery-figure td-slide-popup-gallery\">\r\n                            <a class=\"slide-gallery-image-link\" href=\"https:\/\/likemetkovic.hr\/portal\/wp-content\/uploads\/2016\/05\/slika-3.jpg\" title=\"slika 3\"  data-caption=\"\"  data-description=\"\">\r\n                                <img decoding=\"async\" src=\"https:\/\/likemetkovic.hr\/portal\/wp-content\/uploads\/2016\/05\/slika-3-700x420.jpg\" srcset=\"https:\/\/likemetkovic.hr\/portal\/wp-content\/uploads\/2016\/05\/slika-3-700x420.jpg 700w, https:\/\/likemetkovic.hr\/portal\/wp-content\/uploads\/2016\/05\/slika-3-300x180.jpg 300w, https:\/\/likemetkovic.hr\/portal\/wp-content\/uploads\/2016\/05\/slika-3-768x461.jpg 768w, https:\/\/likemetkovic.hr\/portal\/wp-content\/uploads\/2016\/05\/slika-3-640x384.jpg 640w, https:\/\/likemetkovic.hr\/portal\/wp-content\/uploads\/2016\/05\/slika-3-696x418.jpg 696w, https:\/\/likemetkovic.hr\/portal\/wp-content\/uploads\/2016\/05\/slika-3.jpg 900w\" sizes=\"(max-width: 700px) 100vw, 700px\" alt=\"\">\r\n                            <\/a>\r\n                            \r\n                        <\/figure>\r\n                    <\/div>\r\n                    <div class = \"td-slide-item td-item3\">\r\n                        <figure class=\"td-slide-galery-figure td-slide-popup-gallery\">\r\n                            <a class=\"slide-gallery-image-link\" href=\"https:\/\/likemetkovic.hr\/portal\/wp-content\/uploads\/2016\/05\/slika-7.jpg\" title=\"slika 7\"  data-caption=\"\"  data-description=\"\">\r\n                                <img decoding=\"async\" src=\"https:\/\/likemetkovic.hr\/portal\/wp-content\/uploads\/2016\/05\/slika-7-605x420.jpg\" srcset=\"https:\/\/likemetkovic.hr\/portal\/wp-content\/uploads\/2016\/05\/slika-7-605x420.jpg 605w, https:\/\/likemetkovic.hr\/portal\/wp-content\/uploads\/2016\/05\/slika-7-300x208.jpg 300w, https:\/\/likemetkovic.hr\/portal\/wp-content\/uploads\/2016\/05\/slika-7-768x533.jpg 768w, https:\/\/likemetkovic.hr\/portal\/wp-content\/uploads\/2016\/05\/slika-7-640x444.jpg 640w, https:\/\/likemetkovic.hr\/portal\/wp-content\/uploads\/2016\/05\/slika-7-100x70.jpg 100w, https:\/\/likemetkovic.hr\/portal\/wp-content\/uploads\/2016\/05\/slika-7-218x150.jpg 218w, https:\/\/likemetkovic.hr\/portal\/wp-content\/uploads\/2016\/05\/slika-7-696x483.jpg 696w, https:\/\/likemetkovic.hr\/portal\/wp-content\/uploads\/2016\/05\/slika-7.jpg 864w\" sizes=\"(max-width: 605px) 100vw, 605px\" alt=\"\">\r\n                            <\/a>\r\n                            \r\n                        <\/figure>\r\n                    <\/div>\r\n                    <div class = \"td-slide-item td-item4\">\r\n                        <figure class=\"td-slide-galery-figure td-slide-popup-gallery\">\r\n                            <a class=\"slide-gallery-image-link\" href=\"https:\/\/likemetkovic.hr\/portal\/wp-content\/uploads\/2016\/05\/slika-8.jpg\" title=\"slika 8\"  data-caption=\"\"  data-description=\"\">\r\n                                <img decoding=\"async\" src=\"https:\/\/likemetkovic.hr\/portal\/wp-content\/uploads\/2016\/05\/slika-8-700x420.jpg\" srcset=\"https:\/\/likemetkovic.hr\/portal\/wp-content\/uploads\/2016\/05\/slika-8-700x420.jpg 700w, https:\/\/likemetkovic.hr\/portal\/wp-content\/uploads\/2016\/05\/slika-8-300x180.jpg 300w, https:\/\/likemetkovic.hr\/portal\/wp-content\/uploads\/2016\/05\/slika-8-768x461.jpg 768w, https:\/\/likemetkovic.hr\/portal\/wp-content\/uploads\/2016\/05\/slika-8-640x384.jpg 640w, https:\/\/likemetkovic.hr\/portal\/wp-content\/uploads\/2016\/05\/slika-8-696x418.jpg 696w, https:\/\/likemetkovic.hr\/portal\/wp-content\/uploads\/2016\/05\/slika-8-1068x641.jpg 1068w\" sizes=\"(max-width: 700px) 100vw, 700px\" alt=\"\">\r\n                            <\/a>\r\n                            \r\n                        <\/figure>\r\n                    <\/div>\r\n                    <div class = \"td-slide-item td-item5\">\r\n                        <figure class=\"td-slide-galery-figure td-slide-popup-gallery\">\r\n                            <a class=\"slide-gallery-image-link\" href=\"https:\/\/likemetkovic.hr\/portal\/wp-content\/uploads\/2016\/05\/slika-20.jpg\" title=\"slika 20\"  data-caption=\"\"  data-description=\"\">\r\n                                <img decoding=\"async\" src=\"https:\/\/likemetkovic.hr\/portal\/wp-content\/uploads\/2016\/05\/slika-20-315x420.jpg\" srcset=\"https:\/\/likemetkovic.hr\/portal\/wp-content\/uploads\/2016\/05\/slika-20-315x420.jpg 315w, https:\/\/likemetkovic.hr\/portal\/wp-content\/uploads\/2016\/05\/slika-20-225x300.jpg 225w, https:\/\/likemetkovic.hr\/portal\/wp-content\/uploads\/2016\/05\/slika-20-480x640.jpg 480w, https:\/\/likemetkovic.hr\/portal\/wp-content\/uploads\/2016\/05\/slika-20.jpg 600w\" sizes=\"(max-width: 315px) 100vw, 315px\" alt=\"\">\r\n                            <\/a>\r\n                            \r\n                        <\/figure>\r\n                    <\/div>\r\n                            <\/div>\r\n                        <\/div>\r\n\r\n                        <div class = \"td-doubleSlider-2\">\r\n                            <div class = \"td-slider\">\r\n                                \r\n                    <div class = \"td-button td-item1\">\r\n                        <div class = \"td-border\"><\/div>\r\n                    <\/div>\r\n                    <div class = \"td-button td-item2\">\r\n                        <div class = \"td-border\"><\/div>\r\n                    <\/div>\r\n                    <div class = \"td-button td-item3\">\r\n                        <div class = \"td-border\"><\/div>\r\n                    <\/div>\r\n                    <div class = \"td-button td-item4\">\r\n                        <div class = \"td-border\"><\/div>\r\n                    <\/div>\r\n                    <div class = \"td-button td-item5\">\r\n                        <div class = \"td-border\"><\/div>\r\n                    <\/div>\r\n                            <\/div>\r\n                        <\/div>\r\n\r\n                    <\/div>\r\n\r\n                <\/div>\r\n                \n<p>&nbsp;<\/p>\n","protected":false},"excerpt":{"rendered":"<p>Zavr\u0161nica\u00a0 svjetskoga matemati\u010dkog projekta\u00a0 Sierpinski \u00a0Carpet\u00a0 odr\u017eala se 13. svibnja 2016. godine u Pala\u010di Municipal de los Juegos \u00a0Mediterr\u00e1neos, u Almer\u00edji (\u0160panjolska) od 10 do 14 sati. Organizator sve\u010danosti je Sveu\u010dili\u0161te\u00a0 u Almeriji, a\u00a0 jedina hrvatska predstavnica bila je u\u010diteljica Marijana Curi\u0107, koordinatorica projekta za O\u0160 Stjepana Radi\u0107a. Ovim doga\u0111ajem slavilo se 100 godina opisivanja [&hellip;]<\/p>\n","protected":false},"author":7,"featured_media":20916,"comment_status":"open","ping_status":"open","sticky":false,"template":"","format":"standard","meta":{"footnotes":""},"categories":[283,166],"tags":[],"class_list":{"0":"post-20911","1":"post","2":"type-post","3":"status-publish","4":"format-standard","5":"has-post-thumbnail","7":"category-a","8":"category-skolstvo"},"yoast_head":"<!-- This site is optimized with the Yoast SEO plugin v25.2 - https:\/\/yoast.com\/wordpress\/plugins\/seo\/ -->\n<title>SIERPINSKI CARPET: U\u010diteljica Marijana Curi\u0107 sudjelovala na predstavljanju projekta u \u0160panjolskoj - likemetkovic.hr<\/title>\n<meta name=\"robots\" content=\"index, follow, max-snippet:-1, max-image-preview:large, max-video-preview:-1\" \/>\n<link rel=\"canonical\" href=\"https:\/\/likemetkovic.hr\/sierpinski-carpet-uciteljica-marijana-curic-sudjelovala-predstavljanju-projekta-spanjolskoj\/\" \/>\n<meta property=\"og:locale\" content=\"hr_HR\" \/>\n<meta property=\"og:type\" content=\"article\" \/>\n<meta property=\"og:title\" content=\"SIERPINSKI CARPET: U\u010diteljica Marijana Curi\u0107 sudjelovala na predstavljanju projekta u \u0160panjolskoj - likemetkovic.hr\" \/>\n<meta property=\"og:description\" content=\"Zavr\u0161nica\u00a0 svjetskoga matemati\u010dkog projekta\u00a0 Sierpinski \u00a0Carpet\u00a0 odr\u017eala se 13. svibnja 2016. godine u Pala\u010di Municipal de los Juegos \u00a0Mediterr\u00e1neos, u Almer\u00edji (\u0160panjolska) od 10 do 14 sati. Organizator sve\u010danosti je Sveu\u010dili\u0161te\u00a0 u Almeriji, a\u00a0 jedina hrvatska predstavnica bila je u\u010diteljica Marijana Curi\u0107, koordinatorica projekta za O\u0160 Stjepana Radi\u0107a. Ovim doga\u0111ajem slavilo se 100 godina opisivanja [&hellip;]\" \/>\n<meta property=\"og:url\" content=\"https:\/\/likemetkovic.hr\/sierpinski-carpet-uciteljica-marijana-curic-sudjelovala-predstavljanju-projekta-spanjolskoj\/\" \/>\n<meta property=\"og:site_name\" content=\"likemetkovic.hr\" \/>\n<meta property=\"article:publisher\" content=\"https:\/\/www.facebook.com\/likemetkovic.hr\/\" \/>\n<meta property=\"article:published_time\" content=\"2016-05-24T08:41:13+00:00\" \/>\n<meta property=\"article:modified_time\" content=\"2018-06-02T15:42:13+00:00\" \/>\n<meta property=\"og:image\" content=\"https:\/\/likemetkovic.hr\/wp-content\/uploads\/2016\/05\/slika-7.jpg\" \/>\n\t<meta property=\"og:image:width\" content=\"864\" \/>\n\t<meta property=\"og:image:height\" content=\"600\" \/>\n\t<meta property=\"og:image:type\" content=\"image\/jpeg\" \/>\n<meta name=\"author\" content=\"LIKEmetkovic.hr\" \/>\n<meta name=\"twitter:card\" content=\"summary_large_image\" \/>\n<meta name=\"twitter:label1\" content=\"Napisao\/la\" \/>\n\t<meta name=\"twitter:data1\" content=\"LIKEmetkovic.hr\" \/>\n\t<meta name=\"twitter:label2\" content=\"Procijenjeno vrijeme \u010ditanja\" \/>\n\t<meta name=\"twitter:data2\" content=\"2 minute\" \/>\n<script type=\"application\/ld+json\" class=\"yoast-schema-graph\">{\"@context\":\"https:\/\/schema.org\",\"@graph\":[{\"@type\":\"WebPage\",\"@id\":\"https:\/\/likemetkovic.hr\/sierpinski-carpet-uciteljica-marijana-curic-sudjelovala-predstavljanju-projekta-spanjolskoj\/\",\"url\":\"https:\/\/likemetkovic.hr\/sierpinski-carpet-uciteljica-marijana-curic-sudjelovala-predstavljanju-projekta-spanjolskoj\/\",\"name\":\"SIERPINSKI CARPET: U\u010diteljica Marijana Curi\u0107 sudjelovala na predstavljanju projekta u \u0160panjolskoj - likemetkovic.hr\",\"isPartOf\":{\"@id\":\"https:\/\/likemetkovic.hr\/#website\"},\"primaryImageOfPage\":{\"@id\":\"https:\/\/likemetkovic.hr\/sierpinski-carpet-uciteljica-marijana-curic-sudjelovala-predstavljanju-projekta-spanjolskoj\/#primaryimage\"},\"image\":{\"@id\":\"https:\/\/likemetkovic.hr\/sierpinski-carpet-uciteljica-marijana-curic-sudjelovala-predstavljanju-projekta-spanjolskoj\/#primaryimage\"},\"thumbnailUrl\":\"https:\/\/likemetkovic.hr\/portal\/wp-content\/uploads\/2016\/05\/slika-7.jpg\",\"datePublished\":\"2016-05-24T08:41:13+00:00\",\"dateModified\":\"2018-06-02T15:42:13+00:00\",\"author\":{\"@id\":\"https:\/\/likemetkovic.hr\/#\/schema\/person\/a42711f3385a0e2be6f7e0443bfb28f0\"},\"breadcrumb\":{\"@id\":\"https:\/\/likemetkovic.hr\/sierpinski-carpet-uciteljica-marijana-curic-sudjelovala-predstavljanju-projekta-spanjolskoj\/#breadcrumb\"},\"inLanguage\":\"hr\",\"potentialAction\":[{\"@type\":\"ReadAction\",\"target\":[\"https:\/\/likemetkovic.hr\/sierpinski-carpet-uciteljica-marijana-curic-sudjelovala-predstavljanju-projekta-spanjolskoj\/\"]}]},{\"@type\":\"ImageObject\",\"inLanguage\":\"hr\",\"@id\":\"https:\/\/likemetkovic.hr\/sierpinski-carpet-uciteljica-marijana-curic-sudjelovala-predstavljanju-projekta-spanjolskoj\/#primaryimage\",\"url\":\"https:\/\/likemetkovic.hr\/portal\/wp-content\/uploads\/2016\/05\/slika-7.jpg\",\"contentUrl\":\"https:\/\/likemetkovic.hr\/portal\/wp-content\/uploads\/2016\/05\/slika-7.jpg\",\"width\":864,\"height\":600},{\"@type\":\"BreadcrumbList\",\"@id\":\"https:\/\/likemetkovic.hr\/sierpinski-carpet-uciteljica-marijana-curic-sudjelovala-predstavljanju-projekta-spanjolskoj\/#breadcrumb\",\"itemListElement\":[{\"@type\":\"ListItem\",\"position\":1,\"name\":\"Po\u010detna stranica\",\"item\":\"https:\/\/likemetkovic.hr\/portal\/\"},{\"@type\":\"ListItem\",\"position\":2,\"name\":\"SIERPINSKI CARPET: U\u010diteljica Marijana Curi\u0107 sudjelovala na predstavljanju projekta u \u0160panjolskoj\"}]},{\"@type\":\"WebSite\",\"@id\":\"https:\/\/likemetkovic.hr\/#website\",\"url\":\"https:\/\/likemetkovic.hr\/\",\"name\":\"likemetkovic.hr\",\"description\":\"Misli pozitivno... \u010ditaj LIKE\",\"potentialAction\":[{\"@type\":\"SearchAction\",\"target\":{\"@type\":\"EntryPoint\",\"urlTemplate\":\"https:\/\/likemetkovic.hr\/?s={search_term_string}\"},\"query-input\":{\"@type\":\"PropertyValueSpecification\",\"valueRequired\":true,\"valueName\":\"search_term_string\"}}],\"inLanguage\":\"hr\"},{\"@type\":\"Person\",\"@id\":\"https:\/\/likemetkovic.hr\/#\/schema\/person\/a42711f3385a0e2be6f7e0443bfb28f0\",\"name\":\"LIKEmetkovic.hr\",\"sameAs\":[\"http:\/\/likemetkovic.hr\"],\"url\":\"https:\/\/likemetkovic.hr\/portal\/author\/likemetkovic-hr\/\"}]}<\/script>\n<!-- \/ Yoast SEO plugin. -->","yoast_head_json":{"title":"SIERPINSKI CARPET: U\u010diteljica Marijana Curi\u0107 sudjelovala na predstavljanju projekta u \u0160panjolskoj - likemetkovic.hr","robots":{"index":"index","follow":"follow","max-snippet":"max-snippet:-1","max-image-preview":"max-image-preview:large","max-video-preview":"max-video-preview:-1"},"canonical":"https:\/\/likemetkovic.hr\/sierpinski-carpet-uciteljica-marijana-curic-sudjelovala-predstavljanju-projekta-spanjolskoj\/","og_locale":"hr_HR","og_type":"article","og_title":"SIERPINSKI CARPET: U\u010diteljica Marijana Curi\u0107 sudjelovala na predstavljanju projekta u \u0160panjolskoj - likemetkovic.hr","og_description":"Zavr\u0161nica\u00a0 svjetskoga matemati\u010dkog projekta\u00a0 Sierpinski \u00a0Carpet\u00a0 odr\u017eala se 13. svibnja 2016. godine u Pala\u010di Municipal de los Juegos \u00a0Mediterr\u00e1neos, u Almer\u00edji (\u0160panjolska) od 10 do 14 sati. Organizator sve\u010danosti je Sveu\u010dili\u0161te\u00a0 u Almeriji, a\u00a0 jedina hrvatska predstavnica bila je u\u010diteljica Marijana Curi\u0107, koordinatorica projekta za O\u0160 Stjepana Radi\u0107a. Ovim doga\u0111ajem slavilo se 100 godina opisivanja [&hellip;]","og_url":"https:\/\/likemetkovic.hr\/sierpinski-carpet-uciteljica-marijana-curic-sudjelovala-predstavljanju-projekta-spanjolskoj\/","og_site_name":"likemetkovic.hr","article_publisher":"https:\/\/www.facebook.com\/likemetkovic.hr\/","article_published_time":"2016-05-24T08:41:13+00:00","article_modified_time":"2018-06-02T15:42:13+00:00","og_image":[{"width":864,"height":600,"url":"https:\/\/likemetkovic.hr\/wp-content\/uploads\/2016\/05\/slika-7.jpg","type":"image\/jpeg"}],"author":"LIKEmetkovic.hr","twitter_card":"summary_large_image","twitter_misc":{"Napisao\/la":"LIKEmetkovic.hr","Procijenjeno vrijeme \u010ditanja":"2 minute"},"schema":{"@context":"https:\/\/schema.org","@graph":[{"@type":"WebPage","@id":"https:\/\/likemetkovic.hr\/sierpinski-carpet-uciteljica-marijana-curic-sudjelovala-predstavljanju-projekta-spanjolskoj\/","url":"https:\/\/likemetkovic.hr\/sierpinski-carpet-uciteljica-marijana-curic-sudjelovala-predstavljanju-projekta-spanjolskoj\/","name":"SIERPINSKI CARPET: U\u010diteljica Marijana Curi\u0107 sudjelovala na predstavljanju projekta u \u0160panjolskoj - likemetkovic.hr","isPartOf":{"@id":"https:\/\/likemetkovic.hr\/#website"},"primaryImageOfPage":{"@id":"https:\/\/likemetkovic.hr\/sierpinski-carpet-uciteljica-marijana-curic-sudjelovala-predstavljanju-projekta-spanjolskoj\/#primaryimage"},"image":{"@id":"https:\/\/likemetkovic.hr\/sierpinski-carpet-uciteljica-marijana-curic-sudjelovala-predstavljanju-projekta-spanjolskoj\/#primaryimage"},"thumbnailUrl":"https:\/\/likemetkovic.hr\/portal\/wp-content\/uploads\/2016\/05\/slika-7.jpg","datePublished":"2016-05-24T08:41:13+00:00","dateModified":"2018-06-02T15:42:13+00:00","author":{"@id":"https:\/\/likemetkovic.hr\/#\/schema\/person\/a42711f3385a0e2be6f7e0443bfb28f0"},"breadcrumb":{"@id":"https:\/\/likemetkovic.hr\/sierpinski-carpet-uciteljica-marijana-curic-sudjelovala-predstavljanju-projekta-spanjolskoj\/#breadcrumb"},"inLanguage":"hr","potentialAction":[{"@type":"ReadAction","target":["https:\/\/likemetkovic.hr\/sierpinski-carpet-uciteljica-marijana-curic-sudjelovala-predstavljanju-projekta-spanjolskoj\/"]}]},{"@type":"ImageObject","inLanguage":"hr","@id":"https:\/\/likemetkovic.hr\/sierpinski-carpet-uciteljica-marijana-curic-sudjelovala-predstavljanju-projekta-spanjolskoj\/#primaryimage","url":"https:\/\/likemetkovic.hr\/portal\/wp-content\/uploads\/2016\/05\/slika-7.jpg","contentUrl":"https:\/\/likemetkovic.hr\/portal\/wp-content\/uploads\/2016\/05\/slika-7.jpg","width":864,"height":600},{"@type":"BreadcrumbList","@id":"https:\/\/likemetkovic.hr\/sierpinski-carpet-uciteljica-marijana-curic-sudjelovala-predstavljanju-projekta-spanjolskoj\/#breadcrumb","itemListElement":[{"@type":"ListItem","position":1,"name":"Po\u010detna stranica","item":"https:\/\/likemetkovic.hr\/portal\/"},{"@type":"ListItem","position":2,"name":"SIERPINSKI CARPET: U\u010diteljica Marijana Curi\u0107 sudjelovala na predstavljanju projekta u \u0160panjolskoj"}]},{"@type":"WebSite","@id":"https:\/\/likemetkovic.hr\/#website","url":"https:\/\/likemetkovic.hr\/","name":"likemetkovic.hr","description":"Misli pozitivno... \u010ditaj LIKE","potentialAction":[{"@type":"SearchAction","target":{"@type":"EntryPoint","urlTemplate":"https:\/\/likemetkovic.hr\/?s={search_term_string}"},"query-input":{"@type":"PropertyValueSpecification","valueRequired":true,"valueName":"search_term_string"}}],"inLanguage":"hr"},{"@type":"Person","@id":"https:\/\/likemetkovic.hr\/#\/schema\/person\/a42711f3385a0e2be6f7e0443bfb28f0","name":"LIKEmetkovic.hr","sameAs":["http:\/\/likemetkovic.hr"],"url":"https:\/\/likemetkovic.hr\/portal\/author\/likemetkovic-hr\/"}]}},"_links":{"self":[{"href":"https:\/\/likemetkovic.hr\/portal\/wp-json\/wp\/v2\/posts\/20911","targetHints":{"allow":["GET"]}}],"collection":[{"href":"https:\/\/likemetkovic.hr\/portal\/wp-json\/wp\/v2\/posts"}],"about":[{"href":"https:\/\/likemetkovic.hr\/portal\/wp-json\/wp\/v2\/types\/post"}],"author":[{"embeddable":true,"href":"https:\/\/likemetkovic.hr\/portal\/wp-json\/wp\/v2\/users\/7"}],"replies":[{"embeddable":true,"href":"https:\/\/likemetkovic.hr\/portal\/wp-json\/wp\/v2\/comments?post=20911"}],"version-history":[{"count":0,"href":"https:\/\/likemetkovic.hr\/portal\/wp-json\/wp\/v2\/posts\/20911\/revisions"}],"wp:featuredmedia":[{"embeddable":true,"href":"https:\/\/likemetkovic.hr\/portal\/wp-json\/wp\/v2\/media\/20916"}],"wp:attachment":[{"href":"https:\/\/likemetkovic.hr\/portal\/wp-json\/wp\/v2\/media?parent=20911"}],"wp:term":[{"taxonomy":"category","embeddable":true,"href":"https:\/\/likemetkovic.hr\/portal\/wp-json\/wp\/v2\/categories?post=20911"},{"taxonomy":"post_tag","embeddable":true,"href":"https:\/\/likemetkovic.hr\/portal\/wp-json\/wp\/v2\/tags?post=20911"}],"curies":[{"name":"wp","href":"https:\/\/api.w.org\/{rel}","templated":true}]}}