{"id":21144,"date":"2016-05-29T08:51:26","date_gmt":"2016-05-29T06:51:26","guid":{"rendered":"http:\/\/likemetkovic.hr\/?p=21144"},"modified":"2016-05-29T08:51:26","modified_gmt":"2016-05-29T06:51:26","slug":"dr-sc-domagoj-vidovic-s-instituta-jezik-jezikoslovlje-urucio-poklon-ucenici-emi-vidovic","status":"publish","type":"post","link":"https:\/\/likemetkovic.hr\/portal\/dr-sc-domagoj-vidovic-s-instituta-jezik-jezikoslovlje-urucio-poklon-ucenici-emi-vidovic\/","title":{"rendered":"Dr.sc. Domagoj Vidovi\u0107 s Instituta za jezik i jezikoslovlje uru\u010dio poklon u\u010denici Emi Vidovi\u0107"},"content":{"rendered":"<p>Dr.sc. Domagoj Vidovi\u0107 s Instituta za hrvatski jezik i jezikoslovlje susreo se u Osnovnoj\u00a0\u0161koli Stjepana Radi\u0107a s ravnateljicom Bo\u017eenom Nikoleti\u0107, prof., u\u010denicom 7.d razreda Emom Vidovi\u0107, njenom u\u010diteljicom Hrvatskoga jezika Ines Vukojom, prof. i \u0161kolskom knji\u017eni\u010darkom Ivanom \u010carapinom, prof. i dipl. bibl. Povod dolaska istaknutog jezikoslovca, na\u0161eg dragog Metkovca, uru\u010denje je poklona Emi Vidovi\u0107 zbog osvojenog 1. mjesta na \u017dupanijskom natjecanju iz hrvatskoga jezika. Uz \u010destitku dr. sc. Vidovi\u0107 je Emi uru\u010dio knjige, poklon Instituta za jezik i jezikoslovlje, Neretvanske riznice umjetnina i inih vrijednosti, Hrvatskoga slova i Dru\u0161tva Neretvana i prijatelja Neretve u Zagrebu.<\/p>\n<p>Domagoj nije krio zadovoljstvo uspjehom na\u0161ih u\u010denika na natjecanjima, a posebno mu je drago \u0161to su rezultati metkovskih u\u010denika na natjecanjima ve\u0107 godinama izvrsni i kontinuirani. Nama je drago da Institut za jezik i jezikoslovlje podr\u017eava i prepoznaje u\u010denike koji pokazuju posebnu ljubav i interes za svoj jezik. Hrvatski se jezik voli znanjem, zar ne!<\/p>\n\r\n                <style type=\"text\/css\">\r\n                    \r\n                    #tdi_1  .td-doubleSlider-2 .td-item1 {\r\n                        background: url(https:\/\/likemetkovic.hr\/portal\/wp-content\/uploads\/2016\/05\/111111-80x60.jpg) 0 0 no-repeat;\r\n                    }\r\n                    #tdi_1  .td-doubleSlider-2 .td-item2 {\r\n                        background: url(https:\/\/likemetkovic.hr\/portal\/wp-content\/uploads\/2016\/05\/13313814_973810606072834_1077754040_o-80x60.jpg) 0 0 no-repeat;\r\n                    }\r\n                <\/style>\r\n\r\n                <div id=\"tdi_1\" class=\"td-gallery td-slide-on-2-columns\">\r\n                    <div class=\"post_td_gallery\">\r\n                        <div class=\"td-gallery-slide-top\">\r\n                           <div class=\"td-gallery-title\"><\/div>\r\n\r\n                            <div class=\"td-gallery-controls-wrapper\">\r\n                                <div class=\"td-gallery-slide-count\"><span class=\"td-gallery-slide-item-focus\">1<\/span> of 2<\/div>\r\n                                <div class=\"td-gallery-slide-prev-next-but\">\r\n                                    <i class = \"td-icon-left doubleSliderPrevButton\"><\/i>\r\n                                    <i class = \"td-icon-right doubleSliderNextButton\"><\/i>\r\n                                <\/div>\r\n                            <\/div>\r\n                        <\/div>\r\n\r\n                        <div class = \"td-doubleSlider-1 \">\r\n                            <div class = \"td-slider\">\r\n                                \r\n                    <div class = \"td-slide-item td-item1\">\r\n                        <figure class=\"td-slide-galery-figure td-slide-popup-gallery\">\r\n                            <a class=\"slide-gallery-image-link\" href=\"https:\/\/likemetkovic.hr\/portal\/wp-content\/uploads\/2016\/05\/111111.jpg\" title=\"111111\"  data-caption=\"\"  data-description=\"\">\r\n                                <img decoding=\"async\" src=\"https:\/\/likemetkovic.hr\/portal\/wp-content\/uploads\/2016\/05\/111111-558x420.jpg\" srcset=\"https:\/\/likemetkovic.hr\/portal\/wp-content\/uploads\/2016\/05\/111111-558x420.jpg 558w, https:\/\/likemetkovic.hr\/portal\/wp-content\/uploads\/2016\/05\/111111-300x226.jpg 300w, https:\/\/likemetkovic.hr\/portal\/wp-content\/uploads\/2016\/05\/111111-768x578.jpg 768w, https:\/\/likemetkovic.hr\/portal\/wp-content\/uploads\/2016\/05\/111111-640x482.jpg 640w, https:\/\/likemetkovic.hr\/portal\/wp-content\/uploads\/2016\/05\/111111-80x60.jpg 80w, https:\/\/likemetkovic.hr\/portal\/wp-content\/uploads\/2016\/05\/111111-265x198.jpg 265w, https:\/\/likemetkovic.hr\/portal\/wp-content\/uploads\/2016\/05\/111111-696x524.jpg 696w, https:\/\/likemetkovic.hr\/portal\/wp-content\/uploads\/2016\/05\/111111.jpg 797w\" sizes=\"(max-width: 558px) 100vw, 558px\" alt=\"\">\r\n                            <\/a>\r\n                            \r\n                        <\/figure>\r\n                    <\/div>\r\n                    <div class = \"td-slide-item td-item2\">\r\n                        <figure class=\"td-slide-galery-figure td-slide-popup-gallery\">\r\n                            <a class=\"slide-gallery-image-link\" href=\"https:\/\/likemetkovic.hr\/portal\/wp-content\/uploads\/2016\/05\/13313814_973810606072834_1077754040_o.jpg\" title=\"13313814_973810606072834_1077754040_o\"  data-caption=\"\"  data-description=\"\">\r\n                                <img decoding=\"async\" src=\"https:\/\/likemetkovic.hr\/portal\/wp-content\/uploads\/2016\/05\/13313814_973810606072834_1077754040_o-752x420.jpg\" srcset=\"https:\/\/likemetkovic.hr\/portal\/wp-content\/uploads\/2016\/05\/13313814_973810606072834_1077754040_o-752x420.jpg 752w, https:\/\/likemetkovic.hr\/portal\/wp-content\/uploads\/2016\/05\/13313814_973810606072834_1077754040_o-300x168.jpg 300w, https:\/\/likemetkovic.hr\/portal\/wp-content\/uploads\/2016\/05\/13313814_973810606072834_1077754040_o-768x429.jpg 768w, https:\/\/likemetkovic.hr\/portal\/wp-content\/uploads\/2016\/05\/13313814_973810606072834_1077754040_o-640x357.jpg 640w, https:\/\/likemetkovic.hr\/portal\/wp-content\/uploads\/2016\/05\/13313814_973810606072834_1077754040_o-696x389.jpg 696w, https:\/\/likemetkovic.hr\/portal\/wp-content\/uploads\/2016\/05\/13313814_973810606072834_1077754040_o-1068x597.jpg 1068w, https:\/\/likemetkovic.hr\/portal\/wp-content\/uploads\/2016\/05\/13313814_973810606072834_1077754040_o.jpg 1776w\" sizes=\"(max-width: 752px) 100vw, 752px\" alt=\"\">\r\n                            <\/a>\r\n                            \r\n                        <\/figure>\r\n                    <\/div>\r\n                            <\/div>\r\n                        <\/div>\r\n\r\n                        <div class = \"td-doubleSlider-2\">\r\n                            <div class = \"td-slider\">\r\n                                \r\n                    <div class = \"td-button td-item1\">\r\n                        <div class = \"td-border\"><\/div>\r\n                    <\/div>\r\n                    <div class = \"td-button td-item2\">\r\n                        <div class = \"td-border\"><\/div>\r\n                    <\/div>\r\n                            <\/div>\r\n                        <\/div>\r\n\r\n                    <\/div>\r\n\r\n                <\/div>\r\n                \n","protected":false},"excerpt":{"rendered":"<p>Dr.sc. Domagoj Vidovi\u0107 s Instituta za hrvatski jezik i jezikoslovlje susreo se u Osnovnoj\u00a0\u0161koli Stjepana Radi\u0107a s ravnateljicom Bo\u017eenom Nikoleti\u0107, prof., u\u010denicom 7.d razreda Emom Vidovi\u0107, njenom u\u010diteljicom Hrvatskoga jezika Ines Vukojom, prof. i \u0161kolskom knji\u017eni\u010darkom Ivanom \u010carapinom, prof. i dipl. bibl. Povod dolaska istaknutog jezikoslovca, na\u0161eg dragog Metkovca, uru\u010denje je poklona Emi Vidovi\u0107 zbog [&hellip;]<\/p>\n","protected":false},"author":7,"featured_media":21145,"comment_status":"open","ping_status":"open","sticky":false,"template":"","format":"standard","meta":{"footnotes":""},"categories":[283,166],"tags":[],"class_list":{"0":"post-21144","1":"post","2":"type-post","3":"status-publish","4":"format-standard","5":"has-post-thumbnail","7":"category-a","8":"category-skolstvo"},"yoast_head":"<!-- This site is optimized with the Yoast SEO plugin v25.2 - https:\/\/yoast.com\/wordpress\/plugins\/seo\/ -->\n<title>Dr.sc. Domagoj Vidovi\u0107 s Instituta za jezik i jezikoslovlje uru\u010dio poklon u\u010denici Emi Vidovi\u0107 - likemetkovic.hr<\/title>\n<meta name=\"robots\" content=\"index, follow, max-snippet:-1, max-image-preview:large, max-video-preview:-1\" \/>\n<link rel=\"canonical\" href=\"https:\/\/likemetkovic.hr\/dr-sc-domagoj-vidovic-s-instituta-jezik-jezikoslovlje-urucio-poklon-ucenici-emi-vidovic\/\" \/>\n<meta property=\"og:locale\" content=\"hr_HR\" \/>\n<meta property=\"og:type\" content=\"article\" \/>\n<meta property=\"og:title\" content=\"Dr.sc. Domagoj Vidovi\u0107 s Instituta za jezik i jezikoslovlje uru\u010dio poklon u\u010denici Emi Vidovi\u0107 - likemetkovic.hr\" \/>\n<meta property=\"og:description\" content=\"Dr.sc. Domagoj Vidovi\u0107 s Instituta za hrvatski jezik i jezikoslovlje susreo se u Osnovnoj\u00a0\u0161koli Stjepana Radi\u0107a s ravnateljicom Bo\u017eenom Nikoleti\u0107, prof., u\u010denicom 7.d razreda Emom Vidovi\u0107, njenom u\u010diteljicom Hrvatskoga jezika Ines Vukojom, prof. i \u0161kolskom knji\u017eni\u010darkom Ivanom \u010carapinom, prof. i dipl. bibl. Povod dolaska istaknutog jezikoslovca, na\u0161eg dragog Metkovca, uru\u010denje je poklona Emi Vidovi\u0107 zbog [&hellip;]\" \/>\n<meta property=\"og:url\" content=\"https:\/\/likemetkovic.hr\/dr-sc-domagoj-vidovic-s-instituta-jezik-jezikoslovlje-urucio-poklon-ucenici-emi-vidovic\/\" \/>\n<meta property=\"og:site_name\" content=\"likemetkovic.hr\" \/>\n<meta property=\"article:publisher\" content=\"https:\/\/www.facebook.com\/likemetkovic.hr\/\" \/>\n<meta property=\"article:published_time\" content=\"2016-05-29T06:51:26+00:00\" \/>\n<meta property=\"og:image\" content=\"https:\/\/likemetkovic.hr\/wp-content\/uploads\/2016\/05\/111111.jpg\" \/>\n\t<meta property=\"og:image:width\" content=\"797\" \/>\n\t<meta property=\"og:image:height\" content=\"600\" \/>\n\t<meta property=\"og:image:type\" content=\"image\/jpeg\" \/>\n<meta name=\"author\" content=\"LIKEmetkovic.hr\" \/>\n<meta name=\"twitter:card\" content=\"summary_large_image\" \/>\n<meta name=\"twitter:label1\" content=\"Napisao\/la\" \/>\n\t<meta name=\"twitter:data1\" content=\"LIKEmetkovic.hr\" \/>\n\t<meta name=\"twitter:label2\" content=\"Procijenjeno vrijeme \u010ditanja\" \/>\n\t<meta name=\"twitter:data2\" content=\"1 minuta\" \/>\n<script type=\"application\/ld+json\" class=\"yoast-schema-graph\">{\"@context\":\"https:\/\/schema.org\",\"@graph\":[{\"@type\":\"WebPage\",\"@id\":\"https:\/\/likemetkovic.hr\/dr-sc-domagoj-vidovic-s-instituta-jezik-jezikoslovlje-urucio-poklon-ucenici-emi-vidovic\/\",\"url\":\"https:\/\/likemetkovic.hr\/dr-sc-domagoj-vidovic-s-instituta-jezik-jezikoslovlje-urucio-poklon-ucenici-emi-vidovic\/\",\"name\":\"Dr.sc. Domagoj Vidovi\u0107 s Instituta za jezik i jezikoslovlje uru\u010dio poklon u\u010denici Emi Vidovi\u0107 - likemetkovic.hr\",\"isPartOf\":{\"@id\":\"https:\/\/likemetkovic.hr\/#website\"},\"primaryImageOfPage\":{\"@id\":\"https:\/\/likemetkovic.hr\/dr-sc-domagoj-vidovic-s-instituta-jezik-jezikoslovlje-urucio-poklon-ucenici-emi-vidovic\/#primaryimage\"},\"image\":{\"@id\":\"https:\/\/likemetkovic.hr\/dr-sc-domagoj-vidovic-s-instituta-jezik-jezikoslovlje-urucio-poklon-ucenici-emi-vidovic\/#primaryimage\"},\"thumbnailUrl\":\"https:\/\/likemetkovic.hr\/portal\/wp-content\/uploads\/2016\/05\/111111.jpg\",\"datePublished\":\"2016-05-29T06:51:26+00:00\",\"author\":{\"@id\":\"https:\/\/likemetkovic.hr\/#\/schema\/person\/a42711f3385a0e2be6f7e0443bfb28f0\"},\"breadcrumb\":{\"@id\":\"https:\/\/likemetkovic.hr\/dr-sc-domagoj-vidovic-s-instituta-jezik-jezikoslovlje-urucio-poklon-ucenici-emi-vidovic\/#breadcrumb\"},\"inLanguage\":\"hr\",\"potentialAction\":[{\"@type\":\"ReadAction\",\"target\":[\"https:\/\/likemetkovic.hr\/dr-sc-domagoj-vidovic-s-instituta-jezik-jezikoslovlje-urucio-poklon-ucenici-emi-vidovic\/\"]}]},{\"@type\":\"ImageObject\",\"inLanguage\":\"hr\",\"@id\":\"https:\/\/likemetkovic.hr\/dr-sc-domagoj-vidovic-s-instituta-jezik-jezikoslovlje-urucio-poklon-ucenici-emi-vidovic\/#primaryimage\",\"url\":\"https:\/\/likemetkovic.hr\/portal\/wp-content\/uploads\/2016\/05\/111111.jpg\",\"contentUrl\":\"https:\/\/likemetkovic.hr\/portal\/wp-content\/uploads\/2016\/05\/111111.jpg\",\"width\":797,\"height\":600},{\"@type\":\"BreadcrumbList\",\"@id\":\"https:\/\/likemetkovic.hr\/dr-sc-domagoj-vidovic-s-instituta-jezik-jezikoslovlje-urucio-poklon-ucenici-emi-vidovic\/#breadcrumb\",\"itemListElement\":[{\"@type\":\"ListItem\",\"position\":1,\"name\":\"Po\u010detna stranica\",\"item\":\"https:\/\/likemetkovic.hr\/portal\/\"},{\"@type\":\"ListItem\",\"position\":2,\"name\":\"Dr.sc. Domagoj Vidovi\u0107 s Instituta za jezik i jezikoslovlje uru\u010dio poklon u\u010denici Emi Vidovi\u0107\"}]},{\"@type\":\"WebSite\",\"@id\":\"https:\/\/likemetkovic.hr\/#website\",\"url\":\"https:\/\/likemetkovic.hr\/\",\"name\":\"likemetkovic.hr\",\"description\":\"Misli pozitivno... \u010ditaj LIKE\",\"potentialAction\":[{\"@type\":\"SearchAction\",\"target\":{\"@type\":\"EntryPoint\",\"urlTemplate\":\"https:\/\/likemetkovic.hr\/?s={search_term_string}\"},\"query-input\":{\"@type\":\"PropertyValueSpecification\",\"valueRequired\":true,\"valueName\":\"search_term_string\"}}],\"inLanguage\":\"hr\"},{\"@type\":\"Person\",\"@id\":\"https:\/\/likemetkovic.hr\/#\/schema\/person\/a42711f3385a0e2be6f7e0443bfb28f0\",\"name\":\"LIKEmetkovic.hr\",\"sameAs\":[\"http:\/\/likemetkovic.hr\"],\"url\":\"https:\/\/likemetkovic.hr\/portal\/author\/likemetkovic-hr\/\"}]}<\/script>\n<!-- \/ Yoast SEO plugin. -->","yoast_head_json":{"title":"Dr.sc. Domagoj Vidovi\u0107 s Instituta za jezik i jezikoslovlje uru\u010dio poklon u\u010denici Emi Vidovi\u0107 - likemetkovic.hr","robots":{"index":"index","follow":"follow","max-snippet":"max-snippet:-1","max-image-preview":"max-image-preview:large","max-video-preview":"max-video-preview:-1"},"canonical":"https:\/\/likemetkovic.hr\/dr-sc-domagoj-vidovic-s-instituta-jezik-jezikoslovlje-urucio-poklon-ucenici-emi-vidovic\/","og_locale":"hr_HR","og_type":"article","og_title":"Dr.sc. Domagoj Vidovi\u0107 s Instituta za jezik i jezikoslovlje uru\u010dio poklon u\u010denici Emi Vidovi\u0107 - likemetkovic.hr","og_description":"Dr.sc. Domagoj Vidovi\u0107 s Instituta za hrvatski jezik i jezikoslovlje susreo se u Osnovnoj\u00a0\u0161koli Stjepana Radi\u0107a s ravnateljicom Bo\u017eenom Nikoleti\u0107, prof., u\u010denicom 7.d razreda Emom Vidovi\u0107, njenom u\u010diteljicom Hrvatskoga jezika Ines Vukojom, prof. i \u0161kolskom knji\u017eni\u010darkom Ivanom \u010carapinom, prof. i dipl. bibl. Povod dolaska istaknutog jezikoslovca, na\u0161eg dragog Metkovca, uru\u010denje je poklona Emi Vidovi\u0107 zbog [&hellip;]","og_url":"https:\/\/likemetkovic.hr\/dr-sc-domagoj-vidovic-s-instituta-jezik-jezikoslovlje-urucio-poklon-ucenici-emi-vidovic\/","og_site_name":"likemetkovic.hr","article_publisher":"https:\/\/www.facebook.com\/likemetkovic.hr\/","article_published_time":"2016-05-29T06:51:26+00:00","og_image":[{"width":797,"height":600,"url":"https:\/\/likemetkovic.hr\/wp-content\/uploads\/2016\/05\/111111.jpg","type":"image\/jpeg"}],"author":"LIKEmetkovic.hr","twitter_card":"summary_large_image","twitter_misc":{"Napisao\/la":"LIKEmetkovic.hr","Procijenjeno vrijeme \u010ditanja":"1 minuta"},"schema":{"@context":"https:\/\/schema.org","@graph":[{"@type":"WebPage","@id":"https:\/\/likemetkovic.hr\/dr-sc-domagoj-vidovic-s-instituta-jezik-jezikoslovlje-urucio-poklon-ucenici-emi-vidovic\/","url":"https:\/\/likemetkovic.hr\/dr-sc-domagoj-vidovic-s-instituta-jezik-jezikoslovlje-urucio-poklon-ucenici-emi-vidovic\/","name":"Dr.sc. Domagoj Vidovi\u0107 s Instituta za jezik i jezikoslovlje uru\u010dio poklon u\u010denici Emi Vidovi\u0107 - likemetkovic.hr","isPartOf":{"@id":"https:\/\/likemetkovic.hr\/#website"},"primaryImageOfPage":{"@id":"https:\/\/likemetkovic.hr\/dr-sc-domagoj-vidovic-s-instituta-jezik-jezikoslovlje-urucio-poklon-ucenici-emi-vidovic\/#primaryimage"},"image":{"@id":"https:\/\/likemetkovic.hr\/dr-sc-domagoj-vidovic-s-instituta-jezik-jezikoslovlje-urucio-poklon-ucenici-emi-vidovic\/#primaryimage"},"thumbnailUrl":"https:\/\/likemetkovic.hr\/portal\/wp-content\/uploads\/2016\/05\/111111.jpg","datePublished":"2016-05-29T06:51:26+00:00","author":{"@id":"https:\/\/likemetkovic.hr\/#\/schema\/person\/a42711f3385a0e2be6f7e0443bfb28f0"},"breadcrumb":{"@id":"https:\/\/likemetkovic.hr\/dr-sc-domagoj-vidovic-s-instituta-jezik-jezikoslovlje-urucio-poklon-ucenici-emi-vidovic\/#breadcrumb"},"inLanguage":"hr","potentialAction":[{"@type":"ReadAction","target":["https:\/\/likemetkovic.hr\/dr-sc-domagoj-vidovic-s-instituta-jezik-jezikoslovlje-urucio-poklon-ucenici-emi-vidovic\/"]}]},{"@type":"ImageObject","inLanguage":"hr","@id":"https:\/\/likemetkovic.hr\/dr-sc-domagoj-vidovic-s-instituta-jezik-jezikoslovlje-urucio-poklon-ucenici-emi-vidovic\/#primaryimage","url":"https:\/\/likemetkovic.hr\/portal\/wp-content\/uploads\/2016\/05\/111111.jpg","contentUrl":"https:\/\/likemetkovic.hr\/portal\/wp-content\/uploads\/2016\/05\/111111.jpg","width":797,"height":600},{"@type":"BreadcrumbList","@id":"https:\/\/likemetkovic.hr\/dr-sc-domagoj-vidovic-s-instituta-jezik-jezikoslovlje-urucio-poklon-ucenici-emi-vidovic\/#breadcrumb","itemListElement":[{"@type":"ListItem","position":1,"name":"Po\u010detna stranica","item":"https:\/\/likemetkovic.hr\/portal\/"},{"@type":"ListItem","position":2,"name":"Dr.sc. Domagoj Vidovi\u0107 s Instituta za jezik i jezikoslovlje uru\u010dio poklon u\u010denici Emi Vidovi\u0107"}]},{"@type":"WebSite","@id":"https:\/\/likemetkovic.hr\/#website","url":"https:\/\/likemetkovic.hr\/","name":"likemetkovic.hr","description":"Misli pozitivno... \u010ditaj LIKE","potentialAction":[{"@type":"SearchAction","target":{"@type":"EntryPoint","urlTemplate":"https:\/\/likemetkovic.hr\/?s={search_term_string}"},"query-input":{"@type":"PropertyValueSpecification","valueRequired":true,"valueName":"search_term_string"}}],"inLanguage":"hr"},{"@type":"Person","@id":"https:\/\/likemetkovic.hr\/#\/schema\/person\/a42711f3385a0e2be6f7e0443bfb28f0","name":"LIKEmetkovic.hr","sameAs":["http:\/\/likemetkovic.hr"],"url":"https:\/\/likemetkovic.hr\/portal\/author\/likemetkovic-hr\/"}]}},"_links":{"self":[{"href":"https:\/\/likemetkovic.hr\/portal\/wp-json\/wp\/v2\/posts\/21144","targetHints":{"allow":["GET"]}}],"collection":[{"href":"https:\/\/likemetkovic.hr\/portal\/wp-json\/wp\/v2\/posts"}],"about":[{"href":"https:\/\/likemetkovic.hr\/portal\/wp-json\/wp\/v2\/types\/post"}],"author":[{"embeddable":true,"href":"https:\/\/likemetkovic.hr\/portal\/wp-json\/wp\/v2\/users\/7"}],"replies":[{"embeddable":true,"href":"https:\/\/likemetkovic.hr\/portal\/wp-json\/wp\/v2\/comments?post=21144"}],"version-history":[{"count":0,"href":"https:\/\/likemetkovic.hr\/portal\/wp-json\/wp\/v2\/posts\/21144\/revisions"}],"wp:featuredmedia":[{"embeddable":true,"href":"https:\/\/likemetkovic.hr\/portal\/wp-json\/wp\/v2\/media\/21145"}],"wp:attachment":[{"href":"https:\/\/likemetkovic.hr\/portal\/wp-json\/wp\/v2\/media?parent=21144"}],"wp:term":[{"taxonomy":"category","embeddable":true,"href":"https:\/\/likemetkovic.hr\/portal\/wp-json\/wp\/v2\/categories?post=21144"},{"taxonomy":"post_tag","embeddable":true,"href":"https:\/\/likemetkovic.hr\/portal\/wp-json\/wp\/v2\/tags?post=21144"}],"curies":[{"name":"wp","href":"https:\/\/api.w.org\/{rel}","templated":true}]}}