{"id":21559,"date":"2016-06-05T21:45:34","date_gmt":"2016-06-05T19:45:34","guid":{"rendered":"http:\/\/likemetkovic.hr\/?p=21559"},"modified":"2016-06-05T21:45:59","modified_gmt":"2016-06-05T19:45:59","slug":"intervju-bozom-petrovom-bude-pameti-novih-izbora-nece-biti-jedini-uzrok-kaosa-drzavi-karamarko","status":"publish","type":"post","link":"https:\/\/likemetkovic.hr\/portal\/intervju-bozom-petrovom-bude-pameti-novih-izbora-nece-biti-jedini-uzrok-kaosa-drzavi-karamarko\/","title":{"rendered":"INTERVJU SA BO\u017dOM PETROVOM: Ako bude pameti novih izbora ne\u0107e biti, jedini uzrok kaosa u dr\u017eavi je Karamarko"},"content":{"rendered":"<p>Iako u dr\u017eavi vrije, \u010delnik Mosta i potpredsjednik Vlade <strong>Bo\u017eo Petrov<\/strong> ne o\u010dekuje nove izbore, jednako kako ne o\u010dekuje ni preslagivanje nove saborske ve\u0107ine. Nada se da \u0107e HDZ natjerati svojeg predsjednika na abdikaciju te da \u0107e vlada Mosta i HDZ-a nastaviti raditi bez &#8220;utega\u201c,<strong>Tomislava Karamarka<\/strong>. U situaciji kada Karamarko i ne pomi\u0161lja na odstup, a politi\u010dki analiti\u010dari tvrde da je Vlada formalno pala, Bo\u017eo Petrov i ostali Mostovi ministri po\u010dinju radni tjedan kao da se ni\u0161ta ne doga\u0111a.<\/p>\n<p><strong>&#8211; Ima li sada Republika Hrvatska Vladu ?<\/strong><\/p>\n<p>&#8211; Ima! Vlada po Ustavu uvijek postoji. Pa tako i ova Vlada nastavlja raditi. To \u0161to gospodin Karamarko ne vidi da je zbog afere &#8220;Konzultantica&#8221; postao teret ovoj Vladi, to je drugi problem. Ako je \u010dovjek slijep i ne shva\u0107a pojam politi\u010dke odgovornosti, to je njegov problem. Ne \u017eelim da se jedan \u010dovjek poistovje\u0107uje s Vladom ili da se na\u0161a nesuradnja s njim u Vladi poistovje\u0107uje s cijelom njegovom strankom. Javnost je upoznata da i tamo postoje glasovi razuma koje valja pozdraviti.<\/p>\n<p><strong>&#8211; U javnosti se puno govori istupu premijera Ore\u0161kovi\u0107a.<\/strong> <strong>Neki ka\u017eu da je njegov dramati\u010dan istup zapravo iskoordiniran s Mostom kako bi se Karamarka istjeralo na \u010distac, dok drugi misle da premijer na ovaj na\u010din spa\u0161ava \u010delnika HDZ-a, skre\u0107u\u0107i pa\u017enju s glavnog problema Ina-MOL. \u0160to je zapravo navelo premijera na ovakav iskorak?<\/strong><\/p>\n<p>&#8211; Vjerujem da je predsjedniku Vlade na pameti bila stabilnost Vlade i njezino odr\u017eavanje zbog zapo\u010detih reformi. On u ovom trenutku vidi da su tenzije prevelike, a da ne mo\u017ee o\u010dekivati povla\u010denje prvog \u010dovjeka samo jedne strane i odabrao je takav put da nas obojicu poziva da odstupimo. Tako bi Vlada nastavila raditi. Iako sam rekao da ne vidim svoju krivnju u tome, ali meni za povla\u010denje ne treba taj argument, nego je dovoljna dobrobit domovine. Ako je cijena da se Vlada stabilizira, ja \u0107u izi\u0107i, ali nemam namjeru preuzeti krivnju za ono \u0161to je radio Tomislav Karamarko. \u017delim da se to jasno razlikuje. U ovom trenutku jedini teret Vlade i kaoti\u010dne situacije u dr\u017eavi jest predsjednik HDZ-a Tomislav Karamarko.<\/p>\n<div id=\"adParallax\" class=\"adParallax--list banerWrap emptyBanner\">\n<div id=\"beacon_4b6096dd1b\"><img decoding=\"async\" src=\"http:\/\/adv.slobodnadalmacija.com\/www\/delivery\/lg.php?bannerid=0&amp;campaignid=0&amp;zoneid=293&amp;loc=http%3A%2F%2Fwww.slobodnadalmacija.hr%2Fnovosti%2Fhrvatska%2Fclanak%2Fid%2F314820%2Fbozo-petrov-ekskluzivno-za-slobodnu-ako-bude-pameti-novih-izbora-nece-biti-jedini-uzrok-kaosa-udrzavi-je-karamarko&amp;referer=http%3A%2F%2Fwww.slobodnadalmacija.hr%2F&amp;cb=4b6096dd1b\" alt=\"\" width=\"0\" height=\"0\" \/><\/div>\n<\/div>\n<p><u><strong>VELIKI INTERVJU S BO\u017dOM PETROVOM U CIJELOSTI PRO\u010cITAJTE U TISKANOM IZDANJU SLOBODNE DALMACIJE OD PONEDJELJKA<\/strong><\/u><\/p>\n","protected":false},"excerpt":{"rendered":"<p>Iako u dr\u017eavi vrije, \u010delnik Mosta i potpredsjednik Vlade Bo\u017eo Petrov ne o\u010dekuje nove izbore, jednako kako ne o\u010dekuje ni preslagivanje nove saborske ve\u0107ine. Nada se da \u0107e HDZ natjerati svojeg predsjednika na abdikaciju te da \u0107e vlada Mosta i HDZ-a nastaviti raditi bez &#8220;utega\u201c,Tomislava Karamarka. U situaciji kada Karamarko i ne pomi\u0161lja na odstup, [&hellip;]<\/p>\n","protected":false},"author":7,"featured_media":19573,"comment_status":"open","ping_status":"open","sticky":false,"template":"","format":"standard","meta":{"footnotes":""},"categories":[283,290],"tags":[],"class_list":{"0":"post-21559","1":"post","2":"type-post","3":"status-publish","4":"format-standard","5":"has-post-thumbnail","7":"category-a","8":"category-politika"},"yoast_head":"<!-- This site is optimized with the Yoast SEO plugin v25.2 - https:\/\/yoast.com\/wordpress\/plugins\/seo\/ -->\n<title>INTERVJU SA BO\u017dOM PETROVOM: Ako bude pameti novih izbora ne\u0107e biti, jedini uzrok kaosa u dr\u017eavi je Karamarko - likemetkovic.hr<\/title>\n<meta name=\"robots\" content=\"index, follow, max-snippet:-1, max-image-preview:large, max-video-preview:-1\" \/>\n<link rel=\"canonical\" href=\"https:\/\/likemetkovic.hr\/intervju-bozom-petrovom-bude-pameti-novih-izbora-nece-biti-jedini-uzrok-kaosa-drzavi-karamarko\/\" \/>\n<meta property=\"og:locale\" content=\"hr_HR\" \/>\n<meta property=\"og:type\" content=\"article\" \/>\n<meta property=\"og:title\" content=\"INTERVJU SA BO\u017dOM PETROVOM: Ako bude pameti novih izbora ne\u0107e biti, jedini uzrok kaosa u dr\u017eavi je Karamarko - likemetkovic.hr\" \/>\n<meta property=\"og:description\" content=\"Iako u dr\u017eavi vrije, \u010delnik Mosta i potpredsjednik Vlade Bo\u017eo Petrov ne o\u010dekuje nove izbore, jednako kako ne o\u010dekuje ni preslagivanje nove saborske ve\u0107ine. Nada se da \u0107e HDZ natjerati svojeg predsjednika na abdikaciju te da \u0107e vlada Mosta i HDZ-a nastaviti raditi bez &#8220;utega\u201c,Tomislava Karamarka. U situaciji kada Karamarko i ne pomi\u0161lja na odstup, [&hellip;]\" \/>\n<meta property=\"og:url\" content=\"https:\/\/likemetkovic.hr\/intervju-bozom-petrovom-bude-pameti-novih-izbora-nece-biti-jedini-uzrok-kaosa-drzavi-karamarko\/\" \/>\n<meta property=\"og:site_name\" content=\"likemetkovic.hr\" \/>\n<meta property=\"article:publisher\" content=\"https:\/\/www.facebook.com\/likemetkovic.hr\/\" \/>\n<meta property=\"article:published_time\" content=\"2016-06-05T19:45:34+00:00\" \/>\n<meta property=\"article:modified_time\" content=\"2016-06-05T19:45:59+00:00\" \/>\n<meta property=\"og:image\" content=\"https:\/\/likemetkovic.hr\/wp-content\/uploads\/2016\/04\/bozo-petrov_narod_hr.jpg\" \/>\n\t<meta property=\"og:image:width\" content=\"806\" \/>\n\t<meta property=\"og:image:height\" content=\"600\" \/>\n\t<meta property=\"og:image:type\" content=\"image\/jpeg\" \/>\n<meta name=\"author\" content=\"LIKEmetkovic.hr\" \/>\n<meta name=\"twitter:card\" content=\"summary_large_image\" \/>\n<meta name=\"twitter:label1\" content=\"Napisao\/la\" \/>\n\t<meta name=\"twitter:data1\" content=\"LIKEmetkovic.hr\" \/>\n\t<meta name=\"twitter:label2\" content=\"Procijenjeno vrijeme \u010ditanja\" \/>\n\t<meta name=\"twitter:data2\" content=\"2 minute\" \/>\n<script type=\"application\/ld+json\" class=\"yoast-schema-graph\">{\"@context\":\"https:\/\/schema.org\",\"@graph\":[{\"@type\":\"WebPage\",\"@id\":\"https:\/\/likemetkovic.hr\/intervju-bozom-petrovom-bude-pameti-novih-izbora-nece-biti-jedini-uzrok-kaosa-drzavi-karamarko\/\",\"url\":\"https:\/\/likemetkovic.hr\/intervju-bozom-petrovom-bude-pameti-novih-izbora-nece-biti-jedini-uzrok-kaosa-drzavi-karamarko\/\",\"name\":\"INTERVJU SA BO\u017dOM PETROVOM: Ako bude pameti novih izbora ne\u0107e biti, jedini uzrok kaosa u dr\u017eavi je Karamarko - likemetkovic.hr\",\"isPartOf\":{\"@id\":\"https:\/\/likemetkovic.hr\/#website\"},\"primaryImageOfPage\":{\"@id\":\"https:\/\/likemetkovic.hr\/intervju-bozom-petrovom-bude-pameti-novih-izbora-nece-biti-jedini-uzrok-kaosa-drzavi-karamarko\/#primaryimage\"},\"image\":{\"@id\":\"https:\/\/likemetkovic.hr\/intervju-bozom-petrovom-bude-pameti-novih-izbora-nece-biti-jedini-uzrok-kaosa-drzavi-karamarko\/#primaryimage\"},\"thumbnailUrl\":\"https:\/\/likemetkovic.hr\/portal\/wp-content\/uploads\/2016\/04\/bozo-petrov_narod_hr.jpg\",\"datePublished\":\"2016-06-05T19:45:34+00:00\",\"dateModified\":\"2016-06-05T19:45:59+00:00\",\"author\":{\"@id\":\"https:\/\/likemetkovic.hr\/#\/schema\/person\/a42711f3385a0e2be6f7e0443bfb28f0\"},\"breadcrumb\":{\"@id\":\"https:\/\/likemetkovic.hr\/intervju-bozom-petrovom-bude-pameti-novih-izbora-nece-biti-jedini-uzrok-kaosa-drzavi-karamarko\/#breadcrumb\"},\"inLanguage\":\"hr\",\"potentialAction\":[{\"@type\":\"ReadAction\",\"target\":[\"https:\/\/likemetkovic.hr\/intervju-bozom-petrovom-bude-pameti-novih-izbora-nece-biti-jedini-uzrok-kaosa-drzavi-karamarko\/\"]}]},{\"@type\":\"ImageObject\",\"inLanguage\":\"hr\",\"@id\":\"https:\/\/likemetkovic.hr\/intervju-bozom-petrovom-bude-pameti-novih-izbora-nece-biti-jedini-uzrok-kaosa-drzavi-karamarko\/#primaryimage\",\"url\":\"https:\/\/likemetkovic.hr\/portal\/wp-content\/uploads\/2016\/04\/bozo-petrov_narod_hr.jpg\",\"contentUrl\":\"https:\/\/likemetkovic.hr\/portal\/wp-content\/uploads\/2016\/04\/bozo-petrov_narod_hr.jpg\",\"width\":806,\"height\":600,\"caption\":\"bozo_petrov_hina\"},{\"@type\":\"BreadcrumbList\",\"@id\":\"https:\/\/likemetkovic.hr\/intervju-bozom-petrovom-bude-pameti-novih-izbora-nece-biti-jedini-uzrok-kaosa-drzavi-karamarko\/#breadcrumb\",\"itemListElement\":[{\"@type\":\"ListItem\",\"position\":1,\"name\":\"Po\u010detna stranica\",\"item\":\"https:\/\/likemetkovic.hr\/portal\/\"},{\"@type\":\"ListItem\",\"position\":2,\"name\":\"INTERVJU SA BO\u017dOM PETROVOM: Ako bude pameti novih izbora ne\u0107e biti, jedini uzrok kaosa u dr\u017eavi je Karamarko\"}]},{\"@type\":\"WebSite\",\"@id\":\"https:\/\/likemetkovic.hr\/#website\",\"url\":\"https:\/\/likemetkovic.hr\/\",\"name\":\"likemetkovic.hr\",\"description\":\"Misli pozitivno... \u010ditaj LIKE\",\"potentialAction\":[{\"@type\":\"SearchAction\",\"target\":{\"@type\":\"EntryPoint\",\"urlTemplate\":\"https:\/\/likemetkovic.hr\/?s={search_term_string}\"},\"query-input\":{\"@type\":\"PropertyValueSpecification\",\"valueRequired\":true,\"valueName\":\"search_term_string\"}}],\"inLanguage\":\"hr\"},{\"@type\":\"Person\",\"@id\":\"https:\/\/likemetkovic.hr\/#\/schema\/person\/a42711f3385a0e2be6f7e0443bfb28f0\",\"name\":\"LIKEmetkovic.hr\",\"sameAs\":[\"http:\/\/likemetkovic.hr\"],\"url\":\"https:\/\/likemetkovic.hr\/portal\/author\/likemetkovic-hr\/\"}]}<\/script>\n<!-- \/ Yoast SEO plugin. -->","yoast_head_json":{"title":"INTERVJU SA BO\u017dOM PETROVOM: Ako bude pameti novih izbora ne\u0107e biti, jedini uzrok kaosa u dr\u017eavi je Karamarko - likemetkovic.hr","robots":{"index":"index","follow":"follow","max-snippet":"max-snippet:-1","max-image-preview":"max-image-preview:large","max-video-preview":"max-video-preview:-1"},"canonical":"https:\/\/likemetkovic.hr\/intervju-bozom-petrovom-bude-pameti-novih-izbora-nece-biti-jedini-uzrok-kaosa-drzavi-karamarko\/","og_locale":"hr_HR","og_type":"article","og_title":"INTERVJU SA BO\u017dOM PETROVOM: Ako bude pameti novih izbora ne\u0107e biti, jedini uzrok kaosa u dr\u017eavi je Karamarko - likemetkovic.hr","og_description":"Iako u dr\u017eavi vrije, \u010delnik Mosta i potpredsjednik Vlade Bo\u017eo Petrov ne o\u010dekuje nove izbore, jednako kako ne o\u010dekuje ni preslagivanje nove saborske ve\u0107ine. Nada se da \u0107e HDZ natjerati svojeg predsjednika na abdikaciju te da \u0107e vlada Mosta i HDZ-a nastaviti raditi bez &#8220;utega\u201c,Tomislava Karamarka. U situaciji kada Karamarko i ne pomi\u0161lja na odstup, [&hellip;]","og_url":"https:\/\/likemetkovic.hr\/intervju-bozom-petrovom-bude-pameti-novih-izbora-nece-biti-jedini-uzrok-kaosa-drzavi-karamarko\/","og_site_name":"likemetkovic.hr","article_publisher":"https:\/\/www.facebook.com\/likemetkovic.hr\/","article_published_time":"2016-06-05T19:45:34+00:00","article_modified_time":"2016-06-05T19:45:59+00:00","og_image":[{"width":806,"height":600,"url":"https:\/\/likemetkovic.hr\/wp-content\/uploads\/2016\/04\/bozo-petrov_narod_hr.jpg","type":"image\/jpeg"}],"author":"LIKEmetkovic.hr","twitter_card":"summary_large_image","twitter_misc":{"Napisao\/la":"LIKEmetkovic.hr","Procijenjeno vrijeme \u010ditanja":"2 minute"},"schema":{"@context":"https:\/\/schema.org","@graph":[{"@type":"WebPage","@id":"https:\/\/likemetkovic.hr\/intervju-bozom-petrovom-bude-pameti-novih-izbora-nece-biti-jedini-uzrok-kaosa-drzavi-karamarko\/","url":"https:\/\/likemetkovic.hr\/intervju-bozom-petrovom-bude-pameti-novih-izbora-nece-biti-jedini-uzrok-kaosa-drzavi-karamarko\/","name":"INTERVJU SA BO\u017dOM PETROVOM: Ako bude pameti novih izbora ne\u0107e biti, jedini uzrok kaosa u dr\u017eavi je Karamarko - likemetkovic.hr","isPartOf":{"@id":"https:\/\/likemetkovic.hr\/#website"},"primaryImageOfPage":{"@id":"https:\/\/likemetkovic.hr\/intervju-bozom-petrovom-bude-pameti-novih-izbora-nece-biti-jedini-uzrok-kaosa-drzavi-karamarko\/#primaryimage"},"image":{"@id":"https:\/\/likemetkovic.hr\/intervju-bozom-petrovom-bude-pameti-novih-izbora-nece-biti-jedini-uzrok-kaosa-drzavi-karamarko\/#primaryimage"},"thumbnailUrl":"https:\/\/likemetkovic.hr\/portal\/wp-content\/uploads\/2016\/04\/bozo-petrov_narod_hr.jpg","datePublished":"2016-06-05T19:45:34+00:00","dateModified":"2016-06-05T19:45:59+00:00","author":{"@id":"https:\/\/likemetkovic.hr\/#\/schema\/person\/a42711f3385a0e2be6f7e0443bfb28f0"},"breadcrumb":{"@id":"https:\/\/likemetkovic.hr\/intervju-bozom-petrovom-bude-pameti-novih-izbora-nece-biti-jedini-uzrok-kaosa-drzavi-karamarko\/#breadcrumb"},"inLanguage":"hr","potentialAction":[{"@type":"ReadAction","target":["https:\/\/likemetkovic.hr\/intervju-bozom-petrovom-bude-pameti-novih-izbora-nece-biti-jedini-uzrok-kaosa-drzavi-karamarko\/"]}]},{"@type":"ImageObject","inLanguage":"hr","@id":"https:\/\/likemetkovic.hr\/intervju-bozom-petrovom-bude-pameti-novih-izbora-nece-biti-jedini-uzrok-kaosa-drzavi-karamarko\/#primaryimage","url":"https:\/\/likemetkovic.hr\/portal\/wp-content\/uploads\/2016\/04\/bozo-petrov_narod_hr.jpg","contentUrl":"https:\/\/likemetkovic.hr\/portal\/wp-content\/uploads\/2016\/04\/bozo-petrov_narod_hr.jpg","width":806,"height":600,"caption":"bozo_petrov_hina"},{"@type":"BreadcrumbList","@id":"https:\/\/likemetkovic.hr\/intervju-bozom-petrovom-bude-pameti-novih-izbora-nece-biti-jedini-uzrok-kaosa-drzavi-karamarko\/#breadcrumb","itemListElement":[{"@type":"ListItem","position":1,"name":"Po\u010detna stranica","item":"https:\/\/likemetkovic.hr\/portal\/"},{"@type":"ListItem","position":2,"name":"INTERVJU SA BO\u017dOM PETROVOM: Ako bude pameti novih izbora ne\u0107e biti, jedini uzrok kaosa u dr\u017eavi je Karamarko"}]},{"@type":"WebSite","@id":"https:\/\/likemetkovic.hr\/#website","url":"https:\/\/likemetkovic.hr\/","name":"likemetkovic.hr","description":"Misli pozitivno... \u010ditaj LIKE","potentialAction":[{"@type":"SearchAction","target":{"@type":"EntryPoint","urlTemplate":"https:\/\/likemetkovic.hr\/?s={search_term_string}"},"query-input":{"@type":"PropertyValueSpecification","valueRequired":true,"valueName":"search_term_string"}}],"inLanguage":"hr"},{"@type":"Person","@id":"https:\/\/likemetkovic.hr\/#\/schema\/person\/a42711f3385a0e2be6f7e0443bfb28f0","name":"LIKEmetkovic.hr","sameAs":["http:\/\/likemetkovic.hr"],"url":"https:\/\/likemetkovic.hr\/portal\/author\/likemetkovic-hr\/"}]}},"_links":{"self":[{"href":"https:\/\/likemetkovic.hr\/portal\/wp-json\/wp\/v2\/posts\/21559","targetHints":{"allow":["GET"]}}],"collection":[{"href":"https:\/\/likemetkovic.hr\/portal\/wp-json\/wp\/v2\/posts"}],"about":[{"href":"https:\/\/likemetkovic.hr\/portal\/wp-json\/wp\/v2\/types\/post"}],"author":[{"embeddable":true,"href":"https:\/\/likemetkovic.hr\/portal\/wp-json\/wp\/v2\/users\/7"}],"replies":[{"embeddable":true,"href":"https:\/\/likemetkovic.hr\/portal\/wp-json\/wp\/v2\/comments?post=21559"}],"version-history":[{"count":0,"href":"https:\/\/likemetkovic.hr\/portal\/wp-json\/wp\/v2\/posts\/21559\/revisions"}],"wp:featuredmedia":[{"embeddable":true,"href":"https:\/\/likemetkovic.hr\/portal\/wp-json\/wp\/v2\/media\/19573"}],"wp:attachment":[{"href":"https:\/\/likemetkovic.hr\/portal\/wp-json\/wp\/v2\/media?parent=21559"}],"wp:term":[{"taxonomy":"category","embeddable":true,"href":"https:\/\/likemetkovic.hr\/portal\/wp-json\/wp\/v2\/categories?post=21559"},{"taxonomy":"post_tag","embeddable":true,"href":"https:\/\/likemetkovic.hr\/portal\/wp-json\/wp\/v2\/tags?post=21559"}],"curies":[{"name":"wp","href":"https:\/\/api.w.org\/{rel}","templated":true}]}}