{"id":21572,"date":"2016-06-06T07:40:34","date_gmt":"2016-06-06T05:40:34","guid":{"rendered":"http:\/\/likemetkovic.hr\/?p=21572"},"modified":"2016-06-06T08:55:29","modified_gmt":"2016-06-06T06:55:29","slug":"klapa-sveti-nikola-prva-veceri-popularnih-skladbi-blatu-korculi","status":"publish","type":"post","link":"https:\/\/likemetkovic.hr\/portal\/klapa-sveti-nikola-prva-veceri-popularnih-skladbi-blatu-korculi\/","title":{"rendered":"Klapa Sveti Nikola prva na Ve\u010deri popularnih skladbi u Blatu na Kor\u010duli!"},"content":{"rendered":"<h6>\u00a0<b>50. Festival dalmatinskih klapa Omi\u0161 2016.<\/b>\u00a0s <b>Ve\u010deri popularnih skladbi<\/b> koja se odr\u017eala <b>u Blatu na Kor\u010duli\u00a0<\/b>u subotu, 4. lipnja u Velikoj dvorani Doma kulture Blato,\u00a0zapo\u010deo \u00a0je s realizacijom svojih programa izvan Omi\u0161a.\u00a0Ve\u010der Festivala dalmatinskih klapa<span id=\"more-9760\"><\/span> Omi\u0161 u Blatu na Kor\u010duli odr\u017eava se u suradnji s Op\u0107inom Blato ve\u0107 dvanaestu godinu za redom.<br \/>\nU natjecateljskoj <b>Ve\u010deri popularnih skladbi<\/b> nastupilo je<b>\u00a09 klapa<\/b>, i to redoslijedom: <b>Alegrija<\/b> (\u017e)-Supetar,\u00a0<b>Dalmari<\/b>\u00a0(m)-Maribor,\u00a0\u00a0<b>Salona<\/b>\u00a0(\u017e)-Solin,\u00a0<b>Podvorje<\/b> (m)-Ka\u0161tel Su\u0107urac,\u00a0<b>Re\u0107ina<\/b> (\u017e)-\u0160ibenik, \u00a0<b>Filip Devi\u0107<\/b> (m)-Split,\u00a0<b>Sv.Nikola<\/b>\u00a0(m)-Metkovi\u0107, \u00a0<b>Filip Devi\u0107<\/b> (\u017e)-Split i \u00a0<b>Kolapjani<\/b>\u00a0(m)-Sisak.<\/h6>\n<p>Najuspje\u0161nijim obra\u0111iva\u010dima popularnih skladbi\u00a0dodijeljuju se\u00a0<b>tri nagrade stru\u010dnog povjerenstva<\/b>\u00a0(prva , druga i tre\u0107a), \u00a0<b>jedna nagrada publike<\/b>, dok se posebna <b>nagrada stru\u010dnog povjerenstva<\/b> dodjeljuje se\u00a0<b>klapi \u00a0<\/b>za najbolju izvedbu<b>\u00a0<\/b>popularne skladbe.<\/p>\n<p>Stru\u010dno ocjenjiva\u010dko povjerenstvo prvu nagradu je dodijelio \u00a0<b>\u017divku Klju\u010di \u00a0<\/b>za obradu skladbe \u201c\u0160jor Bepo kapitan\u201d u izvedbi<strong> klape Sv.Nikola iz Metkovi\u0107a<\/strong>.<\/p>\n<p>Druga nagrada pripala je <b>Milivoju Rilovu \u00a0<\/b>za obradu skladbe \u201c\u017duta ru\u017ea\u201d u izvedbi \u017eenske klape Alegrija iz Supetra, dok je tre\u0107a nagrada pripala\u00a0<b>Du\u0161ku Tamba\u010di \u00a0<\/b>za obradu skladbe \u201cSun\u010dane fontane\u201d u izvedbi \u017eenske klape Filip Devi\u0107 iz Splita.<\/p>\n<p>Publika je najvi\u0161e svojih glasova dodijelila klapi <b>Filip Devi\u0107\u00a0<\/b>\u00a0(m) iz Splita.<\/p>\n<p>Nagrada stru\u010dnog povjerenstva \u00a0za najbolju izvedbu pripala je mu\u0161koj klapi \u00a0<b>Kolapjani\u00a0<\/b>\u00a0iz Siska, voditeljica Marijana Iv\u0161i\u0107 Koli\u0107.<\/p>\n<p>Stru\u010dno povjerenstvo radilo je u sastavu: mo.\u00a0<b>Mojmir \u010ca\u010dija<\/b>, prof.\u00a0<b>Velebit Ver\u0161i\u0107 <\/b>i mr.\u00a0<b>Marijo Krni\u0107<\/b>.<\/p>\n<p>Ve\u010der je vodila <b>Nike Nagy<\/b>.<\/p>\n","protected":false},"excerpt":{"rendered":"<p>\u00a050. Festival dalmatinskih klapa Omi\u0161 2016.\u00a0s Ve\u010deri popularnih skladbi koja se odr\u017eala u Blatu na Kor\u010duli\u00a0u subotu, 4. lipnja u Velikoj dvorani Doma kulture Blato,\u00a0zapo\u010deo \u00a0je s realizacijom svojih programa izvan Omi\u0161a.\u00a0Ve\u010der Festivala dalmatinskih klapa Omi\u0161 u Blatu na Kor\u010duli odr\u017eava se u suradnji s Op\u0107inom Blato ve\u0107 dvanaestu godinu za redom. U natjecateljskoj Ve\u010deri [&hellip;]<\/p>\n","protected":false},"author":7,"featured_media":21573,"comment_status":"open","ping_status":"open","sticky":false,"template":"","format":"standard","meta":{"footnotes":""},"categories":[283,11],"tags":[],"class_list":{"0":"post-21572","1":"post","2":"type-post","3":"status-publish","4":"format-standard","5":"has-post-thumbnail","7":"category-a","8":"category-metkovic-dolina"},"yoast_head":"<!-- This site is optimized with the Yoast SEO plugin v25.2 - https:\/\/yoast.com\/wordpress\/plugins\/seo\/ -->\n<title>Klapa Sveti Nikola prva na Ve\u010deri popularnih skladbi u Blatu na Kor\u010duli! - likemetkovic.hr<\/title>\n<meta name=\"robots\" content=\"index, follow, max-snippet:-1, max-image-preview:large, max-video-preview:-1\" \/>\n<link rel=\"canonical\" href=\"https:\/\/likemetkovic.hr\/klapa-sveti-nikola-prva-veceri-popularnih-skladbi-blatu-korculi\/\" \/>\n<meta property=\"og:locale\" content=\"hr_HR\" \/>\n<meta property=\"og:type\" content=\"article\" \/>\n<meta property=\"og:title\" content=\"Klapa Sveti Nikola prva na Ve\u010deri popularnih skladbi u Blatu na Kor\u010duli! - likemetkovic.hr\" \/>\n<meta property=\"og:description\" content=\"\u00a050. Festival dalmatinskih klapa Omi\u0161 2016.\u00a0s Ve\u010deri popularnih skladbi koja se odr\u017eala u Blatu na Kor\u010duli\u00a0u subotu, 4. lipnja u Velikoj dvorani Doma kulture Blato,\u00a0zapo\u010deo \u00a0je s realizacijom svojih programa izvan Omi\u0161a.\u00a0Ve\u010der Festivala dalmatinskih klapa Omi\u0161 u Blatu na Kor\u010duli odr\u017eava se u suradnji s Op\u0107inom Blato ve\u0107 dvanaestu godinu za redom. U natjecateljskoj Ve\u010deri [&hellip;]\" \/>\n<meta property=\"og:url\" content=\"https:\/\/likemetkovic.hr\/klapa-sveti-nikola-prva-veceri-popularnih-skladbi-blatu-korculi\/\" \/>\n<meta property=\"og:site_name\" content=\"likemetkovic.hr\" \/>\n<meta property=\"article:publisher\" content=\"https:\/\/www.facebook.com\/likemetkovic.hr\/\" \/>\n<meta property=\"article:published_time\" content=\"2016-06-06T05:40:34+00:00\" \/>\n<meta property=\"article:modified_time\" content=\"2016-06-06T06:55:29+00:00\" \/>\n<meta property=\"og:image\" content=\"https:\/\/likemetkovic.hr\/wp-content\/uploads\/2016\/06\/50-fdk-blato-002.jpg\" \/>\n\t<meta property=\"og:image:width\" content=\"980\" \/>\n\t<meta property=\"og:image:height\" content=\"600\" \/>\n\t<meta property=\"og:image:type\" content=\"image\/jpeg\" \/>\n<meta name=\"author\" content=\"LIKEmetkovic.hr\" \/>\n<meta name=\"twitter:card\" content=\"summary_large_image\" \/>\n<meta name=\"twitter:label1\" content=\"Napisao\/la\" \/>\n\t<meta name=\"twitter:data1\" content=\"LIKEmetkovic.hr\" \/>\n\t<meta name=\"twitter:label2\" content=\"Procijenjeno vrijeme \u010ditanja\" \/>\n\t<meta name=\"twitter:data2\" content=\"1 minuta\" \/>\n<script type=\"application\/ld+json\" class=\"yoast-schema-graph\">{\"@context\":\"https:\/\/schema.org\",\"@graph\":[{\"@type\":\"WebPage\",\"@id\":\"https:\/\/likemetkovic.hr\/klapa-sveti-nikola-prva-veceri-popularnih-skladbi-blatu-korculi\/\",\"url\":\"https:\/\/likemetkovic.hr\/klapa-sveti-nikola-prva-veceri-popularnih-skladbi-blatu-korculi\/\",\"name\":\"Klapa Sveti Nikola prva na Ve\u010deri popularnih skladbi u Blatu na Kor\u010duli! - likemetkovic.hr\",\"isPartOf\":{\"@id\":\"https:\/\/likemetkovic.hr\/#website\"},\"primaryImageOfPage\":{\"@id\":\"https:\/\/likemetkovic.hr\/klapa-sveti-nikola-prva-veceri-popularnih-skladbi-blatu-korculi\/#primaryimage\"},\"image\":{\"@id\":\"https:\/\/likemetkovic.hr\/klapa-sveti-nikola-prva-veceri-popularnih-skladbi-blatu-korculi\/#primaryimage\"},\"thumbnailUrl\":\"https:\/\/likemetkovic.hr\/portal\/wp-content\/uploads\/2016\/06\/50-fdk-blato-002.jpg\",\"datePublished\":\"2016-06-06T05:40:34+00:00\",\"dateModified\":\"2016-06-06T06:55:29+00:00\",\"author\":{\"@id\":\"https:\/\/likemetkovic.hr\/#\/schema\/person\/a42711f3385a0e2be6f7e0443bfb28f0\"},\"breadcrumb\":{\"@id\":\"https:\/\/likemetkovic.hr\/klapa-sveti-nikola-prva-veceri-popularnih-skladbi-blatu-korculi\/#breadcrumb\"},\"inLanguage\":\"hr\",\"potentialAction\":[{\"@type\":\"ReadAction\",\"target\":[\"https:\/\/likemetkovic.hr\/klapa-sveti-nikola-prva-veceri-popularnih-skladbi-blatu-korculi\/\"]}]},{\"@type\":\"ImageObject\",\"inLanguage\":\"hr\",\"@id\":\"https:\/\/likemetkovic.hr\/klapa-sveti-nikola-prva-veceri-popularnih-skladbi-blatu-korculi\/#primaryimage\",\"url\":\"https:\/\/likemetkovic.hr\/portal\/wp-content\/uploads\/2016\/06\/50-fdk-blato-002.jpg\",\"contentUrl\":\"https:\/\/likemetkovic.hr\/portal\/wp-content\/uploads\/2016\/06\/50-fdk-blato-002.jpg\",\"width\":980,\"height\":600},{\"@type\":\"BreadcrumbList\",\"@id\":\"https:\/\/likemetkovic.hr\/klapa-sveti-nikola-prva-veceri-popularnih-skladbi-blatu-korculi\/#breadcrumb\",\"itemListElement\":[{\"@type\":\"ListItem\",\"position\":1,\"name\":\"Po\u010detna stranica\",\"item\":\"https:\/\/likemetkovic.hr\/portal\/\"},{\"@type\":\"ListItem\",\"position\":2,\"name\":\"Klapa Sveti Nikola prva na Ve\u010deri popularnih skladbi u Blatu na Kor\u010duli!\"}]},{\"@type\":\"WebSite\",\"@id\":\"https:\/\/likemetkovic.hr\/#website\",\"url\":\"https:\/\/likemetkovic.hr\/\",\"name\":\"likemetkovic.hr\",\"description\":\"Misli pozitivno... \u010ditaj LIKE\",\"potentialAction\":[{\"@type\":\"SearchAction\",\"target\":{\"@type\":\"EntryPoint\",\"urlTemplate\":\"https:\/\/likemetkovic.hr\/?s={search_term_string}\"},\"query-input\":{\"@type\":\"PropertyValueSpecification\",\"valueRequired\":true,\"valueName\":\"search_term_string\"}}],\"inLanguage\":\"hr\"},{\"@type\":\"Person\",\"@id\":\"https:\/\/likemetkovic.hr\/#\/schema\/person\/a42711f3385a0e2be6f7e0443bfb28f0\",\"name\":\"LIKEmetkovic.hr\",\"sameAs\":[\"http:\/\/likemetkovic.hr\"],\"url\":\"https:\/\/likemetkovic.hr\/portal\/author\/likemetkovic-hr\/\"}]}<\/script>\n<!-- \/ Yoast SEO plugin. -->","yoast_head_json":{"title":"Klapa Sveti Nikola prva na Ve\u010deri popularnih skladbi u Blatu na Kor\u010duli! - likemetkovic.hr","robots":{"index":"index","follow":"follow","max-snippet":"max-snippet:-1","max-image-preview":"max-image-preview:large","max-video-preview":"max-video-preview:-1"},"canonical":"https:\/\/likemetkovic.hr\/klapa-sveti-nikola-prva-veceri-popularnih-skladbi-blatu-korculi\/","og_locale":"hr_HR","og_type":"article","og_title":"Klapa Sveti Nikola prva na Ve\u010deri popularnih skladbi u Blatu na Kor\u010duli! - likemetkovic.hr","og_description":"\u00a050. Festival dalmatinskih klapa Omi\u0161 2016.\u00a0s Ve\u010deri popularnih skladbi koja se odr\u017eala u Blatu na Kor\u010duli\u00a0u subotu, 4. lipnja u Velikoj dvorani Doma kulture Blato,\u00a0zapo\u010deo \u00a0je s realizacijom svojih programa izvan Omi\u0161a.\u00a0Ve\u010der Festivala dalmatinskih klapa Omi\u0161 u Blatu na Kor\u010duli odr\u017eava se u suradnji s Op\u0107inom Blato ve\u0107 dvanaestu godinu za redom. U natjecateljskoj Ve\u010deri [&hellip;]","og_url":"https:\/\/likemetkovic.hr\/klapa-sveti-nikola-prva-veceri-popularnih-skladbi-blatu-korculi\/","og_site_name":"likemetkovic.hr","article_publisher":"https:\/\/www.facebook.com\/likemetkovic.hr\/","article_published_time":"2016-06-06T05:40:34+00:00","article_modified_time":"2016-06-06T06:55:29+00:00","og_image":[{"width":980,"height":600,"url":"https:\/\/likemetkovic.hr\/wp-content\/uploads\/2016\/06\/50-fdk-blato-002.jpg","type":"image\/jpeg"}],"author":"LIKEmetkovic.hr","twitter_card":"summary_large_image","twitter_misc":{"Napisao\/la":"LIKEmetkovic.hr","Procijenjeno vrijeme \u010ditanja":"1 minuta"},"schema":{"@context":"https:\/\/schema.org","@graph":[{"@type":"WebPage","@id":"https:\/\/likemetkovic.hr\/klapa-sveti-nikola-prva-veceri-popularnih-skladbi-blatu-korculi\/","url":"https:\/\/likemetkovic.hr\/klapa-sveti-nikola-prva-veceri-popularnih-skladbi-blatu-korculi\/","name":"Klapa Sveti Nikola prva na Ve\u010deri popularnih skladbi u Blatu na Kor\u010duli! - likemetkovic.hr","isPartOf":{"@id":"https:\/\/likemetkovic.hr\/#website"},"primaryImageOfPage":{"@id":"https:\/\/likemetkovic.hr\/klapa-sveti-nikola-prva-veceri-popularnih-skladbi-blatu-korculi\/#primaryimage"},"image":{"@id":"https:\/\/likemetkovic.hr\/klapa-sveti-nikola-prva-veceri-popularnih-skladbi-blatu-korculi\/#primaryimage"},"thumbnailUrl":"https:\/\/likemetkovic.hr\/portal\/wp-content\/uploads\/2016\/06\/50-fdk-blato-002.jpg","datePublished":"2016-06-06T05:40:34+00:00","dateModified":"2016-06-06T06:55:29+00:00","author":{"@id":"https:\/\/likemetkovic.hr\/#\/schema\/person\/a42711f3385a0e2be6f7e0443bfb28f0"},"breadcrumb":{"@id":"https:\/\/likemetkovic.hr\/klapa-sveti-nikola-prva-veceri-popularnih-skladbi-blatu-korculi\/#breadcrumb"},"inLanguage":"hr","potentialAction":[{"@type":"ReadAction","target":["https:\/\/likemetkovic.hr\/klapa-sveti-nikola-prva-veceri-popularnih-skladbi-blatu-korculi\/"]}]},{"@type":"ImageObject","inLanguage":"hr","@id":"https:\/\/likemetkovic.hr\/klapa-sveti-nikola-prva-veceri-popularnih-skladbi-blatu-korculi\/#primaryimage","url":"https:\/\/likemetkovic.hr\/portal\/wp-content\/uploads\/2016\/06\/50-fdk-blato-002.jpg","contentUrl":"https:\/\/likemetkovic.hr\/portal\/wp-content\/uploads\/2016\/06\/50-fdk-blato-002.jpg","width":980,"height":600},{"@type":"BreadcrumbList","@id":"https:\/\/likemetkovic.hr\/klapa-sveti-nikola-prva-veceri-popularnih-skladbi-blatu-korculi\/#breadcrumb","itemListElement":[{"@type":"ListItem","position":1,"name":"Po\u010detna stranica","item":"https:\/\/likemetkovic.hr\/portal\/"},{"@type":"ListItem","position":2,"name":"Klapa Sveti Nikola prva na Ve\u010deri popularnih skladbi u Blatu na Kor\u010duli!"}]},{"@type":"WebSite","@id":"https:\/\/likemetkovic.hr\/#website","url":"https:\/\/likemetkovic.hr\/","name":"likemetkovic.hr","description":"Misli pozitivno... \u010ditaj LIKE","potentialAction":[{"@type":"SearchAction","target":{"@type":"EntryPoint","urlTemplate":"https:\/\/likemetkovic.hr\/?s={search_term_string}"},"query-input":{"@type":"PropertyValueSpecification","valueRequired":true,"valueName":"search_term_string"}}],"inLanguage":"hr"},{"@type":"Person","@id":"https:\/\/likemetkovic.hr\/#\/schema\/person\/a42711f3385a0e2be6f7e0443bfb28f0","name":"LIKEmetkovic.hr","sameAs":["http:\/\/likemetkovic.hr"],"url":"https:\/\/likemetkovic.hr\/portal\/author\/likemetkovic-hr\/"}]}},"_links":{"self":[{"href":"https:\/\/likemetkovic.hr\/portal\/wp-json\/wp\/v2\/posts\/21572","targetHints":{"allow":["GET"]}}],"collection":[{"href":"https:\/\/likemetkovic.hr\/portal\/wp-json\/wp\/v2\/posts"}],"about":[{"href":"https:\/\/likemetkovic.hr\/portal\/wp-json\/wp\/v2\/types\/post"}],"author":[{"embeddable":true,"href":"https:\/\/likemetkovic.hr\/portal\/wp-json\/wp\/v2\/users\/7"}],"replies":[{"embeddable":true,"href":"https:\/\/likemetkovic.hr\/portal\/wp-json\/wp\/v2\/comments?post=21572"}],"version-history":[{"count":0,"href":"https:\/\/likemetkovic.hr\/portal\/wp-json\/wp\/v2\/posts\/21572\/revisions"}],"wp:featuredmedia":[{"embeddable":true,"href":"https:\/\/likemetkovic.hr\/portal\/wp-json\/wp\/v2\/media\/21573"}],"wp:attachment":[{"href":"https:\/\/likemetkovic.hr\/portal\/wp-json\/wp\/v2\/media?parent=21572"}],"wp:term":[{"taxonomy":"category","embeddable":true,"href":"https:\/\/likemetkovic.hr\/portal\/wp-json\/wp\/v2\/categories?post=21572"},{"taxonomy":"post_tag","embeddable":true,"href":"https:\/\/likemetkovic.hr\/portal\/wp-json\/wp\/v2\/tags?post=21572"}],"curies":[{"name":"wp","href":"https:\/\/api.w.org\/{rel}","templated":true}]}}