{"id":21596,"date":"2016-06-06T18:50:25","date_gmt":"2016-06-06T16:50:25","guid":{"rendered":"http:\/\/likemetkovic.hr\/?p=21596"},"modified":"2018-06-03T06:45:35","modified_gmt":"2018-06-03T04:45:35","slug":"fra-kristijan-silic-buduci-zupni-vikar-zupe-svetog-ilije","status":"publish","type":"post","link":"https:\/\/likemetkovic.hr\/portal\/fra-kristijan-silic-buduci-zupni-vikar-zupe-svetog-ilije\/","title":{"rendered":"Fra Kristijan \u0160ili\u0107 &#8211; budu\u0107i \u017eupni vikar \u017dupe Svetog Ilije"},"content":{"rendered":"<p>Osim novog \u017eupnika <strong>fra Ante Bilokapi\u0107a<\/strong> uskoro u \u017dupu Svetog Ilije sti\u017eu i dva \u017eupna vikara, a predstavljamo prvoga od njih, pro\u0161logodi\u0161njeg mladomisnika, <strong>fra Kristijana \u0160ili\u0107a<\/strong>.<\/p>\n<p>Fra Kristijan je mladu misu imao\u00a026. srpnja 2015. u crkvi \u010cudotvorne Gospe Sinjske u Sinju pod motom \u201eJa sam s vama u sve dane \u2013 do svr\u0161etka svijeta.\u201c (Mt 28,20). Kum mladomisnika bio je na\u0161 Metkovac fra Josip Repe\u0161a, voditelj HKM Wuppertal, a propovjednik fra Jure Hrgovi\u0107, profesor na Franjeva\u010dkoj klasi\u010dnoj gimnaziji u Sinju.<\/p>\n<p>U slavlju su sudjelovali mladomisnikovi roditelji Katica i Smiljan, sestre Kristina i Marijana te brat Marin s obiteljima, \u010dasne sestre i \u017eupljani iz Sinja, \u010capljine, Knina, Konjica i ostalih mjesta u kojima je fra Kristijan boravio. Za vrijeme misnog slavlja pjevanje su predvodili vokalni ansambl \u201eExultet\u201c iz \u010capljine i Zbor franjeva\u010dkih bogoslova iz Splita pod ravnanjem prof. Gabrijele Glavini\u0107, a za orguljama je bio fra Frano Bosni\u0107.<\/p>\n<p>&#8221;Moja baba je puno molila za me da postanem sve\u0107enik. I, evo, molitve su joj se usli\u0161ale. Nije vi\u0161e, na\u017ealost, me\u0111u \u017eivima, ali siguran sam da me gleda s neba i da je sretna zbog mene&#8221;, povjerio se portalu <a href=\"http:\/\/misija.slobodnadalmacija.hr\/katolicka-dalmacija\/clanak\/id\/9684\/u-splitskoj-konkatedrali-svetog-petra-devet-kandidata-primilo-svecenicki-red-foto\" target=\"_blank\" rel=\"noopener\">Slobodne Dalmacije<\/a>\u00a026-godi\u0161nji fra Kristijan.<\/p>\n<p>&#8221;Dugo sam se spremao za ovo \u2013 najprije \u010detiri godine sjemeni\u0161ta, nakon toga je slijedio novicijat, pa \u0161est godina teolo\u0161kog fakulteta. Znao sam \u0161to \u0107u biti jo\u0161 od osmog razreda&#8221;, kazuje za Slobodnu Dalmaciju\u00a0simpati\u010dni i nasmijani fra Kristijan, koji \u0107e, tamo gdje bude u pastoralu, biti sigurno mamac za mlade.<\/p>\n\r\n                <style type=\"text\/css\">\r\n                    \r\n                    #tdi_1  .td-doubleSlider-2 .td-item1 {\r\n                        background: url(https:\/\/likemetkovic.hr\/portal\/wp-content\/uploads\/2016\/06\/fra-kristijan-\u0161ili\u0107_1-80x60.jpg) 0 0 no-repeat;\r\n                    }\r\n                    #tdi_1  .td-doubleSlider-2 .td-item2 {\r\n                        background: url(https:\/\/likemetkovic.hr\/portal\/wp-content\/uploads\/2016\/06\/fra-kristijan-\u0161ili\u0107_6-80x60.jpg) 0 0 no-repeat;\r\n                    }\r\n                    #tdi_1  .td-doubleSlider-2 .td-item3 {\r\n                        background: url(https:\/\/likemetkovic.hr\/portal\/wp-content\/uploads\/2016\/06\/fra-kristijan-\u0161ili\u0107_12-80x60.jpg) 0 0 no-repeat;\r\n                    }\r\n                <\/style>\r\n\r\n                <div id=\"tdi_1\" class=\"td-gallery td-slide-on-2-columns\">\r\n                    <div class=\"post_td_gallery\">\r\n                        <div class=\"td-gallery-slide-top\">\r\n                           <div class=\"td-gallery-title\"><\/div>\r\n\r\n                            <div class=\"td-gallery-controls-wrapper\">\r\n                                <div class=\"td-gallery-slide-count\"><span class=\"td-gallery-slide-item-focus\">1<\/span> of 3<\/div>\r\n                                <div class=\"td-gallery-slide-prev-next-but\">\r\n                                    <i class = \"td-icon-left doubleSliderPrevButton\"><\/i>\r\n                                    <i class = \"td-icon-right doubleSliderNextButton\"><\/i>\r\n                                <\/div>\r\n                            <\/div>\r\n                        <\/div>\r\n\r\n                        <div class = \"td-doubleSlider-1 \">\r\n                            <div class = \"td-slider\">\r\n                                \r\n                    <div class = \"td-slide-item td-item1\">\r\n                        <figure class=\"td-slide-galery-figure td-slide-popup-gallery\">\r\n                            <a class=\"slide-gallery-image-link\" href=\"https:\/\/likemetkovic.hr\/portal\/wp-content\/uploads\/2016\/06\/fra-kristijan-\u0161ili\u0107_1.jpg\" title=\"fra kristijan \u0161ili\u0107_1\"  data-caption=\"\"  data-description=\"\">\r\n                                <img decoding=\"async\" src=\"https:\/\/likemetkovic.hr\/portal\/wp-content\/uploads\/2016\/06\/fra-kristijan-\u0161ili\u0107_1-633x420.jpg\" srcset=\"https:\/\/likemetkovic.hr\/portal\/wp-content\/uploads\/2016\/06\/fra-kristijan-\u0161ili\u0107_1-633x420.jpg 633w, https:\/\/likemetkovic.hr\/portal\/wp-content\/uploads\/2016\/06\/fra-kristijan-\u0161ili\u0107_1-300x199.jpg 300w, https:\/\/likemetkovic.hr\/portal\/wp-content\/uploads\/2016\/06\/fra-kristijan-\u0161ili\u0107_1-768x510.jpg 768w, https:\/\/likemetkovic.hr\/portal\/wp-content\/uploads\/2016\/06\/fra-kristijan-\u0161ili\u0107_1-640x425.jpg 640w, https:\/\/likemetkovic.hr\/portal\/wp-content\/uploads\/2016\/06\/fra-kristijan-\u0161ili\u0107_1-696x462.jpg 696w, https:\/\/likemetkovic.hr\/portal\/wp-content\/uploads\/2016\/06\/fra-kristijan-\u0161ili\u0107_1.jpg 1005w\" sizes=\"(max-width: 633px) 100vw, 633px\" alt=\"\">\r\n                            <\/a>\r\n                            \r\n                        <\/figure>\r\n                    <\/div>\r\n                    <div class = \"td-slide-item td-item2\">\r\n                        <figure class=\"td-slide-galery-figure td-slide-popup-gallery\">\r\n                            <a class=\"slide-gallery-image-link\" href=\"https:\/\/likemetkovic.hr\/portal\/wp-content\/uploads\/2016\/06\/fra-kristijan-\u0161ili\u0107_6.jpg\" title=\"fra kristijan \u0161ili\u0107_6\"  data-caption=\"\"  data-description=\"\">\r\n                                <img decoding=\"async\" src=\"https:\/\/likemetkovic.hr\/portal\/wp-content\/uploads\/2016\/06\/fra-kristijan-\u0161ili\u0107_6-633x420.jpg\" srcset=\"https:\/\/likemetkovic.hr\/portal\/wp-content\/uploads\/2016\/06\/fra-kristijan-\u0161ili\u0107_6-633x420.jpg 633w, https:\/\/likemetkovic.hr\/portal\/wp-content\/uploads\/2016\/06\/fra-kristijan-\u0161ili\u0107_6-300x199.jpg 300w, https:\/\/likemetkovic.hr\/portal\/wp-content\/uploads\/2016\/06\/fra-kristijan-\u0161ili\u0107_6-768x510.jpg 768w, https:\/\/likemetkovic.hr\/portal\/wp-content\/uploads\/2016\/06\/fra-kristijan-\u0161ili\u0107_6-640x425.jpg 640w, https:\/\/likemetkovic.hr\/portal\/wp-content\/uploads\/2016\/06\/fra-kristijan-\u0161ili\u0107_6-696x462.jpg 696w, https:\/\/likemetkovic.hr\/portal\/wp-content\/uploads\/2016\/06\/fra-kristijan-\u0161ili\u0107_6.jpg 1005w\" sizes=\"(max-width: 633px) 100vw, 633px\" alt=\"\">\r\n                            <\/a>\r\n                            \r\n                        <\/figure>\r\n                    <\/div>\r\n                    <div class = \"td-slide-item td-item3\">\r\n                        <figure class=\"td-slide-galery-figure td-slide-popup-gallery\">\r\n                            <a class=\"slide-gallery-image-link\" href=\"https:\/\/likemetkovic.hr\/portal\/wp-content\/uploads\/2016\/06\/fra-kristijan-\u0161ili\u0107_12.jpg\" title=\"fra kristijan \u0161ili\u0107_12\"  data-caption=\"\"  data-description=\"\">\r\n                                <img decoding=\"async\" src=\"https:\/\/likemetkovic.hr\/portal\/wp-content\/uploads\/2016\/06\/fra-kristijan-\u0161ili\u0107_12-585x420.jpg\" srcset=\"https:\/\/likemetkovic.hr\/portal\/wp-content\/uploads\/2016\/06\/fra-kristijan-\u0161ili\u0107_12-585x420.jpg 585w, https:\/\/likemetkovic.hr\/portal\/wp-content\/uploads\/2016\/06\/fra-kristijan-\u0161ili\u0107_12-300x216.jpg 300w, https:\/\/likemetkovic.hr\/portal\/wp-content\/uploads\/2016\/06\/fra-kristijan-\u0161ili\u0107_12-768x552.jpg 768w, https:\/\/likemetkovic.hr\/portal\/wp-content\/uploads\/2016\/06\/fra-kristijan-\u0161ili\u0107_12-640x460.jpg 640w, https:\/\/likemetkovic.hr\/portal\/wp-content\/uploads\/2016\/06\/fra-kristijan-\u0161ili\u0107_12-696x500.jpg 696w, https:\/\/likemetkovic.hr\/portal\/wp-content\/uploads\/2016\/06\/fra-kristijan-\u0161ili\u0107_12.jpg 835w\" sizes=\"(max-width: 585px) 100vw, 585px\" alt=\"\">\r\n                            <\/a>\r\n                            \r\n                        <\/figure>\r\n                    <\/div>\r\n                            <\/div>\r\n                        <\/div>\r\n\r\n                        <div class = \"td-doubleSlider-2\">\r\n                            <div class = \"td-slider\">\r\n                                \r\n                    <div class = \"td-button td-item1\">\r\n                        <div class = \"td-border\"><\/div>\r\n                    <\/div>\r\n                    <div class = \"td-button td-item2\">\r\n                        <div class = \"td-border\"><\/div>\r\n                    <\/div>\r\n                    <div class = \"td-button td-item3\">\r\n                        <div class = \"td-border\"><\/div>\r\n                    <\/div>\r\n                            <\/div>\r\n                        <\/div>\r\n\r\n                    <\/div>\r\n\r\n                <\/div>\r\n                \n<p><iframe title=\"Sve\u0107eni\u010dko re\u0111enje Kristijana \u0160ili\u0107a, franjevca u Provinciji Presvetog Otkupitelja\" width=\"696\" height=\"392\" src=\"https:\/\/www.youtube.com\/embed\/26ws4rY7cD4?feature=oembed\" frameborder=\"0\" allow=\"accelerometer; autoplay; encrypted-media; gyroscope; picture-in-picture\" allowfullscreen><\/iframe><\/p>\n","protected":false},"excerpt":{"rendered":"<p>Osim novog \u017eupnika fra Ante Bilokapi\u0107a uskoro u \u017dupu Svetog Ilije sti\u017eu i dva \u017eupna vikara, a predstavljamo prvoga od njih, pro\u0161logodi\u0161njeg mladomisnika, fra Kristijana \u0160ili\u0107a. Fra Kristijan je mladu misu imao\u00a026. srpnja 2015. u crkvi \u010cudotvorne Gospe Sinjske u Sinju pod motom \u201eJa sam s vama u sve dane \u2013 do svr\u0161etka svijeta.\u201c (Mt [&hellip;]<\/p>\n","protected":false},"author":7,"featured_media":21608,"comment_status":"open","ping_status":"open","sticky":false,"template":"","format":"standard","meta":{"footnotes":""},"categories":[283],"tags":[],"class_list":{"0":"post-21596","1":"post","2":"type-post","3":"status-publish","4":"format-standard","5":"has-post-thumbnail","7":"category-a"},"yoast_head":"<!-- This site is optimized with the Yoast SEO plugin v25.2 - https:\/\/yoast.com\/wordpress\/plugins\/seo\/ -->\n<title>Fra Kristijan \u0160ili\u0107 - budu\u0107i \u017eupni vikar \u017dupe Svetog Ilije - likemetkovic.hr<\/title>\n<meta name=\"robots\" content=\"index, follow, max-snippet:-1, max-image-preview:large, max-video-preview:-1\" \/>\n<link rel=\"canonical\" href=\"https:\/\/likemetkovic.hr\/fra-kristijan-silic-buduci-zupni-vikar-zupe-svetog-ilije\/\" \/>\n<meta property=\"og:locale\" content=\"hr_HR\" \/>\n<meta property=\"og:type\" content=\"article\" \/>\n<meta property=\"og:title\" content=\"Fra Kristijan \u0160ili\u0107 - budu\u0107i \u017eupni vikar \u017dupe Svetog Ilije - likemetkovic.hr\" \/>\n<meta property=\"og:description\" content=\"Osim novog \u017eupnika fra Ante Bilokapi\u0107a uskoro u \u017dupu Svetog Ilije sti\u017eu i dva \u017eupna vikara, a predstavljamo prvoga od njih, pro\u0161logodi\u0161njeg mladomisnika, fra Kristijana \u0160ili\u0107a. Fra Kristijan je mladu misu imao\u00a026. srpnja 2015. u crkvi \u010cudotvorne Gospe Sinjske u Sinju pod motom \u201eJa sam s vama u sve dane \u2013 do svr\u0161etka svijeta.\u201c (Mt [&hellip;]\" \/>\n<meta property=\"og:url\" content=\"https:\/\/likemetkovic.hr\/fra-kristijan-silic-buduci-zupni-vikar-zupe-svetog-ilije\/\" \/>\n<meta property=\"og:site_name\" content=\"likemetkovic.hr\" \/>\n<meta property=\"article:publisher\" content=\"https:\/\/www.facebook.com\/likemetkovic.hr\/\" \/>\n<meta property=\"article:published_time\" content=\"2016-06-06T16:50:25+00:00\" \/>\n<meta property=\"article:modified_time\" content=\"2018-06-03T04:45:35+00:00\" \/>\n<meta property=\"og:image\" content=\"https:\/\/likemetkovic.hr\/wp-content\/uploads\/2016\/06\/fra-kristijan-\u0161ili\u0107_12.jpg\" \/>\n\t<meta property=\"og:image:width\" content=\"835\" \/>\n\t<meta property=\"og:image:height\" content=\"600\" \/>\n\t<meta property=\"og:image:type\" content=\"image\/jpeg\" \/>\n<meta name=\"author\" content=\"LIKEmetkovic.hr\" \/>\n<meta name=\"twitter:card\" content=\"summary_large_image\" \/>\n<meta name=\"twitter:label1\" content=\"Napisao\/la\" \/>\n\t<meta name=\"twitter:data1\" content=\"LIKEmetkovic.hr\" \/>\n\t<meta name=\"twitter:label2\" content=\"Procijenjeno vrijeme \u010ditanja\" \/>\n\t<meta name=\"twitter:data2\" content=\"1 minuta\" \/>\n<script type=\"application\/ld+json\" class=\"yoast-schema-graph\">{\"@context\":\"https:\/\/schema.org\",\"@graph\":[{\"@type\":\"WebPage\",\"@id\":\"https:\/\/likemetkovic.hr\/fra-kristijan-silic-buduci-zupni-vikar-zupe-svetog-ilije\/\",\"url\":\"https:\/\/likemetkovic.hr\/fra-kristijan-silic-buduci-zupni-vikar-zupe-svetog-ilije\/\",\"name\":\"Fra Kristijan \u0160ili\u0107 - budu\u0107i \u017eupni vikar \u017dupe Svetog Ilije - likemetkovic.hr\",\"isPartOf\":{\"@id\":\"https:\/\/likemetkovic.hr\/#website\"},\"primaryImageOfPage\":{\"@id\":\"https:\/\/likemetkovic.hr\/fra-kristijan-silic-buduci-zupni-vikar-zupe-svetog-ilije\/#primaryimage\"},\"image\":{\"@id\":\"https:\/\/likemetkovic.hr\/fra-kristijan-silic-buduci-zupni-vikar-zupe-svetog-ilije\/#primaryimage\"},\"thumbnailUrl\":\"https:\/\/likemetkovic.hr\/portal\/wp-content\/uploads\/2016\/06\/fra-kristijan-\u0161ili\u0107_12.jpg\",\"datePublished\":\"2016-06-06T16:50:25+00:00\",\"dateModified\":\"2018-06-03T04:45:35+00:00\",\"author\":{\"@id\":\"https:\/\/likemetkovic.hr\/#\/schema\/person\/a42711f3385a0e2be6f7e0443bfb28f0\"},\"breadcrumb\":{\"@id\":\"https:\/\/likemetkovic.hr\/fra-kristijan-silic-buduci-zupni-vikar-zupe-svetog-ilije\/#breadcrumb\"},\"inLanguage\":\"hr\",\"potentialAction\":[{\"@type\":\"ReadAction\",\"target\":[\"https:\/\/likemetkovic.hr\/fra-kristijan-silic-buduci-zupni-vikar-zupe-svetog-ilije\/\"]}]},{\"@type\":\"ImageObject\",\"inLanguage\":\"hr\",\"@id\":\"https:\/\/likemetkovic.hr\/fra-kristijan-silic-buduci-zupni-vikar-zupe-svetog-ilije\/#primaryimage\",\"url\":\"https:\/\/likemetkovic.hr\/portal\/wp-content\/uploads\/2016\/06\/fra-kristijan-\u0161ili\u0107_12.jpg\",\"contentUrl\":\"https:\/\/likemetkovic.hr\/portal\/wp-content\/uploads\/2016\/06\/fra-kristijan-\u0161ili\u0107_12.jpg\",\"width\":835,\"height\":600},{\"@type\":\"BreadcrumbList\",\"@id\":\"https:\/\/likemetkovic.hr\/fra-kristijan-silic-buduci-zupni-vikar-zupe-svetog-ilije\/#breadcrumb\",\"itemListElement\":[{\"@type\":\"ListItem\",\"position\":1,\"name\":\"Po\u010detna stranica\",\"item\":\"https:\/\/likemetkovic.hr\/portal\/\"},{\"@type\":\"ListItem\",\"position\":2,\"name\":\"Fra Kristijan \u0160ili\u0107 &#8211; budu\u0107i \u017eupni vikar \u017dupe Svetog Ilije\"}]},{\"@type\":\"WebSite\",\"@id\":\"https:\/\/likemetkovic.hr\/#website\",\"url\":\"https:\/\/likemetkovic.hr\/\",\"name\":\"likemetkovic.hr\",\"description\":\"Misli pozitivno... \u010ditaj LIKE\",\"potentialAction\":[{\"@type\":\"SearchAction\",\"target\":{\"@type\":\"EntryPoint\",\"urlTemplate\":\"https:\/\/likemetkovic.hr\/?s={search_term_string}\"},\"query-input\":{\"@type\":\"PropertyValueSpecification\",\"valueRequired\":true,\"valueName\":\"search_term_string\"}}],\"inLanguage\":\"hr\"},{\"@type\":\"Person\",\"@id\":\"https:\/\/likemetkovic.hr\/#\/schema\/person\/a42711f3385a0e2be6f7e0443bfb28f0\",\"name\":\"LIKEmetkovic.hr\",\"sameAs\":[\"http:\/\/likemetkovic.hr\"],\"url\":\"https:\/\/likemetkovic.hr\/portal\/author\/likemetkovic-hr\/\"}]}<\/script>\n<!-- \/ Yoast SEO plugin. -->","yoast_head_json":{"title":"Fra Kristijan \u0160ili\u0107 - budu\u0107i \u017eupni vikar \u017dupe Svetog Ilije - likemetkovic.hr","robots":{"index":"index","follow":"follow","max-snippet":"max-snippet:-1","max-image-preview":"max-image-preview:large","max-video-preview":"max-video-preview:-1"},"canonical":"https:\/\/likemetkovic.hr\/fra-kristijan-silic-buduci-zupni-vikar-zupe-svetog-ilije\/","og_locale":"hr_HR","og_type":"article","og_title":"Fra Kristijan \u0160ili\u0107 - budu\u0107i \u017eupni vikar \u017dupe Svetog Ilije - likemetkovic.hr","og_description":"Osim novog \u017eupnika fra Ante Bilokapi\u0107a uskoro u \u017dupu Svetog Ilije sti\u017eu i dva \u017eupna vikara, a predstavljamo prvoga od njih, pro\u0161logodi\u0161njeg mladomisnika, fra Kristijana \u0160ili\u0107a. Fra Kristijan je mladu misu imao\u00a026. srpnja 2015. u crkvi \u010cudotvorne Gospe Sinjske u Sinju pod motom \u201eJa sam s vama u sve dane \u2013 do svr\u0161etka svijeta.\u201c (Mt [&hellip;]","og_url":"https:\/\/likemetkovic.hr\/fra-kristijan-silic-buduci-zupni-vikar-zupe-svetog-ilije\/","og_site_name":"likemetkovic.hr","article_publisher":"https:\/\/www.facebook.com\/likemetkovic.hr\/","article_published_time":"2016-06-06T16:50:25+00:00","article_modified_time":"2018-06-03T04:45:35+00:00","og_image":[{"width":835,"height":600,"url":"https:\/\/likemetkovic.hr\/wp-content\/uploads\/2016\/06\/fra-kristijan-\u0161ili\u0107_12.jpg","type":"image\/jpeg"}],"author":"LIKEmetkovic.hr","twitter_card":"summary_large_image","twitter_misc":{"Napisao\/la":"LIKEmetkovic.hr","Procijenjeno vrijeme \u010ditanja":"1 minuta"},"schema":{"@context":"https:\/\/schema.org","@graph":[{"@type":"WebPage","@id":"https:\/\/likemetkovic.hr\/fra-kristijan-silic-buduci-zupni-vikar-zupe-svetog-ilije\/","url":"https:\/\/likemetkovic.hr\/fra-kristijan-silic-buduci-zupni-vikar-zupe-svetog-ilije\/","name":"Fra Kristijan \u0160ili\u0107 - budu\u0107i \u017eupni vikar \u017dupe Svetog Ilije - likemetkovic.hr","isPartOf":{"@id":"https:\/\/likemetkovic.hr\/#website"},"primaryImageOfPage":{"@id":"https:\/\/likemetkovic.hr\/fra-kristijan-silic-buduci-zupni-vikar-zupe-svetog-ilije\/#primaryimage"},"image":{"@id":"https:\/\/likemetkovic.hr\/fra-kristijan-silic-buduci-zupni-vikar-zupe-svetog-ilije\/#primaryimage"},"thumbnailUrl":"https:\/\/likemetkovic.hr\/portal\/wp-content\/uploads\/2016\/06\/fra-kristijan-\u0161ili\u0107_12.jpg","datePublished":"2016-06-06T16:50:25+00:00","dateModified":"2018-06-03T04:45:35+00:00","author":{"@id":"https:\/\/likemetkovic.hr\/#\/schema\/person\/a42711f3385a0e2be6f7e0443bfb28f0"},"breadcrumb":{"@id":"https:\/\/likemetkovic.hr\/fra-kristijan-silic-buduci-zupni-vikar-zupe-svetog-ilije\/#breadcrumb"},"inLanguage":"hr","potentialAction":[{"@type":"ReadAction","target":["https:\/\/likemetkovic.hr\/fra-kristijan-silic-buduci-zupni-vikar-zupe-svetog-ilije\/"]}]},{"@type":"ImageObject","inLanguage":"hr","@id":"https:\/\/likemetkovic.hr\/fra-kristijan-silic-buduci-zupni-vikar-zupe-svetog-ilije\/#primaryimage","url":"https:\/\/likemetkovic.hr\/portal\/wp-content\/uploads\/2016\/06\/fra-kristijan-\u0161ili\u0107_12.jpg","contentUrl":"https:\/\/likemetkovic.hr\/portal\/wp-content\/uploads\/2016\/06\/fra-kristijan-\u0161ili\u0107_12.jpg","width":835,"height":600},{"@type":"BreadcrumbList","@id":"https:\/\/likemetkovic.hr\/fra-kristijan-silic-buduci-zupni-vikar-zupe-svetog-ilije\/#breadcrumb","itemListElement":[{"@type":"ListItem","position":1,"name":"Po\u010detna stranica","item":"https:\/\/likemetkovic.hr\/portal\/"},{"@type":"ListItem","position":2,"name":"Fra Kristijan \u0160ili\u0107 &#8211; budu\u0107i \u017eupni vikar \u017dupe Svetog Ilije"}]},{"@type":"WebSite","@id":"https:\/\/likemetkovic.hr\/#website","url":"https:\/\/likemetkovic.hr\/","name":"likemetkovic.hr","description":"Misli pozitivno... \u010ditaj LIKE","potentialAction":[{"@type":"SearchAction","target":{"@type":"EntryPoint","urlTemplate":"https:\/\/likemetkovic.hr\/?s={search_term_string}"},"query-input":{"@type":"PropertyValueSpecification","valueRequired":true,"valueName":"search_term_string"}}],"inLanguage":"hr"},{"@type":"Person","@id":"https:\/\/likemetkovic.hr\/#\/schema\/person\/a42711f3385a0e2be6f7e0443bfb28f0","name":"LIKEmetkovic.hr","sameAs":["http:\/\/likemetkovic.hr"],"url":"https:\/\/likemetkovic.hr\/portal\/author\/likemetkovic-hr\/"}]}},"_links":{"self":[{"href":"https:\/\/likemetkovic.hr\/portal\/wp-json\/wp\/v2\/posts\/21596","targetHints":{"allow":["GET"]}}],"collection":[{"href":"https:\/\/likemetkovic.hr\/portal\/wp-json\/wp\/v2\/posts"}],"about":[{"href":"https:\/\/likemetkovic.hr\/portal\/wp-json\/wp\/v2\/types\/post"}],"author":[{"embeddable":true,"href":"https:\/\/likemetkovic.hr\/portal\/wp-json\/wp\/v2\/users\/7"}],"replies":[{"embeddable":true,"href":"https:\/\/likemetkovic.hr\/portal\/wp-json\/wp\/v2\/comments?post=21596"}],"version-history":[{"count":0,"href":"https:\/\/likemetkovic.hr\/portal\/wp-json\/wp\/v2\/posts\/21596\/revisions"}],"wp:featuredmedia":[{"embeddable":true,"href":"https:\/\/likemetkovic.hr\/portal\/wp-json\/wp\/v2\/media\/21608"}],"wp:attachment":[{"href":"https:\/\/likemetkovic.hr\/portal\/wp-json\/wp\/v2\/media?parent=21596"}],"wp:term":[{"taxonomy":"category","embeddable":true,"href":"https:\/\/likemetkovic.hr\/portal\/wp-json\/wp\/v2\/categories?post=21596"},{"taxonomy":"post_tag","embeddable":true,"href":"https:\/\/likemetkovic.hr\/portal\/wp-json\/wp\/v2\/tags?post=21596"}],"curies":[{"name":"wp","href":"https:\/\/api.w.org\/{rel}","templated":true}]}}