{"id":21781,"date":"2016-06-10T08:01:11","date_gmt":"2016-06-10T06:01:11","guid":{"rendered":"http:\/\/likemetkovic.hr\/?p=21781"},"modified":"2016-06-10T08:01:11","modified_gmt":"2016-06-10T06:01:11","slug":"kapetan-vatrenih-darijo-srna-pokazao-veliko-srce-mladica-s-downovim-sindromom","status":"publish","type":"post","link":"https:\/\/likemetkovic.hr\/portal\/kapetan-vatrenih-darijo-srna-pokazao-veliko-srce-mladica-s-downovim-sindromom\/","title":{"rendered":"Kapetan &#8216;Vatrenih&#8217; Darijo Srna pokazao veliko srce za mladi\u0107a s Downovim sindromom"},"content":{"rendered":"<h6><strong>&#8220;Nadam se da \u0107e se jo\u0161 vi\u0161e ljudi mobilizirati i pomo\u0107i doniranjem novca za organizacije koje djeci i odraslim ljudima s Downovim sindromom poma\u017eu da razviju i vode normalan \u017eivot. Oni zaslu\u017euju biti sretni, a mi igra\u010di mo\u017eemo im na jednostavan na\u010din pomo\u0107i svojim odlaskom u bolnicu ili \u0161kolu i tako im donijeti radosti,&#8221; kazao je Srna<\/strong><\/h6>\n<p>Kapetan hrvatske nogometne reprezentacije na\u0161 Darijo Srna jo\u0161 je jednom pokazao &#8216;veliko srce&#8217; i svoju dru\u0161tveno osjetljivu stranu nakon otvorenog treninga u Mata de Sao Joao.<\/p>\n<p>Srna se nakon otvorenog treninga hrvatske reprezentacije upoznao s Johnom Ulissesom Bahijom, mladi\u0107em s Downovim sindromom te mu je poklonio loptu i dres hrvatske reprezentacije koji su potpisali svi Srnini suigra\u010di.<\/p>\n<p>Kapetan je tako dao veliku podr\u0161ku udruzi Apae koja poma\u017ee osobama s Downovim sindromom, a dres \u0107e iskoristiti kako bi prikupili novac za svoje djelovanje. Isto su u\u010dinili i brazilski reprezentativci, kao i klubovi iz pokrajine Bahia.<\/p>\n<p>Srna se nada kako ovakvi potezi mogu pove\u0107ati svijest o pote\u0161ko\u0107ama osoba s Downovim sindromom.<\/p>\n<p>&#8220;Nadam se da \u0107e se jo\u0161 vi\u0161e ljudi mobilizirati i pomo\u0107i doniranjem novca za ovakve organizacije koje djeci i odraslim ljudima s Downovim sindromom poma\u017eu da razviju i vode normalan \u017eivot. Oni zaslu\u017euju biti sretni, a mi igra\u010di mo\u017eemo im na jednostavan na\u010din pomo\u0107i svojim odlaskom u bolnicu ili \u0161kolu i tako im donijeti radosti,&#8221; kazao je Srna.<\/p>\n<p>Svi znamo Darijevog brata Igora koji tako\u0111er ima\u00a0Down sindromom i jedan je od najvatrenijih navija\u010da &#8216;Vatrenih&#8217;. Za Srnu je svojevrsni ritual prije po\u010detka zna\u010dajnijih utakmica hrvatske reprezentacije barem \u00a0telefonski porazgovarati s Igorom, a nije rijetkost da ga Igor bodri i s tribina stadiona. Koliko je privr\u017een bratu Darijo je pokazao i tetova\u017eom IGOR iznad srca.<\/p>\n<p><img decoding=\"async\" class=\"alignnone size-full wp-image-21782\" src=\"http:\/\/likemetkovic.hr\/wp-content\/uploads\/2016\/06\/Darijo-Srna-Igor1.jpg\" alt=\"Darijo-Srna-Igor1\" width=\"550\" height=\"354\" srcset=\"https:\/\/likemetkovic.hr\/portal\/wp-content\/uploads\/2016\/06\/Darijo-Srna-Igor1.jpg 550w, https:\/\/likemetkovic.hr\/portal\/wp-content\/uploads\/2016\/06\/Darijo-Srna-Igor1-300x193.jpg 300w\" sizes=\"(max-width: 550px) 100vw, 550px\" \/><\/p>\n","protected":false},"excerpt":{"rendered":"<p>&#8220;Nadam se da \u0107e se jo\u0161 vi\u0161e ljudi mobilizirati i pomo\u0107i doniranjem novca za organizacije koje djeci i odraslim ljudima s Downovim sindromom poma\u017eu da razviju i vode normalan \u017eivot. Oni zaslu\u017euju biti sretni, a mi igra\u010di mo\u017eemo im na jednostavan na\u010din pomo\u0107i svojim odlaskom u bolnicu ili \u0161kolu i tako im donijeti radosti,&#8221; kazao [&hellip;]<\/p>\n","protected":false},"author":7,"featured_media":21783,"comment_status":"open","ping_status":"open","sticky":false,"template":"","format":"standard","meta":{"footnotes":""},"categories":[283,71],"tags":[],"class_list":{"0":"post-21781","1":"post","2":"type-post","3":"status-publish","4":"format-standard","5":"has-post-thumbnail","7":"category-a","8":"category-svega-po-malo"},"yoast_head":"<!-- This site is optimized with the Yoast SEO plugin v25.2 - https:\/\/yoast.com\/wordpress\/plugins\/seo\/ -->\n<title>Kapetan &#039;Vatrenih&#039; Darijo Srna pokazao veliko srce za mladi\u0107a s Downovim sindromom - likemetkovic.hr<\/title>\n<meta name=\"robots\" content=\"index, follow, max-snippet:-1, max-image-preview:large, max-video-preview:-1\" \/>\n<link rel=\"canonical\" href=\"https:\/\/likemetkovic.hr\/kapetan-vatrenih-darijo-srna-pokazao-veliko-srce-mladica-s-downovim-sindromom\/\" \/>\n<meta property=\"og:locale\" content=\"hr_HR\" \/>\n<meta property=\"og:type\" content=\"article\" \/>\n<meta property=\"og:title\" content=\"Kapetan &#039;Vatrenih&#039; Darijo Srna pokazao veliko srce za mladi\u0107a s Downovim sindromom - likemetkovic.hr\" \/>\n<meta property=\"og:description\" content=\"&#8220;Nadam se da \u0107e se jo\u0161 vi\u0161e ljudi mobilizirati i pomo\u0107i doniranjem novca za organizacije koje djeci i odraslim ljudima s Downovim sindromom poma\u017eu da razviju i vode normalan \u017eivot. Oni zaslu\u017euju biti sretni, a mi igra\u010di mo\u017eemo im na jednostavan na\u010din pomo\u0107i svojim odlaskom u bolnicu ili \u0161kolu i tako im donijeti radosti,&#8221; kazao [&hellip;]\" \/>\n<meta property=\"og:url\" content=\"https:\/\/likemetkovic.hr\/kapetan-vatrenih-darijo-srna-pokazao-veliko-srce-mladica-s-downovim-sindromom\/\" \/>\n<meta property=\"og:site_name\" content=\"likemetkovic.hr\" \/>\n<meta property=\"article:publisher\" content=\"https:\/\/www.facebook.com\/likemetkovic.hr\/\" \/>\n<meta property=\"article:published_time\" content=\"2016-06-10T06:01:11+00:00\" \/>\n<meta property=\"og:image\" content=\"https:\/\/likemetkovic.hr\/wp-content\/uploads\/2016\/06\/Darijo-Srna2.jpg\" \/>\n\t<meta property=\"og:image:width\" content=\"780\" \/>\n\t<meta property=\"og:image:height\" content=\"600\" \/>\n\t<meta property=\"og:image:type\" content=\"image\/jpeg\" \/>\n<meta name=\"author\" content=\"LIKEmetkovic.hr\" \/>\n<meta name=\"twitter:card\" content=\"summary_large_image\" \/>\n<meta name=\"twitter:label1\" content=\"Napisao\/la\" \/>\n\t<meta name=\"twitter:data1\" content=\"LIKEmetkovic.hr\" \/>\n\t<meta name=\"twitter:label2\" content=\"Procijenjeno vrijeme \u010ditanja\" \/>\n\t<meta name=\"twitter:data2\" content=\"2 minute\" \/>\n<script type=\"application\/ld+json\" class=\"yoast-schema-graph\">{\"@context\":\"https:\/\/schema.org\",\"@graph\":[{\"@type\":\"WebPage\",\"@id\":\"https:\/\/likemetkovic.hr\/kapetan-vatrenih-darijo-srna-pokazao-veliko-srce-mladica-s-downovim-sindromom\/\",\"url\":\"https:\/\/likemetkovic.hr\/kapetan-vatrenih-darijo-srna-pokazao-veliko-srce-mladica-s-downovim-sindromom\/\",\"name\":\"Kapetan 'Vatrenih' Darijo Srna pokazao veliko srce za mladi\u0107a s Downovim sindromom - likemetkovic.hr\",\"isPartOf\":{\"@id\":\"https:\/\/likemetkovic.hr\/#website\"},\"primaryImageOfPage\":{\"@id\":\"https:\/\/likemetkovic.hr\/kapetan-vatrenih-darijo-srna-pokazao-veliko-srce-mladica-s-downovim-sindromom\/#primaryimage\"},\"image\":{\"@id\":\"https:\/\/likemetkovic.hr\/kapetan-vatrenih-darijo-srna-pokazao-veliko-srce-mladica-s-downovim-sindromom\/#primaryimage\"},\"thumbnailUrl\":\"https:\/\/likemetkovic.hr\/portal\/wp-content\/uploads\/2016\/06\/Darijo-Srna2.jpg\",\"datePublished\":\"2016-06-10T06:01:11+00:00\",\"author\":{\"@id\":\"https:\/\/likemetkovic.hr\/#\/schema\/person\/a42711f3385a0e2be6f7e0443bfb28f0\"},\"breadcrumb\":{\"@id\":\"https:\/\/likemetkovic.hr\/kapetan-vatrenih-darijo-srna-pokazao-veliko-srce-mladica-s-downovim-sindromom\/#breadcrumb\"},\"inLanguage\":\"hr\",\"potentialAction\":[{\"@type\":\"ReadAction\",\"target\":[\"https:\/\/likemetkovic.hr\/kapetan-vatrenih-darijo-srna-pokazao-veliko-srce-mladica-s-downovim-sindromom\/\"]}]},{\"@type\":\"ImageObject\",\"inLanguage\":\"hr\",\"@id\":\"https:\/\/likemetkovic.hr\/kapetan-vatrenih-darijo-srna-pokazao-veliko-srce-mladica-s-downovim-sindromom\/#primaryimage\",\"url\":\"https:\/\/likemetkovic.hr\/portal\/wp-content\/uploads\/2016\/06\/Darijo-Srna2.jpg\",\"contentUrl\":\"https:\/\/likemetkovic.hr\/portal\/wp-content\/uploads\/2016\/06\/Darijo-Srna2.jpg\",\"width\":780,\"height\":600,\"caption\":\"Foto: hns.hr\"},{\"@type\":\"BreadcrumbList\",\"@id\":\"https:\/\/likemetkovic.hr\/kapetan-vatrenih-darijo-srna-pokazao-veliko-srce-mladica-s-downovim-sindromom\/#breadcrumb\",\"itemListElement\":[{\"@type\":\"ListItem\",\"position\":1,\"name\":\"Po\u010detna stranica\",\"item\":\"https:\/\/likemetkovic.hr\/portal\/\"},{\"@type\":\"ListItem\",\"position\":2,\"name\":\"Kapetan &#8216;Vatrenih&#8217; Darijo Srna pokazao veliko srce za mladi\u0107a s Downovim sindromom\"}]},{\"@type\":\"WebSite\",\"@id\":\"https:\/\/likemetkovic.hr\/#website\",\"url\":\"https:\/\/likemetkovic.hr\/\",\"name\":\"likemetkovic.hr\",\"description\":\"Misli pozitivno... \u010ditaj LIKE\",\"potentialAction\":[{\"@type\":\"SearchAction\",\"target\":{\"@type\":\"EntryPoint\",\"urlTemplate\":\"https:\/\/likemetkovic.hr\/?s={search_term_string}\"},\"query-input\":{\"@type\":\"PropertyValueSpecification\",\"valueRequired\":true,\"valueName\":\"search_term_string\"}}],\"inLanguage\":\"hr\"},{\"@type\":\"Person\",\"@id\":\"https:\/\/likemetkovic.hr\/#\/schema\/person\/a42711f3385a0e2be6f7e0443bfb28f0\",\"name\":\"LIKEmetkovic.hr\",\"sameAs\":[\"http:\/\/likemetkovic.hr\"],\"url\":\"https:\/\/likemetkovic.hr\/portal\/author\/likemetkovic-hr\/\"}]}<\/script>\n<!-- \/ Yoast SEO plugin. -->","yoast_head_json":{"title":"Kapetan 'Vatrenih' Darijo Srna pokazao veliko srce za mladi\u0107a s Downovim sindromom - likemetkovic.hr","robots":{"index":"index","follow":"follow","max-snippet":"max-snippet:-1","max-image-preview":"max-image-preview:large","max-video-preview":"max-video-preview:-1"},"canonical":"https:\/\/likemetkovic.hr\/kapetan-vatrenih-darijo-srna-pokazao-veliko-srce-mladica-s-downovim-sindromom\/","og_locale":"hr_HR","og_type":"article","og_title":"Kapetan 'Vatrenih' Darijo Srna pokazao veliko srce za mladi\u0107a s Downovim sindromom - likemetkovic.hr","og_description":"&#8220;Nadam se da \u0107e se jo\u0161 vi\u0161e ljudi mobilizirati i pomo\u0107i doniranjem novca za organizacije koje djeci i odraslim ljudima s Downovim sindromom poma\u017eu da razviju i vode normalan \u017eivot. Oni zaslu\u017euju biti sretni, a mi igra\u010di mo\u017eemo im na jednostavan na\u010din pomo\u0107i svojim odlaskom u bolnicu ili \u0161kolu i tako im donijeti radosti,&#8221; kazao [&hellip;]","og_url":"https:\/\/likemetkovic.hr\/kapetan-vatrenih-darijo-srna-pokazao-veliko-srce-mladica-s-downovim-sindromom\/","og_site_name":"likemetkovic.hr","article_publisher":"https:\/\/www.facebook.com\/likemetkovic.hr\/","article_published_time":"2016-06-10T06:01:11+00:00","og_image":[{"width":780,"height":600,"url":"https:\/\/likemetkovic.hr\/wp-content\/uploads\/2016\/06\/Darijo-Srna2.jpg","type":"image\/jpeg"}],"author":"LIKEmetkovic.hr","twitter_card":"summary_large_image","twitter_misc":{"Napisao\/la":"LIKEmetkovic.hr","Procijenjeno vrijeme \u010ditanja":"2 minute"},"schema":{"@context":"https:\/\/schema.org","@graph":[{"@type":"WebPage","@id":"https:\/\/likemetkovic.hr\/kapetan-vatrenih-darijo-srna-pokazao-veliko-srce-mladica-s-downovim-sindromom\/","url":"https:\/\/likemetkovic.hr\/kapetan-vatrenih-darijo-srna-pokazao-veliko-srce-mladica-s-downovim-sindromom\/","name":"Kapetan 'Vatrenih' Darijo Srna pokazao veliko srce za mladi\u0107a s Downovim sindromom - likemetkovic.hr","isPartOf":{"@id":"https:\/\/likemetkovic.hr\/#website"},"primaryImageOfPage":{"@id":"https:\/\/likemetkovic.hr\/kapetan-vatrenih-darijo-srna-pokazao-veliko-srce-mladica-s-downovim-sindromom\/#primaryimage"},"image":{"@id":"https:\/\/likemetkovic.hr\/kapetan-vatrenih-darijo-srna-pokazao-veliko-srce-mladica-s-downovim-sindromom\/#primaryimage"},"thumbnailUrl":"https:\/\/likemetkovic.hr\/portal\/wp-content\/uploads\/2016\/06\/Darijo-Srna2.jpg","datePublished":"2016-06-10T06:01:11+00:00","author":{"@id":"https:\/\/likemetkovic.hr\/#\/schema\/person\/a42711f3385a0e2be6f7e0443bfb28f0"},"breadcrumb":{"@id":"https:\/\/likemetkovic.hr\/kapetan-vatrenih-darijo-srna-pokazao-veliko-srce-mladica-s-downovim-sindromom\/#breadcrumb"},"inLanguage":"hr","potentialAction":[{"@type":"ReadAction","target":["https:\/\/likemetkovic.hr\/kapetan-vatrenih-darijo-srna-pokazao-veliko-srce-mladica-s-downovim-sindromom\/"]}]},{"@type":"ImageObject","inLanguage":"hr","@id":"https:\/\/likemetkovic.hr\/kapetan-vatrenih-darijo-srna-pokazao-veliko-srce-mladica-s-downovim-sindromom\/#primaryimage","url":"https:\/\/likemetkovic.hr\/portal\/wp-content\/uploads\/2016\/06\/Darijo-Srna2.jpg","contentUrl":"https:\/\/likemetkovic.hr\/portal\/wp-content\/uploads\/2016\/06\/Darijo-Srna2.jpg","width":780,"height":600,"caption":"Foto: hns.hr"},{"@type":"BreadcrumbList","@id":"https:\/\/likemetkovic.hr\/kapetan-vatrenih-darijo-srna-pokazao-veliko-srce-mladica-s-downovim-sindromom\/#breadcrumb","itemListElement":[{"@type":"ListItem","position":1,"name":"Po\u010detna stranica","item":"https:\/\/likemetkovic.hr\/portal\/"},{"@type":"ListItem","position":2,"name":"Kapetan &#8216;Vatrenih&#8217; Darijo Srna pokazao veliko srce za mladi\u0107a s Downovim sindromom"}]},{"@type":"WebSite","@id":"https:\/\/likemetkovic.hr\/#website","url":"https:\/\/likemetkovic.hr\/","name":"likemetkovic.hr","description":"Misli pozitivno... \u010ditaj LIKE","potentialAction":[{"@type":"SearchAction","target":{"@type":"EntryPoint","urlTemplate":"https:\/\/likemetkovic.hr\/?s={search_term_string}"},"query-input":{"@type":"PropertyValueSpecification","valueRequired":true,"valueName":"search_term_string"}}],"inLanguage":"hr"},{"@type":"Person","@id":"https:\/\/likemetkovic.hr\/#\/schema\/person\/a42711f3385a0e2be6f7e0443bfb28f0","name":"LIKEmetkovic.hr","sameAs":["http:\/\/likemetkovic.hr"],"url":"https:\/\/likemetkovic.hr\/portal\/author\/likemetkovic-hr\/"}]}},"_links":{"self":[{"href":"https:\/\/likemetkovic.hr\/portal\/wp-json\/wp\/v2\/posts\/21781","targetHints":{"allow":["GET"]}}],"collection":[{"href":"https:\/\/likemetkovic.hr\/portal\/wp-json\/wp\/v2\/posts"}],"about":[{"href":"https:\/\/likemetkovic.hr\/portal\/wp-json\/wp\/v2\/types\/post"}],"author":[{"embeddable":true,"href":"https:\/\/likemetkovic.hr\/portal\/wp-json\/wp\/v2\/users\/7"}],"replies":[{"embeddable":true,"href":"https:\/\/likemetkovic.hr\/portal\/wp-json\/wp\/v2\/comments?post=21781"}],"version-history":[{"count":0,"href":"https:\/\/likemetkovic.hr\/portal\/wp-json\/wp\/v2\/posts\/21781\/revisions"}],"wp:featuredmedia":[{"embeddable":true,"href":"https:\/\/likemetkovic.hr\/portal\/wp-json\/wp\/v2\/media\/21783"}],"wp:attachment":[{"href":"https:\/\/likemetkovic.hr\/portal\/wp-json\/wp\/v2\/media?parent=21781"}],"wp:term":[{"taxonomy":"category","embeddable":true,"href":"https:\/\/likemetkovic.hr\/portal\/wp-json\/wp\/v2\/categories?post=21781"},{"taxonomy":"post_tag","embeddable":true,"href":"https:\/\/likemetkovic.hr\/portal\/wp-json\/wp\/v2\/tags?post=21781"}],"curies":[{"name":"wp","href":"https:\/\/api.w.org\/{rel}","templated":true}]}}