{"id":22354,"date":"2016-06-24T10:40:18","date_gmt":"2016-06-24T08:40:18","guid":{"rendered":"http:\/\/likemetkovic.hr\/?p=22354"},"modified":"2016-06-24T10:42:21","modified_gmt":"2016-06-24T08:42:21","slug":"ulici-petra-preradovica-pronadena-mrtva-osoba","status":"publish","type":"post","link":"https:\/\/likemetkovic.hr\/portal\/ulici-petra-preradovica-pronadena-mrtva-osoba\/","title":{"rendered":"U ulici Petra Preradovi\u0107a prona\u0111ena mrtva mu\u0161ka osoba"},"content":{"rendered":"<p>Neslu\u017ebeno doznajemo da je u ranim jutarnjim satima u Metkovi\u0107u u Ulici Petra Preradovi\u0107a prona\u0111ena mrtva mu\u0161ka osoba u tridesetim godinama (prema na\u0161em izvoru radi se o M.B. &#8211; podaci poznati redakciji)<\/p>\n<p>Isto tako prema neslu\u017ebenoim podacima pretpostavlja se da se radi o nesretnom slu\u010daju i da je osoba jo\u0161 sino\u0107 pala, izgubila svijest i pri tom\u00a0iskrvavavila.<\/p>\n<p>Na licu mjesta iza\u0161lle su slu\u017ebe JVP, Hitne medicinske pomo\u0107i i policije i u tijeku je o\u010devid.<\/p>\n","protected":false},"excerpt":{"rendered":"<p>Neslu\u017ebeno doznajemo da je u ranim jutarnjim satima u Metkovi\u0107u u Ulici Petra Preradovi\u0107a prona\u0111ena mrtva mu\u0161ka osoba u tridesetim godinama (prema na\u0161em izvoru radi se o M.B. &#8211; podaci poznati redakciji) Isto tako prema neslu\u017ebenoim podacima pretpostavlja se da se radi o nesretnom slu\u010daju i da je osoba jo\u0161 sino\u0107 pala, izgubila svijest i [&hellip;]<\/p>\n","protected":false},"author":7,"featured_media":0,"comment_status":"open","ping_status":"open","sticky":false,"template":"","format":"standard","meta":{"footnotes":""},"categories":[283,11],"tags":[],"class_list":{"0":"post-22354","1":"post","2":"type-post","3":"status-publish","4":"format-standard","6":"category-a","7":"category-metkovic-dolina"},"yoast_head":"<!-- This site is optimized with the Yoast SEO plugin v25.2 - https:\/\/yoast.com\/wordpress\/plugins\/seo\/ -->\n<title>U ulici Petra Preradovi\u0107a prona\u0111ena mrtva mu\u0161ka osoba - likemetkovic.hr<\/title>\n<meta name=\"robots\" content=\"index, follow, max-snippet:-1, max-image-preview:large, max-video-preview:-1\" \/>\n<link rel=\"canonical\" href=\"https:\/\/likemetkovic.hr\/ulici-petra-preradovica-pronadena-mrtva-osoba\/\" \/>\n<meta property=\"og:locale\" content=\"hr_HR\" \/>\n<meta property=\"og:type\" content=\"article\" \/>\n<meta property=\"og:title\" content=\"U ulici Petra Preradovi\u0107a prona\u0111ena mrtva mu\u0161ka osoba - likemetkovic.hr\" \/>\n<meta property=\"og:description\" content=\"Neslu\u017ebeno doznajemo da je u ranim jutarnjim satima u Metkovi\u0107u u Ulici Petra Preradovi\u0107a prona\u0111ena mrtva mu\u0161ka osoba u tridesetim godinama (prema na\u0161em izvoru radi se o M.B. &#8211; podaci poznati redakciji) Isto tako prema neslu\u017ebenoim podacima pretpostavlja se da se radi o nesretnom slu\u010daju i da je osoba jo\u0161 sino\u0107 pala, izgubila svijest i [&hellip;]\" \/>\n<meta property=\"og:url\" content=\"https:\/\/likemetkovic.hr\/ulici-petra-preradovica-pronadena-mrtva-osoba\/\" \/>\n<meta property=\"og:site_name\" content=\"likemetkovic.hr\" \/>\n<meta property=\"article:publisher\" content=\"https:\/\/www.facebook.com\/likemetkovic.hr\/\" \/>\n<meta property=\"article:published_time\" content=\"2016-06-24T08:40:18+00:00\" \/>\n<meta property=\"article:modified_time\" content=\"2016-06-24T08:42:21+00:00\" \/>\n<meta property=\"og:image\" content=\"https:\/\/likemetkovic.hr\/wp-content\/uploads\/2016\/03\/policija_2.jpg\" \/>\n\t<meta property=\"og:image:width\" content=\"1053\" \/>\n\t<meta property=\"og:image:height\" content=\"650\" \/>\n\t<meta property=\"og:image:type\" content=\"image\/jpeg\" \/>\n<meta name=\"author\" content=\"LIKEmetkovic.hr\" \/>\n<meta name=\"twitter:card\" content=\"summary_large_image\" \/>\n<meta name=\"twitter:label1\" content=\"Napisao\/la\" \/>\n\t<meta name=\"twitter:data1\" content=\"LIKEmetkovic.hr\" \/>\n<script type=\"application\/ld+json\" class=\"yoast-schema-graph\">{\"@context\":\"https:\/\/schema.org\",\"@graph\":[{\"@type\":\"WebPage\",\"@id\":\"https:\/\/likemetkovic.hr\/ulici-petra-preradovica-pronadena-mrtva-osoba\/\",\"url\":\"https:\/\/likemetkovic.hr\/ulici-petra-preradovica-pronadena-mrtva-osoba\/\",\"name\":\"U ulici Petra Preradovi\u0107a prona\u0111ena mrtva mu\u0161ka osoba - likemetkovic.hr\",\"isPartOf\":{\"@id\":\"https:\/\/likemetkovic.hr\/#website\"},\"datePublished\":\"2016-06-24T08:40:18+00:00\",\"dateModified\":\"2016-06-24T08:42:21+00:00\",\"author\":{\"@id\":\"https:\/\/likemetkovic.hr\/#\/schema\/person\/a42711f3385a0e2be6f7e0443bfb28f0\"},\"breadcrumb\":{\"@id\":\"https:\/\/likemetkovic.hr\/ulici-petra-preradovica-pronadena-mrtva-osoba\/#breadcrumb\"},\"inLanguage\":\"hr\",\"potentialAction\":[{\"@type\":\"ReadAction\",\"target\":[\"https:\/\/likemetkovic.hr\/ulici-petra-preradovica-pronadena-mrtva-osoba\/\"]}]},{\"@type\":\"BreadcrumbList\",\"@id\":\"https:\/\/likemetkovic.hr\/ulici-petra-preradovica-pronadena-mrtva-osoba\/#breadcrumb\",\"itemListElement\":[{\"@type\":\"ListItem\",\"position\":1,\"name\":\"Po\u010detna stranica\",\"item\":\"https:\/\/likemetkovic.hr\/portal\/\"},{\"@type\":\"ListItem\",\"position\":2,\"name\":\"U ulici Petra Preradovi\u0107a prona\u0111ena mrtva mu\u0161ka osoba\"}]},{\"@type\":\"WebSite\",\"@id\":\"https:\/\/likemetkovic.hr\/#website\",\"url\":\"https:\/\/likemetkovic.hr\/\",\"name\":\"likemetkovic.hr\",\"description\":\"Misli pozitivno... \u010ditaj LIKE\",\"potentialAction\":[{\"@type\":\"SearchAction\",\"target\":{\"@type\":\"EntryPoint\",\"urlTemplate\":\"https:\/\/likemetkovic.hr\/?s={search_term_string}\"},\"query-input\":{\"@type\":\"PropertyValueSpecification\",\"valueRequired\":true,\"valueName\":\"search_term_string\"}}],\"inLanguage\":\"hr\"},{\"@type\":\"Person\",\"@id\":\"https:\/\/likemetkovic.hr\/#\/schema\/person\/a42711f3385a0e2be6f7e0443bfb28f0\",\"name\":\"LIKEmetkovic.hr\",\"sameAs\":[\"http:\/\/likemetkovic.hr\"],\"url\":\"https:\/\/likemetkovic.hr\/portal\/author\/likemetkovic-hr\/\"}]}<\/script>\n<!-- \/ Yoast SEO plugin. -->","yoast_head_json":{"title":"U ulici Petra Preradovi\u0107a prona\u0111ena mrtva mu\u0161ka osoba - likemetkovic.hr","robots":{"index":"index","follow":"follow","max-snippet":"max-snippet:-1","max-image-preview":"max-image-preview:large","max-video-preview":"max-video-preview:-1"},"canonical":"https:\/\/likemetkovic.hr\/ulici-petra-preradovica-pronadena-mrtva-osoba\/","og_locale":"hr_HR","og_type":"article","og_title":"U ulici Petra Preradovi\u0107a prona\u0111ena mrtva mu\u0161ka osoba - likemetkovic.hr","og_description":"Neslu\u017ebeno doznajemo da je u ranim jutarnjim satima u Metkovi\u0107u u Ulici Petra Preradovi\u0107a prona\u0111ena mrtva mu\u0161ka osoba u tridesetim godinama (prema na\u0161em izvoru radi se o M.B. &#8211; podaci poznati redakciji) Isto tako prema neslu\u017ebenoim podacima pretpostavlja se da se radi o nesretnom slu\u010daju i da je osoba jo\u0161 sino\u0107 pala, izgubila svijest i [&hellip;]","og_url":"https:\/\/likemetkovic.hr\/ulici-petra-preradovica-pronadena-mrtva-osoba\/","og_site_name":"likemetkovic.hr","article_publisher":"https:\/\/www.facebook.com\/likemetkovic.hr\/","article_published_time":"2016-06-24T08:40:18+00:00","article_modified_time":"2016-06-24T08:42:21+00:00","og_image":[{"width":1053,"height":650,"url":"https:\/\/likemetkovic.hr\/wp-content\/uploads\/2016\/03\/policija_2.jpg","type":"image\/jpeg"}],"author":"LIKEmetkovic.hr","twitter_card":"summary_large_image","twitter_misc":{"Napisao\/la":"LIKEmetkovic.hr"},"schema":{"@context":"https:\/\/schema.org","@graph":[{"@type":"WebPage","@id":"https:\/\/likemetkovic.hr\/ulici-petra-preradovica-pronadena-mrtva-osoba\/","url":"https:\/\/likemetkovic.hr\/ulici-petra-preradovica-pronadena-mrtva-osoba\/","name":"U ulici Petra Preradovi\u0107a prona\u0111ena mrtva mu\u0161ka osoba - likemetkovic.hr","isPartOf":{"@id":"https:\/\/likemetkovic.hr\/#website"},"datePublished":"2016-06-24T08:40:18+00:00","dateModified":"2016-06-24T08:42:21+00:00","author":{"@id":"https:\/\/likemetkovic.hr\/#\/schema\/person\/a42711f3385a0e2be6f7e0443bfb28f0"},"breadcrumb":{"@id":"https:\/\/likemetkovic.hr\/ulici-petra-preradovica-pronadena-mrtva-osoba\/#breadcrumb"},"inLanguage":"hr","potentialAction":[{"@type":"ReadAction","target":["https:\/\/likemetkovic.hr\/ulici-petra-preradovica-pronadena-mrtva-osoba\/"]}]},{"@type":"BreadcrumbList","@id":"https:\/\/likemetkovic.hr\/ulici-petra-preradovica-pronadena-mrtva-osoba\/#breadcrumb","itemListElement":[{"@type":"ListItem","position":1,"name":"Po\u010detna stranica","item":"https:\/\/likemetkovic.hr\/portal\/"},{"@type":"ListItem","position":2,"name":"U ulici Petra Preradovi\u0107a prona\u0111ena mrtva mu\u0161ka osoba"}]},{"@type":"WebSite","@id":"https:\/\/likemetkovic.hr\/#website","url":"https:\/\/likemetkovic.hr\/","name":"likemetkovic.hr","description":"Misli pozitivno... \u010ditaj LIKE","potentialAction":[{"@type":"SearchAction","target":{"@type":"EntryPoint","urlTemplate":"https:\/\/likemetkovic.hr\/?s={search_term_string}"},"query-input":{"@type":"PropertyValueSpecification","valueRequired":true,"valueName":"search_term_string"}}],"inLanguage":"hr"},{"@type":"Person","@id":"https:\/\/likemetkovic.hr\/#\/schema\/person\/a42711f3385a0e2be6f7e0443bfb28f0","name":"LIKEmetkovic.hr","sameAs":["http:\/\/likemetkovic.hr"],"url":"https:\/\/likemetkovic.hr\/portal\/author\/likemetkovic-hr\/"}]}},"_links":{"self":[{"href":"https:\/\/likemetkovic.hr\/portal\/wp-json\/wp\/v2\/posts\/22354","targetHints":{"allow":["GET"]}}],"collection":[{"href":"https:\/\/likemetkovic.hr\/portal\/wp-json\/wp\/v2\/posts"}],"about":[{"href":"https:\/\/likemetkovic.hr\/portal\/wp-json\/wp\/v2\/types\/post"}],"author":[{"embeddable":true,"href":"https:\/\/likemetkovic.hr\/portal\/wp-json\/wp\/v2\/users\/7"}],"replies":[{"embeddable":true,"href":"https:\/\/likemetkovic.hr\/portal\/wp-json\/wp\/v2\/comments?post=22354"}],"version-history":[{"count":0,"href":"https:\/\/likemetkovic.hr\/portal\/wp-json\/wp\/v2\/posts\/22354\/revisions"}],"wp:attachment":[{"href":"https:\/\/likemetkovic.hr\/portal\/wp-json\/wp\/v2\/media?parent=22354"}],"wp:term":[{"taxonomy":"category","embeddable":true,"href":"https:\/\/likemetkovic.hr\/portal\/wp-json\/wp\/v2\/categories?post=22354"},{"taxonomy":"post_tag","embeddable":true,"href":"https:\/\/likemetkovic.hr\/portal\/wp-json\/wp\/v2\/tags?post=22354"}],"curies":[{"name":"wp","href":"https:\/\/api.w.org\/{rel}","templated":true}]}}