{"id":22388,"date":"2016-06-24T15:55:17","date_gmt":"2016-06-24T13:55:17","guid":{"rendered":"http:\/\/likemetkovic.hr\/?p=22388"},"modified":"2016-06-24T15:55:17","modified_gmt":"2016-06-24T13:55:17","slug":"torcida-metkovic-uputila-posljednje-zbogom-svom-preminulom-clanu-mati-babanu","status":"publish","type":"post","link":"https:\/\/likemetkovic.hr\/portal\/torcida-metkovic-uputila-posljednje-zbogom-svom-preminulom-clanu-mati-babanu\/","title":{"rendered":"Torcida Metkovi\u0107 uputila posljednje zbogom svom preminulom \u010dlanu Mati Babanu"},"content":{"rendered":"<p>Torcida Metkovi\u0107 uputila je preko svoje facebook stranice posljednje zbogom svom preminulom \u010dlanu poznatom torcida\u0161u\u00a0<strong>Mati Babanu<\/strong>. Prenosimo njihov status u cijelosti:<\/p>\n<p>&#8220;Jutros nas je do\u010dekala bolna vijest da je na\u0161 prijatelj Mate Baban preminuo od posljedica pada.<br \/>\nMate je bio veliki torcida\u0161, hajdukovac i prije svega dobar \u010dovjek. Bio je jedan od onih u \u010dijem ti dru\u0161tvu nikad nije dosadno, zabavljao je ljude, gdje se god pojavio.<br \/>\n<span class=\"text_exposed_show\"><br \/>\nBrojne su pri\u010de ispri\u010dane o Mati proiza\u0161le sa putovanja na gostovanja voljenog kluba.<br \/>\nJedna od \u010duvenih je kad je omanjeg rasta, ali velikog srca i du\u0161e na\u0161 prijatelj Mate do\u0161ao na Trg bana Jela\u010di\u0107a u Zagrebu i na dan utakmice Dinamo-Hajduk slikao se sa \u0161alom Torcide Metkovi\u0107. Za vrijeme slikanja primjetili su ga navija\u010di Dinama te ga je vi\u0161e njih napalo kako bi mu oduzeli \u0161al. Tu je Mate pokazao lavlje srce, jer nije dopustio da mu uzmu \u0161al pa \u010dak i pod cijenu vlastitog stradavanja. Boysi su ga poslali u bolnicu sa brojnim ozljedama al \u0161al mu nisu uspijeli oduzeti. Mate je \u0161al obranio, a od ozljeda se oporavio.<\/p>\n<p>To je ta hrabrost, prkos i ponos koju je te\u0161ko rije\u010dima opisati.<\/p>\n<p>Metju prijatelju neka ti je laka Hrvatska zemlja.&#8221;<\/span><\/p>\n","protected":false},"excerpt":{"rendered":"<p>Torcida Metkovi\u0107 uputila je preko svoje facebook stranice posljednje zbogom svom preminulom \u010dlanu poznatom torcida\u0161u\u00a0Mati Babanu. Prenosimo njihov status u cijelosti: &#8220;Jutros nas je do\u010dekala bolna vijest da je na\u0161 prijatelj Mate Baban preminuo od posljedica pada. Mate je bio veliki torcida\u0161, hajdukovac i prije svega dobar \u010dovjek. Bio je jedan od onih u \u010dijem [&hellip;]<\/p>\n","protected":false},"author":7,"featured_media":22389,"comment_status":"open","ping_status":"open","sticky":false,"template":"","format":"standard","meta":{"footnotes":""},"categories":[283,11],"tags":[],"class_list":{"0":"post-22388","1":"post","2":"type-post","3":"status-publish","4":"format-standard","5":"has-post-thumbnail","7":"category-a","8":"category-metkovic-dolina"},"yoast_head":"<!-- This site is optimized with the Yoast SEO plugin v25.2 - https:\/\/yoast.com\/wordpress\/plugins\/seo\/ -->\n<title>Torcida Metkovi\u0107 uputila posljednje zbogom svom preminulom \u010dlanu Mati Babanu - likemetkovic.hr<\/title>\n<meta name=\"robots\" content=\"index, follow, max-snippet:-1, max-image-preview:large, max-video-preview:-1\" \/>\n<link rel=\"canonical\" href=\"https:\/\/likemetkovic.hr\/torcida-metkovic-uputila-posljednje-zbogom-svom-preminulom-clanu-mati-babanu\/\" \/>\n<meta property=\"og:locale\" content=\"hr_HR\" \/>\n<meta property=\"og:type\" content=\"article\" \/>\n<meta property=\"og:title\" content=\"Torcida Metkovi\u0107 uputila posljednje zbogom svom preminulom \u010dlanu Mati Babanu - likemetkovic.hr\" \/>\n<meta property=\"og:description\" content=\"Torcida Metkovi\u0107 uputila je preko svoje facebook stranice posljednje zbogom svom preminulom \u010dlanu poznatom torcida\u0161u\u00a0Mati Babanu. Prenosimo njihov status u cijelosti: &#8220;Jutros nas je do\u010dekala bolna vijest da je na\u0161 prijatelj Mate Baban preminuo od posljedica pada. Mate je bio veliki torcida\u0161, hajdukovac i prije svega dobar \u010dovjek. Bio je jedan od onih u \u010dijem [&hellip;]\" \/>\n<meta property=\"og:url\" content=\"https:\/\/likemetkovic.hr\/torcida-metkovic-uputila-posljednje-zbogom-svom-preminulom-clanu-mati-babanu\/\" \/>\n<meta property=\"og:site_name\" content=\"likemetkovic.hr\" \/>\n<meta property=\"article:publisher\" content=\"https:\/\/www.facebook.com\/likemetkovic.hr\/\" \/>\n<meta property=\"article:published_time\" content=\"2016-06-24T13:55:17+00:00\" \/>\n<meta property=\"og:image\" content=\"https:\/\/likemetkovic.hr\/wp-content\/uploads\/2016\/06\/mate-baban.jpg\" \/>\n\t<meta property=\"og:image:width\" content=\"800\" \/>\n\t<meta property=\"og:image:height\" content=\"600\" \/>\n\t<meta property=\"og:image:type\" content=\"image\/jpeg\" \/>\n<meta name=\"author\" content=\"LIKEmetkovic.hr\" \/>\n<meta name=\"twitter:card\" content=\"summary_large_image\" \/>\n<meta name=\"twitter:label1\" content=\"Napisao\/la\" \/>\n\t<meta name=\"twitter:data1\" content=\"LIKEmetkovic.hr\" \/>\n\t<meta name=\"twitter:label2\" content=\"Procijenjeno vrijeme \u010ditanja\" \/>\n\t<meta name=\"twitter:data2\" content=\"1 minuta\" \/>\n<script type=\"application\/ld+json\" class=\"yoast-schema-graph\">{\"@context\":\"https:\/\/schema.org\",\"@graph\":[{\"@type\":\"WebPage\",\"@id\":\"https:\/\/likemetkovic.hr\/torcida-metkovic-uputila-posljednje-zbogom-svom-preminulom-clanu-mati-babanu\/\",\"url\":\"https:\/\/likemetkovic.hr\/torcida-metkovic-uputila-posljednje-zbogom-svom-preminulom-clanu-mati-babanu\/\",\"name\":\"Torcida Metkovi\u0107 uputila posljednje zbogom svom preminulom \u010dlanu Mati Babanu - likemetkovic.hr\",\"isPartOf\":{\"@id\":\"https:\/\/likemetkovic.hr\/#website\"},\"primaryImageOfPage\":{\"@id\":\"https:\/\/likemetkovic.hr\/torcida-metkovic-uputila-posljednje-zbogom-svom-preminulom-clanu-mati-babanu\/#primaryimage\"},\"image\":{\"@id\":\"https:\/\/likemetkovic.hr\/torcida-metkovic-uputila-posljednje-zbogom-svom-preminulom-clanu-mati-babanu\/#primaryimage\"},\"thumbnailUrl\":\"https:\/\/likemetkovic.hr\/portal\/wp-content\/uploads\/2016\/06\/mate-baban.jpg\",\"datePublished\":\"2016-06-24T13:55:17+00:00\",\"author\":{\"@id\":\"https:\/\/likemetkovic.hr\/#\/schema\/person\/a42711f3385a0e2be6f7e0443bfb28f0\"},\"breadcrumb\":{\"@id\":\"https:\/\/likemetkovic.hr\/torcida-metkovic-uputila-posljednje-zbogom-svom-preminulom-clanu-mati-babanu\/#breadcrumb\"},\"inLanguage\":\"hr\",\"potentialAction\":[{\"@type\":\"ReadAction\",\"target\":[\"https:\/\/likemetkovic.hr\/torcida-metkovic-uputila-posljednje-zbogom-svom-preminulom-clanu-mati-babanu\/\"]}]},{\"@type\":\"ImageObject\",\"inLanguage\":\"hr\",\"@id\":\"https:\/\/likemetkovic.hr\/torcida-metkovic-uputila-posljednje-zbogom-svom-preminulom-clanu-mati-babanu\/#primaryimage\",\"url\":\"https:\/\/likemetkovic.hr\/portal\/wp-content\/uploads\/2016\/06\/mate-baban.jpg\",\"contentUrl\":\"https:\/\/likemetkovic.hr\/portal\/wp-content\/uploads\/2016\/06\/mate-baban.jpg\",\"width\":800,\"height\":600,\"caption\":\"Foto: facebook\"},{\"@type\":\"BreadcrumbList\",\"@id\":\"https:\/\/likemetkovic.hr\/torcida-metkovic-uputila-posljednje-zbogom-svom-preminulom-clanu-mati-babanu\/#breadcrumb\",\"itemListElement\":[{\"@type\":\"ListItem\",\"position\":1,\"name\":\"Po\u010detna stranica\",\"item\":\"https:\/\/likemetkovic.hr\/portal\/\"},{\"@type\":\"ListItem\",\"position\":2,\"name\":\"Torcida Metkovi\u0107 uputila posljednje zbogom svom preminulom \u010dlanu Mati Babanu\"}]},{\"@type\":\"WebSite\",\"@id\":\"https:\/\/likemetkovic.hr\/#website\",\"url\":\"https:\/\/likemetkovic.hr\/\",\"name\":\"likemetkovic.hr\",\"description\":\"Misli pozitivno... \u010ditaj LIKE\",\"potentialAction\":[{\"@type\":\"SearchAction\",\"target\":{\"@type\":\"EntryPoint\",\"urlTemplate\":\"https:\/\/likemetkovic.hr\/?s={search_term_string}\"},\"query-input\":{\"@type\":\"PropertyValueSpecification\",\"valueRequired\":true,\"valueName\":\"search_term_string\"}}],\"inLanguage\":\"hr\"},{\"@type\":\"Person\",\"@id\":\"https:\/\/likemetkovic.hr\/#\/schema\/person\/a42711f3385a0e2be6f7e0443bfb28f0\",\"name\":\"LIKEmetkovic.hr\",\"sameAs\":[\"http:\/\/likemetkovic.hr\"],\"url\":\"https:\/\/likemetkovic.hr\/portal\/author\/likemetkovic-hr\/\"}]}<\/script>\n<!-- \/ Yoast SEO plugin. -->","yoast_head_json":{"title":"Torcida Metkovi\u0107 uputila posljednje zbogom svom preminulom \u010dlanu Mati Babanu - likemetkovic.hr","robots":{"index":"index","follow":"follow","max-snippet":"max-snippet:-1","max-image-preview":"max-image-preview:large","max-video-preview":"max-video-preview:-1"},"canonical":"https:\/\/likemetkovic.hr\/torcida-metkovic-uputila-posljednje-zbogom-svom-preminulom-clanu-mati-babanu\/","og_locale":"hr_HR","og_type":"article","og_title":"Torcida Metkovi\u0107 uputila posljednje zbogom svom preminulom \u010dlanu Mati Babanu - likemetkovic.hr","og_description":"Torcida Metkovi\u0107 uputila je preko svoje facebook stranice posljednje zbogom svom preminulom \u010dlanu poznatom torcida\u0161u\u00a0Mati Babanu. Prenosimo njihov status u cijelosti: &#8220;Jutros nas je do\u010dekala bolna vijest da je na\u0161 prijatelj Mate Baban preminuo od posljedica pada. Mate je bio veliki torcida\u0161, hajdukovac i prije svega dobar \u010dovjek. Bio je jedan od onih u \u010dijem [&hellip;]","og_url":"https:\/\/likemetkovic.hr\/torcida-metkovic-uputila-posljednje-zbogom-svom-preminulom-clanu-mati-babanu\/","og_site_name":"likemetkovic.hr","article_publisher":"https:\/\/www.facebook.com\/likemetkovic.hr\/","article_published_time":"2016-06-24T13:55:17+00:00","og_image":[{"width":800,"height":600,"url":"https:\/\/likemetkovic.hr\/wp-content\/uploads\/2016\/06\/mate-baban.jpg","type":"image\/jpeg"}],"author":"LIKEmetkovic.hr","twitter_card":"summary_large_image","twitter_misc":{"Napisao\/la":"LIKEmetkovic.hr","Procijenjeno vrijeme \u010ditanja":"1 minuta"},"schema":{"@context":"https:\/\/schema.org","@graph":[{"@type":"WebPage","@id":"https:\/\/likemetkovic.hr\/torcida-metkovic-uputila-posljednje-zbogom-svom-preminulom-clanu-mati-babanu\/","url":"https:\/\/likemetkovic.hr\/torcida-metkovic-uputila-posljednje-zbogom-svom-preminulom-clanu-mati-babanu\/","name":"Torcida Metkovi\u0107 uputila posljednje zbogom svom preminulom \u010dlanu Mati Babanu - likemetkovic.hr","isPartOf":{"@id":"https:\/\/likemetkovic.hr\/#website"},"primaryImageOfPage":{"@id":"https:\/\/likemetkovic.hr\/torcida-metkovic-uputila-posljednje-zbogom-svom-preminulom-clanu-mati-babanu\/#primaryimage"},"image":{"@id":"https:\/\/likemetkovic.hr\/torcida-metkovic-uputila-posljednje-zbogom-svom-preminulom-clanu-mati-babanu\/#primaryimage"},"thumbnailUrl":"https:\/\/likemetkovic.hr\/portal\/wp-content\/uploads\/2016\/06\/mate-baban.jpg","datePublished":"2016-06-24T13:55:17+00:00","author":{"@id":"https:\/\/likemetkovic.hr\/#\/schema\/person\/a42711f3385a0e2be6f7e0443bfb28f0"},"breadcrumb":{"@id":"https:\/\/likemetkovic.hr\/torcida-metkovic-uputila-posljednje-zbogom-svom-preminulom-clanu-mati-babanu\/#breadcrumb"},"inLanguage":"hr","potentialAction":[{"@type":"ReadAction","target":["https:\/\/likemetkovic.hr\/torcida-metkovic-uputila-posljednje-zbogom-svom-preminulom-clanu-mati-babanu\/"]}]},{"@type":"ImageObject","inLanguage":"hr","@id":"https:\/\/likemetkovic.hr\/torcida-metkovic-uputila-posljednje-zbogom-svom-preminulom-clanu-mati-babanu\/#primaryimage","url":"https:\/\/likemetkovic.hr\/portal\/wp-content\/uploads\/2016\/06\/mate-baban.jpg","contentUrl":"https:\/\/likemetkovic.hr\/portal\/wp-content\/uploads\/2016\/06\/mate-baban.jpg","width":800,"height":600,"caption":"Foto: facebook"},{"@type":"BreadcrumbList","@id":"https:\/\/likemetkovic.hr\/torcida-metkovic-uputila-posljednje-zbogom-svom-preminulom-clanu-mati-babanu\/#breadcrumb","itemListElement":[{"@type":"ListItem","position":1,"name":"Po\u010detna stranica","item":"https:\/\/likemetkovic.hr\/portal\/"},{"@type":"ListItem","position":2,"name":"Torcida Metkovi\u0107 uputila posljednje zbogom svom preminulom \u010dlanu Mati Babanu"}]},{"@type":"WebSite","@id":"https:\/\/likemetkovic.hr\/#website","url":"https:\/\/likemetkovic.hr\/","name":"likemetkovic.hr","description":"Misli pozitivno... \u010ditaj LIKE","potentialAction":[{"@type":"SearchAction","target":{"@type":"EntryPoint","urlTemplate":"https:\/\/likemetkovic.hr\/?s={search_term_string}"},"query-input":{"@type":"PropertyValueSpecification","valueRequired":true,"valueName":"search_term_string"}}],"inLanguage":"hr"},{"@type":"Person","@id":"https:\/\/likemetkovic.hr\/#\/schema\/person\/a42711f3385a0e2be6f7e0443bfb28f0","name":"LIKEmetkovic.hr","sameAs":["http:\/\/likemetkovic.hr"],"url":"https:\/\/likemetkovic.hr\/portal\/author\/likemetkovic-hr\/"}]}},"_links":{"self":[{"href":"https:\/\/likemetkovic.hr\/portal\/wp-json\/wp\/v2\/posts\/22388","targetHints":{"allow":["GET"]}}],"collection":[{"href":"https:\/\/likemetkovic.hr\/portal\/wp-json\/wp\/v2\/posts"}],"about":[{"href":"https:\/\/likemetkovic.hr\/portal\/wp-json\/wp\/v2\/types\/post"}],"author":[{"embeddable":true,"href":"https:\/\/likemetkovic.hr\/portal\/wp-json\/wp\/v2\/users\/7"}],"replies":[{"embeddable":true,"href":"https:\/\/likemetkovic.hr\/portal\/wp-json\/wp\/v2\/comments?post=22388"}],"version-history":[{"count":0,"href":"https:\/\/likemetkovic.hr\/portal\/wp-json\/wp\/v2\/posts\/22388\/revisions"}],"wp:featuredmedia":[{"embeddable":true,"href":"https:\/\/likemetkovic.hr\/portal\/wp-json\/wp\/v2\/media\/22389"}],"wp:attachment":[{"href":"https:\/\/likemetkovic.hr\/portal\/wp-json\/wp\/v2\/media?parent=22388"}],"wp:term":[{"taxonomy":"category","embeddable":true,"href":"https:\/\/likemetkovic.hr\/portal\/wp-json\/wp\/v2\/categories?post=22388"},{"taxonomy":"post_tag","embeddable":true,"href":"https:\/\/likemetkovic.hr\/portal\/wp-json\/wp\/v2\/tags?post=22388"}],"curies":[{"name":"wp","href":"https:\/\/api.w.org\/{rel}","templated":true}]}}