{"id":22403,"date":"2016-06-25T13:34:52","date_gmt":"2016-06-25T11:34:52","guid":{"rendered":"http:\/\/likemetkovic.hr\/?p=22403"},"modified":"2016-06-25T13:34:52","modified_gmt":"2016-06-25T11:34:52","slug":"cestitka-boze-petrova-dan-drzavnosti-prisjetimo-se-povijesti","status":"publish","type":"post","link":"https:\/\/likemetkovic.hr\/portal\/cestitka-boze-petrova-dan-drzavnosti-prisjetimo-se-povijesti\/","title":{"rendered":"\u010cestitka Bo\u017ee Petrova za Dan dr\u017eavnosti &#8211; Prisjetimo se svoje povijesti"},"content":{"rendered":"<p>Hrvatska danas slavi Dan dr\u017eavnosti, u spomen na 25. lipnja 1991., kada je Hrvatski sabor donio povijesnu odluku o pokretanju postupka razdru\u017eivanja od ostalih republika tada\u0161nje SFRJ, na temelju plebiscitarne volje gra\u0111ana iskazane na referendumu odr\u017eanom 19. svibnja 1991.<\/p>\n<p><b>Bo\u017eo Petrov<\/b>\u00a0uputio je \u010destitku na svoje Facebook stranice:<\/p>\n<p>&#8211; S ponosom i od srca \u010destitam vam Dan dr\u017eavnosti!<\/p>\n<p>Prije \u010detvrt stolje\u0107a, odlukom Hrvatskog Sabora, zapo\u010deli smo proces razdru\u017eivanja od ostalih jugoslavenskih republika i krenuli uspostavljati dr\u017eavnu suverenost i neovisnost.<br \/>\nOvaj praznik proslavimo ponosno se sje\u0107aju\u0107i svih onih koji su tijekom na\u0161e krvave povijesti svoje \u017eivote podredili snu o slobodnoj i samostalnoj Hrvatskoj.<\/p>\n<p>Sjetimo se poginulih branitelja u Domovinskom ratu koji su se borili za Hrvatsku ure\u0111enu na na\u010delima pravednosti, socijalne osjetljivosti, zajedni\u0161tva i istinskog domoljublja.<\/p>\n<p>Njihova nas je \u017ertva obvezala na promjenu smjera i stvaranje Hrvatske druga\u010dije od one kakvu imamo danas &#8211;\u00a0napisao je Petrov na Facebooku.<\/p>\n","protected":false},"excerpt":{"rendered":"<p>Hrvatska danas slavi Dan dr\u017eavnosti, u spomen na 25. lipnja 1991., kada je Hrvatski sabor donio povijesnu odluku o pokretanju postupka razdru\u017eivanja od ostalih republika tada\u0161nje SFRJ, na temelju plebiscitarne volje gra\u0111ana iskazane na referendumu odr\u017eanom 19. svibnja 1991. Bo\u017eo Petrov\u00a0uputio je \u010destitku na svoje Facebook stranice: &#8211; S ponosom i od srca \u010destitam vam [&hellip;]<\/p>\n","protected":false},"author":7,"featured_media":19573,"comment_status":"open","ping_status":"open","sticky":false,"template":"","format":"standard","meta":{"footnotes":""},"categories":[283,290],"tags":[],"class_list":{"0":"post-22403","1":"post","2":"type-post","3":"status-publish","4":"format-standard","5":"has-post-thumbnail","7":"category-a","8":"category-politika"},"yoast_head":"<!-- This site is optimized with the Yoast SEO plugin v25.2 - https:\/\/yoast.com\/wordpress\/plugins\/seo\/ -->\n<title>\u010cestitka Bo\u017ee Petrova za Dan dr\u017eavnosti - Prisjetimo se svoje povijesti - likemetkovic.hr<\/title>\n<meta name=\"robots\" content=\"index, follow, max-snippet:-1, max-image-preview:large, max-video-preview:-1\" \/>\n<link rel=\"canonical\" href=\"https:\/\/likemetkovic.hr\/cestitka-boze-petrova-dan-drzavnosti-prisjetimo-se-povijesti\/\" \/>\n<meta property=\"og:locale\" content=\"hr_HR\" \/>\n<meta property=\"og:type\" content=\"article\" \/>\n<meta property=\"og:title\" content=\"\u010cestitka Bo\u017ee Petrova za Dan dr\u017eavnosti - Prisjetimo se svoje povijesti - likemetkovic.hr\" \/>\n<meta property=\"og:description\" content=\"Hrvatska danas slavi Dan dr\u017eavnosti, u spomen na 25. lipnja 1991., kada je Hrvatski sabor donio povijesnu odluku o pokretanju postupka razdru\u017eivanja od ostalih republika tada\u0161nje SFRJ, na temelju plebiscitarne volje gra\u0111ana iskazane na referendumu odr\u017eanom 19. svibnja 1991. Bo\u017eo Petrov\u00a0uputio je \u010destitku na svoje Facebook stranice: &#8211; S ponosom i od srca \u010destitam vam [&hellip;]\" \/>\n<meta property=\"og:url\" content=\"https:\/\/likemetkovic.hr\/cestitka-boze-petrova-dan-drzavnosti-prisjetimo-se-povijesti\/\" \/>\n<meta property=\"og:site_name\" content=\"likemetkovic.hr\" \/>\n<meta property=\"article:publisher\" content=\"https:\/\/www.facebook.com\/likemetkovic.hr\/\" \/>\n<meta property=\"article:published_time\" content=\"2016-06-25T11:34:52+00:00\" \/>\n<meta property=\"og:image\" content=\"https:\/\/likemetkovic.hr\/wp-content\/uploads\/2016\/04\/bozo-petrov_narod_hr.jpg\" \/>\n\t<meta property=\"og:image:width\" content=\"806\" \/>\n\t<meta property=\"og:image:height\" content=\"600\" \/>\n\t<meta property=\"og:image:type\" content=\"image\/jpeg\" \/>\n<meta name=\"author\" content=\"LIKEmetkovic.hr\" \/>\n<meta name=\"twitter:card\" content=\"summary_large_image\" \/>\n<meta name=\"twitter:label1\" content=\"Napisao\/la\" \/>\n\t<meta name=\"twitter:data1\" content=\"LIKEmetkovic.hr\" \/>\n\t<meta name=\"twitter:label2\" content=\"Procijenjeno vrijeme \u010ditanja\" \/>\n\t<meta name=\"twitter:data2\" content=\"1 minuta\" \/>\n<script type=\"application\/ld+json\" class=\"yoast-schema-graph\">{\"@context\":\"https:\/\/schema.org\",\"@graph\":[{\"@type\":\"WebPage\",\"@id\":\"https:\/\/likemetkovic.hr\/cestitka-boze-petrova-dan-drzavnosti-prisjetimo-se-povijesti\/\",\"url\":\"https:\/\/likemetkovic.hr\/cestitka-boze-petrova-dan-drzavnosti-prisjetimo-se-povijesti\/\",\"name\":\"\u010cestitka Bo\u017ee Petrova za Dan dr\u017eavnosti - Prisjetimo se svoje povijesti - likemetkovic.hr\",\"isPartOf\":{\"@id\":\"https:\/\/likemetkovic.hr\/#website\"},\"primaryImageOfPage\":{\"@id\":\"https:\/\/likemetkovic.hr\/cestitka-boze-petrova-dan-drzavnosti-prisjetimo-se-povijesti\/#primaryimage\"},\"image\":{\"@id\":\"https:\/\/likemetkovic.hr\/cestitka-boze-petrova-dan-drzavnosti-prisjetimo-se-povijesti\/#primaryimage\"},\"thumbnailUrl\":\"https:\/\/likemetkovic.hr\/portal\/wp-content\/uploads\/2016\/04\/bozo-petrov_narod_hr.jpg\",\"datePublished\":\"2016-06-25T11:34:52+00:00\",\"author\":{\"@id\":\"https:\/\/likemetkovic.hr\/#\/schema\/person\/a42711f3385a0e2be6f7e0443bfb28f0\"},\"breadcrumb\":{\"@id\":\"https:\/\/likemetkovic.hr\/cestitka-boze-petrova-dan-drzavnosti-prisjetimo-se-povijesti\/#breadcrumb\"},\"inLanguage\":\"hr\",\"potentialAction\":[{\"@type\":\"ReadAction\",\"target\":[\"https:\/\/likemetkovic.hr\/cestitka-boze-petrova-dan-drzavnosti-prisjetimo-se-povijesti\/\"]}]},{\"@type\":\"ImageObject\",\"inLanguage\":\"hr\",\"@id\":\"https:\/\/likemetkovic.hr\/cestitka-boze-petrova-dan-drzavnosti-prisjetimo-se-povijesti\/#primaryimage\",\"url\":\"https:\/\/likemetkovic.hr\/portal\/wp-content\/uploads\/2016\/04\/bozo-petrov_narod_hr.jpg\",\"contentUrl\":\"https:\/\/likemetkovic.hr\/portal\/wp-content\/uploads\/2016\/04\/bozo-petrov_narod_hr.jpg\",\"width\":806,\"height\":600,\"caption\":\"bozo_petrov_hina\"},{\"@type\":\"BreadcrumbList\",\"@id\":\"https:\/\/likemetkovic.hr\/cestitka-boze-petrova-dan-drzavnosti-prisjetimo-se-povijesti\/#breadcrumb\",\"itemListElement\":[{\"@type\":\"ListItem\",\"position\":1,\"name\":\"Po\u010detna stranica\",\"item\":\"https:\/\/likemetkovic.hr\/portal\/\"},{\"@type\":\"ListItem\",\"position\":2,\"name\":\"\u010cestitka Bo\u017ee Petrova za Dan dr\u017eavnosti &#8211; Prisjetimo se svoje povijesti\"}]},{\"@type\":\"WebSite\",\"@id\":\"https:\/\/likemetkovic.hr\/#website\",\"url\":\"https:\/\/likemetkovic.hr\/\",\"name\":\"likemetkovic.hr\",\"description\":\"Misli pozitivno... \u010ditaj LIKE\",\"potentialAction\":[{\"@type\":\"SearchAction\",\"target\":{\"@type\":\"EntryPoint\",\"urlTemplate\":\"https:\/\/likemetkovic.hr\/?s={search_term_string}\"},\"query-input\":{\"@type\":\"PropertyValueSpecification\",\"valueRequired\":true,\"valueName\":\"search_term_string\"}}],\"inLanguage\":\"hr\"},{\"@type\":\"Person\",\"@id\":\"https:\/\/likemetkovic.hr\/#\/schema\/person\/a42711f3385a0e2be6f7e0443bfb28f0\",\"name\":\"LIKEmetkovic.hr\",\"sameAs\":[\"http:\/\/likemetkovic.hr\"],\"url\":\"https:\/\/likemetkovic.hr\/portal\/author\/likemetkovic-hr\/\"}]}<\/script>\n<!-- \/ Yoast SEO plugin. -->","yoast_head_json":{"title":"\u010cestitka Bo\u017ee Petrova za Dan dr\u017eavnosti - Prisjetimo se svoje povijesti - likemetkovic.hr","robots":{"index":"index","follow":"follow","max-snippet":"max-snippet:-1","max-image-preview":"max-image-preview:large","max-video-preview":"max-video-preview:-1"},"canonical":"https:\/\/likemetkovic.hr\/cestitka-boze-petrova-dan-drzavnosti-prisjetimo-se-povijesti\/","og_locale":"hr_HR","og_type":"article","og_title":"\u010cestitka Bo\u017ee Petrova za Dan dr\u017eavnosti - Prisjetimo se svoje povijesti - likemetkovic.hr","og_description":"Hrvatska danas slavi Dan dr\u017eavnosti, u spomen na 25. lipnja 1991., kada je Hrvatski sabor donio povijesnu odluku o pokretanju postupka razdru\u017eivanja od ostalih republika tada\u0161nje SFRJ, na temelju plebiscitarne volje gra\u0111ana iskazane na referendumu odr\u017eanom 19. svibnja 1991. Bo\u017eo Petrov\u00a0uputio je \u010destitku na svoje Facebook stranice: &#8211; S ponosom i od srca \u010destitam vam [&hellip;]","og_url":"https:\/\/likemetkovic.hr\/cestitka-boze-petrova-dan-drzavnosti-prisjetimo-se-povijesti\/","og_site_name":"likemetkovic.hr","article_publisher":"https:\/\/www.facebook.com\/likemetkovic.hr\/","article_published_time":"2016-06-25T11:34:52+00:00","og_image":[{"width":806,"height":600,"url":"https:\/\/likemetkovic.hr\/wp-content\/uploads\/2016\/04\/bozo-petrov_narod_hr.jpg","type":"image\/jpeg"}],"author":"LIKEmetkovic.hr","twitter_card":"summary_large_image","twitter_misc":{"Napisao\/la":"LIKEmetkovic.hr","Procijenjeno vrijeme \u010ditanja":"1 minuta"},"schema":{"@context":"https:\/\/schema.org","@graph":[{"@type":"WebPage","@id":"https:\/\/likemetkovic.hr\/cestitka-boze-petrova-dan-drzavnosti-prisjetimo-se-povijesti\/","url":"https:\/\/likemetkovic.hr\/cestitka-boze-petrova-dan-drzavnosti-prisjetimo-se-povijesti\/","name":"\u010cestitka Bo\u017ee Petrova za Dan dr\u017eavnosti - Prisjetimo se svoje povijesti - likemetkovic.hr","isPartOf":{"@id":"https:\/\/likemetkovic.hr\/#website"},"primaryImageOfPage":{"@id":"https:\/\/likemetkovic.hr\/cestitka-boze-petrova-dan-drzavnosti-prisjetimo-se-povijesti\/#primaryimage"},"image":{"@id":"https:\/\/likemetkovic.hr\/cestitka-boze-petrova-dan-drzavnosti-prisjetimo-se-povijesti\/#primaryimage"},"thumbnailUrl":"https:\/\/likemetkovic.hr\/portal\/wp-content\/uploads\/2016\/04\/bozo-petrov_narod_hr.jpg","datePublished":"2016-06-25T11:34:52+00:00","author":{"@id":"https:\/\/likemetkovic.hr\/#\/schema\/person\/a42711f3385a0e2be6f7e0443bfb28f0"},"breadcrumb":{"@id":"https:\/\/likemetkovic.hr\/cestitka-boze-petrova-dan-drzavnosti-prisjetimo-se-povijesti\/#breadcrumb"},"inLanguage":"hr","potentialAction":[{"@type":"ReadAction","target":["https:\/\/likemetkovic.hr\/cestitka-boze-petrova-dan-drzavnosti-prisjetimo-se-povijesti\/"]}]},{"@type":"ImageObject","inLanguage":"hr","@id":"https:\/\/likemetkovic.hr\/cestitka-boze-petrova-dan-drzavnosti-prisjetimo-se-povijesti\/#primaryimage","url":"https:\/\/likemetkovic.hr\/portal\/wp-content\/uploads\/2016\/04\/bozo-petrov_narod_hr.jpg","contentUrl":"https:\/\/likemetkovic.hr\/portal\/wp-content\/uploads\/2016\/04\/bozo-petrov_narod_hr.jpg","width":806,"height":600,"caption":"bozo_petrov_hina"},{"@type":"BreadcrumbList","@id":"https:\/\/likemetkovic.hr\/cestitka-boze-petrova-dan-drzavnosti-prisjetimo-se-povijesti\/#breadcrumb","itemListElement":[{"@type":"ListItem","position":1,"name":"Po\u010detna stranica","item":"https:\/\/likemetkovic.hr\/portal\/"},{"@type":"ListItem","position":2,"name":"\u010cestitka Bo\u017ee Petrova za Dan dr\u017eavnosti &#8211; Prisjetimo se svoje povijesti"}]},{"@type":"WebSite","@id":"https:\/\/likemetkovic.hr\/#website","url":"https:\/\/likemetkovic.hr\/","name":"likemetkovic.hr","description":"Misli pozitivno... \u010ditaj LIKE","potentialAction":[{"@type":"SearchAction","target":{"@type":"EntryPoint","urlTemplate":"https:\/\/likemetkovic.hr\/?s={search_term_string}"},"query-input":{"@type":"PropertyValueSpecification","valueRequired":true,"valueName":"search_term_string"}}],"inLanguage":"hr"},{"@type":"Person","@id":"https:\/\/likemetkovic.hr\/#\/schema\/person\/a42711f3385a0e2be6f7e0443bfb28f0","name":"LIKEmetkovic.hr","sameAs":["http:\/\/likemetkovic.hr"],"url":"https:\/\/likemetkovic.hr\/portal\/author\/likemetkovic-hr\/"}]}},"_links":{"self":[{"href":"https:\/\/likemetkovic.hr\/portal\/wp-json\/wp\/v2\/posts\/22403","targetHints":{"allow":["GET"]}}],"collection":[{"href":"https:\/\/likemetkovic.hr\/portal\/wp-json\/wp\/v2\/posts"}],"about":[{"href":"https:\/\/likemetkovic.hr\/portal\/wp-json\/wp\/v2\/types\/post"}],"author":[{"embeddable":true,"href":"https:\/\/likemetkovic.hr\/portal\/wp-json\/wp\/v2\/users\/7"}],"replies":[{"embeddable":true,"href":"https:\/\/likemetkovic.hr\/portal\/wp-json\/wp\/v2\/comments?post=22403"}],"version-history":[{"count":0,"href":"https:\/\/likemetkovic.hr\/portal\/wp-json\/wp\/v2\/posts\/22403\/revisions"}],"wp:featuredmedia":[{"embeddable":true,"href":"https:\/\/likemetkovic.hr\/portal\/wp-json\/wp\/v2\/media\/19573"}],"wp:attachment":[{"href":"https:\/\/likemetkovic.hr\/portal\/wp-json\/wp\/v2\/media?parent=22403"}],"wp:term":[{"taxonomy":"category","embeddable":true,"href":"https:\/\/likemetkovic.hr\/portal\/wp-json\/wp\/v2\/categories?post=22403"},{"taxonomy":"post_tag","embeddable":true,"href":"https:\/\/likemetkovic.hr\/portal\/wp-json\/wp\/v2\/tags?post=22403"}],"curies":[{"name":"wp","href":"https:\/\/api.w.org\/{rel}","templated":true}]}}