{"id":22461,"date":"2016-06-26T00:43:26","date_gmt":"2016-06-25T22:43:26","guid":{"rendered":"http:\/\/likemetkovic.hr\/?p=22461"},"modified":"2016-06-26T00:43:42","modified_gmt":"2016-06-25T22:43:42","slug":"ladari-svetog-ilije-osvojila-trece-mjesto-ii-ladarskoj-regati-korculi","status":"publish","type":"post","link":"https:\/\/likemetkovic.hr\/portal\/ladari-svetog-ilije-osvojila-trece-mjesto-ii-ladarskoj-regati-korculi\/","title":{"rendered":"La\u0111ari Svetog Ilije osvojili tre\u0107e mjesto na III. La\u0111arskoj regati u Kor\u010duli!"},"content":{"rendered":"<p>U Kor\u010duli ja danas vo\u017eena III. La\u0111arska regata na kojoj je nastupilo ukupno osam la\u0111arskih posada. Pro\u0161logodi\u0161nje prve dvije ekipe ove su godine zamijenile pozicije tako da su ovogodi\u0161nji pobjednici<strong> Kominski Gusari<\/strong>\u00a0ispred ekipe <strong>Stabline<\/strong>. Tre\u0107eplasirana je bila metkovska posada <strong>Udruge la\u0111ara Svetog Ilije<\/strong>\u00a0nakon borbe sa\u00a0la\u0111arima\u00a0<strong>Gospe Karmelske <\/strong>iz Krvavca.\u00a0<strong>Bjelovarski Argonauti<\/strong> \u00a0su peti, dok su doma\u0107ini<strong>\u00a0\u017drnovski galijoti\u00a0<\/strong>zauzeli \u0161esto\u00a0mjesto ispred\u00a0 <strong>la\u0111ara Veterana 4. Gardijske \u00a0brigade i la\u0111ara \u010celjeva<\/strong>.<\/p>\n<p><strong>Kona\u010dni redoslijed<\/strong> 3. La\u0111arske regate Kne\u017ea \u2013 Kor\u010dula :<\/p>\n<p><strong>1.\u00a0<\/strong><strong>Gusari \u00a0Komin\u00a0<\/strong>(Nagrada:\u00a0Veliki kameni pjat makaruna, zlatne medalje i nov\u010dana nagrada od deset tisu\u0107a kuna)<\/p>\n<p><strong>2. Stablina <\/strong>(manji kameni pjat, srebrne medalje i sedam tisu\u0107a kuna)<\/p>\n<p><strong>3. Sveti Ilija &#8211; Metkovi\u0107<\/strong> (mali kameni pjat,\u00a0bron\u010dane medalje i\u00a0nov\u010dana nagrada od pet tisu\u0107a kuna)<\/p>\n<p><strong>4. Gospa Karmelska &#8211; Krvavac<\/strong> (nov\u010dana nagrada od dvije tisu\u0107e kuna)<\/p>\n<p><strong>5. Argonauti &#8211; Bjelovar <\/strong>(nov\u010dana nagrada od tisu\u0107u kuna)<\/p>\n<p><strong>6. \u017drnovski galijoti <\/strong><\/p>\n<p><strong>7. Veterani 4.Gardijske brigade <\/strong><\/p>\n<p><strong>8. \u010celjevo \u2013\u010capljina<\/strong><\/p>\n\r\n                <style type=\"text\/css\">\r\n                    \r\n                    #tdi_1  .td-doubleSlider-2 .td-item1 {\r\n                        background: url(https:\/\/likemetkovic.hr\/portal\/wp-content\/uploads\/2016\/06\/sv-ilija-metkovi\u0107-80x60.jpg) 0 0 no-repeat;\r\n                    }\r\n                    #tdi_1  .td-doubleSlider-2 .td-item2 {\r\n                        background: url(https:\/\/likemetkovic.hr\/portal\/wp-content\/uploads\/2016\/06\/sv-ilija-metkovi\u0107_1-80x60.jpg) 0 0 no-repeat;\r\n                    }\r\n                <\/style>\r\n\r\n                <div id=\"tdi_1\" class=\"td-gallery td-slide-on-2-columns\">\r\n                    <div class=\"post_td_gallery\">\r\n                        <div class=\"td-gallery-slide-top\">\r\n                           <div class=\"td-gallery-title\"><\/div>\r\n\r\n                            <div class=\"td-gallery-controls-wrapper\">\r\n                                <div class=\"td-gallery-slide-count\"><span class=\"td-gallery-slide-item-focus\">1<\/span> of 2<\/div>\r\n                                <div class=\"td-gallery-slide-prev-next-but\">\r\n                                    <i class = \"td-icon-left doubleSliderPrevButton\"><\/i>\r\n                                    <i class = \"td-icon-right doubleSliderNextButton\"><\/i>\r\n                                <\/div>\r\n                            <\/div>\r\n                        <\/div>\r\n\r\n                        <div class = \"td-doubleSlider-1 \">\r\n                            <div class = \"td-slider\">\r\n                                \r\n                    <div class = \"td-slide-item td-item1\">\r\n                        <figure class=\"td-slide-galery-figure td-slide-popup-gallery\">\r\n                            <a class=\"slide-gallery-image-link\" href=\"https:\/\/likemetkovic.hr\/portal\/wp-content\/uploads\/2016\/06\/sv-ilija-metkovi\u0107.jpg\" title=\"sv ilija metkovi\u0107\"  data-caption=\"Foto: facebook\"  data-description=\"\">\r\n                                <img decoding=\"async\" src=\"https:\/\/likemetkovic.hr\/portal\/wp-content\/uploads\/2016\/06\/sv-ilija-metkovi\u0107-598x420.jpg\" srcset=\"https:\/\/likemetkovic.hr\/portal\/wp-content\/uploads\/2016\/06\/sv-ilija-metkovi\u0107-598x420.jpg 598w, https:\/\/likemetkovic.hr\/portal\/wp-content\/uploads\/2016\/06\/sv-ilija-metkovi\u0107-300x211.jpg 300w, https:\/\/likemetkovic.hr\/portal\/wp-content\/uploads\/2016\/06\/sv-ilija-metkovi\u0107-768x540.jpg 768w, https:\/\/likemetkovic.hr\/portal\/wp-content\/uploads\/2016\/06\/sv-ilija-metkovi\u0107-640x450.jpg 640w, https:\/\/likemetkovic.hr\/portal\/wp-content\/uploads\/2016\/06\/sv-ilija-metkovi\u0107-100x70.jpg 100w, https:\/\/likemetkovic.hr\/portal\/wp-content\/uploads\/2016\/06\/sv-ilija-metkovi\u0107-696x489.jpg 696w, https:\/\/likemetkovic.hr\/portal\/wp-content\/uploads\/2016\/06\/sv-ilija-metkovi\u0107.jpg 854w\" sizes=\"(max-width: 598px) 100vw, 598px\" alt=\"\">\r\n                            <\/a>\r\n                            <figcaption class = \"td-slide-caption td-gallery-slide-content\"><div class = \"td-gallery-slide-copywrite\">Foto: facebook<\/div><\/figcaption>\r\n                        <\/figure>\r\n                    <\/div>\r\n                    <div class = \"td-slide-item td-item2\">\r\n                        <figure class=\"td-slide-galery-figure td-slide-popup-gallery\">\r\n                            <a class=\"slide-gallery-image-link\" href=\"https:\/\/likemetkovic.hr\/portal\/wp-content\/uploads\/2016\/06\/sv-ilija-metkovi\u0107_1.jpg\" title=\"sv ilija metkovi\u0107_1\"  data-caption=\"Foto: facebook\"  data-description=\"\">\r\n                                <img decoding=\"async\" src=\"https:\/\/likemetkovic.hr\/portal\/wp-content\/uploads\/2016\/06\/sv-ilija-metkovi\u0107_1-747x420.jpg\" srcset=\"https:\/\/likemetkovic.hr\/portal\/wp-content\/uploads\/2016\/06\/sv-ilija-metkovi\u0107_1-747x420.jpg 747w, https:\/\/likemetkovic.hr\/portal\/wp-content\/uploads\/2016\/06\/sv-ilija-metkovi\u0107_1-300x169.jpg 300w, https:\/\/likemetkovic.hr\/portal\/wp-content\/uploads\/2016\/06\/sv-ilija-metkovi\u0107_1-768x432.jpg 768w, https:\/\/likemetkovic.hr\/portal\/wp-content\/uploads\/2016\/06\/sv-ilija-metkovi\u0107_1-640x360.jpg 640w, https:\/\/likemetkovic.hr\/portal\/wp-content\/uploads\/2016\/06\/sv-ilija-metkovi\u0107_1-696x392.jpg 696w, https:\/\/likemetkovic.hr\/portal\/wp-content\/uploads\/2016\/06\/sv-ilija-metkovi\u0107_1.jpg 960w\" sizes=\"(max-width: 747px) 100vw, 747px\" alt=\"\">\r\n                            <\/a>\r\n                            <figcaption class = \"td-slide-caption td-gallery-slide-content\"><div class = \"td-gallery-slide-copywrite\">Foto: facebook<\/div><\/figcaption>\r\n                        <\/figure>\r\n                    <\/div>\r\n                            <\/div>\r\n                        <\/div>\r\n\r\n                        <div class = \"td-doubleSlider-2\">\r\n                            <div class = \"td-slider\">\r\n                                \r\n                    <div class = \"td-button td-item1\">\r\n                        <div class = \"td-border\"><\/div>\r\n                    <\/div>\r\n                    <div class = \"td-button td-item2\">\r\n                        <div class = \"td-border\"><\/div>\r\n                    <\/div>\r\n                            <\/div>\r\n                        <\/div>\r\n\r\n                    <\/div>\r\n\r\n                <\/div>\r\n                \n","protected":false},"excerpt":{"rendered":"<p>U Kor\u010duli ja danas vo\u017eena III. La\u0111arska regata na kojoj je nastupilo ukupno osam la\u0111arskih posada. Pro\u0161logodi\u0161nje prve dvije ekipe ove su godine zamijenile pozicije tako da su ovogodi\u0161nji pobjednici Kominski Gusari\u00a0ispred ekipe Stabline. Tre\u0107eplasirana je bila metkovska posada Udruge la\u0111ara Svetog Ilije\u00a0nakon borbe sa\u00a0la\u0111arima\u00a0Gospe Karmelske iz Krvavca.\u00a0Bjelovarski Argonauti \u00a0su peti, dok su doma\u0107ini\u00a0\u017drnovski galijoti\u00a0zauzeli [&hellip;]<\/p>\n","protected":false},"author":7,"featured_media":22462,"comment_status":"open","ping_status":"open","sticky":false,"template":"","format":"standard","meta":{"footnotes":""},"categories":[283,11],"tags":[],"class_list":{"0":"post-22461","1":"post","2":"type-post","3":"status-publish","4":"format-standard","5":"has-post-thumbnail","7":"category-a","8":"category-metkovic-dolina"},"yoast_head":"<!-- This site is optimized with the Yoast SEO plugin v25.2 - https:\/\/yoast.com\/wordpress\/plugins\/seo\/ -->\n<title>La\u0111ari Svetog Ilije osvojili tre\u0107e mjesto na III. La\u0111arskoj regati u Kor\u010duli! - likemetkovic.hr<\/title>\n<meta name=\"robots\" content=\"index, follow, max-snippet:-1, max-image-preview:large, max-video-preview:-1\" \/>\n<link rel=\"canonical\" href=\"https:\/\/likemetkovic.hr\/ladari-svetog-ilije-osvojila-trece-mjesto-ii-ladarskoj-regati-korculi\/\" \/>\n<meta property=\"og:locale\" content=\"hr_HR\" \/>\n<meta property=\"og:type\" content=\"article\" \/>\n<meta property=\"og:title\" content=\"La\u0111ari Svetog Ilije osvojili tre\u0107e mjesto na III. La\u0111arskoj regati u Kor\u010duli! - likemetkovic.hr\" \/>\n<meta property=\"og:description\" content=\"U Kor\u010duli ja danas vo\u017eena III. La\u0111arska regata na kojoj je nastupilo ukupno osam la\u0111arskih posada. Pro\u0161logodi\u0161nje prve dvije ekipe ove su godine zamijenile pozicije tako da su ovogodi\u0161nji pobjednici Kominski Gusari\u00a0ispred ekipe Stabline. Tre\u0107eplasirana je bila metkovska posada Udruge la\u0111ara Svetog Ilije\u00a0nakon borbe sa\u00a0la\u0111arima\u00a0Gospe Karmelske iz Krvavca.\u00a0Bjelovarski Argonauti \u00a0su peti, dok su doma\u0107ini\u00a0\u017drnovski galijoti\u00a0zauzeli [&hellip;]\" \/>\n<meta property=\"og:url\" content=\"https:\/\/likemetkovic.hr\/ladari-svetog-ilije-osvojila-trece-mjesto-ii-ladarskoj-regati-korculi\/\" \/>\n<meta property=\"og:site_name\" content=\"likemetkovic.hr\" \/>\n<meta property=\"article:publisher\" content=\"https:\/\/www.facebook.com\/likemetkovic.hr\/\" \/>\n<meta property=\"article:published_time\" content=\"2016-06-25T22:43:26+00:00\" \/>\n<meta property=\"article:modified_time\" content=\"2016-06-25T22:43:42+00:00\" \/>\n<meta property=\"og:image\" content=\"https:\/\/likemetkovic.hr\/wp-content\/uploads\/2016\/06\/sv-ilija-metkovi\u0107.jpg\" \/>\n\t<meta property=\"og:image:width\" content=\"854\" \/>\n\t<meta property=\"og:image:height\" content=\"600\" \/>\n\t<meta property=\"og:image:type\" content=\"image\/jpeg\" \/>\n<meta name=\"author\" content=\"LIKEmetkovic.hr\" \/>\n<meta name=\"twitter:card\" content=\"summary_large_image\" \/>\n<meta name=\"twitter:label1\" content=\"Napisao\/la\" \/>\n\t<meta name=\"twitter:data1\" content=\"LIKEmetkovic.hr\" \/>\n\t<meta name=\"twitter:label2\" content=\"Procijenjeno vrijeme \u010ditanja\" \/>\n\t<meta name=\"twitter:data2\" content=\"1 minuta\" \/>\n<script type=\"application\/ld+json\" class=\"yoast-schema-graph\">{\"@context\":\"https:\/\/schema.org\",\"@graph\":[{\"@type\":\"WebPage\",\"@id\":\"https:\/\/likemetkovic.hr\/ladari-svetog-ilije-osvojila-trece-mjesto-ii-ladarskoj-regati-korculi\/\",\"url\":\"https:\/\/likemetkovic.hr\/ladari-svetog-ilije-osvojila-trece-mjesto-ii-ladarskoj-regati-korculi\/\",\"name\":\"La\u0111ari Svetog Ilije osvojili tre\u0107e mjesto na III. La\u0111arskoj regati u Kor\u010duli! - likemetkovic.hr\",\"isPartOf\":{\"@id\":\"https:\/\/likemetkovic.hr\/#website\"},\"primaryImageOfPage\":{\"@id\":\"https:\/\/likemetkovic.hr\/ladari-svetog-ilije-osvojila-trece-mjesto-ii-ladarskoj-regati-korculi\/#primaryimage\"},\"image\":{\"@id\":\"https:\/\/likemetkovic.hr\/ladari-svetog-ilije-osvojila-trece-mjesto-ii-ladarskoj-regati-korculi\/#primaryimage\"},\"thumbnailUrl\":\"https:\/\/likemetkovic.hr\/portal\/wp-content\/uploads\/2016\/06\/sv-ilija-metkovi\u0107.jpg\",\"datePublished\":\"2016-06-25T22:43:26+00:00\",\"dateModified\":\"2016-06-25T22:43:42+00:00\",\"author\":{\"@id\":\"https:\/\/likemetkovic.hr\/#\/schema\/person\/a42711f3385a0e2be6f7e0443bfb28f0\"},\"breadcrumb\":{\"@id\":\"https:\/\/likemetkovic.hr\/ladari-svetog-ilije-osvojila-trece-mjesto-ii-ladarskoj-regati-korculi\/#breadcrumb\"},\"inLanguage\":\"hr\",\"potentialAction\":[{\"@type\":\"ReadAction\",\"target\":[\"https:\/\/likemetkovic.hr\/ladari-svetog-ilije-osvojila-trece-mjesto-ii-ladarskoj-regati-korculi\/\"]}]},{\"@type\":\"ImageObject\",\"inLanguage\":\"hr\",\"@id\":\"https:\/\/likemetkovic.hr\/ladari-svetog-ilije-osvojila-trece-mjesto-ii-ladarskoj-regati-korculi\/#primaryimage\",\"url\":\"https:\/\/likemetkovic.hr\/portal\/wp-content\/uploads\/2016\/06\/sv-ilija-metkovi\u0107.jpg\",\"contentUrl\":\"https:\/\/likemetkovic.hr\/portal\/wp-content\/uploads\/2016\/06\/sv-ilija-metkovi\u0107.jpg\",\"width\":854,\"height\":600,\"caption\":\"Foto: facebook\"},{\"@type\":\"BreadcrumbList\",\"@id\":\"https:\/\/likemetkovic.hr\/ladari-svetog-ilije-osvojila-trece-mjesto-ii-ladarskoj-regati-korculi\/#breadcrumb\",\"itemListElement\":[{\"@type\":\"ListItem\",\"position\":1,\"name\":\"Po\u010detna stranica\",\"item\":\"https:\/\/likemetkovic.hr\/portal\/\"},{\"@type\":\"ListItem\",\"position\":2,\"name\":\"La\u0111ari Svetog Ilije osvojili tre\u0107e mjesto na III. La\u0111arskoj regati u Kor\u010duli!\"}]},{\"@type\":\"WebSite\",\"@id\":\"https:\/\/likemetkovic.hr\/#website\",\"url\":\"https:\/\/likemetkovic.hr\/\",\"name\":\"likemetkovic.hr\",\"description\":\"Misli pozitivno... \u010ditaj LIKE\",\"potentialAction\":[{\"@type\":\"SearchAction\",\"target\":{\"@type\":\"EntryPoint\",\"urlTemplate\":\"https:\/\/likemetkovic.hr\/?s={search_term_string}\"},\"query-input\":{\"@type\":\"PropertyValueSpecification\",\"valueRequired\":true,\"valueName\":\"search_term_string\"}}],\"inLanguage\":\"hr\"},{\"@type\":\"Person\",\"@id\":\"https:\/\/likemetkovic.hr\/#\/schema\/person\/a42711f3385a0e2be6f7e0443bfb28f0\",\"name\":\"LIKEmetkovic.hr\",\"sameAs\":[\"http:\/\/likemetkovic.hr\"],\"url\":\"https:\/\/likemetkovic.hr\/portal\/author\/likemetkovic-hr\/\"}]}<\/script>\n<!-- \/ Yoast SEO plugin. -->","yoast_head_json":{"title":"La\u0111ari Svetog Ilije osvojili tre\u0107e mjesto na III. La\u0111arskoj regati u Kor\u010duli! - likemetkovic.hr","robots":{"index":"index","follow":"follow","max-snippet":"max-snippet:-1","max-image-preview":"max-image-preview:large","max-video-preview":"max-video-preview:-1"},"canonical":"https:\/\/likemetkovic.hr\/ladari-svetog-ilije-osvojila-trece-mjesto-ii-ladarskoj-regati-korculi\/","og_locale":"hr_HR","og_type":"article","og_title":"La\u0111ari Svetog Ilije osvojili tre\u0107e mjesto na III. La\u0111arskoj regati u Kor\u010duli! - likemetkovic.hr","og_description":"U Kor\u010duli ja danas vo\u017eena III. La\u0111arska regata na kojoj je nastupilo ukupno osam la\u0111arskih posada. Pro\u0161logodi\u0161nje prve dvije ekipe ove su godine zamijenile pozicije tako da su ovogodi\u0161nji pobjednici Kominski Gusari\u00a0ispred ekipe Stabline. Tre\u0107eplasirana je bila metkovska posada Udruge la\u0111ara Svetog Ilije\u00a0nakon borbe sa\u00a0la\u0111arima\u00a0Gospe Karmelske iz Krvavca.\u00a0Bjelovarski Argonauti \u00a0su peti, dok su doma\u0107ini\u00a0\u017drnovski galijoti\u00a0zauzeli [&hellip;]","og_url":"https:\/\/likemetkovic.hr\/ladari-svetog-ilije-osvojila-trece-mjesto-ii-ladarskoj-regati-korculi\/","og_site_name":"likemetkovic.hr","article_publisher":"https:\/\/www.facebook.com\/likemetkovic.hr\/","article_published_time":"2016-06-25T22:43:26+00:00","article_modified_time":"2016-06-25T22:43:42+00:00","og_image":[{"width":854,"height":600,"url":"https:\/\/likemetkovic.hr\/wp-content\/uploads\/2016\/06\/sv-ilija-metkovi\u0107.jpg","type":"image\/jpeg"}],"author":"LIKEmetkovic.hr","twitter_card":"summary_large_image","twitter_misc":{"Napisao\/la":"LIKEmetkovic.hr","Procijenjeno vrijeme \u010ditanja":"1 minuta"},"schema":{"@context":"https:\/\/schema.org","@graph":[{"@type":"WebPage","@id":"https:\/\/likemetkovic.hr\/ladari-svetog-ilije-osvojila-trece-mjesto-ii-ladarskoj-regati-korculi\/","url":"https:\/\/likemetkovic.hr\/ladari-svetog-ilije-osvojila-trece-mjesto-ii-ladarskoj-regati-korculi\/","name":"La\u0111ari Svetog Ilije osvojili tre\u0107e mjesto na III. La\u0111arskoj regati u Kor\u010duli! - likemetkovic.hr","isPartOf":{"@id":"https:\/\/likemetkovic.hr\/#website"},"primaryImageOfPage":{"@id":"https:\/\/likemetkovic.hr\/ladari-svetog-ilije-osvojila-trece-mjesto-ii-ladarskoj-regati-korculi\/#primaryimage"},"image":{"@id":"https:\/\/likemetkovic.hr\/ladari-svetog-ilije-osvojila-trece-mjesto-ii-ladarskoj-regati-korculi\/#primaryimage"},"thumbnailUrl":"https:\/\/likemetkovic.hr\/portal\/wp-content\/uploads\/2016\/06\/sv-ilija-metkovi\u0107.jpg","datePublished":"2016-06-25T22:43:26+00:00","dateModified":"2016-06-25T22:43:42+00:00","author":{"@id":"https:\/\/likemetkovic.hr\/#\/schema\/person\/a42711f3385a0e2be6f7e0443bfb28f0"},"breadcrumb":{"@id":"https:\/\/likemetkovic.hr\/ladari-svetog-ilije-osvojila-trece-mjesto-ii-ladarskoj-regati-korculi\/#breadcrumb"},"inLanguage":"hr","potentialAction":[{"@type":"ReadAction","target":["https:\/\/likemetkovic.hr\/ladari-svetog-ilije-osvojila-trece-mjesto-ii-ladarskoj-regati-korculi\/"]}]},{"@type":"ImageObject","inLanguage":"hr","@id":"https:\/\/likemetkovic.hr\/ladari-svetog-ilije-osvojila-trece-mjesto-ii-ladarskoj-regati-korculi\/#primaryimage","url":"https:\/\/likemetkovic.hr\/portal\/wp-content\/uploads\/2016\/06\/sv-ilija-metkovi\u0107.jpg","contentUrl":"https:\/\/likemetkovic.hr\/portal\/wp-content\/uploads\/2016\/06\/sv-ilija-metkovi\u0107.jpg","width":854,"height":600,"caption":"Foto: facebook"},{"@type":"BreadcrumbList","@id":"https:\/\/likemetkovic.hr\/ladari-svetog-ilije-osvojila-trece-mjesto-ii-ladarskoj-regati-korculi\/#breadcrumb","itemListElement":[{"@type":"ListItem","position":1,"name":"Po\u010detna stranica","item":"https:\/\/likemetkovic.hr\/portal\/"},{"@type":"ListItem","position":2,"name":"La\u0111ari Svetog Ilije osvojili tre\u0107e mjesto na III. La\u0111arskoj regati u Kor\u010duli!"}]},{"@type":"WebSite","@id":"https:\/\/likemetkovic.hr\/#website","url":"https:\/\/likemetkovic.hr\/","name":"likemetkovic.hr","description":"Misli pozitivno... \u010ditaj LIKE","potentialAction":[{"@type":"SearchAction","target":{"@type":"EntryPoint","urlTemplate":"https:\/\/likemetkovic.hr\/?s={search_term_string}"},"query-input":{"@type":"PropertyValueSpecification","valueRequired":true,"valueName":"search_term_string"}}],"inLanguage":"hr"},{"@type":"Person","@id":"https:\/\/likemetkovic.hr\/#\/schema\/person\/a42711f3385a0e2be6f7e0443bfb28f0","name":"LIKEmetkovic.hr","sameAs":["http:\/\/likemetkovic.hr"],"url":"https:\/\/likemetkovic.hr\/portal\/author\/likemetkovic-hr\/"}]}},"_links":{"self":[{"href":"https:\/\/likemetkovic.hr\/portal\/wp-json\/wp\/v2\/posts\/22461","targetHints":{"allow":["GET"]}}],"collection":[{"href":"https:\/\/likemetkovic.hr\/portal\/wp-json\/wp\/v2\/posts"}],"about":[{"href":"https:\/\/likemetkovic.hr\/portal\/wp-json\/wp\/v2\/types\/post"}],"author":[{"embeddable":true,"href":"https:\/\/likemetkovic.hr\/portal\/wp-json\/wp\/v2\/users\/7"}],"replies":[{"embeddable":true,"href":"https:\/\/likemetkovic.hr\/portal\/wp-json\/wp\/v2\/comments?post=22461"}],"version-history":[{"count":0,"href":"https:\/\/likemetkovic.hr\/portal\/wp-json\/wp\/v2\/posts\/22461\/revisions"}],"wp:featuredmedia":[{"embeddable":true,"href":"https:\/\/likemetkovic.hr\/portal\/wp-json\/wp\/v2\/media\/22462"}],"wp:attachment":[{"href":"https:\/\/likemetkovic.hr\/portal\/wp-json\/wp\/v2\/media?parent=22461"}],"wp:term":[{"taxonomy":"category","embeddable":true,"href":"https:\/\/likemetkovic.hr\/portal\/wp-json\/wp\/v2\/categories?post=22461"},{"taxonomy":"post_tag","embeddable":true,"href":"https:\/\/likemetkovic.hr\/portal\/wp-json\/wp\/v2\/tags?post=22461"}],"curies":[{"name":"wp","href":"https:\/\/api.w.org\/{rel}","templated":true}]}}