{"id":22639,"date":"2016-06-28T12:29:38","date_gmt":"2016-06-28T10:29:38","guid":{"rendered":"http:\/\/likemetkovic.hr\/?p=22639"},"modified":"2018-06-03T08:45:29","modified_gmt":"2018-06-03T06:45:29","slug":"zupa-srca-isusova-marijina-svecano-proslavila","status":"publish","type":"post","link":"https:\/\/likemetkovic.hr\/portal\/zupa-srca-isusova-marijina-svecano-proslavila\/","title":{"rendered":"FOTO Sve\u010dano proslavljena 400-ta obljetnica gradnje crkve Ivana Krstitelja u Vidonjama"},"content":{"rendered":"<p>Ove godine \u017dupa Srca Isusova i Marijina slavi 400-tu obljetnicu gradnje crkve\u00a0Ivana Krstitelja u Vidonjama. Do gradnje sada\u0161nje \u017eupne crkve Srca Isusova i Marijina 1968.g. crkva Svetog Ivana u Vidonjama bila je \u017eupna crkva u kojoj su kr\u0161tavana mnoga pokoljenja na\u0161ih pradjedova.<\/p>\n<p>Protekli tjedan razna su doga\u0111anja bila uvod u sve\u010danu zavr\u0161nu nedjeljnu proslavu\u00a0400-te obljetnice gradnje crkve\u00a0Ivana Krstitelja u Vidonjama.<\/p>\n<p>Tako je ve\u0107 u srijedu zapo\u010deto petodnevno obilje\u017eavanje ove vrijedne obljetnice simpozijem\u00a0u vidonjskoj \u017eupnoj crkvi Presvetoga srca Isusova na Mlini\u0161tu.<\/p>\n<p>Sudionici su simpozija bili mons. <strong>dr. sc. Mile Vidovi\u0107, dr. sc. Domagoj Vidovi\u0107, don Stanko Vrnoga, \u010dasna sestra Dolores Mati\u0107 i Ivan Bari\u0161i\u0107<\/strong>, prof. Simpozij je vodio vidonjski \u017eupnik <strong>don Mladen Margeta<\/strong>.<\/p>\n<p>Zatim je uslijedila trodnevica u crkvi svetog Ivana na Vidonjama koju je krasio veliki odaziv vjernika kroz sva tri dana trodnevice.<\/p>\n<p>Posebno sve\u010dano bilo je u nedjelju kada je na sve\u010danom misnom slavlju u 10 sati na kojem su u koncelebraciji sa \u017eupnikom i brojnim sve\u0107enicima, koji su u ovoj \u017eupi bili \u017eupnici ili vuku porijeklo iz nje, sudjelovala i dva nadbiskupa koji potje\u010du iz ove \u017eupe, <strong>mons. Marin Bari\u0161i\u0107 i mons. Martin Vidovi\u0107.<\/strong><\/p>\n<p>Svetoj misi i slavlju je nazo\u010dio i potpredsjedsjednik tehni\u010dke vlade <strong>Bo\u017eo Petrov, <\/strong>koji tako\u0111er vu\u010de dio svojih gena iz ovoga kraja.<\/p>\n<p>Nakon svete mise brojni su se posjetitelji, uglavnom porijeklom iz ovog kraja, okrijepili &#8220;i\u0107em&#8221; i pi\u0107em koji su vrijedni volonteri, u izvanrednoj organizaciji, poslu\u017eili.<\/p>\n<p>Bilo je to pravo narodno veselje kojem ni pjesme nije falilo, a sve na ponos \u017eupe koja je o\u010duvala svoju vjeru i kulturnu ba\u0161tinu u \u010detiri stolje\u0107a dugoj tradiciji..<\/p>\n\r\n                <style type=\"text\/css\">\r\n                    \r\n                    #tdi_1  .td-doubleSlider-2 .td-item1 {\r\n                        background: url(https:\/\/likemetkovic.hr\/portal\/wp-content\/uploads\/2016\/06\/vidonje-008-80x60.jpg) 0 0 no-repeat;\r\n                    }\r\n                    #tdi_1  .td-doubleSlider-2 .td-item2 {\r\n                        background: url(https:\/\/likemetkovic.hr\/portal\/wp-content\/uploads\/2016\/06\/vidonje-010-80x60.jpg) 0 0 no-repeat;\r\n                    }\r\n                    #tdi_1  .td-doubleSlider-2 .td-item3 {\r\n                        background: url(https:\/\/likemetkovic.hr\/portal\/wp-content\/uploads\/2016\/06\/vidonje-013-80x60.jpg) 0 0 no-repeat;\r\n                    }\r\n                    #tdi_1  .td-doubleSlider-2 .td-item4 {\r\n                        background: url(https:\/\/likemetkovic.hr\/portal\/wp-content\/uploads\/2016\/06\/vidonje-015-80x60.jpg) 0 0 no-repeat;\r\n                    }\r\n                    #tdi_1  .td-doubleSlider-2 .td-item5 {\r\n                        background: url(https:\/\/likemetkovic.hr\/portal\/wp-content\/uploads\/2016\/06\/mlini\u0161te_1-80x60.jpg) 0 0 no-repeat;\r\n                    }\r\n                    #tdi_1  .td-doubleSlider-2 .td-item6 {\r\n                        background: url(https:\/\/likemetkovic.hr\/portal\/wp-content\/uploads\/2016\/06\/mlini\u0161te_3-80x60.jpg) 0 0 no-repeat;\r\n                    }\r\n                <\/style>\r\n\r\n                <div id=\"tdi_1\" class=\"td-gallery td-slide-on-2-columns\">\r\n                    <div class=\"post_td_gallery\">\r\n                        <div class=\"td-gallery-slide-top\">\r\n                           <div class=\"td-gallery-title\"><\/div>\r\n\r\n                            <div class=\"td-gallery-controls-wrapper\">\r\n                                <div class=\"td-gallery-slide-count\"><span class=\"td-gallery-slide-item-focus\">1<\/span> of 6<\/div>\r\n                                <div class=\"td-gallery-slide-prev-next-but\">\r\n                                    <i class = \"td-icon-left doubleSliderPrevButton\"><\/i>\r\n                                    <i class = \"td-icon-right doubleSliderNextButton\"><\/i>\r\n                                <\/div>\r\n                            <\/div>\r\n                        <\/div>\r\n\r\n                        <div class = \"td-doubleSlider-1 \">\r\n                            <div class = \"td-slider\">\r\n                                \r\n                    <div class = \"td-slide-item td-item1\">\r\n                        <figure class=\"td-slide-galery-figure td-slide-popup-gallery\">\r\n                            <a class=\"slide-gallery-image-link\" href=\"https:\/\/likemetkovic.hr\/portal\/wp-content\/uploads\/2016\/06\/vidonje-008.jpg\" title=\"vidonje - 008\"  data-caption=\"Foto: Foto Veraja\"  data-description=\"\">\r\n                                <img decoding=\"async\" src=\"https:\/\/likemetkovic.hr\/portal\/wp-content\/uploads\/2016\/06\/vidonje-008-631x420.jpg\" srcset=\"https:\/\/likemetkovic.hr\/portal\/wp-content\/uploads\/2016\/06\/vidonje-008-631x420.jpg 631w, https:\/\/likemetkovic.hr\/portal\/wp-content\/uploads\/2016\/06\/vidonje-008-300x200.jpg 300w, https:\/\/likemetkovic.hr\/portal\/wp-content\/uploads\/2016\/06\/vidonje-008-768x511.jpg 768w, https:\/\/likemetkovic.hr\/portal\/wp-content\/uploads\/2016\/06\/vidonje-008-640x426.jpg 640w, https:\/\/likemetkovic.hr\/portal\/wp-content\/uploads\/2016\/06\/vidonje-008-696x463.jpg 696w, https:\/\/likemetkovic.hr\/portal\/wp-content\/uploads\/2016\/06\/vidonje-008-1068x711.jpg 1068w, https:\/\/likemetkovic.hr\/portal\/wp-content\/uploads\/2016\/06\/vidonje-008.jpg 1600w\" sizes=\"(max-width: 631px) 100vw, 631px\" alt=\"\">\r\n                            <\/a>\r\n                            <figcaption class = \"td-slide-caption td-gallery-slide-content\"><div class = \"td-gallery-slide-copywrite\">Foto: Foto Veraja<\/div><\/figcaption>\r\n                        <\/figure>\r\n                    <\/div>\r\n                    <div class = \"td-slide-item td-item2\">\r\n                        <figure class=\"td-slide-galery-figure td-slide-popup-gallery\">\r\n                            <a class=\"slide-gallery-image-link\" href=\"https:\/\/likemetkovic.hr\/portal\/wp-content\/uploads\/2016\/06\/vidonje-010.jpg\" title=\"vidonje - 010\"  data-caption=\"Foto: Foto Veraja\"  data-description=\"\">\r\n                                <img decoding=\"async\" src=\"https:\/\/likemetkovic.hr\/portal\/wp-content\/uploads\/2016\/06\/vidonje-010-631x420.jpg\" srcset=\"https:\/\/likemetkovic.hr\/portal\/wp-content\/uploads\/2016\/06\/vidonje-010-631x420.jpg 631w, https:\/\/likemetkovic.hr\/portal\/wp-content\/uploads\/2016\/06\/vidonje-010-300x200.jpg 300w, https:\/\/likemetkovic.hr\/portal\/wp-content\/uploads\/2016\/06\/vidonje-010-768x511.jpg 768w, https:\/\/likemetkovic.hr\/portal\/wp-content\/uploads\/2016\/06\/vidonje-010-640x426.jpg 640w, https:\/\/likemetkovic.hr\/portal\/wp-content\/uploads\/2016\/06\/vidonje-010-696x463.jpg 696w, https:\/\/likemetkovic.hr\/portal\/wp-content\/uploads\/2016\/06\/vidonje-010-1068x711.jpg 1068w, https:\/\/likemetkovic.hr\/portal\/wp-content\/uploads\/2016\/06\/vidonje-010.jpg 1600w\" sizes=\"(max-width: 631px) 100vw, 631px\" alt=\"\">\r\n                            <\/a>\r\n                            <figcaption class = \"td-slide-caption td-gallery-slide-content\"><div class = \"td-gallery-slide-copywrite\">Foto: Foto Veraja<\/div><\/figcaption>\r\n                        <\/figure>\r\n                    <\/div>\r\n                    <div class = \"td-slide-item td-item3\">\r\n                        <figure class=\"td-slide-galery-figure td-slide-popup-gallery\">\r\n                            <a class=\"slide-gallery-image-link\" href=\"https:\/\/likemetkovic.hr\/portal\/wp-content\/uploads\/2016\/06\/vidonje-013.jpg\" title=\"vidonje - 013\"  data-caption=\"Foto: Foto Veraja\"  data-description=\"\">\r\n                                <img decoding=\"async\" src=\"https:\/\/likemetkovic.hr\/portal\/wp-content\/uploads\/2016\/06\/vidonje-013-631x420.jpg\" srcset=\"https:\/\/likemetkovic.hr\/portal\/wp-content\/uploads\/2016\/06\/vidonje-013-631x420.jpg 631w, https:\/\/likemetkovic.hr\/portal\/wp-content\/uploads\/2016\/06\/vidonje-013-300x200.jpg 300w, https:\/\/likemetkovic.hr\/portal\/wp-content\/uploads\/2016\/06\/vidonje-013-768x511.jpg 768w, https:\/\/likemetkovic.hr\/portal\/wp-content\/uploads\/2016\/06\/vidonje-013-640x426.jpg 640w, https:\/\/likemetkovic.hr\/portal\/wp-content\/uploads\/2016\/06\/vidonje-013-696x463.jpg 696w, https:\/\/likemetkovic.hr\/portal\/wp-content\/uploads\/2016\/06\/vidonje-013-1068x711.jpg 1068w, https:\/\/likemetkovic.hr\/portal\/wp-content\/uploads\/2016\/06\/vidonje-013.jpg 1600w\" sizes=\"(max-width: 631px) 100vw, 631px\" alt=\"\">\r\n                            <\/a>\r\n                            <figcaption class = \"td-slide-caption td-gallery-slide-content\"><div class = \"td-gallery-slide-copywrite\">Foto: Foto Veraja<\/div><\/figcaption>\r\n                        <\/figure>\r\n                    <\/div>\r\n                    <div class = \"td-slide-item td-item4\">\r\n                        <figure class=\"td-slide-galery-figure td-slide-popup-gallery\">\r\n                            <a class=\"slide-gallery-image-link\" href=\"https:\/\/likemetkovic.hr\/portal\/wp-content\/uploads\/2016\/06\/vidonje-015.jpg\" title=\"vidonje - 015\"  data-caption=\"Foto: Foto Veraja\"  data-description=\"\">\r\n                                <img decoding=\"async\" src=\"https:\/\/likemetkovic.hr\/portal\/wp-content\/uploads\/2016\/06\/vidonje-015-631x420.jpg\" srcset=\"https:\/\/likemetkovic.hr\/portal\/wp-content\/uploads\/2016\/06\/vidonje-015-631x420.jpg 631w, https:\/\/likemetkovic.hr\/portal\/wp-content\/uploads\/2016\/06\/vidonje-015-300x200.jpg 300w, https:\/\/likemetkovic.hr\/portal\/wp-content\/uploads\/2016\/06\/vidonje-015-768x511.jpg 768w, https:\/\/likemetkovic.hr\/portal\/wp-content\/uploads\/2016\/06\/vidonje-015-640x426.jpg 640w, https:\/\/likemetkovic.hr\/portal\/wp-content\/uploads\/2016\/06\/vidonje-015-696x463.jpg 696w, https:\/\/likemetkovic.hr\/portal\/wp-content\/uploads\/2016\/06\/vidonje-015-1068x711.jpg 1068w, https:\/\/likemetkovic.hr\/portal\/wp-content\/uploads\/2016\/06\/vidonje-015.jpg 1600w\" sizes=\"(max-width: 631px) 100vw, 631px\" alt=\"\">\r\n                            <\/a>\r\n                            <figcaption class = \"td-slide-caption td-gallery-slide-content\"><div class = \"td-gallery-slide-copywrite\">Foto: Foto Veraja<\/div><\/figcaption>\r\n                        <\/figure>\r\n                    <\/div>\r\n                    <div class = \"td-slide-item td-item5\">\r\n                        <figure class=\"td-slide-galery-figure td-slide-popup-gallery\">\r\n                            <a class=\"slide-gallery-image-link\" href=\"https:\/\/likemetkovic.hr\/portal\/wp-content\/uploads\/2016\/06\/mlini\u0161te_1.jpg\" title=\"mlini\u0161te_1\"  data-caption=\"Foto: Josip Ostoji\u0107\"  data-description=\"\">\r\n                                <img decoding=\"async\" src=\"https:\/\/likemetkovic.hr\/portal\/wp-content\/uploads\/2016\/06\/mlini\u0161te_1-315x420.jpg\" srcset=\"https:\/\/likemetkovic.hr\/portal\/wp-content\/uploads\/2016\/06\/mlini\u0161te_1-315x420.jpg 315w, https:\/\/likemetkovic.hr\/portal\/wp-content\/uploads\/2016\/06\/mlini\u0161te_1-225x300.jpg 225w, https:\/\/likemetkovic.hr\/portal\/wp-content\/uploads\/2016\/06\/mlini\u0161te_1-480x640.jpg 480w, https:\/\/likemetkovic.hr\/portal\/wp-content\/uploads\/2016\/06\/mlini\u0161te_1-696x928.jpg 696w, https:\/\/likemetkovic.hr\/portal\/wp-content\/uploads\/2016\/06\/mlini\u0161te_1.jpg 720w\" sizes=\"(max-width: 315px) 100vw, 315px\" alt=\"\">\r\n                            <\/a>\r\n                            <figcaption class = \"td-slide-caption td-gallery-slide-content\"><div class = \"td-gallery-slide-copywrite\">Foto: Josip Ostoji\u0107<\/div><\/figcaption>\r\n                        <\/figure>\r\n                    <\/div>\r\n                    <div class = \"td-slide-item td-item6\">\r\n                        <figure class=\"td-slide-galery-figure td-slide-popup-gallery\">\r\n                            <a class=\"slide-gallery-image-link\" href=\"https:\/\/likemetkovic.hr\/portal\/wp-content\/uploads\/2016\/06\/mlini\u0161te_3.jpg\" title=\"mlini\u0161te_3\"  data-caption=\"Foto: Josip Ostoji\u0107\"  data-description=\"\">\r\n                                <img decoding=\"async\" src=\"https:\/\/likemetkovic.hr\/portal\/wp-content\/uploads\/2016\/06\/mlini\u0161te_3-560x420.jpg\" srcset=\"https:\/\/likemetkovic.hr\/portal\/wp-content\/uploads\/2016\/06\/mlini\u0161te_3-560x420.jpg 560w, https:\/\/likemetkovic.hr\/portal\/wp-content\/uploads\/2016\/06\/mlini\u0161te_3-300x225.jpg 300w, https:\/\/likemetkovic.hr\/portal\/wp-content\/uploads\/2016\/06\/mlini\u0161te_3-768x576.jpg 768w, https:\/\/likemetkovic.hr\/portal\/wp-content\/uploads\/2016\/06\/mlini\u0161te_3-640x480.jpg 640w, https:\/\/likemetkovic.hr\/portal\/wp-content\/uploads\/2016\/06\/mlini\u0161te_3-80x60.jpg 80w, https:\/\/likemetkovic.hr\/portal\/wp-content\/uploads\/2016\/06\/mlini\u0161te_3-265x198.jpg 265w, https:\/\/likemetkovic.hr\/portal\/wp-content\/uploads\/2016\/06\/mlini\u0161te_3-696x522.jpg 696w, https:\/\/likemetkovic.hr\/portal\/wp-content\/uploads\/2016\/06\/mlini\u0161te_3.jpg 960w\" sizes=\"(max-width: 560px) 100vw, 560px\" alt=\"\">\r\n                            <\/a>\r\n                            <figcaption class = \"td-slide-caption td-gallery-slide-content\"><div class = \"td-gallery-slide-copywrite\">Foto: Josip Ostoji\u0107<\/div><\/figcaption>\r\n                        <\/figure>\r\n                    <\/div>\r\n                            <\/div>\r\n                        <\/div>\r\n\r\n                        <div class = \"td-doubleSlider-2\">\r\n                            <div class = \"td-slider\">\r\n                                \r\n                    <div class = \"td-button td-item1\">\r\n                        <div class = \"td-border\"><\/div>\r\n                    <\/div>\r\n                    <div class = \"td-button td-item2\">\r\n                        <div class = \"td-border\"><\/div>\r\n                    <\/div>\r\n                    <div class = \"td-button td-item3\">\r\n                        <div class = \"td-border\"><\/div>\r\n                    <\/div>\r\n                    <div class = \"td-button td-item4\">\r\n                        <div class = \"td-border\"><\/div>\r\n                    <\/div>\r\n                    <div class = \"td-button td-item5\">\r\n                        <div class = \"td-border\"><\/div>\r\n                    <\/div>\r\n                    <div class = \"td-button td-item6\">\r\n                        <div class = \"td-border\"><\/div>\r\n                    <\/div>\r\n                            <\/div>\r\n                        <\/div>\r\n\r\n                    <\/div>\r\n\r\n                <\/div>\r\n                \n","protected":false},"excerpt":{"rendered":"<p>Ove godine \u017dupa Srca Isusova i Marijina slavi 400-tu obljetnicu gradnje crkve\u00a0Ivana Krstitelja u Vidonjama. Do gradnje sada\u0161nje \u017eupne crkve Srca Isusova i Marijina 1968.g. crkva Svetog Ivana u Vidonjama bila je \u017eupna crkva u kojoj su kr\u0161tavana mnoga pokoljenja na\u0161ih pradjedova. Protekli tjedan razna su doga\u0111anja bila uvod u sve\u010danu zavr\u0161nu nedjeljnu proslavu\u00a0400-te obljetnice [&hellip;]<\/p>\n","protected":false},"author":7,"featured_media":22649,"comment_status":"open","ping_status":"open","sticky":false,"template":"","format":"standard","meta":{"footnotes":""},"categories":[283,11,27],"tags":[],"class_list":{"0":"post-22639","1":"post","2":"type-post","3":"status-publish","4":"format-standard","5":"has-post-thumbnail","7":"category-a","8":"category-metkovic-dolina","9":"category-vjera-i-zivot"},"yoast_head":"<!-- This site is optimized with the Yoast SEO plugin v25.2 - https:\/\/yoast.com\/wordpress\/plugins\/seo\/ -->\n<title>FOTO Sve\u010dano proslavljena 400-ta obljetnica gradnje crkve Ivana Krstitelja u Vidonjama - likemetkovic.hr<\/title>\n<meta name=\"robots\" content=\"index, follow, max-snippet:-1, max-image-preview:large, max-video-preview:-1\" \/>\n<link rel=\"canonical\" href=\"https:\/\/likemetkovic.hr\/zupa-srca-isusova-marijina-svecano-proslavila\/\" \/>\n<meta property=\"og:locale\" content=\"hr_HR\" \/>\n<meta property=\"og:type\" content=\"article\" \/>\n<meta property=\"og:title\" content=\"FOTO Sve\u010dano proslavljena 400-ta obljetnica gradnje crkve Ivana Krstitelja u Vidonjama - likemetkovic.hr\" \/>\n<meta property=\"og:description\" content=\"Ove godine \u017dupa Srca Isusova i Marijina slavi 400-tu obljetnicu gradnje crkve\u00a0Ivana Krstitelja u Vidonjama. Do gradnje sada\u0161nje \u017eupne crkve Srca Isusova i Marijina 1968.g. crkva Svetog Ivana u Vidonjama bila je \u017eupna crkva u kojoj su kr\u0161tavana mnoga pokoljenja na\u0161ih pradjedova. Protekli tjedan razna su doga\u0111anja bila uvod u sve\u010danu zavr\u0161nu nedjeljnu proslavu\u00a0400-te obljetnice [&hellip;]\" \/>\n<meta property=\"og:url\" content=\"https:\/\/likemetkovic.hr\/zupa-srca-isusova-marijina-svecano-proslavila\/\" \/>\n<meta property=\"og:site_name\" content=\"likemetkovic.hr\" \/>\n<meta property=\"article:publisher\" content=\"https:\/\/www.facebook.com\/likemetkovic.hr\/\" \/>\n<meta property=\"article:published_time\" content=\"2016-06-28T10:29:38+00:00\" \/>\n<meta property=\"article:modified_time\" content=\"2018-06-03T06:45:29+00:00\" \/>\n<meta property=\"og:image\" content=\"https:\/\/likemetkovic.hr\/wp-content\/uploads\/2016\/06\/vidonje-010.jpg\" \/>\n\t<meta property=\"og:image:width\" content=\"1600\" \/>\n\t<meta property=\"og:image:height\" content=\"1065\" \/>\n\t<meta property=\"og:image:type\" content=\"image\/jpeg\" \/>\n<meta name=\"author\" content=\"LIKEmetkovic.hr\" \/>\n<meta name=\"twitter:card\" content=\"summary_large_image\" \/>\n<meta name=\"twitter:label1\" content=\"Napisao\/la\" \/>\n\t<meta name=\"twitter:data1\" content=\"LIKEmetkovic.hr\" \/>\n\t<meta name=\"twitter:label2\" content=\"Procijenjeno vrijeme \u010ditanja\" \/>\n\t<meta name=\"twitter:data2\" content=\"1 minuta\" \/>\n<script type=\"application\/ld+json\" class=\"yoast-schema-graph\">{\"@context\":\"https:\/\/schema.org\",\"@graph\":[{\"@type\":\"WebPage\",\"@id\":\"https:\/\/likemetkovic.hr\/zupa-srca-isusova-marijina-svecano-proslavila\/\",\"url\":\"https:\/\/likemetkovic.hr\/zupa-srca-isusova-marijina-svecano-proslavila\/\",\"name\":\"FOTO Sve\u010dano proslavljena 400-ta obljetnica gradnje crkve Ivana Krstitelja u Vidonjama - likemetkovic.hr\",\"isPartOf\":{\"@id\":\"https:\/\/likemetkovic.hr\/#website\"},\"primaryImageOfPage\":{\"@id\":\"https:\/\/likemetkovic.hr\/zupa-srca-isusova-marijina-svecano-proslavila\/#primaryimage\"},\"image\":{\"@id\":\"https:\/\/likemetkovic.hr\/zupa-srca-isusova-marijina-svecano-proslavila\/#primaryimage\"},\"thumbnailUrl\":\"https:\/\/likemetkovic.hr\/portal\/wp-content\/uploads\/2016\/06\/vidonje-010.jpg\",\"datePublished\":\"2016-06-28T10:29:38+00:00\",\"dateModified\":\"2018-06-03T06:45:29+00:00\",\"author\":{\"@id\":\"https:\/\/likemetkovic.hr\/#\/schema\/person\/a42711f3385a0e2be6f7e0443bfb28f0\"},\"breadcrumb\":{\"@id\":\"https:\/\/likemetkovic.hr\/zupa-srca-isusova-marijina-svecano-proslavila\/#breadcrumb\"},\"inLanguage\":\"hr\",\"potentialAction\":[{\"@type\":\"ReadAction\",\"target\":[\"https:\/\/likemetkovic.hr\/zupa-srca-isusova-marijina-svecano-proslavila\/\"]}]},{\"@type\":\"ImageObject\",\"inLanguage\":\"hr\",\"@id\":\"https:\/\/likemetkovic.hr\/zupa-srca-isusova-marijina-svecano-proslavila\/#primaryimage\",\"url\":\"https:\/\/likemetkovic.hr\/portal\/wp-content\/uploads\/2016\/06\/vidonje-010.jpg\",\"contentUrl\":\"https:\/\/likemetkovic.hr\/portal\/wp-content\/uploads\/2016\/06\/vidonje-010.jpg\",\"width\":1600,\"height\":1065,\"caption\":\"Foto: Foto Veraja\"},{\"@type\":\"BreadcrumbList\",\"@id\":\"https:\/\/likemetkovic.hr\/zupa-srca-isusova-marijina-svecano-proslavila\/#breadcrumb\",\"itemListElement\":[{\"@type\":\"ListItem\",\"position\":1,\"name\":\"Po\u010detna stranica\",\"item\":\"https:\/\/likemetkovic.hr\/portal\/\"},{\"@type\":\"ListItem\",\"position\":2,\"name\":\"FOTO Sve\u010dano proslavljena 400-ta obljetnica gradnje crkve Ivana Krstitelja u Vidonjama\"}]},{\"@type\":\"WebSite\",\"@id\":\"https:\/\/likemetkovic.hr\/#website\",\"url\":\"https:\/\/likemetkovic.hr\/\",\"name\":\"likemetkovic.hr\",\"description\":\"Misli pozitivno... \u010ditaj LIKE\",\"potentialAction\":[{\"@type\":\"SearchAction\",\"target\":{\"@type\":\"EntryPoint\",\"urlTemplate\":\"https:\/\/likemetkovic.hr\/?s={search_term_string}\"},\"query-input\":{\"@type\":\"PropertyValueSpecification\",\"valueRequired\":true,\"valueName\":\"search_term_string\"}}],\"inLanguage\":\"hr\"},{\"@type\":\"Person\",\"@id\":\"https:\/\/likemetkovic.hr\/#\/schema\/person\/a42711f3385a0e2be6f7e0443bfb28f0\",\"name\":\"LIKEmetkovic.hr\",\"sameAs\":[\"http:\/\/likemetkovic.hr\"],\"url\":\"https:\/\/likemetkovic.hr\/portal\/author\/likemetkovic-hr\/\"}]}<\/script>\n<!-- \/ Yoast SEO plugin. -->","yoast_head_json":{"title":"FOTO Sve\u010dano proslavljena 400-ta obljetnica gradnje crkve Ivana Krstitelja u Vidonjama - likemetkovic.hr","robots":{"index":"index","follow":"follow","max-snippet":"max-snippet:-1","max-image-preview":"max-image-preview:large","max-video-preview":"max-video-preview:-1"},"canonical":"https:\/\/likemetkovic.hr\/zupa-srca-isusova-marijina-svecano-proslavila\/","og_locale":"hr_HR","og_type":"article","og_title":"FOTO Sve\u010dano proslavljena 400-ta obljetnica gradnje crkve Ivana Krstitelja u Vidonjama - likemetkovic.hr","og_description":"Ove godine \u017dupa Srca Isusova i Marijina slavi 400-tu obljetnicu gradnje crkve\u00a0Ivana Krstitelja u Vidonjama. Do gradnje sada\u0161nje \u017eupne crkve Srca Isusova i Marijina 1968.g. crkva Svetog Ivana u Vidonjama bila je \u017eupna crkva u kojoj su kr\u0161tavana mnoga pokoljenja na\u0161ih pradjedova. Protekli tjedan razna su doga\u0111anja bila uvod u sve\u010danu zavr\u0161nu nedjeljnu proslavu\u00a0400-te obljetnice [&hellip;]","og_url":"https:\/\/likemetkovic.hr\/zupa-srca-isusova-marijina-svecano-proslavila\/","og_site_name":"likemetkovic.hr","article_publisher":"https:\/\/www.facebook.com\/likemetkovic.hr\/","article_published_time":"2016-06-28T10:29:38+00:00","article_modified_time":"2018-06-03T06:45:29+00:00","og_image":[{"width":1600,"height":1065,"url":"https:\/\/likemetkovic.hr\/wp-content\/uploads\/2016\/06\/vidonje-010.jpg","type":"image\/jpeg"}],"author":"LIKEmetkovic.hr","twitter_card":"summary_large_image","twitter_misc":{"Napisao\/la":"LIKEmetkovic.hr","Procijenjeno vrijeme \u010ditanja":"1 minuta"},"schema":{"@context":"https:\/\/schema.org","@graph":[{"@type":"WebPage","@id":"https:\/\/likemetkovic.hr\/zupa-srca-isusova-marijina-svecano-proslavila\/","url":"https:\/\/likemetkovic.hr\/zupa-srca-isusova-marijina-svecano-proslavila\/","name":"FOTO Sve\u010dano proslavljena 400-ta obljetnica gradnje crkve Ivana Krstitelja u Vidonjama - likemetkovic.hr","isPartOf":{"@id":"https:\/\/likemetkovic.hr\/#website"},"primaryImageOfPage":{"@id":"https:\/\/likemetkovic.hr\/zupa-srca-isusova-marijina-svecano-proslavila\/#primaryimage"},"image":{"@id":"https:\/\/likemetkovic.hr\/zupa-srca-isusova-marijina-svecano-proslavila\/#primaryimage"},"thumbnailUrl":"https:\/\/likemetkovic.hr\/portal\/wp-content\/uploads\/2016\/06\/vidonje-010.jpg","datePublished":"2016-06-28T10:29:38+00:00","dateModified":"2018-06-03T06:45:29+00:00","author":{"@id":"https:\/\/likemetkovic.hr\/#\/schema\/person\/a42711f3385a0e2be6f7e0443bfb28f0"},"breadcrumb":{"@id":"https:\/\/likemetkovic.hr\/zupa-srca-isusova-marijina-svecano-proslavila\/#breadcrumb"},"inLanguage":"hr","potentialAction":[{"@type":"ReadAction","target":["https:\/\/likemetkovic.hr\/zupa-srca-isusova-marijina-svecano-proslavila\/"]}]},{"@type":"ImageObject","inLanguage":"hr","@id":"https:\/\/likemetkovic.hr\/zupa-srca-isusova-marijina-svecano-proslavila\/#primaryimage","url":"https:\/\/likemetkovic.hr\/portal\/wp-content\/uploads\/2016\/06\/vidonje-010.jpg","contentUrl":"https:\/\/likemetkovic.hr\/portal\/wp-content\/uploads\/2016\/06\/vidonje-010.jpg","width":1600,"height":1065,"caption":"Foto: Foto Veraja"},{"@type":"BreadcrumbList","@id":"https:\/\/likemetkovic.hr\/zupa-srca-isusova-marijina-svecano-proslavila\/#breadcrumb","itemListElement":[{"@type":"ListItem","position":1,"name":"Po\u010detna stranica","item":"https:\/\/likemetkovic.hr\/portal\/"},{"@type":"ListItem","position":2,"name":"FOTO Sve\u010dano proslavljena 400-ta obljetnica gradnje crkve Ivana Krstitelja u Vidonjama"}]},{"@type":"WebSite","@id":"https:\/\/likemetkovic.hr\/#website","url":"https:\/\/likemetkovic.hr\/","name":"likemetkovic.hr","description":"Misli pozitivno... \u010ditaj LIKE","potentialAction":[{"@type":"SearchAction","target":{"@type":"EntryPoint","urlTemplate":"https:\/\/likemetkovic.hr\/?s={search_term_string}"},"query-input":{"@type":"PropertyValueSpecification","valueRequired":true,"valueName":"search_term_string"}}],"inLanguage":"hr"},{"@type":"Person","@id":"https:\/\/likemetkovic.hr\/#\/schema\/person\/a42711f3385a0e2be6f7e0443bfb28f0","name":"LIKEmetkovic.hr","sameAs":["http:\/\/likemetkovic.hr"],"url":"https:\/\/likemetkovic.hr\/portal\/author\/likemetkovic-hr\/"}]}},"_links":{"self":[{"href":"https:\/\/likemetkovic.hr\/portal\/wp-json\/wp\/v2\/posts\/22639","targetHints":{"allow":["GET"]}}],"collection":[{"href":"https:\/\/likemetkovic.hr\/portal\/wp-json\/wp\/v2\/posts"}],"about":[{"href":"https:\/\/likemetkovic.hr\/portal\/wp-json\/wp\/v2\/types\/post"}],"author":[{"embeddable":true,"href":"https:\/\/likemetkovic.hr\/portal\/wp-json\/wp\/v2\/users\/7"}],"replies":[{"embeddable":true,"href":"https:\/\/likemetkovic.hr\/portal\/wp-json\/wp\/v2\/comments?post=22639"}],"version-history":[{"count":0,"href":"https:\/\/likemetkovic.hr\/portal\/wp-json\/wp\/v2\/posts\/22639\/revisions"}],"wp:featuredmedia":[{"embeddable":true,"href":"https:\/\/likemetkovic.hr\/portal\/wp-json\/wp\/v2\/media\/22649"}],"wp:attachment":[{"href":"https:\/\/likemetkovic.hr\/portal\/wp-json\/wp\/v2\/media?parent=22639"}],"wp:term":[{"taxonomy":"category","embeddable":true,"href":"https:\/\/likemetkovic.hr\/portal\/wp-json\/wp\/v2\/categories?post=22639"},{"taxonomy":"post_tag","embeddable":true,"href":"https:\/\/likemetkovic.hr\/portal\/wp-json\/wp\/v2\/tags?post=22639"}],"curies":[{"name":"wp","href":"https:\/\/api.w.org\/{rel}","templated":true}]}}