{"id":23339,"date":"2016-07-12T17:49:45","date_gmt":"2016-07-12T15:49:45","guid":{"rendered":"http:\/\/likemetkovic.hr\/?p=23339"},"modified":"2016-07-12T18:16:12","modified_gmt":"2016-07-12T16:16:12","slug":"drago-veraja-nakon-sudskog-rocista-ponovno-izasao-javnost","status":"publish","type":"post","link":"https:\/\/likemetkovic.hr\/portal\/drago-veraja-nakon-sudskog-rocista-ponovno-izasao-javnost\/","title":{"rendered":"Drago Veraja nakon sudskog ro\u010di\u0161ta ponovno iza\u0161ao u javnost"},"content":{"rendered":"<p>Na adresu na\u0161e redakcije stiglo je priop\u0107enje Drage Veraje koje prenosimo u cjelosti kako je napisan:<\/p>\n<p>&#8220;Zovem se Drago Veraja, dragovoljac sam Domovinskog rata, jedan od 100 Dragovoljaca u Metkovi\u0107u, otac 5-ero maloljetne djece, poljoprivrednik. Dr\u017eavnu zemlju obra\u0111ujem (4 table, 8 hektara) od 1995.godine, bila je najprije \u0161ikara, od koje se napravila oranica. Prije 10 godina smo posadili nasade vinove loze. Od Ministarstva poljoprivrede imam verifikaciju za zemljopisno podrijetlo za 4 sorte vrhunskog vina. Natje\u010daj za dodjelu dr\u017eavne zemlje proveden je pro\u0161le godine u 6-om mjesecu, gdje je Dr\u017eavna Agencija za poljoprivredu, pod palicom tada\u0161njeg gradona\u010delnika Metkovi\u0107a Bo\u017ee Petrova. Prvi rezultati natje\u010daja oduzete su mi sve 4 table. Nakon na\u0161e reakcije u medijima, gradona\u010delnik je pozvao mene i brata na nagodbu(?), do podne ( ovi su ultimatumi puno puta ponavljani zadnjih mjeseci-poznato vam je to zar ne?) bolje re\u010deno ili nazvano pravim imenom, na ucjenu. Tra\u017eili smo hitan sastanak u Agenciji u Zagrebu, ali ga nismo mogli dobiti, nego tek nakon par dana. Ucjena je bila: ili \u0107e\u0161 uzeti 2 table, a ostaviti 2 drugima; ili ne\u0107e\u0161 dobiti ni\u0161ta. S tim smo iza\u0161li u javnost, nakon \u010dega je tra\u017eio javnu ispriku, gdje je moj brat pod pritiskom popustio i demantirao. Gradona\u010delnik je vrije\u0111ao mene i brata, govore\u0107i da smo rastrojeni i da se s nama ne mo\u017ee razgovarati, da \u0107e nas uni\u0161titi! Kako to jedan gradona\u010delnik mo\u017ee svome sugra\u0111aninu re\u0107i? Kako jedan psihijatar mo\u017ee za nekoga re\u0107i da je rastrojen, a da s njim nije niti razgovarao ili \u017eeli koristiti igru rije\u010di, da druge ljude mo\u017ee proglasiti rastrojenim i manipulirati? Mi se borimo za na\u0161 kruh svagda\u0161nji, koji nam se otima iz usta! Tko je On i \u010dije to dijeli? Kakve nagodbe i ucjene? A slu\u017ebeno je Agencija provodila natje\u010daj? Po \u010dijem nalogu? Nakon ovih doga\u0111aja, pro\u0161le godine u emisiji \u201eNedjeljom u 2\u201c na pitanje voditelja g. Stankovi\u0107a \u201eKako se mo\u017ee pomo\u0107i tim obiteljima s 18 \u010dlanova (moja i bratova obitelj)?G. Petrov je rekao \u201eOni su slu\u010daj dr\u017eave?\u201c Pitam se \u010dije dr\u017eave? Gdje je on bio kad se stvarala i branila ova dr\u017eava Hrvatska, tko mo\u017ee Dragovoljcu pri\u010dati od dr\u017eavi, koju je svojim vlastitim \u017eivotom branio i \u010duvao svoj dom i domove svih nas? Tko to ima pravo? Nisam dobio stan? Nemam braniteljsku mirovinu? Moja djeca nemaju besplatne ud\u017ebenike? Nemaju besplatnu \u0161kolsku kartu za bus? Moja djeca ne mogu dobiti braniteljsku stipendiju? Moja \u017eena ne mo\u017ee dobiti posao? Imam 4 \u0111aka. Slu\u010daj smo dr\u017eave! Sram ga bilo! Da nije bilo Dragovoljaca, ne bi bilo ni Hrvatske , ni Metkovi\u0107a. Prije 3 godine sam imao 2 te\u0161ke operacije u 7 dana, kemoterapije, dugo sam se oporavljao u bolnici i kod ku\u0107e. Nitko iz Grada Metkovi\u0107a, niti iz Agencije nije do\u0161ao mojoj \u017eeni ni meni, niti pitao da li nam ne\u0161to treba u takvoj situaciji. Ne, ali sad svi znaju za mene i digli su se da otmu kruh meni i mojoj djeci! Nevi\u0111eno i stra\u0161no!! Da bi vinova loza do\u0161la na rod treba 5 godina mukotrpnog rada, ulaganja, odricanja, od oranja, frezanja, sadnje, nabava sadnica, gnjojidbe, za\u0161tite, betonskih kolaca i puno kilometara \u017eice, goriva, prerade i nebrojeno odra\u0111enih dnevnica. I TO BEZ IJEDNE KUNE POTPORE OD DR\u017dAVE! Ima nepravilnosti i u radu Dr\u017eavne Agencije, koja je u svom izvje\u0161\u0107u napisala kako su te 4 table oranice, a ne vi\u0161egodi\u0161nji nasadi vinove loze! I prije natje\u010daja je sve snimano. Uostalom imaju snimke na Googlu! Zna\u010di da su podaci la\u017eirani , to su znali u Agenciji! I za to nitko nije odgovarao? Pitam se za\u0161to? Ovdje ima posla i za USKOK i Za DORH! Nalog je da se 2 table ne smiju dirati, zna\u010di ne smije se dirati loza! Kod njih je to oranica! Ako se to oduzima ,zar ne bi to po zakonu trebalo vratiti u prvobitno stanje, zna\u010di treba biti oranica? Kome treba gotova i odgojena loza? Kako se mo\u017ee i za\u0161to dodijeliti zemlja nekome tko nema uvjete, nekome tko ne zna raditi o lozi? Kako dati lozu koje nema? A za koju je Ministarstvo dalo verifikaciju zemljopisnog porijekla vinove loze \u2013 za vrhunska vine? Ili je to netko ve\u0107 prodao i debelo naplatio? Ljudi se u Metkovi\u0107u boje; neki koji su dobili na natje\u010daju su svoje table dali ve\u0107im igra\u010dima ili su ih iznajmili. Vjerujem da je sve to poznato i Dorhu, ali bez akcije i reakcije odgovornih. Puno pitanja bez odgovora, puno nelogi\u010dnosti. Pro\u0161le godine sam tra\u017eio zabranu ulaska u posjed za ove 2 table osobama kojima su dodijeljene, vodi se sudski spor. Sve ovo treba ra\u0161\u010distiti? Sve nepravilnosti na vidjelo? Javno, da se zna \u0161ta je ko i kako mutio i radio? Ako \u0107e netko oduzeti od mene ove dvije table , mo\u017ee samo uz jedan jedini uvjet, a to je da namiri sve tro\u0161kove i sva ulaganja kroz ovih 7 godina; od goriva, sadnica, oranja, frezanja, trakotora, gnjojiva, za\u0161titnih sredstava, dnevnica, betonskih kolaca, \u017eice, TO BI BILO JEDINO PRAVEDNO! Bez nadoknade u punom iznosu, prepustiti 2 gotove table (4 hektara) odgojene vinove loze ne dolazi u obzir! Treba vratiti ulo\u017eeno i ono \u0161to je zadu\u017eeno vratiti. Mi ostajemo bez kruha. Ogor\u010den sam i ustajem u za\u0161titu svoje obitelji, svojih 5 sinova i ne\u0107u posustati u borbi za za\u0161titu dostojanstva svoje djece! Obratit \u0107u se svim javnim dr\u017eavnim i me\u0111unarodnim institucijama koje se bave za\u0161titom ljudskih prava. Molim sve Dragovoljce Domovinskog rata i sve one koji vole svoju domovinu Hrvatsku da stanu u obranu dostojanstva ljudskih prava, treba stati uz po\u0161tene obitelji koji \u017eive od svoga po\u0161tenog rada i za\u0161titi ih, a ne dopustiti da ih se uni\u0161tava materijalno, fizi\u010dki i psihi\u010dki! Prestra\u0161no!!! Da se ovo doga\u0111a u \u201eLijepoj na\u0161oj\u201c za koju smo ba\u0161 mi bili u prvim obrambenim redovima!!! Izlazimo s ovim ponovno u javnost, jer \u017eelim da javnost zna istinu \u0161ta se doga\u0111a, jer smo ovih dana imali ro\u010di\u0161te na sudu zbog tra\u017eenje zabrane u ulazak u moj posjed, ni\u0161ta nije rije\u0161eno. \u017delimo da se ova agonija \u0161to prije zavr\u0161i. PRAVEDNO!&#8221;<\/p>\n<p>Za komentar smo zamolili zamjenika gradona\u010delnice Nikolu Grmoju koji nam je\u00a0odgovorio:<\/p>\n<p>&#8220;Grad Metkovi\u0107 sa navedenim nema nikakve veze. Natje\u010daj za dodjelu zemlje je provela Agencija za poljoprivredno zemlji\u0161te prema va\u017ee\u0107em zakonu i bodovanjem i to\u00a0upravo na poziv Grada Metkovi\u0107a. O\u010dito je da se bli\u017ee izbori. \u017dao mi je da se drugi ljudi koriste za politi\u010dke obra\u010dune.&#8221;<\/p>\n","protected":false},"excerpt":{"rendered":"<p>Na adresu na\u0161e redakcije stiglo je priop\u0107enje Drage Veraje koje prenosimo u cjelosti kako je napisan: &#8220;Zovem se Drago Veraja, dragovoljac sam Domovinskog rata, jedan od 100 Dragovoljaca u Metkovi\u0107u, otac 5-ero maloljetne djece, poljoprivrednik. Dr\u017eavnu zemlju obra\u0111ujem (4 table, 8 hektara) od 1995.godine, bila je najprije \u0161ikara, od koje se napravila oranica. Prije 10 [&hellip;]<\/p>\n","protected":false},"author":7,"featured_media":23345,"comment_status":"open","ping_status":"open","sticky":false,"template":"","format":"standard","meta":{"footnotes":""},"categories":[283,11],"tags":[],"class_list":{"0":"post-23339","1":"post","2":"type-post","3":"status-publish","4":"format-standard","5":"has-post-thumbnail","7":"category-a","8":"category-metkovic-dolina"},"yoast_head":"<!-- This site is optimized with the Yoast SEO plugin v25.2 - https:\/\/yoast.com\/wordpress\/plugins\/seo\/ -->\n<title>Drago Veraja nakon sudskog ro\u010di\u0161ta ponovno iza\u0161ao u javnost - likemetkovic.hr<\/title>\n<meta name=\"robots\" content=\"index, follow, max-snippet:-1, max-image-preview:large, max-video-preview:-1\" \/>\n<link rel=\"canonical\" href=\"https:\/\/likemetkovic.hr\/drago-veraja-nakon-sudskog-rocista-ponovno-izasao-javnost\/\" \/>\n<meta property=\"og:locale\" content=\"hr_HR\" \/>\n<meta property=\"og:type\" content=\"article\" \/>\n<meta property=\"og:title\" content=\"Drago Veraja nakon sudskog ro\u010di\u0161ta ponovno iza\u0161ao u javnost - likemetkovic.hr\" \/>\n<meta property=\"og:description\" content=\"Na adresu na\u0161e redakcije stiglo je priop\u0107enje Drage Veraje koje prenosimo u cjelosti kako je napisan: &#8220;Zovem se Drago Veraja, dragovoljac sam Domovinskog rata, jedan od 100 Dragovoljaca u Metkovi\u0107u, otac 5-ero maloljetne djece, poljoprivrednik. Dr\u017eavnu zemlju obra\u0111ujem (4 table, 8 hektara) od 1995.godine, bila je najprije \u0161ikara, od koje se napravila oranica. Prije 10 [&hellip;]\" \/>\n<meta property=\"og:url\" content=\"https:\/\/likemetkovic.hr\/drago-veraja-nakon-sudskog-rocista-ponovno-izasao-javnost\/\" \/>\n<meta property=\"og:site_name\" content=\"likemetkovic.hr\" \/>\n<meta property=\"article:publisher\" content=\"https:\/\/www.facebook.com\/likemetkovic.hr\/\" \/>\n<meta property=\"article:published_time\" content=\"2016-07-12T15:49:45+00:00\" \/>\n<meta property=\"article:modified_time\" content=\"2016-07-12T16:16:12+00:00\" \/>\n<meta property=\"og:image\" content=\"https:\/\/likemetkovic.hr\/wp-content\/uploads\/2016\/07\/zemljiste_dodjela5-100615.jpg\" \/>\n\t<meta property=\"og:image:width\" content=\"800\" \/>\n\t<meta property=\"og:image:height\" content=\"535\" \/>\n\t<meta property=\"og:image:type\" content=\"image\/jpeg\" \/>\n<meta name=\"author\" content=\"LIKEmetkovic.hr\" \/>\n<meta name=\"twitter:card\" content=\"summary_large_image\" \/>\n<meta name=\"twitter:label1\" content=\"Napisao\/la\" \/>\n\t<meta name=\"twitter:data1\" content=\"LIKEmetkovic.hr\" \/>\n\t<meta name=\"twitter:label2\" content=\"Procijenjeno vrijeme \u010ditanja\" \/>\n\t<meta name=\"twitter:data2\" content=\"6 minuta\" \/>\n<script type=\"application\/ld+json\" class=\"yoast-schema-graph\">{\"@context\":\"https:\/\/schema.org\",\"@graph\":[{\"@type\":\"WebPage\",\"@id\":\"https:\/\/likemetkovic.hr\/drago-veraja-nakon-sudskog-rocista-ponovno-izasao-javnost\/\",\"url\":\"https:\/\/likemetkovic.hr\/drago-veraja-nakon-sudskog-rocista-ponovno-izasao-javnost\/\",\"name\":\"Drago Veraja nakon sudskog ro\u010di\u0161ta ponovno iza\u0161ao u javnost - likemetkovic.hr\",\"isPartOf\":{\"@id\":\"https:\/\/likemetkovic.hr\/#website\"},\"primaryImageOfPage\":{\"@id\":\"https:\/\/likemetkovic.hr\/drago-veraja-nakon-sudskog-rocista-ponovno-izasao-javnost\/#primaryimage\"},\"image\":{\"@id\":\"https:\/\/likemetkovic.hr\/drago-veraja-nakon-sudskog-rocista-ponovno-izasao-javnost\/#primaryimage\"},\"thumbnailUrl\":\"https:\/\/likemetkovic.hr\/portal\/wp-content\/uploads\/2016\/07\/zemljiste_dodjela5-100615.jpg\",\"datePublished\":\"2016-07-12T15:49:45+00:00\",\"dateModified\":\"2016-07-12T16:16:12+00:00\",\"author\":{\"@id\":\"https:\/\/likemetkovic.hr\/#\/schema\/person\/a42711f3385a0e2be6f7e0443bfb28f0\"},\"breadcrumb\":{\"@id\":\"https:\/\/likemetkovic.hr\/drago-veraja-nakon-sudskog-rocista-ponovno-izasao-javnost\/#breadcrumb\"},\"inLanguage\":\"hr\",\"potentialAction\":[{\"@type\":\"ReadAction\",\"target\":[\"https:\/\/likemetkovic.hr\/drago-veraja-nakon-sudskog-rocista-ponovno-izasao-javnost\/\"]}]},{\"@type\":\"ImageObject\",\"inLanguage\":\"hr\",\"@id\":\"https:\/\/likemetkovic.hr\/drago-veraja-nakon-sudskog-rocista-ponovno-izasao-javnost\/#primaryimage\",\"url\":\"https:\/\/likemetkovic.hr\/portal\/wp-content\/uploads\/2016\/07\/zemljiste_dodjela5-100615.jpg\",\"contentUrl\":\"https:\/\/likemetkovic.hr\/portal\/wp-content\/uploads\/2016\/07\/zemljiste_dodjela5-100615.jpg\",\"width\":800,\"height\":535,\"caption\":\"Foto: SLobodna Dalmacija\"},{\"@type\":\"BreadcrumbList\",\"@id\":\"https:\/\/likemetkovic.hr\/drago-veraja-nakon-sudskog-rocista-ponovno-izasao-javnost\/#breadcrumb\",\"itemListElement\":[{\"@type\":\"ListItem\",\"position\":1,\"name\":\"Po\u010detna stranica\",\"item\":\"https:\/\/likemetkovic.hr\/portal\/\"},{\"@type\":\"ListItem\",\"position\":2,\"name\":\"Drago Veraja nakon sudskog ro\u010di\u0161ta ponovno iza\u0161ao u javnost\"}]},{\"@type\":\"WebSite\",\"@id\":\"https:\/\/likemetkovic.hr\/#website\",\"url\":\"https:\/\/likemetkovic.hr\/\",\"name\":\"likemetkovic.hr\",\"description\":\"Misli pozitivno... \u010ditaj LIKE\",\"potentialAction\":[{\"@type\":\"SearchAction\",\"target\":{\"@type\":\"EntryPoint\",\"urlTemplate\":\"https:\/\/likemetkovic.hr\/?s={search_term_string}\"},\"query-input\":{\"@type\":\"PropertyValueSpecification\",\"valueRequired\":true,\"valueName\":\"search_term_string\"}}],\"inLanguage\":\"hr\"},{\"@type\":\"Person\",\"@id\":\"https:\/\/likemetkovic.hr\/#\/schema\/person\/a42711f3385a0e2be6f7e0443bfb28f0\",\"name\":\"LIKEmetkovic.hr\",\"sameAs\":[\"http:\/\/likemetkovic.hr\"],\"url\":\"https:\/\/likemetkovic.hr\/portal\/author\/likemetkovic-hr\/\"}]}<\/script>\n<!-- \/ Yoast SEO plugin. -->","yoast_head_json":{"title":"Drago Veraja nakon sudskog ro\u010di\u0161ta ponovno iza\u0161ao u javnost - likemetkovic.hr","robots":{"index":"index","follow":"follow","max-snippet":"max-snippet:-1","max-image-preview":"max-image-preview:large","max-video-preview":"max-video-preview:-1"},"canonical":"https:\/\/likemetkovic.hr\/drago-veraja-nakon-sudskog-rocista-ponovno-izasao-javnost\/","og_locale":"hr_HR","og_type":"article","og_title":"Drago Veraja nakon sudskog ro\u010di\u0161ta ponovno iza\u0161ao u javnost - likemetkovic.hr","og_description":"Na adresu na\u0161e redakcije stiglo je priop\u0107enje Drage Veraje koje prenosimo u cjelosti kako je napisan: &#8220;Zovem se Drago Veraja, dragovoljac sam Domovinskog rata, jedan od 100 Dragovoljaca u Metkovi\u0107u, otac 5-ero maloljetne djece, poljoprivrednik. Dr\u017eavnu zemlju obra\u0111ujem (4 table, 8 hektara) od 1995.godine, bila je najprije \u0161ikara, od koje se napravila oranica. Prije 10 [&hellip;]","og_url":"https:\/\/likemetkovic.hr\/drago-veraja-nakon-sudskog-rocista-ponovno-izasao-javnost\/","og_site_name":"likemetkovic.hr","article_publisher":"https:\/\/www.facebook.com\/likemetkovic.hr\/","article_published_time":"2016-07-12T15:49:45+00:00","article_modified_time":"2016-07-12T16:16:12+00:00","og_image":[{"width":800,"height":535,"url":"https:\/\/likemetkovic.hr\/wp-content\/uploads\/2016\/07\/zemljiste_dodjela5-100615.jpg","type":"image\/jpeg"}],"author":"LIKEmetkovic.hr","twitter_card":"summary_large_image","twitter_misc":{"Napisao\/la":"LIKEmetkovic.hr","Procijenjeno vrijeme \u010ditanja":"6 minuta"},"schema":{"@context":"https:\/\/schema.org","@graph":[{"@type":"WebPage","@id":"https:\/\/likemetkovic.hr\/drago-veraja-nakon-sudskog-rocista-ponovno-izasao-javnost\/","url":"https:\/\/likemetkovic.hr\/drago-veraja-nakon-sudskog-rocista-ponovno-izasao-javnost\/","name":"Drago Veraja nakon sudskog ro\u010di\u0161ta ponovno iza\u0161ao u javnost - likemetkovic.hr","isPartOf":{"@id":"https:\/\/likemetkovic.hr\/#website"},"primaryImageOfPage":{"@id":"https:\/\/likemetkovic.hr\/drago-veraja-nakon-sudskog-rocista-ponovno-izasao-javnost\/#primaryimage"},"image":{"@id":"https:\/\/likemetkovic.hr\/drago-veraja-nakon-sudskog-rocista-ponovno-izasao-javnost\/#primaryimage"},"thumbnailUrl":"https:\/\/likemetkovic.hr\/portal\/wp-content\/uploads\/2016\/07\/zemljiste_dodjela5-100615.jpg","datePublished":"2016-07-12T15:49:45+00:00","dateModified":"2016-07-12T16:16:12+00:00","author":{"@id":"https:\/\/likemetkovic.hr\/#\/schema\/person\/a42711f3385a0e2be6f7e0443bfb28f0"},"breadcrumb":{"@id":"https:\/\/likemetkovic.hr\/drago-veraja-nakon-sudskog-rocista-ponovno-izasao-javnost\/#breadcrumb"},"inLanguage":"hr","potentialAction":[{"@type":"ReadAction","target":["https:\/\/likemetkovic.hr\/drago-veraja-nakon-sudskog-rocista-ponovno-izasao-javnost\/"]}]},{"@type":"ImageObject","inLanguage":"hr","@id":"https:\/\/likemetkovic.hr\/drago-veraja-nakon-sudskog-rocista-ponovno-izasao-javnost\/#primaryimage","url":"https:\/\/likemetkovic.hr\/portal\/wp-content\/uploads\/2016\/07\/zemljiste_dodjela5-100615.jpg","contentUrl":"https:\/\/likemetkovic.hr\/portal\/wp-content\/uploads\/2016\/07\/zemljiste_dodjela5-100615.jpg","width":800,"height":535,"caption":"Foto: SLobodna Dalmacija"},{"@type":"BreadcrumbList","@id":"https:\/\/likemetkovic.hr\/drago-veraja-nakon-sudskog-rocista-ponovno-izasao-javnost\/#breadcrumb","itemListElement":[{"@type":"ListItem","position":1,"name":"Po\u010detna stranica","item":"https:\/\/likemetkovic.hr\/portal\/"},{"@type":"ListItem","position":2,"name":"Drago Veraja nakon sudskog ro\u010di\u0161ta ponovno iza\u0161ao u javnost"}]},{"@type":"WebSite","@id":"https:\/\/likemetkovic.hr\/#website","url":"https:\/\/likemetkovic.hr\/","name":"likemetkovic.hr","description":"Misli pozitivno... \u010ditaj LIKE","potentialAction":[{"@type":"SearchAction","target":{"@type":"EntryPoint","urlTemplate":"https:\/\/likemetkovic.hr\/?s={search_term_string}"},"query-input":{"@type":"PropertyValueSpecification","valueRequired":true,"valueName":"search_term_string"}}],"inLanguage":"hr"},{"@type":"Person","@id":"https:\/\/likemetkovic.hr\/#\/schema\/person\/a42711f3385a0e2be6f7e0443bfb28f0","name":"LIKEmetkovic.hr","sameAs":["http:\/\/likemetkovic.hr"],"url":"https:\/\/likemetkovic.hr\/portal\/author\/likemetkovic-hr\/"}]}},"_links":{"self":[{"href":"https:\/\/likemetkovic.hr\/portal\/wp-json\/wp\/v2\/posts\/23339","targetHints":{"allow":["GET"]}}],"collection":[{"href":"https:\/\/likemetkovic.hr\/portal\/wp-json\/wp\/v2\/posts"}],"about":[{"href":"https:\/\/likemetkovic.hr\/portal\/wp-json\/wp\/v2\/types\/post"}],"author":[{"embeddable":true,"href":"https:\/\/likemetkovic.hr\/portal\/wp-json\/wp\/v2\/users\/7"}],"replies":[{"embeddable":true,"href":"https:\/\/likemetkovic.hr\/portal\/wp-json\/wp\/v2\/comments?post=23339"}],"version-history":[{"count":0,"href":"https:\/\/likemetkovic.hr\/portal\/wp-json\/wp\/v2\/posts\/23339\/revisions"}],"wp:featuredmedia":[{"embeddable":true,"href":"https:\/\/likemetkovic.hr\/portal\/wp-json\/wp\/v2\/media\/23345"}],"wp:attachment":[{"href":"https:\/\/likemetkovic.hr\/portal\/wp-json\/wp\/v2\/media?parent=23339"}],"wp:term":[{"taxonomy":"category","embeddable":true,"href":"https:\/\/likemetkovic.hr\/portal\/wp-json\/wp\/v2\/categories?post=23339"},{"taxonomy":"post_tag","embeddable":true,"href":"https:\/\/likemetkovic.hr\/portal\/wp-json\/wp\/v2\/tags?post=23339"}],"curies":[{"name":"wp","href":"https:\/\/api.w.org\/{rel}","templated":true}]}}