{"id":23368,"date":"2016-07-13T16:33:18","date_gmt":"2016-07-13T14:33:18","guid":{"rendered":"http:\/\/likemetkovic.hr\/?p=23368"},"modified":"2018-06-03T17:56:20","modified_gmt":"2018-06-03T15:56:20","slug":"pozar-vidonjama-goracicima","status":"publish","type":"post","link":"https:\/\/likemetkovic.hr\/portal\/pozar-vidonjama-goracicima\/","title":{"rendered":"Po\u017ear u Vidonjama &#8211; Gora\u010di\u0107ima"},"content":{"rendered":"<p>Danas oko 12 sati Jvp Metkovi\u0107 dobio dojavu o po\u017earu otvorenog prostora u Vidonjama-Gora\u010di\u0107ima.<br \/>\nPo\u017ear lokaliziran oko 14:45 sati, a uga\u0111\u0161en oko 15:15 sati.<br \/>\nIzgorilo oko 8 hektara niskog raslinja.<br \/>\nU ga\u0161enju sudjelovalo \u0161est vatrogasaca, tri vozila iz Jvp Metkovi\u0107 i jedan kanader.<\/p>\n\r\n                <style type=\"text\/css\">\r\n                    \r\n                    #tdi_1  .td-doubleSlider-2 .td-item1 {\r\n                        background: url(https:\/\/likemetkovic.hr\/portal\/wp-content\/uploads\/2016\/07\/po\u017ear-vidonje-gora\u010di\u0107i_2-80x60.jpg) 0 0 no-repeat;\r\n                    }\r\n                    #tdi_1  .td-doubleSlider-2 .td-item2 {\r\n                        background: url(https:\/\/likemetkovic.hr\/portal\/wp-content\/uploads\/2016\/07\/po\u017ear-vidonje-gora\u010di\u0107i_4-80x60.jpg) 0 0 no-repeat;\r\n                    }\r\n                    #tdi_1  .td-doubleSlider-2 .td-item3 {\r\n                        background: url(https:\/\/likemetkovic.hr\/portal\/wp-content\/uploads\/2016\/07\/po\u017ear-vidonje-gora\u010di\u0107i_5-80x60.jpg) 0 0 no-repeat;\r\n                    }\r\n                    #tdi_1  .td-doubleSlider-2 .td-item4 {\r\n                        background: url(https:\/\/likemetkovic.hr\/portal\/wp-content\/uploads\/2016\/07\/po\u017ear-vidonje-gora\u010di\u0107i_6-80x60.jpg) 0 0 no-repeat;\r\n                    }\r\n                <\/style>\r\n\r\n                <div id=\"tdi_1\" class=\"td-gallery td-slide-on-2-columns\">\r\n                    <div class=\"post_td_gallery\">\r\n                        <div class=\"td-gallery-slide-top\">\r\n                           <div class=\"td-gallery-title\"><\/div>\r\n\r\n                            <div class=\"td-gallery-controls-wrapper\">\r\n                                <div class=\"td-gallery-slide-count\"><span class=\"td-gallery-slide-item-focus\">1<\/span> of 4<\/div>\r\n                                <div class=\"td-gallery-slide-prev-next-but\">\r\n                                    <i class = \"td-icon-left doubleSliderPrevButton\"><\/i>\r\n                                    <i class = \"td-icon-right doubleSliderNextButton\"><\/i>\r\n                                <\/div>\r\n                            <\/div>\r\n                        <\/div>\r\n\r\n                        <div class = \"td-doubleSlider-1 \">\r\n                            <div class = \"td-slider\">\r\n                                \r\n                    <div class = \"td-slide-item td-item1\">\r\n                        <figure class=\"td-slide-galery-figure td-slide-popup-gallery\">\r\n                            <a class=\"slide-gallery-image-link\" href=\"https:\/\/likemetkovic.hr\/portal\/wp-content\/uploads\/2016\/07\/po\u017ear-vidonje-gora\u010di\u0107i_2.jpg\" title=\"po\u017ear vidonje gora\u010di\u0107i_2\"  data-caption=\"\"  data-description=\"\">\r\n                                <img decoding=\"async\" src=\"https:\/\/likemetkovic.hr\/portal\/wp-content\/uploads\/2016\/07\/po\u017ear-vidonje-gora\u010di\u0107i_2-422x420.jpg\" srcset=\"https:\/\/likemetkovic.hr\/portal\/wp-content\/uploads\/2016\/07\/po\u017ear-vidonje-gora\u010di\u0107i_2-422x420.jpg 422w, https:\/\/likemetkovic.hr\/portal\/wp-content\/uploads\/2016\/07\/po\u017ear-vidonje-gora\u010di\u0107i_2-150x150.jpg 150w, https:\/\/likemetkovic.hr\/portal\/wp-content\/uploads\/2016\/07\/po\u017ear-vidonje-gora\u010di\u0107i_2-300x300.jpg 300w, https:\/\/likemetkovic.hr\/portal\/wp-content\/uploads\/2016\/07\/po\u017ear-vidonje-gora\u010di\u0107i_2-640x637.jpg 640w, https:\/\/likemetkovic.hr\/portal\/wp-content\/uploads\/2016\/07\/po\u017ear-vidonje-gora\u010di\u0107i_2-696x693.jpg 696w, https:\/\/likemetkovic.hr\/portal\/wp-content\/uploads\/2016\/07\/po\u017ear-vidonje-gora\u010di\u0107i_2.jpg 747w\" sizes=\"(max-width: 422px) 100vw, 422px\" alt=\"\">\r\n                            <\/a>\r\n                            \r\n                        <\/figure>\r\n                    <\/div>\r\n                    <div class = \"td-slide-item td-item2\">\r\n                        <figure class=\"td-slide-galery-figure td-slide-popup-gallery\">\r\n                            <a class=\"slide-gallery-image-link\" href=\"https:\/\/likemetkovic.hr\/portal\/wp-content\/uploads\/2016\/07\/po\u017ear-vidonje-gora\u010di\u0107i_4.jpg\" title=\"po\u017ear vidonje gora\u010di\u0107i_4\"  data-caption=\"\"  data-description=\"\">\r\n                                <img decoding=\"async\" src=\"https:\/\/likemetkovic.hr\/portal\/wp-content\/uploads\/2016\/07\/po\u017ear-vidonje-gora\u010di\u0107i_4-539x420.jpg\" srcset=\"https:\/\/likemetkovic.hr\/portal\/wp-content\/uploads\/2016\/07\/po\u017ear-vidonje-gora\u010di\u0107i_4-539x420.jpg 539w, https:\/\/likemetkovic.hr\/portal\/wp-content\/uploads\/2016\/07\/po\u017ear-vidonje-gora\u010di\u0107i_4-300x234.jpg 300w, https:\/\/likemetkovic.hr\/portal\/wp-content\/uploads\/2016\/07\/po\u017ear-vidonje-gora\u010di\u0107i_4-768x598.jpg 768w, https:\/\/likemetkovic.hr\/portal\/wp-content\/uploads\/2016\/07\/po\u017ear-vidonje-gora\u010di\u0107i_4-640x499.jpg 640w, https:\/\/likemetkovic.hr\/portal\/wp-content\/uploads\/2016\/07\/po\u017ear-vidonje-gora\u010di\u0107i_4-696x542.jpg 696w, https:\/\/likemetkovic.hr\/portal\/wp-content\/uploads\/2016\/07\/po\u017ear-vidonje-gora\u010di\u0107i_4.jpg 770w\" sizes=\"(max-width: 539px) 100vw, 539px\" alt=\"\">\r\n                            <\/a>\r\n                            \r\n                        <\/figure>\r\n                    <\/div>\r\n                    <div class = \"td-slide-item td-item3\">\r\n                        <figure class=\"td-slide-galery-figure td-slide-popup-gallery\">\r\n                            <a class=\"slide-gallery-image-link\" href=\"https:\/\/likemetkovic.hr\/portal\/wp-content\/uploads\/2016\/07\/po\u017ear-vidonje-gora\u010di\u0107i_5.jpg\" title=\"po\u017ear vidonje gora\u010di\u0107i_5\"  data-caption=\"\"  data-description=\"\">\r\n                                <img decoding=\"async\" src=\"https:\/\/likemetkovic.hr\/portal\/wp-content\/uploads\/2016\/07\/po\u017ear-vidonje-gora\u010di\u0107i_5-474x420.jpg\" srcset=\"https:\/\/likemetkovic.hr\/portal\/wp-content\/uploads\/2016\/07\/po\u017ear-vidonje-gora\u010di\u0107i_5-474x420.jpg 474w, https:\/\/likemetkovic.hr\/portal\/wp-content\/uploads\/2016\/07\/po\u017ear-vidonje-gora\u010di\u0107i_5-300x266.jpg 300w, https:\/\/likemetkovic.hr\/portal\/wp-content\/uploads\/2016\/07\/po\u017ear-vidonje-gora\u010di\u0107i_5-640x567.jpg 640w, https:\/\/likemetkovic.hr\/portal\/wp-content\/uploads\/2016\/07\/po\u017ear-vidonje-gora\u010di\u0107i_5-696x617.jpg 696w, https:\/\/likemetkovic.hr\/portal\/wp-content\/uploads\/2016\/07\/po\u017ear-vidonje-gora\u010di\u0107i_5.jpg 747w\" sizes=\"(max-width: 474px) 100vw, 474px\" alt=\"\">\r\n                            <\/a>\r\n                            \r\n                        <\/figure>\r\n                    <\/div>\r\n                    <div class = \"td-slide-item td-item4\">\r\n                        <figure class=\"td-slide-galery-figure td-slide-popup-gallery\">\r\n                            <a class=\"slide-gallery-image-link\" href=\"https:\/\/likemetkovic.hr\/portal\/wp-content\/uploads\/2016\/07\/po\u017ear-vidonje-gora\u010di\u0107i_6.jpg\" title=\"po\u017ear vidonje gora\u010di\u0107i_6\"  data-caption=\"\"  data-description=\"\">\r\n                                <img decoding=\"async\" src=\"https:\/\/likemetkovic.hr\/portal\/wp-content\/uploads\/2016\/07\/po\u017ear-vidonje-gora\u010di\u0107i_6-747x420.jpg\" srcset=\"https:\/\/likemetkovic.hr\/portal\/wp-content\/uploads\/2016\/07\/po\u017ear-vidonje-gora\u010di\u0107i_6-747x420.jpg 747w, https:\/\/likemetkovic.hr\/portal\/wp-content\/uploads\/2016\/07\/po\u017ear-vidonje-gora\u010di\u0107i_6-300x169.jpg 300w, https:\/\/likemetkovic.hr\/portal\/wp-content\/uploads\/2016\/07\/po\u017ear-vidonje-gora\u010di\u0107i_6-768x432.jpg 768w, https:\/\/likemetkovic.hr\/portal\/wp-content\/uploads\/2016\/07\/po\u017ear-vidonje-gora\u010di\u0107i_6-640x360.jpg 640w, https:\/\/likemetkovic.hr\/portal\/wp-content\/uploads\/2016\/07\/po\u017ear-vidonje-gora\u010di\u0107i_6-696x391.jpg 696w, https:\/\/likemetkovic.hr\/portal\/wp-content\/uploads\/2016\/07\/po\u017ear-vidonje-gora\u010di\u0107i_6.jpg 1067w\" sizes=\"(max-width: 747px) 100vw, 747px\" alt=\"\">\r\n                            <\/a>\r\n                            \r\n                        <\/figure>\r\n                    <\/div>\r\n                            <\/div>\r\n                        <\/div>\r\n\r\n                        <div class = \"td-doubleSlider-2\">\r\n                            <div class = \"td-slider\">\r\n                                \r\n                    <div class = \"td-button td-item1\">\r\n                        <div class = \"td-border\"><\/div>\r\n                    <\/div>\r\n                    <div class = \"td-button td-item2\">\r\n                        <div class = \"td-border\"><\/div>\r\n                    <\/div>\r\n                    <div class = \"td-button td-item3\">\r\n                        <div class = \"td-border\"><\/div>\r\n                    <\/div>\r\n                    <div class = \"td-button td-item4\">\r\n                        <div class = \"td-border\"><\/div>\r\n                    <\/div>\r\n                            <\/div>\r\n                        <\/div>\r\n\r\n                    <\/div>\r\n\r\n                <\/div>\r\n                \n","protected":false},"excerpt":{"rendered":"<p>Danas oko 12 sati Jvp Metkovi\u0107 dobio dojavu o po\u017earu otvorenog prostora u Vidonjama-Gora\u010di\u0107ima. Po\u017ear lokaliziran oko 14:45 sati, a uga\u0111\u0161en oko 15:15 sati. Izgorilo oko 8 hektara niskog raslinja. U ga\u0161enju sudjelovalo \u0161est vatrogasaca, tri vozila iz Jvp Metkovi\u0107 i jedan kanader.<\/p>\n","protected":false},"author":7,"featured_media":23375,"comment_status":"open","ping_status":"open","sticky":false,"template":"","format":"standard","meta":{"footnotes":""},"categories":[283,11],"tags":[],"class_list":{"0":"post-23368","1":"post","2":"type-post","3":"status-publish","4":"format-standard","5":"has-post-thumbnail","7":"category-a","8":"category-metkovic-dolina"},"yoast_head":"<!-- This site is optimized with the Yoast SEO plugin v25.2 - https:\/\/yoast.com\/wordpress\/plugins\/seo\/ -->\n<title>Po\u017ear u Vidonjama - Gora\u010di\u0107ima - likemetkovic.hr<\/title>\n<meta name=\"robots\" content=\"index, follow, max-snippet:-1, max-image-preview:large, max-video-preview:-1\" \/>\n<link rel=\"canonical\" href=\"https:\/\/likemetkovic.hr\/pozar-vidonjama-goracicima\/\" \/>\n<meta property=\"og:locale\" content=\"hr_HR\" \/>\n<meta property=\"og:type\" content=\"article\" \/>\n<meta property=\"og:title\" content=\"Po\u017ear u Vidonjama - Gora\u010di\u0107ima - likemetkovic.hr\" \/>\n<meta property=\"og:description\" content=\"Danas oko 12 sati Jvp Metkovi\u0107 dobio dojavu o po\u017earu otvorenog prostora u Vidonjama-Gora\u010di\u0107ima. Po\u017ear lokaliziran oko 14:45 sati, a uga\u0111\u0161en oko 15:15 sati. Izgorilo oko 8 hektara niskog raslinja. U ga\u0161enju sudjelovalo \u0161est vatrogasaca, tri vozila iz Jvp Metkovi\u0107 i jedan kanader.\" \/>\n<meta property=\"og:url\" content=\"https:\/\/likemetkovic.hr\/pozar-vidonjama-goracicima\/\" \/>\n<meta property=\"og:site_name\" content=\"likemetkovic.hr\" \/>\n<meta property=\"article:publisher\" content=\"https:\/\/www.facebook.com\/likemetkovic.hr\/\" \/>\n<meta property=\"article:published_time\" content=\"2016-07-13T14:33:18+00:00\" \/>\n<meta property=\"article:modified_time\" content=\"2018-06-03T15:56:20+00:00\" \/>\n<meta property=\"og:image\" content=\"https:\/\/likemetkovic.hr\/wp-content\/uploads\/2016\/07\/po\u017ear-vidonje-gora\u010di\u0107i_naslov.jpg\" \/>\n\t<meta property=\"og:image:width\" content=\"809\" \/>\n\t<meta property=\"og:image:height\" content=\"600\" \/>\n\t<meta property=\"og:image:type\" content=\"image\/jpeg\" \/>\n<meta name=\"author\" content=\"LIKEmetkovic.hr\" \/>\n<meta name=\"twitter:card\" content=\"summary_large_image\" \/>\n<meta name=\"twitter:label1\" content=\"Napisao\/la\" \/>\n\t<meta name=\"twitter:data1\" content=\"LIKEmetkovic.hr\" \/>\n<script type=\"application\/ld+json\" class=\"yoast-schema-graph\">{\"@context\":\"https:\/\/schema.org\",\"@graph\":[{\"@type\":\"WebPage\",\"@id\":\"https:\/\/likemetkovic.hr\/pozar-vidonjama-goracicima\/\",\"url\":\"https:\/\/likemetkovic.hr\/pozar-vidonjama-goracicima\/\",\"name\":\"Po\u017ear u Vidonjama - Gora\u010di\u0107ima - likemetkovic.hr\",\"isPartOf\":{\"@id\":\"https:\/\/likemetkovic.hr\/#website\"},\"primaryImageOfPage\":{\"@id\":\"https:\/\/likemetkovic.hr\/pozar-vidonjama-goracicima\/#primaryimage\"},\"image\":{\"@id\":\"https:\/\/likemetkovic.hr\/pozar-vidonjama-goracicima\/#primaryimage\"},\"thumbnailUrl\":\"https:\/\/likemetkovic.hr\/portal\/wp-content\/uploads\/2016\/07\/po\u017ear-vidonje-gora\u010di\u0107i_naslov.jpg\",\"datePublished\":\"2016-07-13T14:33:18+00:00\",\"dateModified\":\"2018-06-03T15:56:20+00:00\",\"author\":{\"@id\":\"https:\/\/likemetkovic.hr\/#\/schema\/person\/a42711f3385a0e2be6f7e0443bfb28f0\"},\"breadcrumb\":{\"@id\":\"https:\/\/likemetkovic.hr\/pozar-vidonjama-goracicima\/#breadcrumb\"},\"inLanguage\":\"hr\",\"potentialAction\":[{\"@type\":\"ReadAction\",\"target\":[\"https:\/\/likemetkovic.hr\/pozar-vidonjama-goracicima\/\"]}]},{\"@type\":\"ImageObject\",\"inLanguage\":\"hr\",\"@id\":\"https:\/\/likemetkovic.hr\/pozar-vidonjama-goracicima\/#primaryimage\",\"url\":\"https:\/\/likemetkovic.hr\/portal\/wp-content\/uploads\/2016\/07\/po\u017ear-vidonje-gora\u010di\u0107i_naslov.jpg\",\"contentUrl\":\"https:\/\/likemetkovic.hr\/portal\/wp-content\/uploads\/2016\/07\/po\u017ear-vidonje-gora\u010di\u0107i_naslov.jpg\",\"width\":809,\"height\":600},{\"@type\":\"BreadcrumbList\",\"@id\":\"https:\/\/likemetkovic.hr\/pozar-vidonjama-goracicima\/#breadcrumb\",\"itemListElement\":[{\"@type\":\"ListItem\",\"position\":1,\"name\":\"Po\u010detna stranica\",\"item\":\"https:\/\/likemetkovic.hr\/portal\/\"},{\"@type\":\"ListItem\",\"position\":2,\"name\":\"Po\u017ear u Vidonjama &#8211; Gora\u010di\u0107ima\"}]},{\"@type\":\"WebSite\",\"@id\":\"https:\/\/likemetkovic.hr\/#website\",\"url\":\"https:\/\/likemetkovic.hr\/\",\"name\":\"likemetkovic.hr\",\"description\":\"Misli pozitivno... \u010ditaj LIKE\",\"potentialAction\":[{\"@type\":\"SearchAction\",\"target\":{\"@type\":\"EntryPoint\",\"urlTemplate\":\"https:\/\/likemetkovic.hr\/?s={search_term_string}\"},\"query-input\":{\"@type\":\"PropertyValueSpecification\",\"valueRequired\":true,\"valueName\":\"search_term_string\"}}],\"inLanguage\":\"hr\"},{\"@type\":\"Person\",\"@id\":\"https:\/\/likemetkovic.hr\/#\/schema\/person\/a42711f3385a0e2be6f7e0443bfb28f0\",\"name\":\"LIKEmetkovic.hr\",\"sameAs\":[\"http:\/\/likemetkovic.hr\"],\"url\":\"https:\/\/likemetkovic.hr\/portal\/author\/likemetkovic-hr\/\"}]}<\/script>\n<!-- \/ Yoast SEO plugin. -->","yoast_head_json":{"title":"Po\u017ear u Vidonjama - Gora\u010di\u0107ima - likemetkovic.hr","robots":{"index":"index","follow":"follow","max-snippet":"max-snippet:-1","max-image-preview":"max-image-preview:large","max-video-preview":"max-video-preview:-1"},"canonical":"https:\/\/likemetkovic.hr\/pozar-vidonjama-goracicima\/","og_locale":"hr_HR","og_type":"article","og_title":"Po\u017ear u Vidonjama - Gora\u010di\u0107ima - likemetkovic.hr","og_description":"Danas oko 12 sati Jvp Metkovi\u0107 dobio dojavu o po\u017earu otvorenog prostora u Vidonjama-Gora\u010di\u0107ima. Po\u017ear lokaliziran oko 14:45 sati, a uga\u0111\u0161en oko 15:15 sati. Izgorilo oko 8 hektara niskog raslinja. U ga\u0161enju sudjelovalo \u0161est vatrogasaca, tri vozila iz Jvp Metkovi\u0107 i jedan kanader.","og_url":"https:\/\/likemetkovic.hr\/pozar-vidonjama-goracicima\/","og_site_name":"likemetkovic.hr","article_publisher":"https:\/\/www.facebook.com\/likemetkovic.hr\/","article_published_time":"2016-07-13T14:33:18+00:00","article_modified_time":"2018-06-03T15:56:20+00:00","og_image":[{"width":809,"height":600,"url":"https:\/\/likemetkovic.hr\/wp-content\/uploads\/2016\/07\/po\u017ear-vidonje-gora\u010di\u0107i_naslov.jpg","type":"image\/jpeg"}],"author":"LIKEmetkovic.hr","twitter_card":"summary_large_image","twitter_misc":{"Napisao\/la":"LIKEmetkovic.hr"},"schema":{"@context":"https:\/\/schema.org","@graph":[{"@type":"WebPage","@id":"https:\/\/likemetkovic.hr\/pozar-vidonjama-goracicima\/","url":"https:\/\/likemetkovic.hr\/pozar-vidonjama-goracicima\/","name":"Po\u017ear u Vidonjama - Gora\u010di\u0107ima - likemetkovic.hr","isPartOf":{"@id":"https:\/\/likemetkovic.hr\/#website"},"primaryImageOfPage":{"@id":"https:\/\/likemetkovic.hr\/pozar-vidonjama-goracicima\/#primaryimage"},"image":{"@id":"https:\/\/likemetkovic.hr\/pozar-vidonjama-goracicima\/#primaryimage"},"thumbnailUrl":"https:\/\/likemetkovic.hr\/portal\/wp-content\/uploads\/2016\/07\/po\u017ear-vidonje-gora\u010di\u0107i_naslov.jpg","datePublished":"2016-07-13T14:33:18+00:00","dateModified":"2018-06-03T15:56:20+00:00","author":{"@id":"https:\/\/likemetkovic.hr\/#\/schema\/person\/a42711f3385a0e2be6f7e0443bfb28f0"},"breadcrumb":{"@id":"https:\/\/likemetkovic.hr\/pozar-vidonjama-goracicima\/#breadcrumb"},"inLanguage":"hr","potentialAction":[{"@type":"ReadAction","target":["https:\/\/likemetkovic.hr\/pozar-vidonjama-goracicima\/"]}]},{"@type":"ImageObject","inLanguage":"hr","@id":"https:\/\/likemetkovic.hr\/pozar-vidonjama-goracicima\/#primaryimage","url":"https:\/\/likemetkovic.hr\/portal\/wp-content\/uploads\/2016\/07\/po\u017ear-vidonje-gora\u010di\u0107i_naslov.jpg","contentUrl":"https:\/\/likemetkovic.hr\/portal\/wp-content\/uploads\/2016\/07\/po\u017ear-vidonje-gora\u010di\u0107i_naslov.jpg","width":809,"height":600},{"@type":"BreadcrumbList","@id":"https:\/\/likemetkovic.hr\/pozar-vidonjama-goracicima\/#breadcrumb","itemListElement":[{"@type":"ListItem","position":1,"name":"Po\u010detna stranica","item":"https:\/\/likemetkovic.hr\/portal\/"},{"@type":"ListItem","position":2,"name":"Po\u017ear u Vidonjama &#8211; Gora\u010di\u0107ima"}]},{"@type":"WebSite","@id":"https:\/\/likemetkovic.hr\/#website","url":"https:\/\/likemetkovic.hr\/","name":"likemetkovic.hr","description":"Misli pozitivno... \u010ditaj LIKE","potentialAction":[{"@type":"SearchAction","target":{"@type":"EntryPoint","urlTemplate":"https:\/\/likemetkovic.hr\/?s={search_term_string}"},"query-input":{"@type":"PropertyValueSpecification","valueRequired":true,"valueName":"search_term_string"}}],"inLanguage":"hr"},{"@type":"Person","@id":"https:\/\/likemetkovic.hr\/#\/schema\/person\/a42711f3385a0e2be6f7e0443bfb28f0","name":"LIKEmetkovic.hr","sameAs":["http:\/\/likemetkovic.hr"],"url":"https:\/\/likemetkovic.hr\/portal\/author\/likemetkovic-hr\/"}]}},"_links":{"self":[{"href":"https:\/\/likemetkovic.hr\/portal\/wp-json\/wp\/v2\/posts\/23368","targetHints":{"allow":["GET"]}}],"collection":[{"href":"https:\/\/likemetkovic.hr\/portal\/wp-json\/wp\/v2\/posts"}],"about":[{"href":"https:\/\/likemetkovic.hr\/portal\/wp-json\/wp\/v2\/types\/post"}],"author":[{"embeddable":true,"href":"https:\/\/likemetkovic.hr\/portal\/wp-json\/wp\/v2\/users\/7"}],"replies":[{"embeddable":true,"href":"https:\/\/likemetkovic.hr\/portal\/wp-json\/wp\/v2\/comments?post=23368"}],"version-history":[{"count":0,"href":"https:\/\/likemetkovic.hr\/portal\/wp-json\/wp\/v2\/posts\/23368\/revisions"}],"wp:featuredmedia":[{"embeddable":true,"href":"https:\/\/likemetkovic.hr\/portal\/wp-json\/wp\/v2\/media\/23375"}],"wp:attachment":[{"href":"https:\/\/likemetkovic.hr\/portal\/wp-json\/wp\/v2\/media?parent=23368"}],"wp:term":[{"taxonomy":"category","embeddable":true,"href":"https:\/\/likemetkovic.hr\/portal\/wp-json\/wp\/v2\/categories?post=23368"},{"taxonomy":"post_tag","embeddable":true,"href":"https:\/\/likemetkovic.hr\/portal\/wp-json\/wp\/v2\/tags?post=23368"}],"curies":[{"name":"wp","href":"https:\/\/api.w.org\/{rel}","templated":true}]}}