{"id":23441,"date":"2016-07-15T07:48:13","date_gmt":"2016-07-15T05:48:13","guid":{"rendered":"http:\/\/likemetkovic.hr\/?p=23441"},"modified":"2016-07-15T07:49:39","modified_gmt":"2016-07-15T05:49:39","slug":"rasvjeta-kosarkaskom-igralistu-spojena-javnu-rasvjetu","status":"publish","type":"post","link":"https:\/\/likemetkovic.hr\/portal\/rasvjeta-kosarkaskom-igralistu-spojena-javnu-rasvjetu\/","title":{"rendered":"Rasvjeta na ko\u0161arka\u0161kom igrali\u0161tu spojena na javnu rasvjetu"},"content":{"rendered":"<p>Do prije nekoliko dana je rasvjeta na ko\u0161arka\u0161kom igrali\u0161tu Gimnazije Metkovi\u0107\u00a0i\u0161la na tro\u0161ak same Gimnazije. Prema rije\u010dima Ante Zovke, predsjednika \u0160portske zajednice Grada Metkovi\u0107a, Grad Metkovi\u0107 je nedavno pokrenuo inicijativu da \u017dupanija dubrova\u010dko &#8211; neretvanska,\u00a0koja je\u00a0ima nadle\u017enost nad zgradom\u00a0Gimnazije, udijeli suglasnost da se rasvjeta na ko\u0161arka\u0161kom igrali\u0161tu prikop\u010da na javnu rasvjetu.<\/p>\n<p>Iz \u017dupanije dubrova\u010dko &#8211; neretvanske je stigao odgovor da se obrate Gimnaziji Metkovi\u0107. Ravnatelj Gimnazije Jozo Jurkovi\u0107 je tra\u017eio o\u010ditovanje \u0161kolskog vije\u0107a koje je pozitivno reagiralo i odnedavno je ugra\u0111enjem sklopke i timera spojena na javnu rasvjetu.<\/p>\n","protected":false},"excerpt":{"rendered":"<p>Do prije nekoliko dana je rasvjeta na ko\u0161arka\u0161kom igrali\u0161tu Gimnazije Metkovi\u0107\u00a0i\u0161la na tro\u0161ak same Gimnazije. Prema rije\u010dima Ante Zovke, predsjednika \u0160portske zajednice Grada Metkovi\u0107a, Grad Metkovi\u0107 je nedavno pokrenuo inicijativu da \u017dupanija dubrova\u010dko &#8211; neretvanska,\u00a0koja je\u00a0ima nadle\u017enost nad zgradom\u00a0Gimnazije, udijeli suglasnost da se rasvjeta na ko\u0161arka\u0161kom igrali\u0161tu prikop\u010da na javnu rasvjetu. Iz \u017dupanije dubrova\u010dko &#8211; [&hellip;]<\/p>\n","protected":false},"author":7,"featured_media":23442,"comment_status":"open","ping_status":"open","sticky":false,"template":"","format":"standard","meta":{"footnotes":""},"categories":[11],"tags":[],"class_list":{"0":"post-23441","1":"post","2":"type-post","3":"status-publish","4":"format-standard","5":"has-post-thumbnail","7":"category-metkovic-dolina"},"yoast_head":"<!-- This site is optimized with the Yoast SEO plugin v25.2 - https:\/\/yoast.com\/wordpress\/plugins\/seo\/ -->\n<title>Rasvjeta na ko\u0161arka\u0161kom igrali\u0161tu spojena na javnu rasvjetu - likemetkovic.hr<\/title>\n<meta name=\"robots\" content=\"index, follow, max-snippet:-1, max-image-preview:large, max-video-preview:-1\" \/>\n<link rel=\"canonical\" href=\"https:\/\/likemetkovic.hr\/rasvjeta-kosarkaskom-igralistu-spojena-javnu-rasvjetu\/\" \/>\n<meta property=\"og:locale\" content=\"hr_HR\" \/>\n<meta property=\"og:type\" content=\"article\" \/>\n<meta property=\"og:title\" content=\"Rasvjeta na ko\u0161arka\u0161kom igrali\u0161tu spojena na javnu rasvjetu - likemetkovic.hr\" \/>\n<meta property=\"og:description\" content=\"Do prije nekoliko dana je rasvjeta na ko\u0161arka\u0161kom igrali\u0161tu Gimnazije Metkovi\u0107\u00a0i\u0161la na tro\u0161ak same Gimnazije. Prema rije\u010dima Ante Zovke, predsjednika \u0160portske zajednice Grada Metkovi\u0107a, Grad Metkovi\u0107 je nedavno pokrenuo inicijativu da \u017dupanija dubrova\u010dko &#8211; neretvanska,\u00a0koja je\u00a0ima nadle\u017enost nad zgradom\u00a0Gimnazije, udijeli suglasnost da se rasvjeta na ko\u0161arka\u0161kom igrali\u0161tu prikop\u010da na javnu rasvjetu. Iz \u017dupanije dubrova\u010dko &#8211; [&hellip;]\" \/>\n<meta property=\"og:url\" content=\"https:\/\/likemetkovic.hr\/rasvjeta-kosarkaskom-igralistu-spojena-javnu-rasvjetu\/\" \/>\n<meta property=\"og:site_name\" content=\"likemetkovic.hr\" \/>\n<meta property=\"article:publisher\" content=\"https:\/\/www.facebook.com\/likemetkovic.hr\/\" \/>\n<meta property=\"article:published_time\" content=\"2016-07-15T05:48:13+00:00\" \/>\n<meta property=\"article:modified_time\" content=\"2016-07-15T05:49:39+00:00\" \/>\n<meta property=\"og:image\" content=\"https:\/\/likemetkovic.hr\/wp-content\/uploads\/2016\/07\/ko\u0161arka\u0161ko-igrali\u0161te.jpg\" \/>\n\t<meta property=\"og:image:width\" content=\"873\" \/>\n\t<meta property=\"og:image:height\" content=\"600\" \/>\n\t<meta property=\"og:image:type\" content=\"image\/jpeg\" \/>\n<meta name=\"author\" content=\"LIKEmetkovic.hr\" \/>\n<meta name=\"twitter:card\" content=\"summary_large_image\" \/>\n<meta name=\"twitter:label1\" content=\"Napisao\/la\" \/>\n\t<meta name=\"twitter:data1\" content=\"LIKEmetkovic.hr\" \/>\n\t<meta name=\"twitter:label2\" content=\"Procijenjeno vrijeme \u010ditanja\" \/>\n\t<meta name=\"twitter:data2\" content=\"1 minuta\" \/>\n<script type=\"application\/ld+json\" class=\"yoast-schema-graph\">{\"@context\":\"https:\/\/schema.org\",\"@graph\":[{\"@type\":\"WebPage\",\"@id\":\"https:\/\/likemetkovic.hr\/rasvjeta-kosarkaskom-igralistu-spojena-javnu-rasvjetu\/\",\"url\":\"https:\/\/likemetkovic.hr\/rasvjeta-kosarkaskom-igralistu-spojena-javnu-rasvjetu\/\",\"name\":\"Rasvjeta na ko\u0161arka\u0161kom igrali\u0161tu spojena na javnu rasvjetu - likemetkovic.hr\",\"isPartOf\":{\"@id\":\"https:\/\/likemetkovic.hr\/#website\"},\"primaryImageOfPage\":{\"@id\":\"https:\/\/likemetkovic.hr\/rasvjeta-kosarkaskom-igralistu-spojena-javnu-rasvjetu\/#primaryimage\"},\"image\":{\"@id\":\"https:\/\/likemetkovic.hr\/rasvjeta-kosarkaskom-igralistu-spojena-javnu-rasvjetu\/#primaryimage\"},\"thumbnailUrl\":\"https:\/\/likemetkovic.hr\/portal\/wp-content\/uploads\/2016\/07\/ko\u0161arka\u0161ko-igrali\u0161te.jpg\",\"datePublished\":\"2016-07-15T05:48:13+00:00\",\"dateModified\":\"2016-07-15T05:49:39+00:00\",\"author\":{\"@id\":\"https:\/\/likemetkovic.hr\/#\/schema\/person\/a42711f3385a0e2be6f7e0443bfb28f0\"},\"breadcrumb\":{\"@id\":\"https:\/\/likemetkovic.hr\/rasvjeta-kosarkaskom-igralistu-spojena-javnu-rasvjetu\/#breadcrumb\"},\"inLanguage\":\"hr\",\"potentialAction\":[{\"@type\":\"ReadAction\",\"target\":[\"https:\/\/likemetkovic.hr\/rasvjeta-kosarkaskom-igralistu-spojena-javnu-rasvjetu\/\"]}]},{\"@type\":\"ImageObject\",\"inLanguage\":\"hr\",\"@id\":\"https:\/\/likemetkovic.hr\/rasvjeta-kosarkaskom-igralistu-spojena-javnu-rasvjetu\/#primaryimage\",\"url\":\"https:\/\/likemetkovic.hr\/portal\/wp-content\/uploads\/2016\/07\/ko\u0161arka\u0161ko-igrali\u0161te.jpg\",\"contentUrl\":\"https:\/\/likemetkovic.hr\/portal\/wp-content\/uploads\/2016\/07\/ko\u0161arka\u0161ko-igrali\u0161te.jpg\",\"width\":873,\"height\":600},{\"@type\":\"BreadcrumbList\",\"@id\":\"https:\/\/likemetkovic.hr\/rasvjeta-kosarkaskom-igralistu-spojena-javnu-rasvjetu\/#breadcrumb\",\"itemListElement\":[{\"@type\":\"ListItem\",\"position\":1,\"name\":\"Po\u010detna stranica\",\"item\":\"https:\/\/likemetkovic.hr\/portal\/\"},{\"@type\":\"ListItem\",\"position\":2,\"name\":\"Rasvjeta na ko\u0161arka\u0161kom igrali\u0161tu spojena na javnu rasvjetu\"}]},{\"@type\":\"WebSite\",\"@id\":\"https:\/\/likemetkovic.hr\/#website\",\"url\":\"https:\/\/likemetkovic.hr\/\",\"name\":\"likemetkovic.hr\",\"description\":\"Misli pozitivno... \u010ditaj LIKE\",\"potentialAction\":[{\"@type\":\"SearchAction\",\"target\":{\"@type\":\"EntryPoint\",\"urlTemplate\":\"https:\/\/likemetkovic.hr\/?s={search_term_string}\"},\"query-input\":{\"@type\":\"PropertyValueSpecification\",\"valueRequired\":true,\"valueName\":\"search_term_string\"}}],\"inLanguage\":\"hr\"},{\"@type\":\"Person\",\"@id\":\"https:\/\/likemetkovic.hr\/#\/schema\/person\/a42711f3385a0e2be6f7e0443bfb28f0\",\"name\":\"LIKEmetkovic.hr\",\"sameAs\":[\"http:\/\/likemetkovic.hr\"],\"url\":\"https:\/\/likemetkovic.hr\/portal\/author\/likemetkovic-hr\/\"}]}<\/script>\n<!-- \/ Yoast SEO plugin. -->","yoast_head_json":{"title":"Rasvjeta na ko\u0161arka\u0161kom igrali\u0161tu spojena na javnu rasvjetu - likemetkovic.hr","robots":{"index":"index","follow":"follow","max-snippet":"max-snippet:-1","max-image-preview":"max-image-preview:large","max-video-preview":"max-video-preview:-1"},"canonical":"https:\/\/likemetkovic.hr\/rasvjeta-kosarkaskom-igralistu-spojena-javnu-rasvjetu\/","og_locale":"hr_HR","og_type":"article","og_title":"Rasvjeta na ko\u0161arka\u0161kom igrali\u0161tu spojena na javnu rasvjetu - likemetkovic.hr","og_description":"Do prije nekoliko dana je rasvjeta na ko\u0161arka\u0161kom igrali\u0161tu Gimnazije Metkovi\u0107\u00a0i\u0161la na tro\u0161ak same Gimnazije. Prema rije\u010dima Ante Zovke, predsjednika \u0160portske zajednice Grada Metkovi\u0107a, Grad Metkovi\u0107 je nedavno pokrenuo inicijativu da \u017dupanija dubrova\u010dko &#8211; neretvanska,\u00a0koja je\u00a0ima nadle\u017enost nad zgradom\u00a0Gimnazije, udijeli suglasnost da se rasvjeta na ko\u0161arka\u0161kom igrali\u0161tu prikop\u010da na javnu rasvjetu. Iz \u017dupanije dubrova\u010dko &#8211; [&hellip;]","og_url":"https:\/\/likemetkovic.hr\/rasvjeta-kosarkaskom-igralistu-spojena-javnu-rasvjetu\/","og_site_name":"likemetkovic.hr","article_publisher":"https:\/\/www.facebook.com\/likemetkovic.hr\/","article_published_time":"2016-07-15T05:48:13+00:00","article_modified_time":"2016-07-15T05:49:39+00:00","og_image":[{"width":873,"height":600,"url":"https:\/\/likemetkovic.hr\/wp-content\/uploads\/2016\/07\/ko\u0161arka\u0161ko-igrali\u0161te.jpg","type":"image\/jpeg"}],"author":"LIKEmetkovic.hr","twitter_card":"summary_large_image","twitter_misc":{"Napisao\/la":"LIKEmetkovic.hr","Procijenjeno vrijeme \u010ditanja":"1 minuta"},"schema":{"@context":"https:\/\/schema.org","@graph":[{"@type":"WebPage","@id":"https:\/\/likemetkovic.hr\/rasvjeta-kosarkaskom-igralistu-spojena-javnu-rasvjetu\/","url":"https:\/\/likemetkovic.hr\/rasvjeta-kosarkaskom-igralistu-spojena-javnu-rasvjetu\/","name":"Rasvjeta na ko\u0161arka\u0161kom igrali\u0161tu spojena na javnu rasvjetu - likemetkovic.hr","isPartOf":{"@id":"https:\/\/likemetkovic.hr\/#website"},"primaryImageOfPage":{"@id":"https:\/\/likemetkovic.hr\/rasvjeta-kosarkaskom-igralistu-spojena-javnu-rasvjetu\/#primaryimage"},"image":{"@id":"https:\/\/likemetkovic.hr\/rasvjeta-kosarkaskom-igralistu-spojena-javnu-rasvjetu\/#primaryimage"},"thumbnailUrl":"https:\/\/likemetkovic.hr\/portal\/wp-content\/uploads\/2016\/07\/ko\u0161arka\u0161ko-igrali\u0161te.jpg","datePublished":"2016-07-15T05:48:13+00:00","dateModified":"2016-07-15T05:49:39+00:00","author":{"@id":"https:\/\/likemetkovic.hr\/#\/schema\/person\/a42711f3385a0e2be6f7e0443bfb28f0"},"breadcrumb":{"@id":"https:\/\/likemetkovic.hr\/rasvjeta-kosarkaskom-igralistu-spojena-javnu-rasvjetu\/#breadcrumb"},"inLanguage":"hr","potentialAction":[{"@type":"ReadAction","target":["https:\/\/likemetkovic.hr\/rasvjeta-kosarkaskom-igralistu-spojena-javnu-rasvjetu\/"]}]},{"@type":"ImageObject","inLanguage":"hr","@id":"https:\/\/likemetkovic.hr\/rasvjeta-kosarkaskom-igralistu-spojena-javnu-rasvjetu\/#primaryimage","url":"https:\/\/likemetkovic.hr\/portal\/wp-content\/uploads\/2016\/07\/ko\u0161arka\u0161ko-igrali\u0161te.jpg","contentUrl":"https:\/\/likemetkovic.hr\/portal\/wp-content\/uploads\/2016\/07\/ko\u0161arka\u0161ko-igrali\u0161te.jpg","width":873,"height":600},{"@type":"BreadcrumbList","@id":"https:\/\/likemetkovic.hr\/rasvjeta-kosarkaskom-igralistu-spojena-javnu-rasvjetu\/#breadcrumb","itemListElement":[{"@type":"ListItem","position":1,"name":"Po\u010detna stranica","item":"https:\/\/likemetkovic.hr\/portal\/"},{"@type":"ListItem","position":2,"name":"Rasvjeta na ko\u0161arka\u0161kom igrali\u0161tu spojena na javnu rasvjetu"}]},{"@type":"WebSite","@id":"https:\/\/likemetkovic.hr\/#website","url":"https:\/\/likemetkovic.hr\/","name":"likemetkovic.hr","description":"Misli pozitivno... \u010ditaj LIKE","potentialAction":[{"@type":"SearchAction","target":{"@type":"EntryPoint","urlTemplate":"https:\/\/likemetkovic.hr\/?s={search_term_string}"},"query-input":{"@type":"PropertyValueSpecification","valueRequired":true,"valueName":"search_term_string"}}],"inLanguage":"hr"},{"@type":"Person","@id":"https:\/\/likemetkovic.hr\/#\/schema\/person\/a42711f3385a0e2be6f7e0443bfb28f0","name":"LIKEmetkovic.hr","sameAs":["http:\/\/likemetkovic.hr"],"url":"https:\/\/likemetkovic.hr\/portal\/author\/likemetkovic-hr\/"}]}},"_links":{"self":[{"href":"https:\/\/likemetkovic.hr\/portal\/wp-json\/wp\/v2\/posts\/23441","targetHints":{"allow":["GET"]}}],"collection":[{"href":"https:\/\/likemetkovic.hr\/portal\/wp-json\/wp\/v2\/posts"}],"about":[{"href":"https:\/\/likemetkovic.hr\/portal\/wp-json\/wp\/v2\/types\/post"}],"author":[{"embeddable":true,"href":"https:\/\/likemetkovic.hr\/portal\/wp-json\/wp\/v2\/users\/7"}],"replies":[{"embeddable":true,"href":"https:\/\/likemetkovic.hr\/portal\/wp-json\/wp\/v2\/comments?post=23441"}],"version-history":[{"count":0,"href":"https:\/\/likemetkovic.hr\/portal\/wp-json\/wp\/v2\/posts\/23441\/revisions"}],"wp:featuredmedia":[{"embeddable":true,"href":"https:\/\/likemetkovic.hr\/portal\/wp-json\/wp\/v2\/media\/23442"}],"wp:attachment":[{"href":"https:\/\/likemetkovic.hr\/portal\/wp-json\/wp\/v2\/media?parent=23441"}],"wp:term":[{"taxonomy":"category","embeddable":true,"href":"https:\/\/likemetkovic.hr\/portal\/wp-json\/wp\/v2\/categories?post=23441"},{"taxonomy":"post_tag","embeddable":true,"href":"https:\/\/likemetkovic.hr\/portal\/wp-json\/wp\/v2\/tags?post=23441"}],"curies":[{"name":"wp","href":"https:\/\/api.w.org\/{rel}","templated":true}]}}