{"id":23477,"date":"2016-07-16T00:46:18","date_gmt":"2016-07-15T22:46:18","guid":{"rendered":"http:\/\/likemetkovic.hr\/?p=23477"},"modified":"2016-07-16T10:27:38","modified_gmt":"2016-07-16T08:27:38","slug":"konferencija-medije-uoci-proslave-130-godina-gradske-glazbe-metkovic","status":"publish","type":"post","link":"https:\/\/likemetkovic.hr\/portal\/konferencija-medije-uoci-proslave-130-godina-gradske-glazbe-metkovic\/","title":{"rendered":"Konferencija za medije uo\u010di proslave 130 godina Gradske glazbe Metkovi\u0107"},"content":{"rendered":"<p>Danas je u prostorijama Gradske glazbe Metkovi\u0107 odr\u017eana konferencija za medije na kojoj su predsjednik <strong>Pavo Jerkovi\u0107<\/strong>, kapelnik <strong>Stipan Krmi\u0107<\/strong>\u00a0i tajnik<strong> Igor Gabri\u0107<\/strong> predstavili program proslave 130 godina od osnutka metkovske Gradske glazbe.<\/p>\n<p>Predsjednik Gradske glazbe Metkovi\u0107 je istaknuo da se radi o najstarijoj instituciji u Gradu Metkovi\u0107u koja je osnovana\u00a0daleke 1886. godine.<\/p>\n<p>Na fe\u0161ti u nedjelju, nakon mimohoda, \u0107e se odr\u017eati koncert na kojem \u0107e osim metkovskih nastupiti\u00a0jo\u0161 i prijatelji\u00a0glazbari iz Opuzena, Komina, Zadra i Zatona.<\/p>\n<p>Predsjednik Jerkovi\u0107 je spomenuo i jo\u0161 jednu zanimljivost iz povijesti metkovske glazbe, a to je da je prvi nastup imala sedam godina nakon osnutka, 1893. godine, i to na otkrivanju spomenika Ivanu Gunduli\u0107u.<\/p>\n<p>Kapelnik Krmi\u0107 je rekao ne\u0161to vi\u0161e o programu koji po\u010dinje u 19 sati tijekom kojega \u0107e gostuju\u0107e glazbe nastupati u trajanju od petnaestak minuta, dok \u0107e, kako i prili\u010di doma\u0107ini nastupiti malo du\u017ee.<\/p>\n<p>Prema rije\u010dima kapelana Stipana program \u0107e biti \u0161arolik od pop i rock standarda do dalmatinskih melodija \u017eele\u0107i pri tome da se na\u0111e za svakoga po ne\u0161to.<\/p>\n<p>\u017dalosti \u010dinjenica \u0161to se iz \u017dupanije dubrova\u010dko &#8211; neretvanske nije nitko javio, pa ni \u010destitku poslao, spomenuo je predsjednik Jerkovi\u0107 dok je za Grad Metkovi\u0107 i njihovu potporu imao samo rije\u010di hvale.<\/p>\n<p>Predsjednik je istaknuo da ono \u0161to krasi ovu novu ekipu u Gradskoj glazbi je zajedni\u0161tvo svih generacija.<\/p>\n<p>Uo\u010di nedjeljnog koncerta biti \u0107e dodijeljena i priznanja u vidu zahvalnica za dugogodi\u0161nji rad.<\/p>\n<p>Nagrade \u0107e primiti <strong>Nikola Mostarac, Ivo Brljevi\u0107, Ivo Pavlovi\u0107 i Duje Miji\u0107<\/strong> koji su ujedno i najstariji \u017eivu\u0107i \u010dlanovi Gradske glazbe Metkovi\u0107.<\/p>\n\r\n                <style type=\"text\/css\">\r\n                    \r\n                    #tdi_1  .td-doubleSlider-2 .td-item1 {\r\n                        background: url(https:\/\/likemetkovic.hr\/portal\/wp-content\/uploads\/2016\/07\/20160715-untitled-4-80x60.jpg) 0 0 no-repeat;\r\n                    }\r\n                    #tdi_1  .td-doubleSlider-2 .td-item2 {\r\n                        background: url(https:\/\/likemetkovic.hr\/portal\/wp-content\/uploads\/2016\/07\/20160715-untitled-7-80x60.jpg) 0 0 no-repeat;\r\n                    }\r\n                    #tdi_1  .td-doubleSlider-2 .td-item3 {\r\n                        background: url(https:\/\/likemetkovic.hr\/portal\/wp-content\/uploads\/2016\/07\/20160715-untitled-11-80x60.jpg) 0 0 no-repeat;\r\n                    }\r\n                    #tdi_1  .td-doubleSlider-2 .td-item4 {\r\n                        background: url(https:\/\/likemetkovic.hr\/portal\/wp-content\/uploads\/2016\/07\/20160715-untitled-14-80x60.jpg) 0 0 no-repeat;\r\n                    }\r\n                <\/style>\r\n\r\n                <div id=\"tdi_1\" class=\"td-gallery td-slide-on-2-columns\">\r\n                    <div class=\"post_td_gallery\">\r\n                        <div class=\"td-gallery-slide-top\">\r\n                           <div class=\"td-gallery-title\"><\/div>\r\n\r\n                            <div class=\"td-gallery-controls-wrapper\">\r\n                                <div class=\"td-gallery-slide-count\"><span class=\"td-gallery-slide-item-focus\">1<\/span> of 4<\/div>\r\n                                <div class=\"td-gallery-slide-prev-next-but\">\r\n                                    <i class = \"td-icon-left doubleSliderPrevButton\"><\/i>\r\n                                    <i class = \"td-icon-right doubleSliderNextButton\"><\/i>\r\n                                <\/div>\r\n                            <\/div>\r\n                        <\/div>\r\n\r\n                        <div class = \"td-doubleSlider-1 \">\r\n                            <div class = \"td-slider\">\r\n                                \r\n                    <div class = \"td-slide-item td-item1\">\r\n                        <figure class=\"td-slide-galery-figure td-slide-popup-gallery\">\r\n                            <a class=\"slide-gallery-image-link\" href=\"https:\/\/likemetkovic.hr\/portal\/wp-content\/uploads\/2016\/07\/20160715-untitled-4.jpg\" title=\"20160715-untitled-4\"  data-caption=\"\"  data-description=\"\">\r\n                                <img decoding=\"async\" src=\"https:\/\/likemetkovic.hr\/portal\/wp-content\/uploads\/2016\/07\/20160715-untitled-4-420x420.jpg\" srcset=\"https:\/\/likemetkovic.hr\/portal\/wp-content\/uploads\/2016\/07\/20160715-untitled-4-420x420.jpg 420w, https:\/\/likemetkovic.hr\/portal\/wp-content\/uploads\/2016\/07\/20160715-untitled-4-150x150.jpg 150w, https:\/\/likemetkovic.hr\/portal\/wp-content\/uploads\/2016\/07\/20160715-untitled-4-300x300.jpg 300w, https:\/\/likemetkovic.hr\/portal\/wp-content\/uploads\/2016\/07\/20160715-untitled-4-768x768.jpg 768w, https:\/\/likemetkovic.hr\/portal\/wp-content\/uploads\/2016\/07\/20160715-untitled-4-640x640.jpg 640w, https:\/\/likemetkovic.hr\/portal\/wp-content\/uploads\/2016\/07\/20160715-untitled-4-696x696.jpg 696w, https:\/\/likemetkovic.hr\/portal\/wp-content\/uploads\/2016\/07\/20160715-untitled-4.jpg 900w\" sizes=\"(max-width: 420px) 100vw, 420px\" alt=\"\">\r\n                            <\/a>\r\n                            \r\n                        <\/figure>\r\n                    <\/div>\r\n                    <div class = \"td-slide-item td-item2\">\r\n                        <figure class=\"td-slide-galery-figure td-slide-popup-gallery\">\r\n                            <a class=\"slide-gallery-image-link\" href=\"https:\/\/likemetkovic.hr\/portal\/wp-content\/uploads\/2016\/07\/20160715-untitled-7.jpg\" title=\"20160715-untitled-7\"  data-caption=\"\"  data-description=\"\">\r\n                                <img decoding=\"async\" src=\"https:\/\/likemetkovic.hr\/portal\/wp-content\/uploads\/2016\/07\/20160715-untitled-7-630x420.jpg\" srcset=\"https:\/\/likemetkovic.hr\/portal\/wp-content\/uploads\/2016\/07\/20160715-untitled-7-630x420.jpg 630w, https:\/\/likemetkovic.hr\/portal\/wp-content\/uploads\/2016\/07\/20160715-untitled-7-300x200.jpg 300w, https:\/\/likemetkovic.hr\/portal\/wp-content\/uploads\/2016\/07\/20160715-untitled-7-768x512.jpg 768w, https:\/\/likemetkovic.hr\/portal\/wp-content\/uploads\/2016\/07\/20160715-untitled-7-640x427.jpg 640w, https:\/\/likemetkovic.hr\/portal\/wp-content\/uploads\/2016\/07\/20160715-untitled-7-696x464.jpg 696w, https:\/\/likemetkovic.hr\/portal\/wp-content\/uploads\/2016\/07\/20160715-untitled-7.jpg 900w\" sizes=\"(max-width: 630px) 100vw, 630px\" alt=\"\">\r\n                            <\/a>\r\n                            \r\n                        <\/figure>\r\n                    <\/div>\r\n                    <div class = \"td-slide-item td-item3\">\r\n                        <figure class=\"td-slide-galery-figure td-slide-popup-gallery\">\r\n                            <a class=\"slide-gallery-image-link\" href=\"https:\/\/likemetkovic.hr\/portal\/wp-content\/uploads\/2016\/07\/20160715-untitled-11.jpg\" title=\"20160715-untitled-11\"  data-caption=\"\"  data-description=\"\">\r\n                                <img decoding=\"async\" src=\"https:\/\/likemetkovic.hr\/portal\/wp-content\/uploads\/2016\/07\/20160715-untitled-11-630x420.jpg\" srcset=\"https:\/\/likemetkovic.hr\/portal\/wp-content\/uploads\/2016\/07\/20160715-untitled-11-630x420.jpg 630w, https:\/\/likemetkovic.hr\/portal\/wp-content\/uploads\/2016\/07\/20160715-untitled-11-300x200.jpg 300w, https:\/\/likemetkovic.hr\/portal\/wp-content\/uploads\/2016\/07\/20160715-untitled-11-768x512.jpg 768w, https:\/\/likemetkovic.hr\/portal\/wp-content\/uploads\/2016\/07\/20160715-untitled-11-640x427.jpg 640w, https:\/\/likemetkovic.hr\/portal\/wp-content\/uploads\/2016\/07\/20160715-untitled-11-696x464.jpg 696w, https:\/\/likemetkovic.hr\/portal\/wp-content\/uploads\/2016\/07\/20160715-untitled-11.jpg 900w\" sizes=\"(max-width: 630px) 100vw, 630px\" alt=\"\">\r\n                            <\/a>\r\n                            \r\n                        <\/figure>\r\n                    <\/div>\r\n                    <div class = \"td-slide-item td-item4\">\r\n                        <figure class=\"td-slide-galery-figure td-slide-popup-gallery\">\r\n                            <a class=\"slide-gallery-image-link\" href=\"https:\/\/likemetkovic.hr\/portal\/wp-content\/uploads\/2016\/07\/20160715-untitled-14.jpg\" title=\"20160715-untitled-14\"  data-caption=\"\"  data-description=\"\">\r\n                                <img decoding=\"async\" src=\"https:\/\/likemetkovic.hr\/portal\/wp-content\/uploads\/2016\/07\/20160715-untitled-14-630x420.jpg\" srcset=\"https:\/\/likemetkovic.hr\/portal\/wp-content\/uploads\/2016\/07\/20160715-untitled-14-630x420.jpg 630w, https:\/\/likemetkovic.hr\/portal\/wp-content\/uploads\/2016\/07\/20160715-untitled-14-300x200.jpg 300w, https:\/\/likemetkovic.hr\/portal\/wp-content\/uploads\/2016\/07\/20160715-untitled-14-768x512.jpg 768w, https:\/\/likemetkovic.hr\/portal\/wp-content\/uploads\/2016\/07\/20160715-untitled-14-640x427.jpg 640w, https:\/\/likemetkovic.hr\/portal\/wp-content\/uploads\/2016\/07\/20160715-untitled-14-696x464.jpg 696w, https:\/\/likemetkovic.hr\/portal\/wp-content\/uploads\/2016\/07\/20160715-untitled-14.jpg 900w\" sizes=\"(max-width: 630px) 100vw, 630px\" alt=\"\">\r\n                            <\/a>\r\n                            \r\n                        <\/figure>\r\n                    <\/div>\r\n                            <\/div>\r\n                        <\/div>\r\n\r\n                        <div class = \"td-doubleSlider-2\">\r\n                            <div class = \"td-slider\">\r\n                                \r\n                    <div class = \"td-button td-item1\">\r\n                        <div class = \"td-border\"><\/div>\r\n                    <\/div>\r\n                    <div class = \"td-button td-item2\">\r\n                        <div class = \"td-border\"><\/div>\r\n                    <\/div>\r\n                    <div class = \"td-button td-item3\">\r\n                        <div class = \"td-border\"><\/div>\r\n                    <\/div>\r\n                    <div class = \"td-button td-item4\">\r\n                        <div class = \"td-border\"><\/div>\r\n                    <\/div>\r\n                            <\/div>\r\n                        <\/div>\r\n\r\n                    <\/div>\r\n\r\n                <\/div>\r\n                \n","protected":false},"excerpt":{"rendered":"<p>Danas je u prostorijama Gradske glazbe Metkovi\u0107 odr\u017eana konferencija za medije na kojoj su predsjednik Pavo Jerkovi\u0107, kapelnik Stipan Krmi\u0107\u00a0i tajnik Igor Gabri\u0107 predstavili program proslave 130 godina od osnutka metkovske Gradske glazbe. Predsjednik Gradske glazbe Metkovi\u0107 je istaknuo da se radi o najstarijoj instituciji u Gradu Metkovi\u0107u koja je osnovana\u00a0daleke 1886. godine. Na fe\u0161ti [&hellip;]<\/p>\n","protected":false},"author":7,"featured_media":23480,"comment_status":"open","ping_status":"open","sticky":false,"template":"","format":"standard","meta":{"footnotes":""},"categories":[283,11],"tags":[],"class_list":{"0":"post-23477","1":"post","2":"type-post","3":"status-publish","4":"format-standard","5":"has-post-thumbnail","7":"category-a","8":"category-metkovic-dolina"},"yoast_head":"<!-- This site is optimized with the Yoast SEO plugin v25.2 - https:\/\/yoast.com\/wordpress\/plugins\/seo\/ -->\n<title>Konferencija za medije uo\u010di proslave 130 godina Gradske glazbe Metkovi\u0107 - likemetkovic.hr<\/title>\n<meta name=\"robots\" content=\"index, follow, max-snippet:-1, max-image-preview:large, max-video-preview:-1\" \/>\n<link rel=\"canonical\" href=\"https:\/\/likemetkovic.hr\/konferencija-medije-uoci-proslave-130-godina-gradske-glazbe-metkovic\/\" \/>\n<meta property=\"og:locale\" content=\"hr_HR\" \/>\n<meta property=\"og:type\" content=\"article\" \/>\n<meta property=\"og:title\" content=\"Konferencija za medije uo\u010di proslave 130 godina Gradske glazbe Metkovi\u0107 - likemetkovic.hr\" \/>\n<meta property=\"og:description\" content=\"Danas je u prostorijama Gradske glazbe Metkovi\u0107 odr\u017eana konferencija za medije na kojoj su predsjednik Pavo Jerkovi\u0107, kapelnik Stipan Krmi\u0107\u00a0i tajnik Igor Gabri\u0107 predstavili program proslave 130 godina od osnutka metkovske Gradske glazbe. Predsjednik Gradske glazbe Metkovi\u0107 je istaknuo da se radi o najstarijoj instituciji u Gradu Metkovi\u0107u koja je osnovana\u00a0daleke 1886. godine. Na fe\u0161ti [&hellip;]\" \/>\n<meta property=\"og:url\" content=\"https:\/\/likemetkovic.hr\/konferencija-medije-uoci-proslave-130-godina-gradske-glazbe-metkovic\/\" \/>\n<meta property=\"og:site_name\" content=\"likemetkovic.hr\" \/>\n<meta property=\"article:publisher\" content=\"https:\/\/www.facebook.com\/likemetkovic.hr\/\" \/>\n<meta property=\"article:published_time\" content=\"2016-07-15T22:46:18+00:00\" \/>\n<meta property=\"article:modified_time\" content=\"2016-07-16T08:27:38+00:00\" \/>\n<meta property=\"og:image\" content=\"https:\/\/likemetkovic.hr\/wp-content\/uploads\/2016\/07\/20160715-untitled-11.jpg\" \/>\n\t<meta property=\"og:image:width\" content=\"900\" \/>\n\t<meta property=\"og:image:height\" content=\"600\" \/>\n\t<meta property=\"og:image:type\" content=\"image\/jpeg\" \/>\n<meta name=\"author\" content=\"LIKEmetkovic.hr\" \/>\n<meta name=\"twitter:card\" content=\"summary_large_image\" \/>\n<meta name=\"twitter:label1\" content=\"Napisao\/la\" \/>\n\t<meta name=\"twitter:data1\" content=\"LIKEmetkovic.hr\" \/>\n\t<meta name=\"twitter:label2\" content=\"Procijenjeno vrijeme \u010ditanja\" \/>\n\t<meta name=\"twitter:data2\" content=\"1 minuta\" \/>\n<script type=\"application\/ld+json\" class=\"yoast-schema-graph\">{\"@context\":\"https:\/\/schema.org\",\"@graph\":[{\"@type\":\"WebPage\",\"@id\":\"https:\/\/likemetkovic.hr\/konferencija-medije-uoci-proslave-130-godina-gradske-glazbe-metkovic\/\",\"url\":\"https:\/\/likemetkovic.hr\/konferencija-medije-uoci-proslave-130-godina-gradske-glazbe-metkovic\/\",\"name\":\"Konferencija za medije uo\u010di proslave 130 godina Gradske glazbe Metkovi\u0107 - likemetkovic.hr\",\"isPartOf\":{\"@id\":\"https:\/\/likemetkovic.hr\/#website\"},\"primaryImageOfPage\":{\"@id\":\"https:\/\/likemetkovic.hr\/konferencija-medije-uoci-proslave-130-godina-gradske-glazbe-metkovic\/#primaryimage\"},\"image\":{\"@id\":\"https:\/\/likemetkovic.hr\/konferencija-medije-uoci-proslave-130-godina-gradske-glazbe-metkovic\/#primaryimage\"},\"thumbnailUrl\":\"https:\/\/likemetkovic.hr\/portal\/wp-content\/uploads\/2016\/07\/20160715-untitled-11.jpg\",\"datePublished\":\"2016-07-15T22:46:18+00:00\",\"dateModified\":\"2016-07-16T08:27:38+00:00\",\"author\":{\"@id\":\"https:\/\/likemetkovic.hr\/#\/schema\/person\/a42711f3385a0e2be6f7e0443bfb28f0\"},\"breadcrumb\":{\"@id\":\"https:\/\/likemetkovic.hr\/konferencija-medije-uoci-proslave-130-godina-gradske-glazbe-metkovic\/#breadcrumb\"},\"inLanguage\":\"hr\",\"potentialAction\":[{\"@type\":\"ReadAction\",\"target\":[\"https:\/\/likemetkovic.hr\/konferencija-medije-uoci-proslave-130-godina-gradske-glazbe-metkovic\/\"]}]},{\"@type\":\"ImageObject\",\"inLanguage\":\"hr\",\"@id\":\"https:\/\/likemetkovic.hr\/konferencija-medije-uoci-proslave-130-godina-gradske-glazbe-metkovic\/#primaryimage\",\"url\":\"https:\/\/likemetkovic.hr\/portal\/wp-content\/uploads\/2016\/07\/20160715-untitled-11.jpg\",\"contentUrl\":\"https:\/\/likemetkovic.hr\/portal\/wp-content\/uploads\/2016\/07\/20160715-untitled-11.jpg\",\"width\":900,\"height\":600},{\"@type\":\"BreadcrumbList\",\"@id\":\"https:\/\/likemetkovic.hr\/konferencija-medije-uoci-proslave-130-godina-gradske-glazbe-metkovic\/#breadcrumb\",\"itemListElement\":[{\"@type\":\"ListItem\",\"position\":1,\"name\":\"Po\u010detna stranica\",\"item\":\"https:\/\/likemetkovic.hr\/portal\/\"},{\"@type\":\"ListItem\",\"position\":2,\"name\":\"Konferencija za medije uo\u010di proslave 130 godina Gradske glazbe Metkovi\u0107\"}]},{\"@type\":\"WebSite\",\"@id\":\"https:\/\/likemetkovic.hr\/#website\",\"url\":\"https:\/\/likemetkovic.hr\/\",\"name\":\"likemetkovic.hr\",\"description\":\"Misli pozitivno... \u010ditaj LIKE\",\"potentialAction\":[{\"@type\":\"SearchAction\",\"target\":{\"@type\":\"EntryPoint\",\"urlTemplate\":\"https:\/\/likemetkovic.hr\/?s={search_term_string}\"},\"query-input\":{\"@type\":\"PropertyValueSpecification\",\"valueRequired\":true,\"valueName\":\"search_term_string\"}}],\"inLanguage\":\"hr\"},{\"@type\":\"Person\",\"@id\":\"https:\/\/likemetkovic.hr\/#\/schema\/person\/a42711f3385a0e2be6f7e0443bfb28f0\",\"name\":\"LIKEmetkovic.hr\",\"sameAs\":[\"http:\/\/likemetkovic.hr\"],\"url\":\"https:\/\/likemetkovic.hr\/portal\/author\/likemetkovic-hr\/\"}]}<\/script>\n<!-- \/ Yoast SEO plugin. -->","yoast_head_json":{"title":"Konferencija za medije uo\u010di proslave 130 godina Gradske glazbe Metkovi\u0107 - likemetkovic.hr","robots":{"index":"index","follow":"follow","max-snippet":"max-snippet:-1","max-image-preview":"max-image-preview:large","max-video-preview":"max-video-preview:-1"},"canonical":"https:\/\/likemetkovic.hr\/konferencija-medije-uoci-proslave-130-godina-gradske-glazbe-metkovic\/","og_locale":"hr_HR","og_type":"article","og_title":"Konferencija za medije uo\u010di proslave 130 godina Gradske glazbe Metkovi\u0107 - likemetkovic.hr","og_description":"Danas je u prostorijama Gradske glazbe Metkovi\u0107 odr\u017eana konferencija za medije na kojoj su predsjednik Pavo Jerkovi\u0107, kapelnik Stipan Krmi\u0107\u00a0i tajnik Igor Gabri\u0107 predstavili program proslave 130 godina od osnutka metkovske Gradske glazbe. Predsjednik Gradske glazbe Metkovi\u0107 je istaknuo da se radi o najstarijoj instituciji u Gradu Metkovi\u0107u koja je osnovana\u00a0daleke 1886. godine. Na fe\u0161ti [&hellip;]","og_url":"https:\/\/likemetkovic.hr\/konferencija-medije-uoci-proslave-130-godina-gradske-glazbe-metkovic\/","og_site_name":"likemetkovic.hr","article_publisher":"https:\/\/www.facebook.com\/likemetkovic.hr\/","article_published_time":"2016-07-15T22:46:18+00:00","article_modified_time":"2016-07-16T08:27:38+00:00","og_image":[{"width":900,"height":600,"url":"https:\/\/likemetkovic.hr\/wp-content\/uploads\/2016\/07\/20160715-untitled-11.jpg","type":"image\/jpeg"}],"author":"LIKEmetkovic.hr","twitter_card":"summary_large_image","twitter_misc":{"Napisao\/la":"LIKEmetkovic.hr","Procijenjeno vrijeme \u010ditanja":"1 minuta"},"schema":{"@context":"https:\/\/schema.org","@graph":[{"@type":"WebPage","@id":"https:\/\/likemetkovic.hr\/konferencija-medije-uoci-proslave-130-godina-gradske-glazbe-metkovic\/","url":"https:\/\/likemetkovic.hr\/konferencija-medije-uoci-proslave-130-godina-gradske-glazbe-metkovic\/","name":"Konferencija za medije uo\u010di proslave 130 godina Gradske glazbe Metkovi\u0107 - likemetkovic.hr","isPartOf":{"@id":"https:\/\/likemetkovic.hr\/#website"},"primaryImageOfPage":{"@id":"https:\/\/likemetkovic.hr\/konferencija-medije-uoci-proslave-130-godina-gradske-glazbe-metkovic\/#primaryimage"},"image":{"@id":"https:\/\/likemetkovic.hr\/konferencija-medije-uoci-proslave-130-godina-gradske-glazbe-metkovic\/#primaryimage"},"thumbnailUrl":"https:\/\/likemetkovic.hr\/portal\/wp-content\/uploads\/2016\/07\/20160715-untitled-11.jpg","datePublished":"2016-07-15T22:46:18+00:00","dateModified":"2016-07-16T08:27:38+00:00","author":{"@id":"https:\/\/likemetkovic.hr\/#\/schema\/person\/a42711f3385a0e2be6f7e0443bfb28f0"},"breadcrumb":{"@id":"https:\/\/likemetkovic.hr\/konferencija-medije-uoci-proslave-130-godina-gradske-glazbe-metkovic\/#breadcrumb"},"inLanguage":"hr","potentialAction":[{"@type":"ReadAction","target":["https:\/\/likemetkovic.hr\/konferencija-medije-uoci-proslave-130-godina-gradske-glazbe-metkovic\/"]}]},{"@type":"ImageObject","inLanguage":"hr","@id":"https:\/\/likemetkovic.hr\/konferencija-medije-uoci-proslave-130-godina-gradske-glazbe-metkovic\/#primaryimage","url":"https:\/\/likemetkovic.hr\/portal\/wp-content\/uploads\/2016\/07\/20160715-untitled-11.jpg","contentUrl":"https:\/\/likemetkovic.hr\/portal\/wp-content\/uploads\/2016\/07\/20160715-untitled-11.jpg","width":900,"height":600},{"@type":"BreadcrumbList","@id":"https:\/\/likemetkovic.hr\/konferencija-medije-uoci-proslave-130-godina-gradske-glazbe-metkovic\/#breadcrumb","itemListElement":[{"@type":"ListItem","position":1,"name":"Po\u010detna stranica","item":"https:\/\/likemetkovic.hr\/portal\/"},{"@type":"ListItem","position":2,"name":"Konferencija za medije uo\u010di proslave 130 godina Gradske glazbe Metkovi\u0107"}]},{"@type":"WebSite","@id":"https:\/\/likemetkovic.hr\/#website","url":"https:\/\/likemetkovic.hr\/","name":"likemetkovic.hr","description":"Misli pozitivno... \u010ditaj LIKE","potentialAction":[{"@type":"SearchAction","target":{"@type":"EntryPoint","urlTemplate":"https:\/\/likemetkovic.hr\/?s={search_term_string}"},"query-input":{"@type":"PropertyValueSpecification","valueRequired":true,"valueName":"search_term_string"}}],"inLanguage":"hr"},{"@type":"Person","@id":"https:\/\/likemetkovic.hr\/#\/schema\/person\/a42711f3385a0e2be6f7e0443bfb28f0","name":"LIKEmetkovic.hr","sameAs":["http:\/\/likemetkovic.hr"],"url":"https:\/\/likemetkovic.hr\/portal\/author\/likemetkovic-hr\/"}]}},"_links":{"self":[{"href":"https:\/\/likemetkovic.hr\/portal\/wp-json\/wp\/v2\/posts\/23477","targetHints":{"allow":["GET"]}}],"collection":[{"href":"https:\/\/likemetkovic.hr\/portal\/wp-json\/wp\/v2\/posts"}],"about":[{"href":"https:\/\/likemetkovic.hr\/portal\/wp-json\/wp\/v2\/types\/post"}],"author":[{"embeddable":true,"href":"https:\/\/likemetkovic.hr\/portal\/wp-json\/wp\/v2\/users\/7"}],"replies":[{"embeddable":true,"href":"https:\/\/likemetkovic.hr\/portal\/wp-json\/wp\/v2\/comments?post=23477"}],"version-history":[{"count":0,"href":"https:\/\/likemetkovic.hr\/portal\/wp-json\/wp\/v2\/posts\/23477\/revisions"}],"wp:featuredmedia":[{"embeddable":true,"href":"https:\/\/likemetkovic.hr\/portal\/wp-json\/wp\/v2\/media\/23480"}],"wp:attachment":[{"href":"https:\/\/likemetkovic.hr\/portal\/wp-json\/wp\/v2\/media?parent=23477"}],"wp:term":[{"taxonomy":"category","embeddable":true,"href":"https:\/\/likemetkovic.hr\/portal\/wp-json\/wp\/v2\/categories?post=23477"},{"taxonomy":"post_tag","embeddable":true,"href":"https:\/\/likemetkovic.hr\/portal\/wp-json\/wp\/v2\/tags?post=23477"}],"curies":[{"name":"wp","href":"https:\/\/api.w.org\/{rel}","templated":true}]}}