{"id":23521,"date":"2016-07-16T20:37:37","date_gmt":"2016-07-16T18:37:37","guid":{"rendered":"http:\/\/likemetkovic.hr\/?p=23521"},"modified":"2016-07-16T20:37:37","modified_gmt":"2016-07-16T18:37:37","slug":"foto-pozar-misline-lokaliziran-sada-ovisi-vjetru","status":"publish","type":"post","link":"https:\/\/likemetkovic.hr\/portal\/foto-pozar-misline-lokaliziran-sada-ovisi-vjetru\/","title":{"rendered":"FOTO Po\u017ear iznad Misline lokaliziran, sada sve ovisi o vjetru"},"content":{"rendered":"<p>Danas oko 18 sati vatrogasci\u00a0JVP Metkovi\u0107, JVP Plo\u010de, DVD Metkovi\u0107, DVD Kula Norinska, DVD Opuzen i DVD Slivno uz pomo\u0107 dva kanadera koji su gasili sve do oko 16:30 minuta uspjeli su lokalizitrati po\u017ear no\u0161en izme\u0111u Misline i Bad\u017eule.<\/p>\n<p>Trenutno sve ovisi o vjetru, koji mo\u017ee ve\u0107 ve\u010deras napraviti velike probleme i\u00a0ponovno aktivirati vatrenu buktinju.<\/p>\n<p>Na\u0161i vatrogasci su u svakom slu\u010daju spremni i na mjestu po\u017eara vatrogasci i dalje de\u017euraju i tako \u0107e biti cijelu no\u0107.<\/p>\n\r\n                <style type=\"text\/css\">\r\n                    \r\n                    #tdi_1  .td-doubleSlider-2 .td-item1 {\r\n                        background: url(https:\/\/likemetkovic.hr\/portal\/wp-content\/uploads\/2016\/07\/20160716_132446-80x60.jpg) 0 0 no-repeat;\r\n                    }\r\n                    #tdi_1  .td-doubleSlider-2 .td-item2 {\r\n                        background: url(https:\/\/likemetkovic.hr\/portal\/wp-content\/uploads\/2016\/07\/20160716_132454-80x60.jpg) 0 0 no-repeat;\r\n                    }\r\n                    #tdi_1  .td-doubleSlider-2 .td-item3 {\r\n                        background: url(https:\/\/likemetkovic.hr\/portal\/wp-content\/uploads\/2016\/07\/20160716_132903-80x60.jpg) 0 0 no-repeat;\r\n                    }\r\n                    #tdi_1  .td-doubleSlider-2 .td-item4 {\r\n                        background: url(https:\/\/likemetkovic.hr\/portal\/wp-content\/uploads\/2016\/07\/20160716_140230-80x60.jpg) 0 0 no-repeat;\r\n                    }\r\n                    #tdi_1  .td-doubleSlider-2 .td-item5 {\r\n                        background: url(https:\/\/likemetkovic.hr\/portal\/wp-content\/uploads\/2016\/07\/20160716_140739-80x60.jpg) 0 0 no-repeat;\r\n                    }\r\n                <\/style>\r\n\r\n                <div id=\"tdi_1\" class=\"td-gallery td-slide-on-2-columns\">\r\n                    <div class=\"post_td_gallery\">\r\n                        <div class=\"td-gallery-slide-top\">\r\n                           <div class=\"td-gallery-title\"><\/div>\r\n\r\n                            <div class=\"td-gallery-controls-wrapper\">\r\n                                <div class=\"td-gallery-slide-count\"><span class=\"td-gallery-slide-item-focus\">1<\/span> of 5<\/div>\r\n                                <div class=\"td-gallery-slide-prev-next-but\">\r\n                                    <i class = \"td-icon-left doubleSliderPrevButton\"><\/i>\r\n                                    <i class = \"td-icon-right doubleSliderNextButton\"><\/i>\r\n                                <\/div>\r\n                            <\/div>\r\n                        <\/div>\r\n\r\n                        <div class = \"td-doubleSlider-1 \">\r\n                            <div class = \"td-slider\">\r\n                                \r\n                    <div class = \"td-slide-item td-item1\">\r\n                        <figure class=\"td-slide-galery-figure td-slide-popup-gallery\">\r\n                            <a class=\"slide-gallery-image-link\" href=\"https:\/\/likemetkovic.hr\/portal\/wp-content\/uploads\/2016\/07\/20160716_132446.jpg\" title=\"Po\u017ear mislina\"  data-caption=\"\"  data-description=\"\">\r\n                                <img decoding=\"async\" src=\"https:\/\/likemetkovic.hr\/portal\/wp-content\/uploads\/2016\/07\/20160716_132446-560x420.jpg\" srcset=\"https:\/\/likemetkovic.hr\/portal\/wp-content\/uploads\/2016\/07\/20160716_132446-560x420.jpg 560w, https:\/\/likemetkovic.hr\/portal\/wp-content\/uploads\/2016\/07\/20160716_132446-300x225.jpg 300w, https:\/\/likemetkovic.hr\/portal\/wp-content\/uploads\/2016\/07\/20160716_132446-768x576.jpg 768w, https:\/\/likemetkovic.hr\/portal\/wp-content\/uploads\/2016\/07\/20160716_132446-640x480.jpg 640w, https:\/\/likemetkovic.hr\/portal\/wp-content\/uploads\/2016\/07\/20160716_132446-80x60.jpg 80w, https:\/\/likemetkovic.hr\/portal\/wp-content\/uploads\/2016\/07\/20160716_132446-265x198.jpg 265w, https:\/\/likemetkovic.hr\/portal\/wp-content\/uploads\/2016\/07\/20160716_132446-696x522.jpg 696w, https:\/\/likemetkovic.hr\/portal\/wp-content\/uploads\/2016\/07\/20160716_132446.jpg 800w\" sizes=\"(max-width: 560px) 100vw, 560px\" alt=\"\">\r\n                            <\/a>\r\n                            \r\n                        <\/figure>\r\n                    <\/div>\r\n                    <div class = \"td-slide-item td-item2\">\r\n                        <figure class=\"td-slide-galery-figure td-slide-popup-gallery\">\r\n                            <a class=\"slide-gallery-image-link\" href=\"https:\/\/likemetkovic.hr\/portal\/wp-content\/uploads\/2016\/07\/20160716_132454.jpg\" title=\"Po\u017ear mislina\"  data-caption=\"\"  data-description=\"\">\r\n                                <img decoding=\"async\" src=\"https:\/\/likemetkovic.hr\/portal\/wp-content\/uploads\/2016\/07\/20160716_132454-560x420.jpg\" srcset=\"https:\/\/likemetkovic.hr\/portal\/wp-content\/uploads\/2016\/07\/20160716_132454-560x420.jpg 560w, https:\/\/likemetkovic.hr\/portal\/wp-content\/uploads\/2016\/07\/20160716_132454-300x225.jpg 300w, https:\/\/likemetkovic.hr\/portal\/wp-content\/uploads\/2016\/07\/20160716_132454-768x576.jpg 768w, https:\/\/likemetkovic.hr\/portal\/wp-content\/uploads\/2016\/07\/20160716_132454-640x480.jpg 640w, https:\/\/likemetkovic.hr\/portal\/wp-content\/uploads\/2016\/07\/20160716_132454-80x60.jpg 80w, https:\/\/likemetkovic.hr\/portal\/wp-content\/uploads\/2016\/07\/20160716_132454-265x198.jpg 265w, https:\/\/likemetkovic.hr\/portal\/wp-content\/uploads\/2016\/07\/20160716_132454-696x522.jpg 696w, https:\/\/likemetkovic.hr\/portal\/wp-content\/uploads\/2016\/07\/20160716_132454.jpg 800w\" sizes=\"(max-width: 560px) 100vw, 560px\" alt=\"\">\r\n                            <\/a>\r\n                            \r\n                        <\/figure>\r\n                    <\/div>\r\n                    <div class = \"td-slide-item td-item3\">\r\n                        <figure class=\"td-slide-galery-figure td-slide-popup-gallery\">\r\n                            <a class=\"slide-gallery-image-link\" href=\"https:\/\/likemetkovic.hr\/portal\/wp-content\/uploads\/2016\/07\/20160716_132903.jpg\" title=\"Po\u017ear mislina\"  data-caption=\"\"  data-description=\"\">\r\n                                <img decoding=\"async\" src=\"https:\/\/likemetkovic.hr\/portal\/wp-content\/uploads\/2016\/07\/20160716_132903-560x420.jpg\" srcset=\"https:\/\/likemetkovic.hr\/portal\/wp-content\/uploads\/2016\/07\/20160716_132903-560x420.jpg 560w, https:\/\/likemetkovic.hr\/portal\/wp-content\/uploads\/2016\/07\/20160716_132903-300x225.jpg 300w, https:\/\/likemetkovic.hr\/portal\/wp-content\/uploads\/2016\/07\/20160716_132903-768x576.jpg 768w, https:\/\/likemetkovic.hr\/portal\/wp-content\/uploads\/2016\/07\/20160716_132903-640x480.jpg 640w, https:\/\/likemetkovic.hr\/portal\/wp-content\/uploads\/2016\/07\/20160716_132903-80x60.jpg 80w, https:\/\/likemetkovic.hr\/portal\/wp-content\/uploads\/2016\/07\/20160716_132903-265x198.jpg 265w, https:\/\/likemetkovic.hr\/portal\/wp-content\/uploads\/2016\/07\/20160716_132903-696x522.jpg 696w, https:\/\/likemetkovic.hr\/portal\/wp-content\/uploads\/2016\/07\/20160716_132903.jpg 800w\" sizes=\"(max-width: 560px) 100vw, 560px\" alt=\"\">\r\n                            <\/a>\r\n                            \r\n                        <\/figure>\r\n                    <\/div>\r\n                    <div class = \"td-slide-item td-item4\">\r\n                        <figure class=\"td-slide-galery-figure td-slide-popup-gallery\">\r\n                            <a class=\"slide-gallery-image-link\" href=\"https:\/\/likemetkovic.hr\/portal\/wp-content\/uploads\/2016\/07\/20160716_140230.jpg\" title=\"Po\u017ear mislina\"  data-caption=\"\"  data-description=\"\">\r\n                                <img decoding=\"async\" src=\"https:\/\/likemetkovic.hr\/portal\/wp-content\/uploads\/2016\/07\/20160716_140230-560x420.jpg\" srcset=\"https:\/\/likemetkovic.hr\/portal\/wp-content\/uploads\/2016\/07\/20160716_140230-560x420.jpg 560w, https:\/\/likemetkovic.hr\/portal\/wp-content\/uploads\/2016\/07\/20160716_140230-300x225.jpg 300w, https:\/\/likemetkovic.hr\/portal\/wp-content\/uploads\/2016\/07\/20160716_140230-768x576.jpg 768w, https:\/\/likemetkovic.hr\/portal\/wp-content\/uploads\/2016\/07\/20160716_140230-640x480.jpg 640w, https:\/\/likemetkovic.hr\/portal\/wp-content\/uploads\/2016\/07\/20160716_140230-80x60.jpg 80w, https:\/\/likemetkovic.hr\/portal\/wp-content\/uploads\/2016\/07\/20160716_140230-265x198.jpg 265w, https:\/\/likemetkovic.hr\/portal\/wp-content\/uploads\/2016\/07\/20160716_140230-696x522.jpg 696w, https:\/\/likemetkovic.hr\/portal\/wp-content\/uploads\/2016\/07\/20160716_140230.jpg 800w\" sizes=\"(max-width: 560px) 100vw, 560px\" alt=\"\">\r\n                            <\/a>\r\n                            \r\n                        <\/figure>\r\n                    <\/div>\r\n                    <div class = \"td-slide-item td-item5\">\r\n                        <figure class=\"td-slide-galery-figure td-slide-popup-gallery\">\r\n                            <a class=\"slide-gallery-image-link\" href=\"https:\/\/likemetkovic.hr\/portal\/wp-content\/uploads\/2016\/07\/20160716_140739.jpg\" title=\"Po\u017ear mislina\"  data-caption=\"\"  data-description=\"\">\r\n                                <img decoding=\"async\" src=\"https:\/\/likemetkovic.hr\/portal\/wp-content\/uploads\/2016\/07\/20160716_140739-560x420.jpg\" srcset=\"https:\/\/likemetkovic.hr\/portal\/wp-content\/uploads\/2016\/07\/20160716_140739-560x420.jpg 560w, https:\/\/likemetkovic.hr\/portal\/wp-content\/uploads\/2016\/07\/20160716_140739-300x225.jpg 300w, https:\/\/likemetkovic.hr\/portal\/wp-content\/uploads\/2016\/07\/20160716_140739-768x576.jpg 768w, https:\/\/likemetkovic.hr\/portal\/wp-content\/uploads\/2016\/07\/20160716_140739-640x480.jpg 640w, https:\/\/likemetkovic.hr\/portal\/wp-content\/uploads\/2016\/07\/20160716_140739-80x60.jpg 80w, https:\/\/likemetkovic.hr\/portal\/wp-content\/uploads\/2016\/07\/20160716_140739-265x198.jpg 265w, https:\/\/likemetkovic.hr\/portal\/wp-content\/uploads\/2016\/07\/20160716_140739-696x522.jpg 696w, https:\/\/likemetkovic.hr\/portal\/wp-content\/uploads\/2016\/07\/20160716_140739.jpg 800w\" sizes=\"(max-width: 560px) 100vw, 560px\" alt=\"\">\r\n                            <\/a>\r\n                            \r\n                        <\/figure>\r\n                    <\/div>\r\n                            <\/div>\r\n                        <\/div>\r\n\r\n                        <div class = \"td-doubleSlider-2\">\r\n                            <div class = \"td-slider\">\r\n                                \r\n                    <div class = \"td-button td-item1\">\r\n                        <div class = \"td-border\"><\/div>\r\n                    <\/div>\r\n                    <div class = \"td-button td-item2\">\r\n                        <div class = \"td-border\"><\/div>\r\n                    <\/div>\r\n                    <div class = \"td-button td-item3\">\r\n                        <div class = \"td-border\"><\/div>\r\n                    <\/div>\r\n                    <div class = \"td-button td-item4\">\r\n                        <div class = \"td-border\"><\/div>\r\n                    <\/div>\r\n                    <div class = \"td-button td-item5\">\r\n                        <div class = \"td-border\"><\/div>\r\n                    <\/div>\r\n                            <\/div>\r\n                        <\/div>\r\n\r\n                    <\/div>\r\n\r\n                <\/div>\r\n                \n","protected":false},"excerpt":{"rendered":"<p>Danas oko 18 sati vatrogasci\u00a0JVP Metkovi\u0107, JVP Plo\u010de, DVD Metkovi\u0107, DVD Kula Norinska, DVD Opuzen i DVD Slivno uz pomo\u0107 dva kanadera koji su gasili sve do oko 16:30 minuta uspjeli su lokalizitrati po\u017ear no\u0161en izme\u0111u Misline i Bad\u017eule. Trenutno sve ovisi o vjetru, koji mo\u017ee ve\u0107 ve\u010deras napraviti velike probleme i\u00a0ponovno aktivirati vatrenu buktinju. [&hellip;]<\/p>\n","protected":false},"author":7,"featured_media":23526,"comment_status":"open","ping_status":"open","sticky":false,"template":"","format":"standard","meta":{"footnotes":""},"categories":[283,11],"tags":[],"class_list":{"0":"post-23521","1":"post","2":"type-post","3":"status-publish","4":"format-standard","5":"has-post-thumbnail","7":"category-a","8":"category-metkovic-dolina"},"yoast_head":"<!-- This site is optimized with the Yoast SEO plugin v25.2 - https:\/\/yoast.com\/wordpress\/plugins\/seo\/ -->\n<title>FOTO Po\u017ear iznad Misline lokaliziran, sada sve ovisi o vjetru - likemetkovic.hr<\/title>\n<meta name=\"robots\" content=\"index, follow, max-snippet:-1, max-image-preview:large, max-video-preview:-1\" \/>\n<link rel=\"canonical\" href=\"https:\/\/likemetkovic.hr\/foto-pozar-misline-lokaliziran-sada-ovisi-vjetru\/\" \/>\n<meta property=\"og:locale\" content=\"hr_HR\" \/>\n<meta property=\"og:type\" content=\"article\" \/>\n<meta property=\"og:title\" content=\"FOTO Po\u017ear iznad Misline lokaliziran, sada sve ovisi o vjetru - likemetkovic.hr\" \/>\n<meta property=\"og:description\" content=\"Danas oko 18 sati vatrogasci\u00a0JVP Metkovi\u0107, JVP Plo\u010de, DVD Metkovi\u0107, DVD Kula Norinska, DVD Opuzen i DVD Slivno uz pomo\u0107 dva kanadera koji su gasili sve do oko 16:30 minuta uspjeli su lokalizitrati po\u017ear no\u0161en izme\u0111u Misline i Bad\u017eule. Trenutno sve ovisi o vjetru, koji mo\u017ee ve\u0107 ve\u010deras napraviti velike probleme i\u00a0ponovno aktivirati vatrenu buktinju. [&hellip;]\" \/>\n<meta property=\"og:url\" content=\"https:\/\/likemetkovic.hr\/foto-pozar-misline-lokaliziran-sada-ovisi-vjetru\/\" \/>\n<meta property=\"og:site_name\" content=\"likemetkovic.hr\" \/>\n<meta property=\"article:publisher\" content=\"https:\/\/www.facebook.com\/likemetkovic.hr\/\" \/>\n<meta property=\"article:published_time\" content=\"2016-07-16T18:37:37+00:00\" \/>\n<meta property=\"og:image\" content=\"https:\/\/likemetkovic.hr\/wp-content\/uploads\/2016\/07\/20160716_140739.jpg\" \/>\n\t<meta property=\"og:image:width\" content=\"800\" \/>\n\t<meta property=\"og:image:height\" content=\"600\" \/>\n\t<meta property=\"og:image:type\" content=\"image\/jpeg\" \/>\n<meta name=\"author\" content=\"LIKEmetkovic.hr\" \/>\n<meta name=\"twitter:card\" content=\"summary_large_image\" \/>\n<meta name=\"twitter:label1\" content=\"Napisao\/la\" \/>\n\t<meta name=\"twitter:data1\" content=\"LIKEmetkovic.hr\" \/>\n<script type=\"application\/ld+json\" class=\"yoast-schema-graph\">{\"@context\":\"https:\/\/schema.org\",\"@graph\":[{\"@type\":\"WebPage\",\"@id\":\"https:\/\/likemetkovic.hr\/foto-pozar-misline-lokaliziran-sada-ovisi-vjetru\/\",\"url\":\"https:\/\/likemetkovic.hr\/foto-pozar-misline-lokaliziran-sada-ovisi-vjetru\/\",\"name\":\"FOTO Po\u017ear iznad Misline lokaliziran, sada sve ovisi o vjetru - likemetkovic.hr\",\"isPartOf\":{\"@id\":\"https:\/\/likemetkovic.hr\/#website\"},\"primaryImageOfPage\":{\"@id\":\"https:\/\/likemetkovic.hr\/foto-pozar-misline-lokaliziran-sada-ovisi-vjetru\/#primaryimage\"},\"image\":{\"@id\":\"https:\/\/likemetkovic.hr\/foto-pozar-misline-lokaliziran-sada-ovisi-vjetru\/#primaryimage\"},\"thumbnailUrl\":\"https:\/\/likemetkovic.hr\/portal\/wp-content\/uploads\/2016\/07\/20160716_140739.jpg\",\"datePublished\":\"2016-07-16T18:37:37+00:00\",\"author\":{\"@id\":\"https:\/\/likemetkovic.hr\/#\/schema\/person\/a42711f3385a0e2be6f7e0443bfb28f0\"},\"breadcrumb\":{\"@id\":\"https:\/\/likemetkovic.hr\/foto-pozar-misline-lokaliziran-sada-ovisi-vjetru\/#breadcrumb\"},\"inLanguage\":\"hr\",\"potentialAction\":[{\"@type\":\"ReadAction\",\"target\":[\"https:\/\/likemetkovic.hr\/foto-pozar-misline-lokaliziran-sada-ovisi-vjetru\/\"]}]},{\"@type\":\"ImageObject\",\"inLanguage\":\"hr\",\"@id\":\"https:\/\/likemetkovic.hr\/foto-pozar-misline-lokaliziran-sada-ovisi-vjetru\/#primaryimage\",\"url\":\"https:\/\/likemetkovic.hr\/portal\/wp-content\/uploads\/2016\/07\/20160716_140739.jpg\",\"contentUrl\":\"https:\/\/likemetkovic.hr\/portal\/wp-content\/uploads\/2016\/07\/20160716_140739.jpg\",\"width\":800,\"height\":600},{\"@type\":\"BreadcrumbList\",\"@id\":\"https:\/\/likemetkovic.hr\/foto-pozar-misline-lokaliziran-sada-ovisi-vjetru\/#breadcrumb\",\"itemListElement\":[{\"@type\":\"ListItem\",\"position\":1,\"name\":\"Po\u010detna stranica\",\"item\":\"https:\/\/likemetkovic.hr\/portal\/\"},{\"@type\":\"ListItem\",\"position\":2,\"name\":\"FOTO Po\u017ear iznad Misline lokaliziran, sada sve ovisi o vjetru\"}]},{\"@type\":\"WebSite\",\"@id\":\"https:\/\/likemetkovic.hr\/#website\",\"url\":\"https:\/\/likemetkovic.hr\/\",\"name\":\"likemetkovic.hr\",\"description\":\"Misli pozitivno... \u010ditaj LIKE\",\"potentialAction\":[{\"@type\":\"SearchAction\",\"target\":{\"@type\":\"EntryPoint\",\"urlTemplate\":\"https:\/\/likemetkovic.hr\/?s={search_term_string}\"},\"query-input\":{\"@type\":\"PropertyValueSpecification\",\"valueRequired\":true,\"valueName\":\"search_term_string\"}}],\"inLanguage\":\"hr\"},{\"@type\":\"Person\",\"@id\":\"https:\/\/likemetkovic.hr\/#\/schema\/person\/a42711f3385a0e2be6f7e0443bfb28f0\",\"name\":\"LIKEmetkovic.hr\",\"sameAs\":[\"http:\/\/likemetkovic.hr\"],\"url\":\"https:\/\/likemetkovic.hr\/portal\/author\/likemetkovic-hr\/\"}]}<\/script>\n<!-- \/ Yoast SEO plugin. -->","yoast_head_json":{"title":"FOTO Po\u017ear iznad Misline lokaliziran, sada sve ovisi o vjetru - likemetkovic.hr","robots":{"index":"index","follow":"follow","max-snippet":"max-snippet:-1","max-image-preview":"max-image-preview:large","max-video-preview":"max-video-preview:-1"},"canonical":"https:\/\/likemetkovic.hr\/foto-pozar-misline-lokaliziran-sada-ovisi-vjetru\/","og_locale":"hr_HR","og_type":"article","og_title":"FOTO Po\u017ear iznad Misline lokaliziran, sada sve ovisi o vjetru - likemetkovic.hr","og_description":"Danas oko 18 sati vatrogasci\u00a0JVP Metkovi\u0107, JVP Plo\u010de, DVD Metkovi\u0107, DVD Kula Norinska, DVD Opuzen i DVD Slivno uz pomo\u0107 dva kanadera koji su gasili sve do oko 16:30 minuta uspjeli su lokalizitrati po\u017ear no\u0161en izme\u0111u Misline i Bad\u017eule. Trenutno sve ovisi o vjetru, koji mo\u017ee ve\u0107 ve\u010deras napraviti velike probleme i\u00a0ponovno aktivirati vatrenu buktinju. [&hellip;]","og_url":"https:\/\/likemetkovic.hr\/foto-pozar-misline-lokaliziran-sada-ovisi-vjetru\/","og_site_name":"likemetkovic.hr","article_publisher":"https:\/\/www.facebook.com\/likemetkovic.hr\/","article_published_time":"2016-07-16T18:37:37+00:00","og_image":[{"width":800,"height":600,"url":"https:\/\/likemetkovic.hr\/wp-content\/uploads\/2016\/07\/20160716_140739.jpg","type":"image\/jpeg"}],"author":"LIKEmetkovic.hr","twitter_card":"summary_large_image","twitter_misc":{"Napisao\/la":"LIKEmetkovic.hr"},"schema":{"@context":"https:\/\/schema.org","@graph":[{"@type":"WebPage","@id":"https:\/\/likemetkovic.hr\/foto-pozar-misline-lokaliziran-sada-ovisi-vjetru\/","url":"https:\/\/likemetkovic.hr\/foto-pozar-misline-lokaliziran-sada-ovisi-vjetru\/","name":"FOTO Po\u017ear iznad Misline lokaliziran, sada sve ovisi o vjetru - likemetkovic.hr","isPartOf":{"@id":"https:\/\/likemetkovic.hr\/#website"},"primaryImageOfPage":{"@id":"https:\/\/likemetkovic.hr\/foto-pozar-misline-lokaliziran-sada-ovisi-vjetru\/#primaryimage"},"image":{"@id":"https:\/\/likemetkovic.hr\/foto-pozar-misline-lokaliziran-sada-ovisi-vjetru\/#primaryimage"},"thumbnailUrl":"https:\/\/likemetkovic.hr\/portal\/wp-content\/uploads\/2016\/07\/20160716_140739.jpg","datePublished":"2016-07-16T18:37:37+00:00","author":{"@id":"https:\/\/likemetkovic.hr\/#\/schema\/person\/a42711f3385a0e2be6f7e0443bfb28f0"},"breadcrumb":{"@id":"https:\/\/likemetkovic.hr\/foto-pozar-misline-lokaliziran-sada-ovisi-vjetru\/#breadcrumb"},"inLanguage":"hr","potentialAction":[{"@type":"ReadAction","target":["https:\/\/likemetkovic.hr\/foto-pozar-misline-lokaliziran-sada-ovisi-vjetru\/"]}]},{"@type":"ImageObject","inLanguage":"hr","@id":"https:\/\/likemetkovic.hr\/foto-pozar-misline-lokaliziran-sada-ovisi-vjetru\/#primaryimage","url":"https:\/\/likemetkovic.hr\/portal\/wp-content\/uploads\/2016\/07\/20160716_140739.jpg","contentUrl":"https:\/\/likemetkovic.hr\/portal\/wp-content\/uploads\/2016\/07\/20160716_140739.jpg","width":800,"height":600},{"@type":"BreadcrumbList","@id":"https:\/\/likemetkovic.hr\/foto-pozar-misline-lokaliziran-sada-ovisi-vjetru\/#breadcrumb","itemListElement":[{"@type":"ListItem","position":1,"name":"Po\u010detna stranica","item":"https:\/\/likemetkovic.hr\/portal\/"},{"@type":"ListItem","position":2,"name":"FOTO Po\u017ear iznad Misline lokaliziran, sada sve ovisi o vjetru"}]},{"@type":"WebSite","@id":"https:\/\/likemetkovic.hr\/#website","url":"https:\/\/likemetkovic.hr\/","name":"likemetkovic.hr","description":"Misli pozitivno... \u010ditaj LIKE","potentialAction":[{"@type":"SearchAction","target":{"@type":"EntryPoint","urlTemplate":"https:\/\/likemetkovic.hr\/?s={search_term_string}"},"query-input":{"@type":"PropertyValueSpecification","valueRequired":true,"valueName":"search_term_string"}}],"inLanguage":"hr"},{"@type":"Person","@id":"https:\/\/likemetkovic.hr\/#\/schema\/person\/a42711f3385a0e2be6f7e0443bfb28f0","name":"LIKEmetkovic.hr","sameAs":["http:\/\/likemetkovic.hr"],"url":"https:\/\/likemetkovic.hr\/portal\/author\/likemetkovic-hr\/"}]}},"_links":{"self":[{"href":"https:\/\/likemetkovic.hr\/portal\/wp-json\/wp\/v2\/posts\/23521","targetHints":{"allow":["GET"]}}],"collection":[{"href":"https:\/\/likemetkovic.hr\/portal\/wp-json\/wp\/v2\/posts"}],"about":[{"href":"https:\/\/likemetkovic.hr\/portal\/wp-json\/wp\/v2\/types\/post"}],"author":[{"embeddable":true,"href":"https:\/\/likemetkovic.hr\/portal\/wp-json\/wp\/v2\/users\/7"}],"replies":[{"embeddable":true,"href":"https:\/\/likemetkovic.hr\/portal\/wp-json\/wp\/v2\/comments?post=23521"}],"version-history":[{"count":0,"href":"https:\/\/likemetkovic.hr\/portal\/wp-json\/wp\/v2\/posts\/23521\/revisions"}],"wp:featuredmedia":[{"embeddable":true,"href":"https:\/\/likemetkovic.hr\/portal\/wp-json\/wp\/v2\/media\/23526"}],"wp:attachment":[{"href":"https:\/\/likemetkovic.hr\/portal\/wp-json\/wp\/v2\/media?parent=23521"}],"wp:term":[{"taxonomy":"category","embeddable":true,"href":"https:\/\/likemetkovic.hr\/portal\/wp-json\/wp\/v2\/categories?post=23521"},{"taxonomy":"post_tag","embeddable":true,"href":"https:\/\/likemetkovic.hr\/portal\/wp-json\/wp\/v2\/tags?post=23521"}],"curies":[{"name":"wp","href":"https:\/\/api.w.org\/{rel}","templated":true}]}}