{"id":23571,"date":"2016-07-17T12:48:58","date_gmt":"2016-07-17T10:48:58","guid":{"rendered":"http:\/\/likemetkovic.hr\/?p=23571"},"modified":"2016-07-17T12:50:19","modified_gmt":"2016-07-17T10:50:19","slug":"aktivnosti-ornitoloskog-drustva-brkata-sjenica-nakon-kraceg-odmora","status":"publish","type":"post","link":"https:\/\/likemetkovic.hr\/portal\/aktivnosti-ornitoloskog-drustva-brkata-sjenica-nakon-kraceg-odmora\/","title":{"rendered":"Aktivnosti Ornitolo\u0161kog dru\u0161tva \u201eBrkata sjenica\u201c nakon kra\u0107eg odmora"},"content":{"rendered":"<p>Nakon nekog vremena Ornitolo\u0161ko dru\u0161tvo &#8220;Brkata sjenica&#8221; vra\u0107a se terenskim aktivnostima budu\u0107i su pisanje izvje\u0161\u0107a sa terenskih obilazaka priveli do kraja pa \u0107e ove jeseni imati razne aktivnosti \u0161to \u0107e biti prezentirano na njihovoj facebook stranici.<\/p>\n<p>Prva aktivnost je kao i dosada\u0161njih godina u ovo vrijeme prstenovanje ptica koje zapo\u010dinje prvi vikend nakon 20.07.2016. godine, kada slu\u017ebeno\u00a0<span class=\"text_exposed_show\">zapo\u010dinju prstenovanje u jesenjoj selidbi ptica. Ovim putem pozivaju sve zainteresirane da im se pridru\u017ee u kampu \u201eBrkate sjenice\u201c i pomognu im prema svojim mogu\u0107nostima u prstenovanju (roditelji slobodno dovedite djecu), a volonteri \u201eBrkate sjenice\u201c uputit \u0107e vas u tajne prstenovanja, raspoznavanja ptica, na\u010dina obrade ptica pri prstenovanju itd. Lov i prstenovanje ptica obavljaju u jutarnjim satima najdulje do devet sati u ovom periodu radi vru\u0107ine, budu\u0107i su ptice za vrijeme vru\u0107ine manje aktivne. Za one koji ne znaju kamp se nalazi izme\u0111u Metkovi\u0107a i Vida sa lijeve strane nasipa kad idu od Metkovi\u0107a oko stotinjak metara prije \u201etunbina\u201c<\/span><\/p>\n<div class=\"text_exposed_show\">\n<p>Imali su prije nekoliko dana poziv od na\u0161eg sugra\u0111anina Kre\u0161e Marti\u0107a da je njegov radni kolega pokraj \u017eeljezni\u010dke pruge na ulazu u Komin uo\u010dio ranjenu veliku sovu u\u0161aru pa su odmah reagirali i oti\u0161li po istu. Nakon \u0161to su pticu donijeli i izvr\u0161ili pregled ustanovili su da je to mlada u\u0161ara koja nije ranjena ve\u0107 je precijenila svoje mogu\u0107nosti i ranim izlijetanjem iz gnijezda do\u0161la u opasnost. Volonteri brinu o mladoj ptici i nakon \u0161to oja\u010da pustiti \u0107e je na podru\u010dje na kojem smo je na\u0161li. Uz fotku u\u0161are koju prila\u017eu \u017eele zahvaliti na\u0161im sugra\u0111anima koji evo daju svoj doprinos o\u010duvanju pti\u010djeg svijeta ove na\u0161e lijepe delte Neretve.<\/p>\n<\/div>\n","protected":false},"excerpt":{"rendered":"<p>Nakon nekog vremena Ornitolo\u0161ko dru\u0161tvo &#8220;Brkata sjenica&#8221; vra\u0107a se terenskim aktivnostima budu\u0107i su pisanje izvje\u0161\u0107a sa terenskih obilazaka priveli do kraja pa \u0107e ove jeseni imati razne aktivnosti \u0161to \u0107e biti prezentirano na njihovoj facebook stranici. Prva aktivnost je kao i dosada\u0161njih godina u ovo vrijeme prstenovanje ptica koje zapo\u010dinje prvi vikend nakon 20.07.2016. godine, [&hellip;]<\/p>\n","protected":false},"author":7,"featured_media":23572,"comment_status":"open","ping_status":"open","sticky":false,"template":"","format":"standard","meta":{"footnotes":""},"categories":[283,11],"tags":[],"class_list":{"0":"post-23571","1":"post","2":"type-post","3":"status-publish","4":"format-standard","5":"has-post-thumbnail","7":"category-a","8":"category-metkovic-dolina"},"yoast_head":"<!-- This site is optimized with the Yoast SEO plugin v25.2 - https:\/\/yoast.com\/wordpress\/plugins\/seo\/ -->\n<title>Aktivnosti Ornitolo\u0161kog dru\u0161tva \u201eBrkata sjenica\u201c nakon kra\u0107eg odmora - likemetkovic.hr<\/title>\n<meta name=\"robots\" content=\"index, follow, max-snippet:-1, max-image-preview:large, max-video-preview:-1\" \/>\n<link rel=\"canonical\" href=\"https:\/\/likemetkovic.hr\/aktivnosti-ornitoloskog-drustva-brkata-sjenica-nakon-kraceg-odmora\/\" \/>\n<meta property=\"og:locale\" content=\"hr_HR\" \/>\n<meta property=\"og:type\" content=\"article\" \/>\n<meta property=\"og:title\" content=\"Aktivnosti Ornitolo\u0161kog dru\u0161tva \u201eBrkata sjenica\u201c nakon kra\u0107eg odmora - likemetkovic.hr\" \/>\n<meta property=\"og:description\" content=\"Nakon nekog vremena Ornitolo\u0161ko dru\u0161tvo &#8220;Brkata sjenica&#8221; vra\u0107a se terenskim aktivnostima budu\u0107i su pisanje izvje\u0161\u0107a sa terenskih obilazaka priveli do kraja pa \u0107e ove jeseni imati razne aktivnosti \u0161to \u0107e biti prezentirano na njihovoj facebook stranici. Prva aktivnost je kao i dosada\u0161njih godina u ovo vrijeme prstenovanje ptica koje zapo\u010dinje prvi vikend nakon 20.07.2016. godine, [&hellip;]\" \/>\n<meta property=\"og:url\" content=\"https:\/\/likemetkovic.hr\/aktivnosti-ornitoloskog-drustva-brkata-sjenica-nakon-kraceg-odmora\/\" \/>\n<meta property=\"og:site_name\" content=\"likemetkovic.hr\" \/>\n<meta property=\"article:publisher\" content=\"https:\/\/www.facebook.com\/likemetkovic.hr\/\" \/>\n<meta property=\"article:published_time\" content=\"2016-07-17T10:48:58+00:00\" \/>\n<meta property=\"article:modified_time\" content=\"2016-07-17T10:50:19+00:00\" \/>\n<meta property=\"og:image\" content=\"https:\/\/likemetkovic.hr\/wp-content\/uploads\/2016\/07\/sova-u\u0161ara.jpg\" \/>\n\t<meta property=\"og:image:width\" content=\"890\" \/>\n\t<meta property=\"og:image:height\" content=\"600\" \/>\n\t<meta property=\"og:image:type\" content=\"image\/jpeg\" \/>\n<meta name=\"author\" content=\"LIKEmetkovic.hr\" \/>\n<meta name=\"twitter:card\" content=\"summary_large_image\" \/>\n<meta name=\"twitter:label1\" content=\"Napisao\/la\" \/>\n\t<meta name=\"twitter:data1\" content=\"LIKEmetkovic.hr\" \/>\n\t<meta name=\"twitter:label2\" content=\"Procijenjeno vrijeme \u010ditanja\" \/>\n\t<meta name=\"twitter:data2\" content=\"2 minute\" \/>\n<script type=\"application\/ld+json\" class=\"yoast-schema-graph\">{\"@context\":\"https:\/\/schema.org\",\"@graph\":[{\"@type\":\"WebPage\",\"@id\":\"https:\/\/likemetkovic.hr\/aktivnosti-ornitoloskog-drustva-brkata-sjenica-nakon-kraceg-odmora\/\",\"url\":\"https:\/\/likemetkovic.hr\/aktivnosti-ornitoloskog-drustva-brkata-sjenica-nakon-kraceg-odmora\/\",\"name\":\"Aktivnosti Ornitolo\u0161kog dru\u0161tva \u201eBrkata sjenica\u201c nakon kra\u0107eg odmora - likemetkovic.hr\",\"isPartOf\":{\"@id\":\"https:\/\/likemetkovic.hr\/#website\"},\"primaryImageOfPage\":{\"@id\":\"https:\/\/likemetkovic.hr\/aktivnosti-ornitoloskog-drustva-brkata-sjenica-nakon-kraceg-odmora\/#primaryimage\"},\"image\":{\"@id\":\"https:\/\/likemetkovic.hr\/aktivnosti-ornitoloskog-drustva-brkata-sjenica-nakon-kraceg-odmora\/#primaryimage\"},\"thumbnailUrl\":\"https:\/\/likemetkovic.hr\/portal\/wp-content\/uploads\/2016\/07\/sova-u\u0161ara.jpg\",\"datePublished\":\"2016-07-17T10:48:58+00:00\",\"dateModified\":\"2016-07-17T10:50:19+00:00\",\"author\":{\"@id\":\"https:\/\/likemetkovic.hr\/#\/schema\/person\/a42711f3385a0e2be6f7e0443bfb28f0\"},\"breadcrumb\":{\"@id\":\"https:\/\/likemetkovic.hr\/aktivnosti-ornitoloskog-drustva-brkata-sjenica-nakon-kraceg-odmora\/#breadcrumb\"},\"inLanguage\":\"hr\",\"potentialAction\":[{\"@type\":\"ReadAction\",\"target\":[\"https:\/\/likemetkovic.hr\/aktivnosti-ornitoloskog-drustva-brkata-sjenica-nakon-kraceg-odmora\/\"]}]},{\"@type\":\"ImageObject\",\"inLanguage\":\"hr\",\"@id\":\"https:\/\/likemetkovic.hr\/aktivnosti-ornitoloskog-drustva-brkata-sjenica-nakon-kraceg-odmora\/#primaryimage\",\"url\":\"https:\/\/likemetkovic.hr\/portal\/wp-content\/uploads\/2016\/07\/sova-u\u0161ara.jpg\",\"contentUrl\":\"https:\/\/likemetkovic.hr\/portal\/wp-content\/uploads\/2016\/07\/sova-u\u0161ara.jpg\",\"width\":890,\"height\":600},{\"@type\":\"BreadcrumbList\",\"@id\":\"https:\/\/likemetkovic.hr\/aktivnosti-ornitoloskog-drustva-brkata-sjenica-nakon-kraceg-odmora\/#breadcrumb\",\"itemListElement\":[{\"@type\":\"ListItem\",\"position\":1,\"name\":\"Po\u010detna stranica\",\"item\":\"https:\/\/likemetkovic.hr\/portal\/\"},{\"@type\":\"ListItem\",\"position\":2,\"name\":\"Aktivnosti Ornitolo\u0161kog dru\u0161tva \u201eBrkata sjenica\u201c nakon kra\u0107eg odmora\"}]},{\"@type\":\"WebSite\",\"@id\":\"https:\/\/likemetkovic.hr\/#website\",\"url\":\"https:\/\/likemetkovic.hr\/\",\"name\":\"likemetkovic.hr\",\"description\":\"Misli pozitivno... \u010ditaj LIKE\",\"potentialAction\":[{\"@type\":\"SearchAction\",\"target\":{\"@type\":\"EntryPoint\",\"urlTemplate\":\"https:\/\/likemetkovic.hr\/?s={search_term_string}\"},\"query-input\":{\"@type\":\"PropertyValueSpecification\",\"valueRequired\":true,\"valueName\":\"search_term_string\"}}],\"inLanguage\":\"hr\"},{\"@type\":\"Person\",\"@id\":\"https:\/\/likemetkovic.hr\/#\/schema\/person\/a42711f3385a0e2be6f7e0443bfb28f0\",\"name\":\"LIKEmetkovic.hr\",\"sameAs\":[\"http:\/\/likemetkovic.hr\"],\"url\":\"https:\/\/likemetkovic.hr\/portal\/author\/likemetkovic-hr\/\"}]}<\/script>\n<!-- \/ Yoast SEO plugin. -->","yoast_head_json":{"title":"Aktivnosti Ornitolo\u0161kog dru\u0161tva \u201eBrkata sjenica\u201c nakon kra\u0107eg odmora - likemetkovic.hr","robots":{"index":"index","follow":"follow","max-snippet":"max-snippet:-1","max-image-preview":"max-image-preview:large","max-video-preview":"max-video-preview:-1"},"canonical":"https:\/\/likemetkovic.hr\/aktivnosti-ornitoloskog-drustva-brkata-sjenica-nakon-kraceg-odmora\/","og_locale":"hr_HR","og_type":"article","og_title":"Aktivnosti Ornitolo\u0161kog dru\u0161tva \u201eBrkata sjenica\u201c nakon kra\u0107eg odmora - likemetkovic.hr","og_description":"Nakon nekog vremena Ornitolo\u0161ko dru\u0161tvo &#8220;Brkata sjenica&#8221; vra\u0107a se terenskim aktivnostima budu\u0107i su pisanje izvje\u0161\u0107a sa terenskih obilazaka priveli do kraja pa \u0107e ove jeseni imati razne aktivnosti \u0161to \u0107e biti prezentirano na njihovoj facebook stranici. Prva aktivnost je kao i dosada\u0161njih godina u ovo vrijeme prstenovanje ptica koje zapo\u010dinje prvi vikend nakon 20.07.2016. godine, [&hellip;]","og_url":"https:\/\/likemetkovic.hr\/aktivnosti-ornitoloskog-drustva-brkata-sjenica-nakon-kraceg-odmora\/","og_site_name":"likemetkovic.hr","article_publisher":"https:\/\/www.facebook.com\/likemetkovic.hr\/","article_published_time":"2016-07-17T10:48:58+00:00","article_modified_time":"2016-07-17T10:50:19+00:00","og_image":[{"width":890,"height":600,"url":"https:\/\/likemetkovic.hr\/wp-content\/uploads\/2016\/07\/sova-u\u0161ara.jpg","type":"image\/jpeg"}],"author":"LIKEmetkovic.hr","twitter_card":"summary_large_image","twitter_misc":{"Napisao\/la":"LIKEmetkovic.hr","Procijenjeno vrijeme \u010ditanja":"2 minute"},"schema":{"@context":"https:\/\/schema.org","@graph":[{"@type":"WebPage","@id":"https:\/\/likemetkovic.hr\/aktivnosti-ornitoloskog-drustva-brkata-sjenica-nakon-kraceg-odmora\/","url":"https:\/\/likemetkovic.hr\/aktivnosti-ornitoloskog-drustva-brkata-sjenica-nakon-kraceg-odmora\/","name":"Aktivnosti Ornitolo\u0161kog dru\u0161tva \u201eBrkata sjenica\u201c nakon kra\u0107eg odmora - likemetkovic.hr","isPartOf":{"@id":"https:\/\/likemetkovic.hr\/#website"},"primaryImageOfPage":{"@id":"https:\/\/likemetkovic.hr\/aktivnosti-ornitoloskog-drustva-brkata-sjenica-nakon-kraceg-odmora\/#primaryimage"},"image":{"@id":"https:\/\/likemetkovic.hr\/aktivnosti-ornitoloskog-drustva-brkata-sjenica-nakon-kraceg-odmora\/#primaryimage"},"thumbnailUrl":"https:\/\/likemetkovic.hr\/portal\/wp-content\/uploads\/2016\/07\/sova-u\u0161ara.jpg","datePublished":"2016-07-17T10:48:58+00:00","dateModified":"2016-07-17T10:50:19+00:00","author":{"@id":"https:\/\/likemetkovic.hr\/#\/schema\/person\/a42711f3385a0e2be6f7e0443bfb28f0"},"breadcrumb":{"@id":"https:\/\/likemetkovic.hr\/aktivnosti-ornitoloskog-drustva-brkata-sjenica-nakon-kraceg-odmora\/#breadcrumb"},"inLanguage":"hr","potentialAction":[{"@type":"ReadAction","target":["https:\/\/likemetkovic.hr\/aktivnosti-ornitoloskog-drustva-brkata-sjenica-nakon-kraceg-odmora\/"]}]},{"@type":"ImageObject","inLanguage":"hr","@id":"https:\/\/likemetkovic.hr\/aktivnosti-ornitoloskog-drustva-brkata-sjenica-nakon-kraceg-odmora\/#primaryimage","url":"https:\/\/likemetkovic.hr\/portal\/wp-content\/uploads\/2016\/07\/sova-u\u0161ara.jpg","contentUrl":"https:\/\/likemetkovic.hr\/portal\/wp-content\/uploads\/2016\/07\/sova-u\u0161ara.jpg","width":890,"height":600},{"@type":"BreadcrumbList","@id":"https:\/\/likemetkovic.hr\/aktivnosti-ornitoloskog-drustva-brkata-sjenica-nakon-kraceg-odmora\/#breadcrumb","itemListElement":[{"@type":"ListItem","position":1,"name":"Po\u010detna stranica","item":"https:\/\/likemetkovic.hr\/portal\/"},{"@type":"ListItem","position":2,"name":"Aktivnosti Ornitolo\u0161kog dru\u0161tva \u201eBrkata sjenica\u201c nakon kra\u0107eg odmora"}]},{"@type":"WebSite","@id":"https:\/\/likemetkovic.hr\/#website","url":"https:\/\/likemetkovic.hr\/","name":"likemetkovic.hr","description":"Misli pozitivno... \u010ditaj LIKE","potentialAction":[{"@type":"SearchAction","target":{"@type":"EntryPoint","urlTemplate":"https:\/\/likemetkovic.hr\/?s={search_term_string}"},"query-input":{"@type":"PropertyValueSpecification","valueRequired":true,"valueName":"search_term_string"}}],"inLanguage":"hr"},{"@type":"Person","@id":"https:\/\/likemetkovic.hr\/#\/schema\/person\/a42711f3385a0e2be6f7e0443bfb28f0","name":"LIKEmetkovic.hr","sameAs":["http:\/\/likemetkovic.hr"],"url":"https:\/\/likemetkovic.hr\/portal\/author\/likemetkovic-hr\/"}]}},"_links":{"self":[{"href":"https:\/\/likemetkovic.hr\/portal\/wp-json\/wp\/v2\/posts\/23571","targetHints":{"allow":["GET"]}}],"collection":[{"href":"https:\/\/likemetkovic.hr\/portal\/wp-json\/wp\/v2\/posts"}],"about":[{"href":"https:\/\/likemetkovic.hr\/portal\/wp-json\/wp\/v2\/types\/post"}],"author":[{"embeddable":true,"href":"https:\/\/likemetkovic.hr\/portal\/wp-json\/wp\/v2\/users\/7"}],"replies":[{"embeddable":true,"href":"https:\/\/likemetkovic.hr\/portal\/wp-json\/wp\/v2\/comments?post=23571"}],"version-history":[{"count":0,"href":"https:\/\/likemetkovic.hr\/portal\/wp-json\/wp\/v2\/posts\/23571\/revisions"}],"wp:featuredmedia":[{"embeddable":true,"href":"https:\/\/likemetkovic.hr\/portal\/wp-json\/wp\/v2\/media\/23572"}],"wp:attachment":[{"href":"https:\/\/likemetkovic.hr\/portal\/wp-json\/wp\/v2\/media?parent=23571"}],"wp:term":[{"taxonomy":"category","embeddable":true,"href":"https:\/\/likemetkovic.hr\/portal\/wp-json\/wp\/v2\/categories?post=23571"},{"taxonomy":"post_tag","embeddable":true,"href":"https:\/\/likemetkovic.hr\/portal\/wp-json\/wp\/v2\/tags?post=23571"}],"curies":[{"name":"wp","href":"https:\/\/api.w.org\/{rel}","templated":true}]}}