{"id":23618,"date":"2016-07-18T09:03:20","date_gmt":"2016-07-18T07:03:20","guid":{"rendered":"http:\/\/likemetkovic.hr\/?p=23618"},"modified":"2016-07-18T09:03:34","modified_gmt":"2016-07-18T07:03:34","slug":"sveti-bruno","status":"publish","type":"post","link":"https:\/\/likemetkovic.hr\/portal\/sveti-bruno\/","title":{"rendered":"Sveti Bruno"},"content":{"rendered":"<div id=\"vijest_naslov\">Dana\u0161nji sveti za\u0161titnik, Bruno, biskup Segnija (San Bruno di Segni, San Brunone d&#8217;Asti), rodio se oko 1045\/1049. kao plemi\u0107ki sin u talijanskom gradi\u0107u Soleru (provincija Alessandria, Pijemont). Benediktinac, studirao je teologiju u Astiju i Bologni. Za sve\u0107enika je zare\u0111en 1079. i postao kanonikom u Sieni. Savjetnik \u010detvorice papa, papinski poslanik, vrsni poznavatelj Svetog pisma, bio je glasovit po svojim propovijedima o Presvetom Sakramentu. Biskupom Segnija (Lazio) imenovao ga je 1080. papa Grgur VII, koji mu je povjeravao mnoge va\u017ene misije. Bio je bliski suradnik i njegovih nasljednika, Viktora III, Urbana II. i Paskala II. te je sudjelovao u radu crkvenih sabora u Clermontu (1095) i Toursu (1096).<\/div>\n<p>\u201eBriljantni branitelj Crkve\u201c, borio se protiv simonije (trgovanja crkvenim slu\u017ebama, povlasticama i oprostom grijeha), a svojim djelovanjem svesrdno branio slobodu Crkve od svjetovnih vladara koji su je htjeli pod\u010diniti svojoj volji. Naro\u010dito se trudio obnoviti kler. Povukao se 1102. u samostan Monte Cassino, gdje je 1107. izabran za opata, ali se po papinom nalogu 1111. vratio u svoju biskupiju. U dva je navrata obavljao slu\u017ebu papina legata i putovao u Francusku i na Siciliju. Bio je izrazito nadarena i svestrana osoba, hagiograf, polemi\u010dar, teolog, govornik i liturgi\u010dar te je za sobom ostavio niz vrijednih djela. Preminuo je u Segniju na dana\u0161nji dan, 18. srpnja 1123. Svetim ga je proglasio 1183. papa Lucije III. Za\u0161titnik je grada Segnija.<\/p>\n","protected":false},"excerpt":{"rendered":"<p>Dana\u0161nji sveti za\u0161titnik, Bruno, biskup Segnija (San Bruno di Segni, San Brunone d&#8217;Asti), rodio se oko 1045\/1049. kao plemi\u0107ki sin u talijanskom gradi\u0107u Soleru (provincija Alessandria, Pijemont). Benediktinac, studirao je teologiju u Astiju i Bologni. Za sve\u0107enika je zare\u0111en 1079. i postao kanonikom u Sieni. Savjetnik \u010detvorice papa, papinski poslanik, vrsni poznavatelj Svetog pisma, bio [&hellip;]<\/p>\n","protected":false},"author":7,"featured_media":23620,"comment_status":"open","ping_status":"open","sticky":false,"template":"","format":"standard","meta":{"footnotes":""},"categories":[1],"tags":[],"class_list":{"0":"post-23618","1":"post","2":"type-post","3":"status-publish","4":"format-standard","5":"has-post-thumbnail","7":"category-nekategorizirano"},"yoast_head":"<!-- This site is optimized with the Yoast SEO plugin v25.2 - https:\/\/yoast.com\/wordpress\/plugins\/seo\/ -->\n<title>Sveti Bruno - likemetkovic.hr<\/title>\n<meta name=\"robots\" content=\"index, follow, max-snippet:-1, max-image-preview:large, max-video-preview:-1\" \/>\n<link rel=\"canonical\" href=\"https:\/\/likemetkovic.hr\/sveti-bruno\/\" \/>\n<meta property=\"og:locale\" content=\"hr_HR\" \/>\n<meta property=\"og:type\" content=\"article\" \/>\n<meta property=\"og:title\" content=\"Sveti Bruno - likemetkovic.hr\" \/>\n<meta property=\"og:description\" content=\"Dana\u0161nji sveti za\u0161titnik, Bruno, biskup Segnija (San Bruno di Segni, San Brunone d&#8217;Asti), rodio se oko 1045\/1049. kao plemi\u0107ki sin u talijanskom gradi\u0107u Soleru (provincija Alessandria, Pijemont). Benediktinac, studirao je teologiju u Astiju i Bologni. Za sve\u0107enika je zare\u0111en 1079. i postao kanonikom u Sieni. Savjetnik \u010detvorice papa, papinski poslanik, vrsni poznavatelj Svetog pisma, bio [&hellip;]\" \/>\n<meta property=\"og:url\" content=\"https:\/\/likemetkovic.hr\/sveti-bruno\/\" \/>\n<meta property=\"og:site_name\" content=\"likemetkovic.hr\" \/>\n<meta property=\"article:publisher\" content=\"https:\/\/www.facebook.com\/likemetkovic.hr\/\" \/>\n<meta property=\"article:published_time\" content=\"2016-07-18T07:03:20+00:00\" \/>\n<meta property=\"article:modified_time\" content=\"2016-07-18T07:03:34+00:00\" \/>\n<meta property=\"og:image\" content=\"https:\/\/likemetkovic.hr\/wp-content\/uploads\/2016\/07\/sveti_bruno_biskup_segnija3.jpg\" \/>\n\t<meta property=\"og:image:width\" content=\"824\" \/>\n\t<meta property=\"og:image:height\" content=\"600\" \/>\n\t<meta property=\"og:image:type\" content=\"image\/jpeg\" \/>\n<meta name=\"author\" content=\"LIKEmetkovic.hr\" \/>\n<meta name=\"twitter:card\" content=\"summary_large_image\" \/>\n<meta name=\"twitter:label1\" content=\"Napisao\/la\" \/>\n\t<meta name=\"twitter:data1\" content=\"LIKEmetkovic.hr\" \/>\n\t<meta name=\"twitter:label2\" content=\"Procijenjeno vrijeme \u010ditanja\" \/>\n\t<meta name=\"twitter:data2\" content=\"1 minuta\" \/>\n<script type=\"application\/ld+json\" class=\"yoast-schema-graph\">{\"@context\":\"https:\/\/schema.org\",\"@graph\":[{\"@type\":\"WebPage\",\"@id\":\"https:\/\/likemetkovic.hr\/sveti-bruno\/\",\"url\":\"https:\/\/likemetkovic.hr\/sveti-bruno\/\",\"name\":\"Sveti Bruno - likemetkovic.hr\",\"isPartOf\":{\"@id\":\"https:\/\/likemetkovic.hr\/#website\"},\"primaryImageOfPage\":{\"@id\":\"https:\/\/likemetkovic.hr\/sveti-bruno\/#primaryimage\"},\"image\":{\"@id\":\"https:\/\/likemetkovic.hr\/sveti-bruno\/#primaryimage\"},\"thumbnailUrl\":\"https:\/\/likemetkovic.hr\/portal\/wp-content\/uploads\/2016\/07\/sveti_bruno_biskup_segnija3.jpg\",\"datePublished\":\"2016-07-18T07:03:20+00:00\",\"dateModified\":\"2016-07-18T07:03:34+00:00\",\"author\":{\"@id\":\"https:\/\/likemetkovic.hr\/#\/schema\/person\/a42711f3385a0e2be6f7e0443bfb28f0\"},\"breadcrumb\":{\"@id\":\"https:\/\/likemetkovic.hr\/sveti-bruno\/#breadcrumb\"},\"inLanguage\":\"hr\",\"potentialAction\":[{\"@type\":\"ReadAction\",\"target\":[\"https:\/\/likemetkovic.hr\/sveti-bruno\/\"]}]},{\"@type\":\"ImageObject\",\"inLanguage\":\"hr\",\"@id\":\"https:\/\/likemetkovic.hr\/sveti-bruno\/#primaryimage\",\"url\":\"https:\/\/likemetkovic.hr\/portal\/wp-content\/uploads\/2016\/07\/sveti_bruno_biskup_segnija3.jpg\",\"contentUrl\":\"https:\/\/likemetkovic.hr\/portal\/wp-content\/uploads\/2016\/07\/sveti_bruno_biskup_segnija3.jpg\",\"width\":824,\"height\":600},{\"@type\":\"BreadcrumbList\",\"@id\":\"https:\/\/likemetkovic.hr\/sveti-bruno\/#breadcrumb\",\"itemListElement\":[{\"@type\":\"ListItem\",\"position\":1,\"name\":\"Po\u010detna stranica\",\"item\":\"https:\/\/likemetkovic.hr\/portal\/\"},{\"@type\":\"ListItem\",\"position\":2,\"name\":\"Sveti Bruno\"}]},{\"@type\":\"WebSite\",\"@id\":\"https:\/\/likemetkovic.hr\/#website\",\"url\":\"https:\/\/likemetkovic.hr\/\",\"name\":\"likemetkovic.hr\",\"description\":\"Misli pozitivno... \u010ditaj LIKE\",\"potentialAction\":[{\"@type\":\"SearchAction\",\"target\":{\"@type\":\"EntryPoint\",\"urlTemplate\":\"https:\/\/likemetkovic.hr\/?s={search_term_string}\"},\"query-input\":{\"@type\":\"PropertyValueSpecification\",\"valueRequired\":true,\"valueName\":\"search_term_string\"}}],\"inLanguage\":\"hr\"},{\"@type\":\"Person\",\"@id\":\"https:\/\/likemetkovic.hr\/#\/schema\/person\/a42711f3385a0e2be6f7e0443bfb28f0\",\"name\":\"LIKEmetkovic.hr\",\"sameAs\":[\"http:\/\/likemetkovic.hr\"],\"url\":\"https:\/\/likemetkovic.hr\/portal\/author\/likemetkovic-hr\/\"}]}<\/script>\n<!-- \/ Yoast SEO plugin. -->","yoast_head_json":{"title":"Sveti Bruno - likemetkovic.hr","robots":{"index":"index","follow":"follow","max-snippet":"max-snippet:-1","max-image-preview":"max-image-preview:large","max-video-preview":"max-video-preview:-1"},"canonical":"https:\/\/likemetkovic.hr\/sveti-bruno\/","og_locale":"hr_HR","og_type":"article","og_title":"Sveti Bruno - likemetkovic.hr","og_description":"Dana\u0161nji sveti za\u0161titnik, Bruno, biskup Segnija (San Bruno di Segni, San Brunone d&#8217;Asti), rodio se oko 1045\/1049. kao plemi\u0107ki sin u talijanskom gradi\u0107u Soleru (provincija Alessandria, Pijemont). Benediktinac, studirao je teologiju u Astiju i Bologni. Za sve\u0107enika je zare\u0111en 1079. i postao kanonikom u Sieni. Savjetnik \u010detvorice papa, papinski poslanik, vrsni poznavatelj Svetog pisma, bio [&hellip;]","og_url":"https:\/\/likemetkovic.hr\/sveti-bruno\/","og_site_name":"likemetkovic.hr","article_publisher":"https:\/\/www.facebook.com\/likemetkovic.hr\/","article_published_time":"2016-07-18T07:03:20+00:00","article_modified_time":"2016-07-18T07:03:34+00:00","og_image":[{"width":824,"height":600,"url":"https:\/\/likemetkovic.hr\/wp-content\/uploads\/2016\/07\/sveti_bruno_biskup_segnija3.jpg","type":"image\/jpeg"}],"author":"LIKEmetkovic.hr","twitter_card":"summary_large_image","twitter_misc":{"Napisao\/la":"LIKEmetkovic.hr","Procijenjeno vrijeme \u010ditanja":"1 minuta"},"schema":{"@context":"https:\/\/schema.org","@graph":[{"@type":"WebPage","@id":"https:\/\/likemetkovic.hr\/sveti-bruno\/","url":"https:\/\/likemetkovic.hr\/sveti-bruno\/","name":"Sveti Bruno - likemetkovic.hr","isPartOf":{"@id":"https:\/\/likemetkovic.hr\/#website"},"primaryImageOfPage":{"@id":"https:\/\/likemetkovic.hr\/sveti-bruno\/#primaryimage"},"image":{"@id":"https:\/\/likemetkovic.hr\/sveti-bruno\/#primaryimage"},"thumbnailUrl":"https:\/\/likemetkovic.hr\/portal\/wp-content\/uploads\/2016\/07\/sveti_bruno_biskup_segnija3.jpg","datePublished":"2016-07-18T07:03:20+00:00","dateModified":"2016-07-18T07:03:34+00:00","author":{"@id":"https:\/\/likemetkovic.hr\/#\/schema\/person\/a42711f3385a0e2be6f7e0443bfb28f0"},"breadcrumb":{"@id":"https:\/\/likemetkovic.hr\/sveti-bruno\/#breadcrumb"},"inLanguage":"hr","potentialAction":[{"@type":"ReadAction","target":["https:\/\/likemetkovic.hr\/sveti-bruno\/"]}]},{"@type":"ImageObject","inLanguage":"hr","@id":"https:\/\/likemetkovic.hr\/sveti-bruno\/#primaryimage","url":"https:\/\/likemetkovic.hr\/portal\/wp-content\/uploads\/2016\/07\/sveti_bruno_biskup_segnija3.jpg","contentUrl":"https:\/\/likemetkovic.hr\/portal\/wp-content\/uploads\/2016\/07\/sveti_bruno_biskup_segnija3.jpg","width":824,"height":600},{"@type":"BreadcrumbList","@id":"https:\/\/likemetkovic.hr\/sveti-bruno\/#breadcrumb","itemListElement":[{"@type":"ListItem","position":1,"name":"Po\u010detna stranica","item":"https:\/\/likemetkovic.hr\/portal\/"},{"@type":"ListItem","position":2,"name":"Sveti Bruno"}]},{"@type":"WebSite","@id":"https:\/\/likemetkovic.hr\/#website","url":"https:\/\/likemetkovic.hr\/","name":"likemetkovic.hr","description":"Misli pozitivno... \u010ditaj LIKE","potentialAction":[{"@type":"SearchAction","target":{"@type":"EntryPoint","urlTemplate":"https:\/\/likemetkovic.hr\/?s={search_term_string}"},"query-input":{"@type":"PropertyValueSpecification","valueRequired":true,"valueName":"search_term_string"}}],"inLanguage":"hr"},{"@type":"Person","@id":"https:\/\/likemetkovic.hr\/#\/schema\/person\/a42711f3385a0e2be6f7e0443bfb28f0","name":"LIKEmetkovic.hr","sameAs":["http:\/\/likemetkovic.hr"],"url":"https:\/\/likemetkovic.hr\/portal\/author\/likemetkovic-hr\/"}]}},"_links":{"self":[{"href":"https:\/\/likemetkovic.hr\/portal\/wp-json\/wp\/v2\/posts\/23618","targetHints":{"allow":["GET"]}}],"collection":[{"href":"https:\/\/likemetkovic.hr\/portal\/wp-json\/wp\/v2\/posts"}],"about":[{"href":"https:\/\/likemetkovic.hr\/portal\/wp-json\/wp\/v2\/types\/post"}],"author":[{"embeddable":true,"href":"https:\/\/likemetkovic.hr\/portal\/wp-json\/wp\/v2\/users\/7"}],"replies":[{"embeddable":true,"href":"https:\/\/likemetkovic.hr\/portal\/wp-json\/wp\/v2\/comments?post=23618"}],"version-history":[{"count":0,"href":"https:\/\/likemetkovic.hr\/portal\/wp-json\/wp\/v2\/posts\/23618\/revisions"}],"wp:featuredmedia":[{"embeddable":true,"href":"https:\/\/likemetkovic.hr\/portal\/wp-json\/wp\/v2\/media\/23620"}],"wp:attachment":[{"href":"https:\/\/likemetkovic.hr\/portal\/wp-json\/wp\/v2\/media?parent=23618"}],"wp:term":[{"taxonomy":"category","embeddable":true,"href":"https:\/\/likemetkovic.hr\/portal\/wp-json\/wp\/v2\/categories?post=23618"},{"taxonomy":"post_tag","embeddable":true,"href":"https:\/\/likemetkovic.hr\/portal\/wp-json\/wp\/v2\/tags?post=23618"}],"curies":[{"name":"wp","href":"https:\/\/api.w.org\/{rel}","templated":true}]}}