{"id":24729,"date":"2016-08-02T00:51:23","date_gmt":"2016-08-01T22:51:23","guid":{"rendered":"http:\/\/likemetkovic.hr\/?p=24729"},"modified":"2016-08-02T00:51:23","modified_gmt":"2016-08-01T22:51:23","slug":"800-obljetnica-porcijunkulskog-oprosta","status":"publish","type":"post","link":"https:\/\/likemetkovic.hr\/portal\/800-obljetnica-porcijunkulskog-oprosta\/","title":{"rendered":"800. obljetnica Porcijunkulskog oprosta"},"content":{"rendered":"<p>Generalni ministri franjeva\u010dke obitelji fr. Michael Anthony Perry, OFM; fr. Marco Tasca, OFMConv; fr. Mauro J\u00f6hri, OFMCap; fr. Nicholas Polichnowski, TOR; Tibor Kauser, OFS; i sr. Deborah Lockwood, OSF, na blagdan sv. Brigite, za\u0161titnice Europe, 23. srpnja 2016., uputili su zajedni\u010dko pismo povodom obilje\u017eavanja 800. obljetnice Porcijunkulskog oprosta.<\/p>\n<p>Porcijunkulski oprost i Godina milosr\u0111a dva su doga\u0111aja koja obilje\u017eavaju 2016. godinu, isti\u010du u pismu generalni ministri, nagla\u0161avaju\u0107i kako je nadahnu\u0107e za porcijunkulski oprost imao sv. Franjo, a za slavlje Godine milosr\u0111a papa Franjo koji nosi njegovo ime. Povjesni\u010darima je ostavljano da raspravljaju kada je to\u010dno udijeljen porcijunkulski oprost, ali ovo je prilika da istra\u017eimo bogatstvo teme milosr\u0111a i opro\u0161tenja u kontekstu franjeva\u010dke duhovne tradicije.<\/p>\n<p>Generalni ministri pi\u0161u kako rije\u010d &#8216;misericordia&#8217; sv. Franjo posebno koristi u dva slu\u010daja. Prvo, kad \u017eeli pokazati Bo\u017eje milosr\u0111e prema nama ljudima, i drugo, na\u0161e milosr\u0111e prema bra\u0107i i sestrama. To je sadr\u017eano u motu Godine milosr\u0111a &#8216;Budite milosrdni kao \u0161to je Otac va\u0161 milosrdan&#8217; (Lk 6,36). Bo\u017eja ljubav je neograni\u010den izvor iz kojega mo\u017eemo crpsti milosr\u0111e prema bli\u017enjima. Razlog za opra\u0161tanje drugima jest da nama Bog mo\u017ee oprostiti \u2013 kao \u0161to molimo u O\u010dena\u0161u &#8216;otpusti nam duge na\u0161e, kako i mi otpu\u0161tamo du\u017enicima na\u0161im&#8217;. Taj izraz &#8216;kako&#8217; pokazuje motiv na\u0161ega opro\u0161tenja drugima, tj. mi trebamo biti milosrdni &#8216;kako&#8217; je na\u0161 Otac milosrdan. Postaju\u0107i svjesni dara Bo\u017eje ljubavi i milosr\u0111a, taj dar mo\u017eemo ponuditi bra\u0107i i sestrama. Naime, mi, poput sv. Franje, otkrivamo da je Bog &#8216;dobro, svako dobro, najvi\u0161e dobro, i jedini dobar&#8217;.<\/p>\n<p>Da bismo postali svjesniji Bo\u017eje ljubavi i dobrote prema nama, potrebno je prona\u0107i vrijeme za molitvu i pobo\u017enost kako bismo ujedinili kontemplaciju i akciju. To je va\u017eno ako \u017eelimo ponovno otkriti istinski izvor na\u0161e obveze i ljubavi prema bli\u017enjemu, obnoviti snagu i energiju potrebnu u slu\u017eenju bra\u0107i i sestrama, stvarati kulturu mira i pomirenja.<\/p>\n<p>Generalni ministri u pismu navode primjere iz Franjina \u017eivota koji se odnose na mir i pomirenje, kao \u0161to je primjer pomirenja civilnih vlasti i asi\u0161kog biskupa. Pisci \u017eivotopisa sv. Franje navode kako je sv. Franjo rekao da je sramota da nitko nije intervenirao kako bi stvorio mir i sklad me\u0111u njima. Sukladno tom primjeru, i nama se postavlja pitanje koliko odgovornosti osje\u0107amo, poput sv. Franje, da donesemo mir i pomirenje iznad svega u na\u0161im bratstvima, ali isto tako s obzirom na politi\u010dke, vjerske, ekonomske i dru\u0161tvene sukobe na\u0161ega vremena? Sv. Franjo nije pozvao sukobljene stranke na sastanak nego ih je kroz pjesmu &#8216;Brata sunca&#8217; usmjerio prema Bo\u017ejoj ljepoti i pokazao im ve\u0107i cilj za \u017eivjeti u miru.<\/p>\n<p>U dana\u0161njem svijetu mi franjevci pozvani smo prona\u0107i na\u010dine kako bismo dodirnuli ljudska srca svjedo\u010de\u0107i maleno\u0161\u0107u, jednostavno\u0161\u0107u, ljepotom i pjesmom.<\/p>\n<p>Na kraju generalni ministri zavr\u0161avaju rije\u010dima da na\u0161i \u017eivotu budu \u017eiva pjesma hvale Bogu, izvor svake ljubavi koja \u0107e biti nadahnu\u0107e za stvaranje mira i pomirenja.<\/p>\n","protected":false},"excerpt":{"rendered":"<p>Generalni ministri franjeva\u010dke obitelji fr. Michael Anthony Perry, OFM; fr. Marco Tasca, OFMConv; fr. Mauro J\u00f6hri, OFMCap; fr. Nicholas Polichnowski, TOR; Tibor Kauser, OFS; i sr. Deborah Lockwood, OSF, na blagdan sv. Brigite, za\u0161titnice Europe, 23. srpnja 2016., uputili su zajedni\u010dko pismo povodom obilje\u017eavanja 800. obljetnice Porcijunkulskog oprosta. Porcijunkulski oprost i Godina milosr\u0111a dva su [&hellip;]<\/p>\n","protected":false},"author":7,"featured_media":23828,"comment_status":"open","ping_status":"open","sticky":false,"template":"","format":"standard","meta":{"footnotes":""},"categories":[1],"tags":[],"class_list":{"0":"post-24729","1":"post","2":"type-post","3":"status-publish","4":"format-standard","5":"has-post-thumbnail","7":"category-nekategorizirano"},"yoast_head":"<!-- This site is optimized with the Yoast SEO plugin v25.2 - https:\/\/yoast.com\/wordpress\/plugins\/seo\/ -->\n<title>800. obljetnica Porcijunkulskog oprosta - likemetkovic.hr<\/title>\n<meta name=\"robots\" content=\"index, follow, max-snippet:-1, max-image-preview:large, max-video-preview:-1\" \/>\n<link rel=\"canonical\" href=\"https:\/\/likemetkovic.hr\/800-obljetnica-porcijunkulskog-oprosta\/\" \/>\n<meta property=\"og:locale\" content=\"hr_HR\" \/>\n<meta property=\"og:type\" content=\"article\" \/>\n<meta property=\"og:title\" content=\"800. obljetnica Porcijunkulskog oprosta - likemetkovic.hr\" \/>\n<meta property=\"og:description\" content=\"Generalni ministri franjeva\u010dke obitelji fr. Michael Anthony Perry, OFM; fr. Marco Tasca, OFMConv; fr. Mauro J\u00f6hri, OFMCap; fr. Nicholas Polichnowski, TOR; Tibor Kauser, OFS; i sr. Deborah Lockwood, OSF, na blagdan sv. Brigite, za\u0161titnice Europe, 23. srpnja 2016., uputili su zajedni\u010dko pismo povodom obilje\u017eavanja 800. obljetnice Porcijunkulskog oprosta. Porcijunkulski oprost i Godina milosr\u0111a dva su [&hellip;]\" \/>\n<meta property=\"og:url\" content=\"https:\/\/likemetkovic.hr\/800-obljetnica-porcijunkulskog-oprosta\/\" \/>\n<meta property=\"og:site_name\" content=\"likemetkovic.hr\" \/>\n<meta property=\"article:publisher\" content=\"https:\/\/www.facebook.com\/likemetkovic.hr\/\" \/>\n<meta property=\"article:published_time\" content=\"2016-08-01T22:51:23+00:00\" \/>\n<meta property=\"og:image\" content=\"https:\/\/likemetkovic.hr\/wp-content\/uploads\/2016\/07\/crkva-sv-ilije.jpg\" \/>\n\t<meta property=\"og:image:width\" content=\"800\" \/>\n\t<meta property=\"og:image:height\" content=\"600\" \/>\n\t<meta property=\"og:image:type\" content=\"image\/jpeg\" \/>\n<meta name=\"author\" content=\"LIKEmetkovic.hr\" \/>\n<meta name=\"twitter:card\" content=\"summary_large_image\" \/>\n<meta name=\"twitter:label1\" content=\"Napisao\/la\" \/>\n\t<meta name=\"twitter:data1\" content=\"LIKEmetkovic.hr\" \/>\n\t<meta name=\"twitter:label2\" content=\"Procijenjeno vrijeme \u010ditanja\" \/>\n\t<meta name=\"twitter:data2\" content=\"3 minute\" \/>\n<script type=\"application\/ld+json\" class=\"yoast-schema-graph\">{\"@context\":\"https:\/\/schema.org\",\"@graph\":[{\"@type\":\"WebPage\",\"@id\":\"https:\/\/likemetkovic.hr\/800-obljetnica-porcijunkulskog-oprosta\/\",\"url\":\"https:\/\/likemetkovic.hr\/800-obljetnica-porcijunkulskog-oprosta\/\",\"name\":\"800. obljetnica Porcijunkulskog oprosta - likemetkovic.hr\",\"isPartOf\":{\"@id\":\"https:\/\/likemetkovic.hr\/#website\"},\"primaryImageOfPage\":{\"@id\":\"https:\/\/likemetkovic.hr\/800-obljetnica-porcijunkulskog-oprosta\/#primaryimage\"},\"image\":{\"@id\":\"https:\/\/likemetkovic.hr\/800-obljetnica-porcijunkulskog-oprosta\/#primaryimage\"},\"thumbnailUrl\":\"https:\/\/likemetkovic.hr\/portal\/wp-content\/uploads\/2016\/07\/crkva-sv-ilije.jpg\",\"datePublished\":\"2016-08-01T22:51:23+00:00\",\"author\":{\"@id\":\"https:\/\/likemetkovic.hr\/#\/schema\/person\/a42711f3385a0e2be6f7e0443bfb28f0\"},\"breadcrumb\":{\"@id\":\"https:\/\/likemetkovic.hr\/800-obljetnica-porcijunkulskog-oprosta\/#breadcrumb\"},\"inLanguage\":\"hr\",\"potentialAction\":[{\"@type\":\"ReadAction\",\"target\":[\"https:\/\/likemetkovic.hr\/800-obljetnica-porcijunkulskog-oprosta\/\"]}]},{\"@type\":\"ImageObject\",\"inLanguage\":\"hr\",\"@id\":\"https:\/\/likemetkovic.hr\/800-obljetnica-porcijunkulskog-oprosta\/#primaryimage\",\"url\":\"https:\/\/likemetkovic.hr\/portal\/wp-content\/uploads\/2016\/07\/crkva-sv-ilije.jpg\",\"contentUrl\":\"https:\/\/likemetkovic.hr\/portal\/wp-content\/uploads\/2016\/07\/crkva-sv-ilije.jpg\",\"width\":800,\"height\":600},{\"@type\":\"BreadcrumbList\",\"@id\":\"https:\/\/likemetkovic.hr\/800-obljetnica-porcijunkulskog-oprosta\/#breadcrumb\",\"itemListElement\":[{\"@type\":\"ListItem\",\"position\":1,\"name\":\"Po\u010detna stranica\",\"item\":\"https:\/\/likemetkovic.hr\/portal\/\"},{\"@type\":\"ListItem\",\"position\":2,\"name\":\"800. obljetnica Porcijunkulskog oprosta\"}]},{\"@type\":\"WebSite\",\"@id\":\"https:\/\/likemetkovic.hr\/#website\",\"url\":\"https:\/\/likemetkovic.hr\/\",\"name\":\"likemetkovic.hr\",\"description\":\"Misli pozitivno... \u010ditaj LIKE\",\"potentialAction\":[{\"@type\":\"SearchAction\",\"target\":{\"@type\":\"EntryPoint\",\"urlTemplate\":\"https:\/\/likemetkovic.hr\/?s={search_term_string}\"},\"query-input\":{\"@type\":\"PropertyValueSpecification\",\"valueRequired\":true,\"valueName\":\"search_term_string\"}}],\"inLanguage\":\"hr\"},{\"@type\":\"Person\",\"@id\":\"https:\/\/likemetkovic.hr\/#\/schema\/person\/a42711f3385a0e2be6f7e0443bfb28f0\",\"name\":\"LIKEmetkovic.hr\",\"sameAs\":[\"http:\/\/likemetkovic.hr\"],\"url\":\"https:\/\/likemetkovic.hr\/portal\/author\/likemetkovic-hr\/\"}]}<\/script>\n<!-- \/ Yoast SEO plugin. -->","yoast_head_json":{"title":"800. obljetnica Porcijunkulskog oprosta - likemetkovic.hr","robots":{"index":"index","follow":"follow","max-snippet":"max-snippet:-1","max-image-preview":"max-image-preview:large","max-video-preview":"max-video-preview:-1"},"canonical":"https:\/\/likemetkovic.hr\/800-obljetnica-porcijunkulskog-oprosta\/","og_locale":"hr_HR","og_type":"article","og_title":"800. obljetnica Porcijunkulskog oprosta - likemetkovic.hr","og_description":"Generalni ministri franjeva\u010dke obitelji fr. Michael Anthony Perry, OFM; fr. Marco Tasca, OFMConv; fr. Mauro J\u00f6hri, OFMCap; fr. Nicholas Polichnowski, TOR; Tibor Kauser, OFS; i sr. Deborah Lockwood, OSF, na blagdan sv. Brigite, za\u0161titnice Europe, 23. srpnja 2016., uputili su zajedni\u010dko pismo povodom obilje\u017eavanja 800. obljetnice Porcijunkulskog oprosta. Porcijunkulski oprost i Godina milosr\u0111a dva su [&hellip;]","og_url":"https:\/\/likemetkovic.hr\/800-obljetnica-porcijunkulskog-oprosta\/","og_site_name":"likemetkovic.hr","article_publisher":"https:\/\/www.facebook.com\/likemetkovic.hr\/","article_published_time":"2016-08-01T22:51:23+00:00","og_image":[{"width":800,"height":600,"url":"https:\/\/likemetkovic.hr\/wp-content\/uploads\/2016\/07\/crkva-sv-ilije.jpg","type":"image\/jpeg"}],"author":"LIKEmetkovic.hr","twitter_card":"summary_large_image","twitter_misc":{"Napisao\/la":"LIKEmetkovic.hr","Procijenjeno vrijeme \u010ditanja":"3 minute"},"schema":{"@context":"https:\/\/schema.org","@graph":[{"@type":"WebPage","@id":"https:\/\/likemetkovic.hr\/800-obljetnica-porcijunkulskog-oprosta\/","url":"https:\/\/likemetkovic.hr\/800-obljetnica-porcijunkulskog-oprosta\/","name":"800. obljetnica Porcijunkulskog oprosta - likemetkovic.hr","isPartOf":{"@id":"https:\/\/likemetkovic.hr\/#website"},"primaryImageOfPage":{"@id":"https:\/\/likemetkovic.hr\/800-obljetnica-porcijunkulskog-oprosta\/#primaryimage"},"image":{"@id":"https:\/\/likemetkovic.hr\/800-obljetnica-porcijunkulskog-oprosta\/#primaryimage"},"thumbnailUrl":"https:\/\/likemetkovic.hr\/portal\/wp-content\/uploads\/2016\/07\/crkva-sv-ilije.jpg","datePublished":"2016-08-01T22:51:23+00:00","author":{"@id":"https:\/\/likemetkovic.hr\/#\/schema\/person\/a42711f3385a0e2be6f7e0443bfb28f0"},"breadcrumb":{"@id":"https:\/\/likemetkovic.hr\/800-obljetnica-porcijunkulskog-oprosta\/#breadcrumb"},"inLanguage":"hr","potentialAction":[{"@type":"ReadAction","target":["https:\/\/likemetkovic.hr\/800-obljetnica-porcijunkulskog-oprosta\/"]}]},{"@type":"ImageObject","inLanguage":"hr","@id":"https:\/\/likemetkovic.hr\/800-obljetnica-porcijunkulskog-oprosta\/#primaryimage","url":"https:\/\/likemetkovic.hr\/portal\/wp-content\/uploads\/2016\/07\/crkva-sv-ilije.jpg","contentUrl":"https:\/\/likemetkovic.hr\/portal\/wp-content\/uploads\/2016\/07\/crkva-sv-ilije.jpg","width":800,"height":600},{"@type":"BreadcrumbList","@id":"https:\/\/likemetkovic.hr\/800-obljetnica-porcijunkulskog-oprosta\/#breadcrumb","itemListElement":[{"@type":"ListItem","position":1,"name":"Po\u010detna stranica","item":"https:\/\/likemetkovic.hr\/portal\/"},{"@type":"ListItem","position":2,"name":"800. obljetnica Porcijunkulskog oprosta"}]},{"@type":"WebSite","@id":"https:\/\/likemetkovic.hr\/#website","url":"https:\/\/likemetkovic.hr\/","name":"likemetkovic.hr","description":"Misli pozitivno... \u010ditaj LIKE","potentialAction":[{"@type":"SearchAction","target":{"@type":"EntryPoint","urlTemplate":"https:\/\/likemetkovic.hr\/?s={search_term_string}"},"query-input":{"@type":"PropertyValueSpecification","valueRequired":true,"valueName":"search_term_string"}}],"inLanguage":"hr"},{"@type":"Person","@id":"https:\/\/likemetkovic.hr\/#\/schema\/person\/a42711f3385a0e2be6f7e0443bfb28f0","name":"LIKEmetkovic.hr","sameAs":["http:\/\/likemetkovic.hr"],"url":"https:\/\/likemetkovic.hr\/portal\/author\/likemetkovic-hr\/"}]}},"_links":{"self":[{"href":"https:\/\/likemetkovic.hr\/portal\/wp-json\/wp\/v2\/posts\/24729","targetHints":{"allow":["GET"]}}],"collection":[{"href":"https:\/\/likemetkovic.hr\/portal\/wp-json\/wp\/v2\/posts"}],"about":[{"href":"https:\/\/likemetkovic.hr\/portal\/wp-json\/wp\/v2\/types\/post"}],"author":[{"embeddable":true,"href":"https:\/\/likemetkovic.hr\/portal\/wp-json\/wp\/v2\/users\/7"}],"replies":[{"embeddable":true,"href":"https:\/\/likemetkovic.hr\/portal\/wp-json\/wp\/v2\/comments?post=24729"}],"version-history":[{"count":0,"href":"https:\/\/likemetkovic.hr\/portal\/wp-json\/wp\/v2\/posts\/24729\/revisions"}],"wp:featuredmedia":[{"embeddable":true,"href":"https:\/\/likemetkovic.hr\/portal\/wp-json\/wp\/v2\/media\/23828"}],"wp:attachment":[{"href":"https:\/\/likemetkovic.hr\/portal\/wp-json\/wp\/v2\/media?parent=24729"}],"wp:term":[{"taxonomy":"category","embeddable":true,"href":"https:\/\/likemetkovic.hr\/portal\/wp-json\/wp\/v2\/categories?post=24729"},{"taxonomy":"post_tag","embeddable":true,"href":"https:\/\/likemetkovic.hr\/portal\/wp-json\/wp\/v2\/tags?post=24729"}],"curies":[{"name":"wp","href":"https:\/\/api.w.org\/{rel}","templated":true}]}}