{"id":24800,"date":"2016-08-03T12:52:42","date_gmt":"2016-08-03T10:52:42","guid":{"rendered":"http:\/\/likemetkovic.hr\/?p=24800"},"modified":"2016-08-03T12:52:42","modified_gmt":"2016-08-03T10:52:42","slug":"bozo-petrov-pozdravljam-ocekivanu-presudu-drzave-njemacke","status":"publish","type":"post","link":"https:\/\/likemetkovic.hr\/portal\/bozo-petrov-pozdravljam-ocekivanu-presudu-drzave-njemacke\/","title":{"rendered":"BO\u017dO PETROV: Pozdravljam o\u010dekivanu presudu dr\u017eave Njema\u010dke!"},"content":{"rendered":"<p>Bo\u017eo Petrov komantirao je presudu Musta\u010du i Perkovi\u0107u na svom facebook profilu:<\/p>\n<p>&#8220;O\u010dekivana presuda njema\u010dke dr\u017eave Perkovi\u0107u i Musta\u010du koju apsolutno pozdravljam ukazuje i podsje\u0107a na nekoliko \u010dinjenica. Prva je da su autori famoznog Lexa Perkovi\u0107 itekako znali \u0161to bi ga tamo moglo \u010dekati te su bili spremni na sve kako bi to sprije\u010dili. Druga je \u010dinjenica da umre\u017eenost represivnih organa biv\u0161e dr\u017eave prelazi strana\u010dke granice i obuhva\u0107a \u010ditav niz interesnih i politi\u010dkih grupacija koje su na\u017ealost i dalje vrl<span class=\"text_exposed_show\">o mo\u0107ne. U skoro vrijeme mogli bismo o\u010dekivati nervozu u redovima tih grupacija zato \u0161to postoji strah da Perkovi\u0107 i Musta\u010d progovore o na\u010dinima njihova funkcioniranja. Nadalje, valja spomenuti da je INA, osnovni razlog zbog kojeg je po\u010dinjeno bestijalno ubojstvo Stjepana \u0110urekovi\u0107a, zapravo lakmus papir za djelovanje svih sli\u010dnih grupacija i onda, prije 30 i vi\u0161e godina, a i danas. Hrvatski interesi naprosto moraju biti iznad interesa grupacija kojima su donedavno pripadali i ova dvojica zlikovaca osu\u0111ena u Njema\u010dkoj.&#8221;<\/span><\/p>\n","protected":false},"excerpt":{"rendered":"<p>Bo\u017eo Petrov komantirao je presudu Musta\u010du i Perkovi\u0107u na svom facebook profilu: &#8220;O\u010dekivana presuda njema\u010dke dr\u017eave Perkovi\u0107u i Musta\u010du koju apsolutno pozdravljam ukazuje i podsje\u0107a na nekoliko \u010dinjenica. Prva je da su autori famoznog Lexa Perkovi\u0107 itekako znali \u0161to bi ga tamo moglo \u010dekati te su bili spremni na sve kako bi to sprije\u010dili. Druga [&hellip;]<\/p>\n","protected":false},"author":7,"featured_media":22135,"comment_status":"open","ping_status":"open","sticky":false,"template":"","format":"standard","meta":{"footnotes":""},"categories":[283,290],"tags":[],"class_list":{"0":"post-24800","1":"post","2":"type-post","3":"status-publish","4":"format-standard","5":"has-post-thumbnail","7":"category-a","8":"category-politika"},"yoast_head":"<!-- This site is optimized with the Yoast SEO plugin v25.2 - https:\/\/yoast.com\/wordpress\/plugins\/seo\/ -->\n<title>BO\u017dO PETROV: Pozdravljam o\u010dekivanu presudu dr\u017eave Njema\u010dke! - likemetkovic.hr<\/title>\n<meta name=\"robots\" content=\"index, follow, max-snippet:-1, max-image-preview:large, max-video-preview:-1\" \/>\n<link rel=\"canonical\" href=\"https:\/\/likemetkovic.hr\/bozo-petrov-pozdravljam-ocekivanu-presudu-drzave-njemacke\/\" \/>\n<meta property=\"og:locale\" content=\"hr_HR\" \/>\n<meta property=\"og:type\" content=\"article\" \/>\n<meta property=\"og:title\" content=\"BO\u017dO PETROV: Pozdravljam o\u010dekivanu presudu dr\u017eave Njema\u010dke! - likemetkovic.hr\" \/>\n<meta property=\"og:description\" content=\"Bo\u017eo Petrov komantirao je presudu Musta\u010du i Perkovi\u0107u na svom facebook profilu: &#8220;O\u010dekivana presuda njema\u010dke dr\u017eave Perkovi\u0107u i Musta\u010du koju apsolutno pozdravljam ukazuje i podsje\u0107a na nekoliko \u010dinjenica. Prva je da su autori famoznog Lexa Perkovi\u0107 itekako znali \u0161to bi ga tamo moglo \u010dekati te su bili spremni na sve kako bi to sprije\u010dili. Druga [&hellip;]\" \/>\n<meta property=\"og:url\" content=\"https:\/\/likemetkovic.hr\/bozo-petrov-pozdravljam-ocekivanu-presudu-drzave-njemacke\/\" \/>\n<meta property=\"og:site_name\" content=\"likemetkovic.hr\" \/>\n<meta property=\"article:publisher\" content=\"https:\/\/www.facebook.com\/likemetkovic.hr\/\" \/>\n<meta property=\"article:published_time\" content=\"2016-08-03T10:52:42+00:00\" \/>\n<meta property=\"og:image\" content=\"https:\/\/likemetkovic.hr\/wp-content\/uploads\/2016\/06\/bo\u017eo-petrov_1-1.jpg\" \/>\n\t<meta property=\"og:image:width\" content=\"800\" \/>\n\t<meta property=\"og:image:height\" content=\"600\" \/>\n\t<meta property=\"og:image:type\" content=\"image\/jpeg\" \/>\n<meta name=\"author\" content=\"LIKEmetkovic.hr\" \/>\n<meta name=\"twitter:card\" content=\"summary_large_image\" \/>\n<meta name=\"twitter:label1\" content=\"Napisao\/la\" \/>\n\t<meta name=\"twitter:data1\" content=\"LIKEmetkovic.hr\" \/>\n\t<meta name=\"twitter:label2\" content=\"Procijenjeno vrijeme \u010ditanja\" \/>\n\t<meta name=\"twitter:data2\" content=\"1 minuta\" \/>\n<script type=\"application\/ld+json\" class=\"yoast-schema-graph\">{\"@context\":\"https:\/\/schema.org\",\"@graph\":[{\"@type\":\"WebPage\",\"@id\":\"https:\/\/likemetkovic.hr\/bozo-petrov-pozdravljam-ocekivanu-presudu-drzave-njemacke\/\",\"url\":\"https:\/\/likemetkovic.hr\/bozo-petrov-pozdravljam-ocekivanu-presudu-drzave-njemacke\/\",\"name\":\"BO\u017dO PETROV: Pozdravljam o\u010dekivanu presudu dr\u017eave Njema\u010dke! - likemetkovic.hr\",\"isPartOf\":{\"@id\":\"https:\/\/likemetkovic.hr\/#website\"},\"primaryImageOfPage\":{\"@id\":\"https:\/\/likemetkovic.hr\/bozo-petrov-pozdravljam-ocekivanu-presudu-drzave-njemacke\/#primaryimage\"},\"image\":{\"@id\":\"https:\/\/likemetkovic.hr\/bozo-petrov-pozdravljam-ocekivanu-presudu-drzave-njemacke\/#primaryimage\"},\"thumbnailUrl\":\"https:\/\/likemetkovic.hr\/portal\/wp-content\/uploads\/2016\/06\/bo\u017eo-petrov_1-1.jpg\",\"datePublished\":\"2016-08-03T10:52:42+00:00\",\"author\":{\"@id\":\"https:\/\/likemetkovic.hr\/#\/schema\/person\/a42711f3385a0e2be6f7e0443bfb28f0\"},\"breadcrumb\":{\"@id\":\"https:\/\/likemetkovic.hr\/bozo-petrov-pozdravljam-ocekivanu-presudu-drzave-njemacke\/#breadcrumb\"},\"inLanguage\":\"hr\",\"potentialAction\":[{\"@type\":\"ReadAction\",\"target\":[\"https:\/\/likemetkovic.hr\/bozo-petrov-pozdravljam-ocekivanu-presudu-drzave-njemacke\/\"]}]},{\"@type\":\"ImageObject\",\"inLanguage\":\"hr\",\"@id\":\"https:\/\/likemetkovic.hr\/bozo-petrov-pozdravljam-ocekivanu-presudu-drzave-njemacke\/#primaryimage\",\"url\":\"https:\/\/likemetkovic.hr\/portal\/wp-content\/uploads\/2016\/06\/bo\u017eo-petrov_1-1.jpg\",\"contentUrl\":\"https:\/\/likemetkovic.hr\/portal\/wp-content\/uploads\/2016\/06\/bo\u017eo-petrov_1-1.jpg\",\"width\":800,\"height\":600},{\"@type\":\"BreadcrumbList\",\"@id\":\"https:\/\/likemetkovic.hr\/bozo-petrov-pozdravljam-ocekivanu-presudu-drzave-njemacke\/#breadcrumb\",\"itemListElement\":[{\"@type\":\"ListItem\",\"position\":1,\"name\":\"Po\u010detna stranica\",\"item\":\"https:\/\/likemetkovic.hr\/portal\/\"},{\"@type\":\"ListItem\",\"position\":2,\"name\":\"BO\u017dO PETROV: Pozdravljam o\u010dekivanu presudu dr\u017eave Njema\u010dke!\"}]},{\"@type\":\"WebSite\",\"@id\":\"https:\/\/likemetkovic.hr\/#website\",\"url\":\"https:\/\/likemetkovic.hr\/\",\"name\":\"likemetkovic.hr\",\"description\":\"Misli pozitivno... \u010ditaj LIKE\",\"potentialAction\":[{\"@type\":\"SearchAction\",\"target\":{\"@type\":\"EntryPoint\",\"urlTemplate\":\"https:\/\/likemetkovic.hr\/?s={search_term_string}\"},\"query-input\":{\"@type\":\"PropertyValueSpecification\",\"valueRequired\":true,\"valueName\":\"search_term_string\"}}],\"inLanguage\":\"hr\"},{\"@type\":\"Person\",\"@id\":\"https:\/\/likemetkovic.hr\/#\/schema\/person\/a42711f3385a0e2be6f7e0443bfb28f0\",\"name\":\"LIKEmetkovic.hr\",\"sameAs\":[\"http:\/\/likemetkovic.hr\"],\"url\":\"https:\/\/likemetkovic.hr\/portal\/author\/likemetkovic-hr\/\"}]}<\/script>\n<!-- \/ Yoast SEO plugin. -->","yoast_head_json":{"title":"BO\u017dO PETROV: Pozdravljam o\u010dekivanu presudu dr\u017eave Njema\u010dke! - likemetkovic.hr","robots":{"index":"index","follow":"follow","max-snippet":"max-snippet:-1","max-image-preview":"max-image-preview:large","max-video-preview":"max-video-preview:-1"},"canonical":"https:\/\/likemetkovic.hr\/bozo-petrov-pozdravljam-ocekivanu-presudu-drzave-njemacke\/","og_locale":"hr_HR","og_type":"article","og_title":"BO\u017dO PETROV: Pozdravljam o\u010dekivanu presudu dr\u017eave Njema\u010dke! - likemetkovic.hr","og_description":"Bo\u017eo Petrov komantirao je presudu Musta\u010du i Perkovi\u0107u na svom facebook profilu: &#8220;O\u010dekivana presuda njema\u010dke dr\u017eave Perkovi\u0107u i Musta\u010du koju apsolutno pozdravljam ukazuje i podsje\u0107a na nekoliko \u010dinjenica. Prva je da su autori famoznog Lexa Perkovi\u0107 itekako znali \u0161to bi ga tamo moglo \u010dekati te su bili spremni na sve kako bi to sprije\u010dili. Druga [&hellip;]","og_url":"https:\/\/likemetkovic.hr\/bozo-petrov-pozdravljam-ocekivanu-presudu-drzave-njemacke\/","og_site_name":"likemetkovic.hr","article_publisher":"https:\/\/www.facebook.com\/likemetkovic.hr\/","article_published_time":"2016-08-03T10:52:42+00:00","og_image":[{"width":800,"height":600,"url":"https:\/\/likemetkovic.hr\/wp-content\/uploads\/2016\/06\/bo\u017eo-petrov_1-1.jpg","type":"image\/jpeg"}],"author":"LIKEmetkovic.hr","twitter_card":"summary_large_image","twitter_misc":{"Napisao\/la":"LIKEmetkovic.hr","Procijenjeno vrijeme \u010ditanja":"1 minuta"},"schema":{"@context":"https:\/\/schema.org","@graph":[{"@type":"WebPage","@id":"https:\/\/likemetkovic.hr\/bozo-petrov-pozdravljam-ocekivanu-presudu-drzave-njemacke\/","url":"https:\/\/likemetkovic.hr\/bozo-petrov-pozdravljam-ocekivanu-presudu-drzave-njemacke\/","name":"BO\u017dO PETROV: Pozdravljam o\u010dekivanu presudu dr\u017eave Njema\u010dke! - likemetkovic.hr","isPartOf":{"@id":"https:\/\/likemetkovic.hr\/#website"},"primaryImageOfPage":{"@id":"https:\/\/likemetkovic.hr\/bozo-petrov-pozdravljam-ocekivanu-presudu-drzave-njemacke\/#primaryimage"},"image":{"@id":"https:\/\/likemetkovic.hr\/bozo-petrov-pozdravljam-ocekivanu-presudu-drzave-njemacke\/#primaryimage"},"thumbnailUrl":"https:\/\/likemetkovic.hr\/portal\/wp-content\/uploads\/2016\/06\/bo\u017eo-petrov_1-1.jpg","datePublished":"2016-08-03T10:52:42+00:00","author":{"@id":"https:\/\/likemetkovic.hr\/#\/schema\/person\/a42711f3385a0e2be6f7e0443bfb28f0"},"breadcrumb":{"@id":"https:\/\/likemetkovic.hr\/bozo-petrov-pozdravljam-ocekivanu-presudu-drzave-njemacke\/#breadcrumb"},"inLanguage":"hr","potentialAction":[{"@type":"ReadAction","target":["https:\/\/likemetkovic.hr\/bozo-petrov-pozdravljam-ocekivanu-presudu-drzave-njemacke\/"]}]},{"@type":"ImageObject","inLanguage":"hr","@id":"https:\/\/likemetkovic.hr\/bozo-petrov-pozdravljam-ocekivanu-presudu-drzave-njemacke\/#primaryimage","url":"https:\/\/likemetkovic.hr\/portal\/wp-content\/uploads\/2016\/06\/bo\u017eo-petrov_1-1.jpg","contentUrl":"https:\/\/likemetkovic.hr\/portal\/wp-content\/uploads\/2016\/06\/bo\u017eo-petrov_1-1.jpg","width":800,"height":600},{"@type":"BreadcrumbList","@id":"https:\/\/likemetkovic.hr\/bozo-petrov-pozdravljam-ocekivanu-presudu-drzave-njemacke\/#breadcrumb","itemListElement":[{"@type":"ListItem","position":1,"name":"Po\u010detna stranica","item":"https:\/\/likemetkovic.hr\/portal\/"},{"@type":"ListItem","position":2,"name":"BO\u017dO PETROV: Pozdravljam o\u010dekivanu presudu dr\u017eave Njema\u010dke!"}]},{"@type":"WebSite","@id":"https:\/\/likemetkovic.hr\/#website","url":"https:\/\/likemetkovic.hr\/","name":"likemetkovic.hr","description":"Misli pozitivno... \u010ditaj LIKE","potentialAction":[{"@type":"SearchAction","target":{"@type":"EntryPoint","urlTemplate":"https:\/\/likemetkovic.hr\/?s={search_term_string}"},"query-input":{"@type":"PropertyValueSpecification","valueRequired":true,"valueName":"search_term_string"}}],"inLanguage":"hr"},{"@type":"Person","@id":"https:\/\/likemetkovic.hr\/#\/schema\/person\/a42711f3385a0e2be6f7e0443bfb28f0","name":"LIKEmetkovic.hr","sameAs":["http:\/\/likemetkovic.hr"],"url":"https:\/\/likemetkovic.hr\/portal\/author\/likemetkovic-hr\/"}]}},"_links":{"self":[{"href":"https:\/\/likemetkovic.hr\/portal\/wp-json\/wp\/v2\/posts\/24800","targetHints":{"allow":["GET"]}}],"collection":[{"href":"https:\/\/likemetkovic.hr\/portal\/wp-json\/wp\/v2\/posts"}],"about":[{"href":"https:\/\/likemetkovic.hr\/portal\/wp-json\/wp\/v2\/types\/post"}],"author":[{"embeddable":true,"href":"https:\/\/likemetkovic.hr\/portal\/wp-json\/wp\/v2\/users\/7"}],"replies":[{"embeddable":true,"href":"https:\/\/likemetkovic.hr\/portal\/wp-json\/wp\/v2\/comments?post=24800"}],"version-history":[{"count":0,"href":"https:\/\/likemetkovic.hr\/portal\/wp-json\/wp\/v2\/posts\/24800\/revisions"}],"wp:featuredmedia":[{"embeddable":true,"href":"https:\/\/likemetkovic.hr\/portal\/wp-json\/wp\/v2\/media\/22135"}],"wp:attachment":[{"href":"https:\/\/likemetkovic.hr\/portal\/wp-json\/wp\/v2\/media?parent=24800"}],"wp:term":[{"taxonomy":"category","embeddable":true,"href":"https:\/\/likemetkovic.hr\/portal\/wp-json\/wp\/v2\/categories?post=24800"},{"taxonomy":"post_tag","embeddable":true,"href":"https:\/\/likemetkovic.hr\/portal\/wp-json\/wp\/v2\/tags?post=24800"}],"curies":[{"name":"wp","href":"https:\/\/api.w.org\/{rel}","templated":true}]}}