{"id":24935,"date":"2016-08-05T15:19:38","date_gmt":"2016-08-05T13:19:38","guid":{"rendered":"http:\/\/likemetkovic.hr\/?p=24935"},"modified":"2016-08-05T15:19:38","modified_gmt":"2016-08-05T13:19:38","slug":"mimohod-gradske-glazbe-povodom-dana-domovinske-zahvalnosti","status":"publish","type":"post","link":"https:\/\/likemetkovic.hr\/portal\/mimohod-gradske-glazbe-povodom-dana-domovinske-zahvalnosti\/","title":{"rendered":"Mimohod Gradske glazbe povodom Dana domovinske zahvalnosti"},"content":{"rendered":"<p>Jutros je Gradska glazba Metkovi\u0107 pod ravnanjem kapelnika Stipana Krmi\u0107a mimohodom gradskim ulicama grada obilje\u017eila\u00a0Dan pobjede i domovinske zahvalnosti i \u00a0i Dan hrvatskih branitelja.<\/p>\n<p>Mimohod je zavr\u0161io na Trgu kralja Tomislava, na kojemu je Gradska glazba\u00a0odsvirala jo\u0161 nekoliko kora\u010dnica.<\/p>\n\r\n                <style type=\"text\/css\">\r\n                    \r\n                    #tdi_1  .td-doubleSlider-2 .td-item1 {\r\n                        background: url(https:\/\/likemetkovic.hr\/portal\/wp-content\/uploads\/2016\/08\/Gradska-glazba-Metkovi\u0107-Dan-pobjede-2016.-08417-80x60.jpg) 0 0 no-repeat;\r\n                    }\r\n                    #tdi_1  .td-doubleSlider-2 .td-item2 {\r\n                        background: url(https:\/\/likemetkovic.hr\/portal\/wp-content\/uploads\/2016\/08\/Gradska-glazba-Metkovi\u0107-Dan-pobjede-2016.-08422-80x60.jpg) 0 0 no-repeat;\r\n                    }\r\n                    #tdi_1  .td-doubleSlider-2 .td-item3 {\r\n                        background: url(https:\/\/likemetkovic.hr\/portal\/wp-content\/uploads\/2016\/08\/Gradska-glazba-Metkovi\u0107-Dan-pobjede-2016.-08425-80x60.jpg) 0 0 no-repeat;\r\n                    }\r\n                    #tdi_1  .td-doubleSlider-2 .td-item4 {\r\n                        background: url(https:\/\/likemetkovic.hr\/portal\/wp-content\/uploads\/2016\/08\/Gradska-glazba-Metkovi\u0107-Dan-pobjede-2016.-08429-80x60.jpg) 0 0 no-repeat;\r\n                    }\r\n                    #tdi_1  .td-doubleSlider-2 .td-item5 {\r\n                        background: url(https:\/\/likemetkovic.hr\/portal\/wp-content\/uploads\/2016\/08\/Gradska-glazba-Metkovi\u0107-Dan-pobjede-2016.-08432-80x60.jpg) 0 0 no-repeat;\r\n                    }\r\n                    #tdi_1  .td-doubleSlider-2 .td-item6 {\r\n                        background: url(https:\/\/likemetkovic.hr\/portal\/wp-content\/uploads\/2016\/08\/Gradska-glazba-Metkovi\u0107-Dan-pobjede-2016.-08434-80x60.jpg) 0 0 no-repeat;\r\n                    }\r\n                    #tdi_1  .td-doubleSlider-2 .td-item7 {\r\n                        background: url(https:\/\/likemetkovic.hr\/portal\/wp-content\/uploads\/2016\/08\/Gradska-glazba-Metkovi\u0107-Dan-pobjede-2016.-08437-80x60.jpg) 0 0 no-repeat;\r\n                    }\r\n                    #tdi_1  .td-doubleSlider-2 .td-item8 {\r\n                        background: url(https:\/\/likemetkovic.hr\/portal\/wp-content\/uploads\/2016\/08\/Gradska-glazba-Metkovi\u0107-Dan-pobjede-2016.-08439-80x60.jpg) 0 0 no-repeat;\r\n                    }\r\n                    #tdi_1  .td-doubleSlider-2 .td-item9 {\r\n                        background: url(https:\/\/likemetkovic.hr\/portal\/wp-content\/uploads\/2016\/08\/Gradska-glazba-Metkovi\u0107-Dan-pobjede-2016.-08441-80x60.jpg) 0 0 no-repeat;\r\n                    }\r\n                    #tdi_1  .td-doubleSlider-2 .td-item10 {\r\n                        background: url(https:\/\/likemetkovic.hr\/portal\/wp-content\/uploads\/2016\/08\/Gradska-glazba-Metkovi\u0107-Dan-pobjede-2016.-08445-80x60.jpg) 0 0 no-repeat;\r\n                    }\r\n                    #tdi_1  .td-doubleSlider-2 .td-item11 {\r\n                        background: url(https:\/\/likemetkovic.hr\/portal\/wp-content\/uploads\/2016\/08\/Gradska-glazba-Metkovi\u0107-Dan-pobjede-2016.-08446-80x60.jpg) 0 0 no-repeat;\r\n                    }\r\n                    #tdi_1  .td-doubleSlider-2 .td-item12 {\r\n                        background: url(https:\/\/likemetkovic.hr\/portal\/wp-content\/uploads\/2016\/08\/Gradska-glazba-Metkovi\u0107-Dan-pobjede-2016.-08449-80x60.jpg) 0 0 no-repeat;\r\n                    }\r\n                    #tdi_1  .td-doubleSlider-2 .td-item13 {\r\n                        background: url(https:\/\/likemetkovic.hr\/portal\/wp-content\/uploads\/2016\/08\/Gradska-glazba-Metkovi\u0107-Dan-pobjede-2016.-08450-80x60.jpg) 0 0 no-repeat;\r\n                    }\r\n                    #tdi_1  .td-doubleSlider-2 .td-item14 {\r\n                        background: url(https:\/\/likemetkovic.hr\/portal\/wp-content\/uploads\/2016\/08\/Gradska-glazba-Metkovi\u0107-Dan-pobjede-2016.-08453-80x60.jpg) 0 0 no-repeat;\r\n                    }\r\n                    #tdi_1  .td-doubleSlider-2 .td-item15 {\r\n                        background: url(https:\/\/likemetkovic.hr\/portal\/wp-content\/uploads\/2016\/08\/Gradska-glazba-Metkovi\u0107-Dan-pobjede-2016.-08454-80x60.jpg) 0 0 no-repeat;\r\n                    }\r\n                    #tdi_1  .td-doubleSlider-2 .td-item16 {\r\n                        background: url(https:\/\/likemetkovic.hr\/portal\/wp-content\/uploads\/2016\/08\/Gradska-glazba-Metkovi\u0107-Dan-pobjede-2016.-08457-80x60.jpg) 0 0 no-repeat;\r\n                    }\r\n                <\/style>\r\n\r\n                <div id=\"tdi_1\" class=\"td-gallery td-slide-on-2-columns\">\r\n                    <div class=\"post_td_gallery\">\r\n                        <div class=\"td-gallery-slide-top\">\r\n                           <div class=\"td-gallery-title\"><\/div>\r\n\r\n                            <div class=\"td-gallery-controls-wrapper\">\r\n                                <div class=\"td-gallery-slide-count\"><span class=\"td-gallery-slide-item-focus\">1<\/span> of 16<\/div>\r\n                                <div class=\"td-gallery-slide-prev-next-but\">\r\n                                    <i class = \"td-icon-left doubleSliderPrevButton\"><\/i>\r\n                                    <i class = \"td-icon-right doubleSliderNextButton\"><\/i>\r\n                                <\/div>\r\n                            <\/div>\r\n                        <\/div>\r\n\r\n                        <div class = \"td-doubleSlider-1 \">\r\n                            <div class = \"td-slider\">\r\n                                \r\n                    <div class = \"td-slide-item td-item1\">\r\n                        <figure class=\"td-slide-galery-figure td-slide-popup-gallery\">\r\n                            <a class=\"slide-gallery-image-link\" href=\"https:\/\/likemetkovic.hr\/portal\/wp-content\/uploads\/2016\/08\/Gradska-glazba-Metkovi\u0107-Dan-pobjede-2016.-08417.jpg\" title=\"Gradska glazba Metkovi\u0107, Dan pobjede 2016.-08417\"  data-caption=\"\"  data-description=\"\">\r\n                                <img decoding=\"async\" src=\"https:\/\/likemetkovic.hr\/portal\/wp-content\/uploads\/2016\/08\/Gradska-glazba-Metkovi\u0107-Dan-pobjede-2016.-08417-630x420.jpg\" srcset=\"https:\/\/likemetkovic.hr\/portal\/wp-content\/uploads\/2016\/08\/Gradska-glazba-Metkovi\u0107-Dan-pobjede-2016.-08417-630x420.jpg 630w, https:\/\/likemetkovic.hr\/portal\/wp-content\/uploads\/2016\/08\/Gradska-glazba-Metkovi\u0107-Dan-pobjede-2016.-08417-300x200.jpg 300w, https:\/\/likemetkovic.hr\/portal\/wp-content\/uploads\/2016\/08\/Gradska-glazba-Metkovi\u0107-Dan-pobjede-2016.-08417-768x512.jpg 768w, https:\/\/likemetkovic.hr\/portal\/wp-content\/uploads\/2016\/08\/Gradska-glazba-Metkovi\u0107-Dan-pobjede-2016.-08417-640x427.jpg 640w, https:\/\/likemetkovic.hr\/portal\/wp-content\/uploads\/2016\/08\/Gradska-glazba-Metkovi\u0107-Dan-pobjede-2016.-08417-696x464.jpg 696w, https:\/\/likemetkovic.hr\/portal\/wp-content\/uploads\/2016\/08\/Gradska-glazba-Metkovi\u0107-Dan-pobjede-2016.-08417.jpg 900w\" sizes=\"(max-width: 630px) 100vw, 630px\" alt=\"\">\r\n                            <\/a>\r\n                            \r\n                        <\/figure>\r\n                    <\/div>\r\n                    <div class = \"td-slide-item td-item2\">\r\n                        <figure class=\"td-slide-galery-figure td-slide-popup-gallery\">\r\n                            <a class=\"slide-gallery-image-link\" href=\"https:\/\/likemetkovic.hr\/portal\/wp-content\/uploads\/2016\/08\/Gradska-glazba-Metkovi\u0107-Dan-pobjede-2016.-08422.jpg\" title=\"Gradska glazba Metkovi\u0107, Dan pobjede 2016.-08422\"  data-caption=\"\"  data-description=\"\">\r\n                                <img decoding=\"async\" src=\"https:\/\/likemetkovic.hr\/portal\/wp-content\/uploads\/2016\/08\/Gradska-glazba-Metkovi\u0107-Dan-pobjede-2016.-08422-630x420.jpg\" srcset=\"https:\/\/likemetkovic.hr\/portal\/wp-content\/uploads\/2016\/08\/Gradska-glazba-Metkovi\u0107-Dan-pobjede-2016.-08422-630x420.jpg 630w, https:\/\/likemetkovic.hr\/portal\/wp-content\/uploads\/2016\/08\/Gradska-glazba-Metkovi\u0107-Dan-pobjede-2016.-08422-300x200.jpg 300w, https:\/\/likemetkovic.hr\/portal\/wp-content\/uploads\/2016\/08\/Gradska-glazba-Metkovi\u0107-Dan-pobjede-2016.-08422-768x512.jpg 768w, https:\/\/likemetkovic.hr\/portal\/wp-content\/uploads\/2016\/08\/Gradska-glazba-Metkovi\u0107-Dan-pobjede-2016.-08422-640x427.jpg 640w, https:\/\/likemetkovic.hr\/portal\/wp-content\/uploads\/2016\/08\/Gradska-glazba-Metkovi\u0107-Dan-pobjede-2016.-08422-696x464.jpg 696w, https:\/\/likemetkovic.hr\/portal\/wp-content\/uploads\/2016\/08\/Gradska-glazba-Metkovi\u0107-Dan-pobjede-2016.-08422.jpg 900w\" sizes=\"(max-width: 630px) 100vw, 630px\" alt=\"\">\r\n                            <\/a>\r\n                            \r\n                        <\/figure>\r\n                    <\/div>\r\n                    <div class = \"td-slide-item td-item3\">\r\n                        <figure class=\"td-slide-galery-figure td-slide-popup-gallery\">\r\n                            <a class=\"slide-gallery-image-link\" href=\"https:\/\/likemetkovic.hr\/portal\/wp-content\/uploads\/2016\/08\/Gradska-glazba-Metkovi\u0107-Dan-pobjede-2016.-08425.jpg\" title=\"Gradska glazba Metkovi\u0107, Dan pobjede 2016.-08425\"  data-caption=\"\"  data-description=\"\">\r\n                                <img decoding=\"async\" src=\"https:\/\/likemetkovic.hr\/portal\/wp-content\/uploads\/2016\/08\/Gradska-glazba-Metkovi\u0107-Dan-pobjede-2016.-08425-630x420.jpg\" srcset=\"https:\/\/likemetkovic.hr\/portal\/wp-content\/uploads\/2016\/08\/Gradska-glazba-Metkovi\u0107-Dan-pobjede-2016.-08425-630x420.jpg 630w, https:\/\/likemetkovic.hr\/portal\/wp-content\/uploads\/2016\/08\/Gradska-glazba-Metkovi\u0107-Dan-pobjede-2016.-08425-300x200.jpg 300w, https:\/\/likemetkovic.hr\/portal\/wp-content\/uploads\/2016\/08\/Gradska-glazba-Metkovi\u0107-Dan-pobjede-2016.-08425-768x512.jpg 768w, https:\/\/likemetkovic.hr\/portal\/wp-content\/uploads\/2016\/08\/Gradska-glazba-Metkovi\u0107-Dan-pobjede-2016.-08425-640x427.jpg 640w, https:\/\/likemetkovic.hr\/portal\/wp-content\/uploads\/2016\/08\/Gradska-glazba-Metkovi\u0107-Dan-pobjede-2016.-08425-696x464.jpg 696w, https:\/\/likemetkovic.hr\/portal\/wp-content\/uploads\/2016\/08\/Gradska-glazba-Metkovi\u0107-Dan-pobjede-2016.-08425.jpg 900w\" sizes=\"(max-width: 630px) 100vw, 630px\" alt=\"\">\r\n                            <\/a>\r\n                            \r\n                        <\/figure>\r\n                    <\/div>\r\n                    <div class = \"td-slide-item td-item4\">\r\n                        <figure class=\"td-slide-galery-figure td-slide-popup-gallery\">\r\n                            <a class=\"slide-gallery-image-link\" href=\"https:\/\/likemetkovic.hr\/portal\/wp-content\/uploads\/2016\/08\/Gradska-glazba-Metkovi\u0107-Dan-pobjede-2016.-08429.jpg\" title=\"Gradska glazba Metkovi\u0107, Dan pobjede 2016.-08429\"  data-caption=\"\"  data-description=\"\">\r\n                                <img decoding=\"async\" src=\"https:\/\/likemetkovic.hr\/portal\/wp-content\/uploads\/2016\/08\/Gradska-glazba-Metkovi\u0107-Dan-pobjede-2016.-08429-630x420.jpg\" srcset=\"https:\/\/likemetkovic.hr\/portal\/wp-content\/uploads\/2016\/08\/Gradska-glazba-Metkovi\u0107-Dan-pobjede-2016.-08429-630x420.jpg 630w, https:\/\/likemetkovic.hr\/portal\/wp-content\/uploads\/2016\/08\/Gradska-glazba-Metkovi\u0107-Dan-pobjede-2016.-08429-300x200.jpg 300w, https:\/\/likemetkovic.hr\/portal\/wp-content\/uploads\/2016\/08\/Gradska-glazba-Metkovi\u0107-Dan-pobjede-2016.-08429-768x512.jpg 768w, https:\/\/likemetkovic.hr\/portal\/wp-content\/uploads\/2016\/08\/Gradska-glazba-Metkovi\u0107-Dan-pobjede-2016.-08429-640x427.jpg 640w, https:\/\/likemetkovic.hr\/portal\/wp-content\/uploads\/2016\/08\/Gradska-glazba-Metkovi\u0107-Dan-pobjede-2016.-08429-696x464.jpg 696w, https:\/\/likemetkovic.hr\/portal\/wp-content\/uploads\/2016\/08\/Gradska-glazba-Metkovi\u0107-Dan-pobjede-2016.-08429.jpg 900w\" sizes=\"(max-width: 630px) 100vw, 630px\" alt=\"\">\r\n                            <\/a>\r\n                            \r\n                        <\/figure>\r\n                    <\/div>\r\n                    <div class = \"td-slide-item td-item5\">\r\n                        <figure class=\"td-slide-galery-figure td-slide-popup-gallery\">\r\n                            <a class=\"slide-gallery-image-link\" href=\"https:\/\/likemetkovic.hr\/portal\/wp-content\/uploads\/2016\/08\/Gradska-glazba-Metkovi\u0107-Dan-pobjede-2016.-08432.jpg\" title=\"Gradska glazba Metkovi\u0107, Dan pobjede 2016.-08432\"  data-caption=\"\"  data-description=\"\">\r\n                                <img decoding=\"async\" src=\"https:\/\/likemetkovic.hr\/portal\/wp-content\/uploads\/2016\/08\/Gradska-glazba-Metkovi\u0107-Dan-pobjede-2016.-08432-630x420.jpg\" srcset=\"https:\/\/likemetkovic.hr\/portal\/wp-content\/uploads\/2016\/08\/Gradska-glazba-Metkovi\u0107-Dan-pobjede-2016.-08432-630x420.jpg 630w, https:\/\/likemetkovic.hr\/portal\/wp-content\/uploads\/2016\/08\/Gradska-glazba-Metkovi\u0107-Dan-pobjede-2016.-08432-300x200.jpg 300w, https:\/\/likemetkovic.hr\/portal\/wp-content\/uploads\/2016\/08\/Gradska-glazba-Metkovi\u0107-Dan-pobjede-2016.-08432-768x512.jpg 768w, https:\/\/likemetkovic.hr\/portal\/wp-content\/uploads\/2016\/08\/Gradska-glazba-Metkovi\u0107-Dan-pobjede-2016.-08432-640x427.jpg 640w, https:\/\/likemetkovic.hr\/portal\/wp-content\/uploads\/2016\/08\/Gradska-glazba-Metkovi\u0107-Dan-pobjede-2016.-08432-696x464.jpg 696w, https:\/\/likemetkovic.hr\/portal\/wp-content\/uploads\/2016\/08\/Gradska-glazba-Metkovi\u0107-Dan-pobjede-2016.-08432.jpg 900w\" sizes=\"(max-width: 630px) 100vw, 630px\" alt=\"\">\r\n                            <\/a>\r\n                            \r\n                        <\/figure>\r\n                    <\/div>\r\n                    <div class = \"td-slide-item td-item6\">\r\n                        <figure class=\"td-slide-galery-figure td-slide-popup-gallery\">\r\n                            <a class=\"slide-gallery-image-link\" href=\"https:\/\/likemetkovic.hr\/portal\/wp-content\/uploads\/2016\/08\/Gradska-glazba-Metkovi\u0107-Dan-pobjede-2016.-08434.jpg\" title=\"Gradska glazba Metkovi\u0107, Dan pobjede 2016.-08434\"  data-caption=\"Foto: Zoran Mateljak\"  data-description=\"\">\r\n                                <img decoding=\"async\" src=\"https:\/\/likemetkovic.hr\/portal\/wp-content\/uploads\/2016\/08\/Gradska-glazba-Metkovi\u0107-Dan-pobjede-2016.-08434-630x420.jpg\" srcset=\"https:\/\/likemetkovic.hr\/portal\/wp-content\/uploads\/2016\/08\/Gradska-glazba-Metkovi\u0107-Dan-pobjede-2016.-08434-630x420.jpg 630w, https:\/\/likemetkovic.hr\/portal\/wp-content\/uploads\/2016\/08\/Gradska-glazba-Metkovi\u0107-Dan-pobjede-2016.-08434-300x200.jpg 300w, https:\/\/likemetkovic.hr\/portal\/wp-content\/uploads\/2016\/08\/Gradska-glazba-Metkovi\u0107-Dan-pobjede-2016.-08434-768x512.jpg 768w, https:\/\/likemetkovic.hr\/portal\/wp-content\/uploads\/2016\/08\/Gradska-glazba-Metkovi\u0107-Dan-pobjede-2016.-08434-640x427.jpg 640w, https:\/\/likemetkovic.hr\/portal\/wp-content\/uploads\/2016\/08\/Gradska-glazba-Metkovi\u0107-Dan-pobjede-2016.-08434-696x464.jpg 696w, https:\/\/likemetkovic.hr\/portal\/wp-content\/uploads\/2016\/08\/Gradska-glazba-Metkovi\u0107-Dan-pobjede-2016.-08434.jpg 900w\" sizes=\"(max-width: 630px) 100vw, 630px\" alt=\"\">\r\n                            <\/a>\r\n                            <figcaption class = \"td-slide-caption td-gallery-slide-content\"><div class = \"td-gallery-slide-copywrite\">Foto: Zoran Mateljak<\/div><\/figcaption>\r\n                        <\/figure>\r\n                    <\/div>\r\n                    <div class = \"td-slide-item td-item7\">\r\n                        <figure class=\"td-slide-galery-figure td-slide-popup-gallery\">\r\n                            <a class=\"slide-gallery-image-link\" href=\"https:\/\/likemetkovic.hr\/portal\/wp-content\/uploads\/2016\/08\/Gradska-glazba-Metkovi\u0107-Dan-pobjede-2016.-08437.jpg\" title=\"Gradska glazba Metkovi\u0107, Dan pobjede 2016.-08437\"  data-caption=\"Foto: Zoran Mateljak\"  data-description=\"\">\r\n                                <img decoding=\"async\" src=\"https:\/\/likemetkovic.hr\/portal\/wp-content\/uploads\/2016\/08\/Gradska-glazba-Metkovi\u0107-Dan-pobjede-2016.-08437-630x420.jpg\" srcset=\"https:\/\/likemetkovic.hr\/portal\/wp-content\/uploads\/2016\/08\/Gradska-glazba-Metkovi\u0107-Dan-pobjede-2016.-08437-630x420.jpg 630w, https:\/\/likemetkovic.hr\/portal\/wp-content\/uploads\/2016\/08\/Gradska-glazba-Metkovi\u0107-Dan-pobjede-2016.-08437-300x200.jpg 300w, https:\/\/likemetkovic.hr\/portal\/wp-content\/uploads\/2016\/08\/Gradska-glazba-Metkovi\u0107-Dan-pobjede-2016.-08437-768x512.jpg 768w, https:\/\/likemetkovic.hr\/portal\/wp-content\/uploads\/2016\/08\/Gradska-glazba-Metkovi\u0107-Dan-pobjede-2016.-08437-640x427.jpg 640w, https:\/\/likemetkovic.hr\/portal\/wp-content\/uploads\/2016\/08\/Gradska-glazba-Metkovi\u0107-Dan-pobjede-2016.-08437-696x464.jpg 696w, https:\/\/likemetkovic.hr\/portal\/wp-content\/uploads\/2016\/08\/Gradska-glazba-Metkovi\u0107-Dan-pobjede-2016.-08437.jpg 900w\" sizes=\"(max-width: 630px) 100vw, 630px\" alt=\"\">\r\n                            <\/a>\r\n                            <figcaption class = \"td-slide-caption td-gallery-slide-content\"><div class = \"td-gallery-slide-copywrite\">Foto: Zoran Mateljak<\/div><\/figcaption>\r\n                        <\/figure>\r\n                    <\/div>\r\n                    <div class = \"td-slide-item td-item8\">\r\n                        <figure class=\"td-slide-galery-figure td-slide-popup-gallery\">\r\n                            <a class=\"slide-gallery-image-link\" href=\"https:\/\/likemetkovic.hr\/portal\/wp-content\/uploads\/2016\/08\/Gradska-glazba-Metkovi\u0107-Dan-pobjede-2016.-08439.jpg\" title=\"Gradska glazba Metkovi\u0107, Dan pobjede 2016.-08439\"  data-caption=\"Foto: Zoran Mateljak\"  data-description=\"\">\r\n                                <img decoding=\"async\" src=\"https:\/\/likemetkovic.hr\/portal\/wp-content\/uploads\/2016\/08\/Gradska-glazba-Metkovi\u0107-Dan-pobjede-2016.-08439-630x420.jpg\" srcset=\"https:\/\/likemetkovic.hr\/portal\/wp-content\/uploads\/2016\/08\/Gradska-glazba-Metkovi\u0107-Dan-pobjede-2016.-08439-630x420.jpg 630w, https:\/\/likemetkovic.hr\/portal\/wp-content\/uploads\/2016\/08\/Gradska-glazba-Metkovi\u0107-Dan-pobjede-2016.-08439-300x200.jpg 300w, https:\/\/likemetkovic.hr\/portal\/wp-content\/uploads\/2016\/08\/Gradska-glazba-Metkovi\u0107-Dan-pobjede-2016.-08439-768x512.jpg 768w, https:\/\/likemetkovic.hr\/portal\/wp-content\/uploads\/2016\/08\/Gradska-glazba-Metkovi\u0107-Dan-pobjede-2016.-08439-640x427.jpg 640w, https:\/\/likemetkovic.hr\/portal\/wp-content\/uploads\/2016\/08\/Gradska-glazba-Metkovi\u0107-Dan-pobjede-2016.-08439-696x464.jpg 696w, https:\/\/likemetkovic.hr\/portal\/wp-content\/uploads\/2016\/08\/Gradska-glazba-Metkovi\u0107-Dan-pobjede-2016.-08439.jpg 900w\" sizes=\"(max-width: 630px) 100vw, 630px\" alt=\"\">\r\n                            <\/a>\r\n                            <figcaption class = \"td-slide-caption td-gallery-slide-content\"><div class = \"td-gallery-slide-copywrite\">Foto: Zoran Mateljak<\/div><\/figcaption>\r\n                        <\/figure>\r\n                    <\/div>\r\n                    <div class = \"td-slide-item td-item9\">\r\n                        <figure class=\"td-slide-galery-figure td-slide-popup-gallery\">\r\n                            <a class=\"slide-gallery-image-link\" href=\"https:\/\/likemetkovic.hr\/portal\/wp-content\/uploads\/2016\/08\/Gradska-glazba-Metkovi\u0107-Dan-pobjede-2016.-08441.jpg\" title=\"Gradska glazba Metkovi\u0107, Dan pobjede 2016.-08441\"  data-caption=\"Foto: Zoran Mateljak\"  data-description=\"\">\r\n                                <img decoding=\"async\" src=\"https:\/\/likemetkovic.hr\/portal\/wp-content\/uploads\/2016\/08\/Gradska-glazba-Metkovi\u0107-Dan-pobjede-2016.-08441-630x420.jpg\" srcset=\"https:\/\/likemetkovic.hr\/portal\/wp-content\/uploads\/2016\/08\/Gradska-glazba-Metkovi\u0107-Dan-pobjede-2016.-08441-630x420.jpg 630w, https:\/\/likemetkovic.hr\/portal\/wp-content\/uploads\/2016\/08\/Gradska-glazba-Metkovi\u0107-Dan-pobjede-2016.-08441-300x200.jpg 300w, https:\/\/likemetkovic.hr\/portal\/wp-content\/uploads\/2016\/08\/Gradska-glazba-Metkovi\u0107-Dan-pobjede-2016.-08441-768x512.jpg 768w, https:\/\/likemetkovic.hr\/portal\/wp-content\/uploads\/2016\/08\/Gradska-glazba-Metkovi\u0107-Dan-pobjede-2016.-08441-640x427.jpg 640w, https:\/\/likemetkovic.hr\/portal\/wp-content\/uploads\/2016\/08\/Gradska-glazba-Metkovi\u0107-Dan-pobjede-2016.-08441-696x464.jpg 696w, https:\/\/likemetkovic.hr\/portal\/wp-content\/uploads\/2016\/08\/Gradska-glazba-Metkovi\u0107-Dan-pobjede-2016.-08441.jpg 900w\" sizes=\"(max-width: 630px) 100vw, 630px\" alt=\"\">\r\n                            <\/a>\r\n                            <figcaption class = \"td-slide-caption td-gallery-slide-content\"><div class = \"td-gallery-slide-copywrite\">Foto: Zoran Mateljak<\/div><\/figcaption>\r\n                        <\/figure>\r\n                    <\/div>\r\n                    <div class = \"td-slide-item td-item10\">\r\n                        <figure class=\"td-slide-galery-figure td-slide-popup-gallery\">\r\n                            <a class=\"slide-gallery-image-link\" href=\"https:\/\/likemetkovic.hr\/portal\/wp-content\/uploads\/2016\/08\/Gradska-glazba-Metkovi\u0107-Dan-pobjede-2016.-08445.jpg\" title=\"Gradska glazba Metkovi\u0107, Dan pobjede 2016.-08445\"  data-caption=\"Foto: Zoran Mateljak\"  data-description=\"\">\r\n                                <img decoding=\"async\" src=\"https:\/\/likemetkovic.hr\/portal\/wp-content\/uploads\/2016\/08\/Gradska-glazba-Metkovi\u0107-Dan-pobjede-2016.-08445-630x420.jpg\" srcset=\"https:\/\/likemetkovic.hr\/portal\/wp-content\/uploads\/2016\/08\/Gradska-glazba-Metkovi\u0107-Dan-pobjede-2016.-08445-630x420.jpg 630w, https:\/\/likemetkovic.hr\/portal\/wp-content\/uploads\/2016\/08\/Gradska-glazba-Metkovi\u0107-Dan-pobjede-2016.-08445-300x200.jpg 300w, https:\/\/likemetkovic.hr\/portal\/wp-content\/uploads\/2016\/08\/Gradska-glazba-Metkovi\u0107-Dan-pobjede-2016.-08445-768x512.jpg 768w, https:\/\/likemetkovic.hr\/portal\/wp-content\/uploads\/2016\/08\/Gradska-glazba-Metkovi\u0107-Dan-pobjede-2016.-08445-640x427.jpg 640w, https:\/\/likemetkovic.hr\/portal\/wp-content\/uploads\/2016\/08\/Gradska-glazba-Metkovi\u0107-Dan-pobjede-2016.-08445-696x464.jpg 696w, https:\/\/likemetkovic.hr\/portal\/wp-content\/uploads\/2016\/08\/Gradska-glazba-Metkovi\u0107-Dan-pobjede-2016.-08445.jpg 900w\" sizes=\"(max-width: 630px) 100vw, 630px\" alt=\"\">\r\n                            <\/a>\r\n                            <figcaption class = \"td-slide-caption td-gallery-slide-content\"><div class = \"td-gallery-slide-copywrite\">Foto: Zoran Mateljak<\/div><\/figcaption>\r\n                        <\/figure>\r\n                    <\/div>\r\n                    <div class = \"td-slide-item td-item11\">\r\n                        <figure class=\"td-slide-galery-figure td-slide-popup-gallery\">\r\n                            <a class=\"slide-gallery-image-link\" href=\"https:\/\/likemetkovic.hr\/portal\/wp-content\/uploads\/2016\/08\/Gradska-glazba-Metkovi\u0107-Dan-pobjede-2016.-08446.jpg\" title=\"Gradska glazba Metkovi\u0107, Dan pobjede 2016.-08446\"  data-caption=\"Foto: Zoran Mateljak\"  data-description=\"\">\r\n                                <img decoding=\"async\" src=\"https:\/\/likemetkovic.hr\/portal\/wp-content\/uploads\/2016\/08\/Gradska-glazba-Metkovi\u0107-Dan-pobjede-2016.-08446-630x420.jpg\" srcset=\"https:\/\/likemetkovic.hr\/portal\/wp-content\/uploads\/2016\/08\/Gradska-glazba-Metkovi\u0107-Dan-pobjede-2016.-08446-630x420.jpg 630w, https:\/\/likemetkovic.hr\/portal\/wp-content\/uploads\/2016\/08\/Gradska-glazba-Metkovi\u0107-Dan-pobjede-2016.-08446-300x200.jpg 300w, https:\/\/likemetkovic.hr\/portal\/wp-content\/uploads\/2016\/08\/Gradska-glazba-Metkovi\u0107-Dan-pobjede-2016.-08446-768x512.jpg 768w, https:\/\/likemetkovic.hr\/portal\/wp-content\/uploads\/2016\/08\/Gradska-glazba-Metkovi\u0107-Dan-pobjede-2016.-08446-640x427.jpg 640w, https:\/\/likemetkovic.hr\/portal\/wp-content\/uploads\/2016\/08\/Gradska-glazba-Metkovi\u0107-Dan-pobjede-2016.-08446-696x464.jpg 696w, https:\/\/likemetkovic.hr\/portal\/wp-content\/uploads\/2016\/08\/Gradska-glazba-Metkovi\u0107-Dan-pobjede-2016.-08446.jpg 900w\" sizes=\"(max-width: 630px) 100vw, 630px\" alt=\"\">\r\n                            <\/a>\r\n                            <figcaption class = \"td-slide-caption td-gallery-slide-content\"><div class = \"td-gallery-slide-copywrite\">Foto: Zoran Mateljak<\/div><\/figcaption>\r\n                        <\/figure>\r\n                    <\/div>\r\n                    <div class = \"td-slide-item td-item12\">\r\n                        <figure class=\"td-slide-galery-figure td-slide-popup-gallery\">\r\n                            <a class=\"slide-gallery-image-link\" href=\"https:\/\/likemetkovic.hr\/portal\/wp-content\/uploads\/2016\/08\/Gradska-glazba-Metkovi\u0107-Dan-pobjede-2016.-08449.jpg\" title=\"Gradska glazba Metkovi\u0107, Dan pobjede 2016.-08449\"  data-caption=\"Foto: Zoran Mateljak\"  data-description=\"\">\r\n                                <img decoding=\"async\" src=\"https:\/\/likemetkovic.hr\/portal\/wp-content\/uploads\/2016\/08\/Gradska-glazba-Metkovi\u0107-Dan-pobjede-2016.-08449-630x420.jpg\" srcset=\"https:\/\/likemetkovic.hr\/portal\/wp-content\/uploads\/2016\/08\/Gradska-glazba-Metkovi\u0107-Dan-pobjede-2016.-08449-630x420.jpg 630w, https:\/\/likemetkovic.hr\/portal\/wp-content\/uploads\/2016\/08\/Gradska-glazba-Metkovi\u0107-Dan-pobjede-2016.-08449-300x200.jpg 300w, https:\/\/likemetkovic.hr\/portal\/wp-content\/uploads\/2016\/08\/Gradska-glazba-Metkovi\u0107-Dan-pobjede-2016.-08449-768x512.jpg 768w, https:\/\/likemetkovic.hr\/portal\/wp-content\/uploads\/2016\/08\/Gradska-glazba-Metkovi\u0107-Dan-pobjede-2016.-08449-640x427.jpg 640w, https:\/\/likemetkovic.hr\/portal\/wp-content\/uploads\/2016\/08\/Gradska-glazba-Metkovi\u0107-Dan-pobjede-2016.-08449-696x464.jpg 696w, https:\/\/likemetkovic.hr\/portal\/wp-content\/uploads\/2016\/08\/Gradska-glazba-Metkovi\u0107-Dan-pobjede-2016.-08449.jpg 900w\" sizes=\"(max-width: 630px) 100vw, 630px\" alt=\"\">\r\n                            <\/a>\r\n                            <figcaption class = \"td-slide-caption td-gallery-slide-content\"><div class = \"td-gallery-slide-copywrite\">Foto: Zoran Mateljak<\/div><\/figcaption>\r\n                        <\/figure>\r\n                    <\/div>\r\n                    <div class = \"td-slide-item td-item13\">\r\n                        <figure class=\"td-slide-galery-figure td-slide-popup-gallery\">\r\n                            <a class=\"slide-gallery-image-link\" href=\"https:\/\/likemetkovic.hr\/portal\/wp-content\/uploads\/2016\/08\/Gradska-glazba-Metkovi\u0107-Dan-pobjede-2016.-08450.jpg\" title=\"Gradska glazba Metkovi\u0107, Dan pobjede 2016.-08450\"  data-caption=\"Foto: Zoran Mateljak\"  data-description=\"\">\r\n                                <img decoding=\"async\" src=\"https:\/\/likemetkovic.hr\/portal\/wp-content\/uploads\/2016\/08\/Gradska-glazba-Metkovi\u0107-Dan-pobjede-2016.-08450-630x420.jpg\" srcset=\"https:\/\/likemetkovic.hr\/portal\/wp-content\/uploads\/2016\/08\/Gradska-glazba-Metkovi\u0107-Dan-pobjede-2016.-08450-630x420.jpg 630w, https:\/\/likemetkovic.hr\/portal\/wp-content\/uploads\/2016\/08\/Gradska-glazba-Metkovi\u0107-Dan-pobjede-2016.-08450-300x200.jpg 300w, https:\/\/likemetkovic.hr\/portal\/wp-content\/uploads\/2016\/08\/Gradska-glazba-Metkovi\u0107-Dan-pobjede-2016.-08450-768x512.jpg 768w, https:\/\/likemetkovic.hr\/portal\/wp-content\/uploads\/2016\/08\/Gradska-glazba-Metkovi\u0107-Dan-pobjede-2016.-08450-640x427.jpg 640w, https:\/\/likemetkovic.hr\/portal\/wp-content\/uploads\/2016\/08\/Gradska-glazba-Metkovi\u0107-Dan-pobjede-2016.-08450-696x464.jpg 696w, https:\/\/likemetkovic.hr\/portal\/wp-content\/uploads\/2016\/08\/Gradska-glazba-Metkovi\u0107-Dan-pobjede-2016.-08450.jpg 900w\" sizes=\"(max-width: 630px) 100vw, 630px\" alt=\"\">\r\n                            <\/a>\r\n                            <figcaption class = \"td-slide-caption td-gallery-slide-content\"><div class = \"td-gallery-slide-copywrite\">Foto: Zoran Mateljak<\/div><\/figcaption>\r\n                        <\/figure>\r\n                    <\/div>\r\n                    <div class = \"td-slide-item td-item14\">\r\n                        <figure class=\"td-slide-galery-figure td-slide-popup-gallery\">\r\n                            <a class=\"slide-gallery-image-link\" href=\"https:\/\/likemetkovic.hr\/portal\/wp-content\/uploads\/2016\/08\/Gradska-glazba-Metkovi\u0107-Dan-pobjede-2016.-08453.jpg\" title=\"Gradska glazba Metkovi\u0107, Dan pobjede 2016.-08453\"  data-caption=\"Foto: Zoran Mateljak\"  data-description=\"\">\r\n                                <img decoding=\"async\" src=\"https:\/\/likemetkovic.hr\/portal\/wp-content\/uploads\/2016\/08\/Gradska-glazba-Metkovi\u0107-Dan-pobjede-2016.-08453-630x420.jpg\" srcset=\"https:\/\/likemetkovic.hr\/portal\/wp-content\/uploads\/2016\/08\/Gradska-glazba-Metkovi\u0107-Dan-pobjede-2016.-08453-630x420.jpg 630w, https:\/\/likemetkovic.hr\/portal\/wp-content\/uploads\/2016\/08\/Gradska-glazba-Metkovi\u0107-Dan-pobjede-2016.-08453-300x200.jpg 300w, https:\/\/likemetkovic.hr\/portal\/wp-content\/uploads\/2016\/08\/Gradska-glazba-Metkovi\u0107-Dan-pobjede-2016.-08453-768x512.jpg 768w, https:\/\/likemetkovic.hr\/portal\/wp-content\/uploads\/2016\/08\/Gradska-glazba-Metkovi\u0107-Dan-pobjede-2016.-08453-640x427.jpg 640w, https:\/\/likemetkovic.hr\/portal\/wp-content\/uploads\/2016\/08\/Gradska-glazba-Metkovi\u0107-Dan-pobjede-2016.-08453-696x464.jpg 696w, https:\/\/likemetkovic.hr\/portal\/wp-content\/uploads\/2016\/08\/Gradska-glazba-Metkovi\u0107-Dan-pobjede-2016.-08453.jpg 900w\" sizes=\"(max-width: 630px) 100vw, 630px\" alt=\"\">\r\n                            <\/a>\r\n                            <figcaption class = \"td-slide-caption td-gallery-slide-content\"><div class = \"td-gallery-slide-copywrite\">Foto: Zoran Mateljak<\/div><\/figcaption>\r\n                        <\/figure>\r\n                    <\/div>\r\n                    <div class = \"td-slide-item td-item15\">\r\n                        <figure class=\"td-slide-galery-figure td-slide-popup-gallery\">\r\n                            <a class=\"slide-gallery-image-link\" href=\"https:\/\/likemetkovic.hr\/portal\/wp-content\/uploads\/2016\/08\/Gradska-glazba-Metkovi\u0107-Dan-pobjede-2016.-08454.jpg\" title=\"Gradska glazba Metkovi\u0107, Dan pobjede 2016.-08454\"  data-caption=\"Foto: Zoran Mateljak\"  data-description=\"\">\r\n                                <img decoding=\"async\" src=\"https:\/\/likemetkovic.hr\/portal\/wp-content\/uploads\/2016\/08\/Gradska-glazba-Metkovi\u0107-Dan-pobjede-2016.-08454-630x420.jpg\" srcset=\"https:\/\/likemetkovic.hr\/portal\/wp-content\/uploads\/2016\/08\/Gradska-glazba-Metkovi\u0107-Dan-pobjede-2016.-08454-630x420.jpg 630w, https:\/\/likemetkovic.hr\/portal\/wp-content\/uploads\/2016\/08\/Gradska-glazba-Metkovi\u0107-Dan-pobjede-2016.-08454-300x200.jpg 300w, https:\/\/likemetkovic.hr\/portal\/wp-content\/uploads\/2016\/08\/Gradska-glazba-Metkovi\u0107-Dan-pobjede-2016.-08454-768x512.jpg 768w, https:\/\/likemetkovic.hr\/portal\/wp-content\/uploads\/2016\/08\/Gradska-glazba-Metkovi\u0107-Dan-pobjede-2016.-08454-640x427.jpg 640w, https:\/\/likemetkovic.hr\/portal\/wp-content\/uploads\/2016\/08\/Gradska-glazba-Metkovi\u0107-Dan-pobjede-2016.-08454-696x464.jpg 696w, https:\/\/likemetkovic.hr\/portal\/wp-content\/uploads\/2016\/08\/Gradska-glazba-Metkovi\u0107-Dan-pobjede-2016.-08454.jpg 900w\" sizes=\"(max-width: 630px) 100vw, 630px\" alt=\"\">\r\n                            <\/a>\r\n                            <figcaption class = \"td-slide-caption td-gallery-slide-content\"><div class = \"td-gallery-slide-copywrite\">Foto: Zoran Mateljak<\/div><\/figcaption>\r\n                        <\/figure>\r\n                    <\/div>\r\n                    <div class = \"td-slide-item td-item16\">\r\n                        <figure class=\"td-slide-galery-figure td-slide-popup-gallery\">\r\n                            <a class=\"slide-gallery-image-link\" href=\"https:\/\/likemetkovic.hr\/portal\/wp-content\/uploads\/2016\/08\/Gradska-glazba-Metkovi\u0107-Dan-pobjede-2016.-08457.jpg\" title=\"Gradska glazba Metkovi\u0107, Dan pobjede 2016.-08457\"  data-caption=\"Foto: Zoran Mateljak\"  data-description=\"\">\r\n                                <img decoding=\"async\" src=\"https:\/\/likemetkovic.hr\/portal\/wp-content\/uploads\/2016\/08\/Gradska-glazba-Metkovi\u0107-Dan-pobjede-2016.-08457-280x420.jpg\" srcset=\"https:\/\/likemetkovic.hr\/portal\/wp-content\/uploads\/2016\/08\/Gradska-glazba-Metkovi\u0107-Dan-pobjede-2016.-08457-280x420.jpg 280w, https:\/\/likemetkovic.hr\/portal\/wp-content\/uploads\/2016\/08\/Gradska-glazba-Metkovi\u0107-Dan-pobjede-2016.-08457-200x300.jpg 200w, https:\/\/likemetkovic.hr\/portal\/wp-content\/uploads\/2016\/08\/Gradska-glazba-Metkovi\u0107-Dan-pobjede-2016.-08457-427x640.jpg 427w, https:\/\/likemetkovic.hr\/portal\/wp-content\/uploads\/2016\/08\/Gradska-glazba-Metkovi\u0107-Dan-pobjede-2016.-08457.jpg 600w\" sizes=\"(max-width: 280px) 100vw, 280px\" alt=\"\">\r\n                            <\/a>\r\n                            <figcaption class = \"td-slide-caption td-gallery-slide-content\"><div class = \"td-gallery-slide-copywrite\">Foto: Zoran Mateljak<\/div><\/figcaption>\r\n                        <\/figure>\r\n                    <\/div>\r\n                            <\/div>\r\n                        <\/div>\r\n\r\n                        <div class = \"td-doubleSlider-2\">\r\n                            <div class = \"td-slider\">\r\n                                \r\n                    <div class = \"td-button td-item1\">\r\n                        <div class = \"td-border\"><\/div>\r\n                    <\/div>\r\n                    <div class = \"td-button td-item2\">\r\n                        <div class = \"td-border\"><\/div>\r\n                    <\/div>\r\n                    <div class = \"td-button td-item3\">\r\n                        <div class = \"td-border\"><\/div>\r\n                    <\/div>\r\n                    <div class = \"td-button td-item4\">\r\n                        <div class = \"td-border\"><\/div>\r\n                    <\/div>\r\n                    <div class = \"td-button td-item5\">\r\n                        <div class = \"td-border\"><\/div>\r\n                    <\/div>\r\n                    <div class = \"td-button td-item6\">\r\n                        <div class = \"td-border\"><\/div>\r\n                    <\/div>\r\n                    <div class = \"td-button td-item7\">\r\n                        <div class = \"td-border\"><\/div>\r\n                    <\/div>\r\n                    <div class = \"td-button td-item8\">\r\n                        <div class = \"td-border\"><\/div>\r\n                    <\/div>\r\n                    <div class = \"td-button td-item9\">\r\n                        <div class = \"td-border\"><\/div>\r\n                    <\/div>\r\n                    <div class = \"td-button td-item10\">\r\n                        <div class = \"td-border\"><\/div>\r\n                    <\/div>\r\n                    <div class = \"td-button td-item11\">\r\n                        <div class = \"td-border\"><\/div>\r\n                    <\/div>\r\n                    <div class = \"td-button td-item12\">\r\n                        <div class = \"td-border\"><\/div>\r\n                    <\/div>\r\n                    <div class = \"td-button td-item13\">\r\n                        <div class = \"td-border\"><\/div>\r\n                    <\/div>\r\n                    <div class = \"td-button td-item14\">\r\n                        <div class = \"td-border\"><\/div>\r\n                    <\/div>\r\n                    <div class = \"td-button td-item15\">\r\n                        <div class = \"td-border\"><\/div>\r\n                    <\/div>\r\n                    <div class = \"td-button td-item16\">\r\n                        <div class = \"td-border\"><\/div>\r\n                    <\/div>\r\n                            <\/div>\r\n                        <\/div>\r\n\r\n                    <\/div>\r\n\r\n                <\/div>\r\n                \n","protected":false},"excerpt":{"rendered":"<p>Jutros je Gradska glazba Metkovi\u0107 pod ravnanjem kapelnika Stipana Krmi\u0107a mimohodom gradskim ulicama grada obilje\u017eila\u00a0Dan pobjede i domovinske zahvalnosti i \u00a0i Dan hrvatskih branitelja. Mimohod je zavr\u0161io na Trgu kralja Tomislava, na kojemu je Gradska glazba\u00a0odsvirala jo\u0161 nekoliko kora\u010dnica.<\/p>\n","protected":false},"author":7,"featured_media":24943,"comment_status":"open","ping_status":"open","sticky":false,"template":"","format":"standard","meta":{"footnotes":""},"categories":[283,11],"tags":[],"class_list":{"0":"post-24935","1":"post","2":"type-post","3":"status-publish","4":"format-standard","5":"has-post-thumbnail","7":"category-a","8":"category-metkovic-dolina"},"yoast_head":"<!-- This site is optimized with the Yoast SEO plugin v25.2 - https:\/\/yoast.com\/wordpress\/plugins\/seo\/ -->\n<title>Mimohod Gradske glazbe povodom Dana domovinske zahvalnosti - likemetkovic.hr<\/title>\n<meta name=\"robots\" content=\"index, follow, max-snippet:-1, max-image-preview:large, max-video-preview:-1\" \/>\n<link rel=\"canonical\" href=\"https:\/\/likemetkovic.hr\/mimohod-gradske-glazbe-povodom-dana-domovinske-zahvalnosti\/\" \/>\n<meta property=\"og:locale\" content=\"hr_HR\" \/>\n<meta property=\"og:type\" content=\"article\" \/>\n<meta property=\"og:title\" content=\"Mimohod Gradske glazbe povodom Dana domovinske zahvalnosti - likemetkovic.hr\" \/>\n<meta property=\"og:description\" content=\"Jutros je Gradska glazba Metkovi\u0107 pod ravnanjem kapelnika Stipana Krmi\u0107a mimohodom gradskim ulicama grada obilje\u017eila\u00a0Dan pobjede i domovinske zahvalnosti i \u00a0i Dan hrvatskih branitelja. Mimohod je zavr\u0161io na Trgu kralja Tomislava, na kojemu je Gradska glazba\u00a0odsvirala jo\u0161 nekoliko kora\u010dnica.\" \/>\n<meta property=\"og:url\" content=\"https:\/\/likemetkovic.hr\/mimohod-gradske-glazbe-povodom-dana-domovinske-zahvalnosti\/\" \/>\n<meta property=\"og:site_name\" content=\"likemetkovic.hr\" \/>\n<meta property=\"article:publisher\" content=\"https:\/\/www.facebook.com\/likemetkovic.hr\/\" \/>\n<meta property=\"article:published_time\" content=\"2016-08-05T13:19:38+00:00\" \/>\n<meta property=\"og:image\" content=\"https:\/\/likemetkovic.hr\/wp-content\/uploads\/2016\/08\/Gradska-glazba-Metkovi\u0107-Dan-pobjede-2016.-08439.jpg\" \/>\n\t<meta property=\"og:image:width\" content=\"900\" \/>\n\t<meta property=\"og:image:height\" content=\"600\" \/>\n\t<meta property=\"og:image:type\" content=\"image\/jpeg\" \/>\n<meta name=\"author\" content=\"LIKEmetkovic.hr\" \/>\n<meta name=\"twitter:card\" content=\"summary_large_image\" \/>\n<meta name=\"twitter:label1\" content=\"Napisao\/la\" \/>\n\t<meta name=\"twitter:data1\" content=\"LIKEmetkovic.hr\" \/>\n<script type=\"application\/ld+json\" class=\"yoast-schema-graph\">{\"@context\":\"https:\/\/schema.org\",\"@graph\":[{\"@type\":\"WebPage\",\"@id\":\"https:\/\/likemetkovic.hr\/mimohod-gradske-glazbe-povodom-dana-domovinske-zahvalnosti\/\",\"url\":\"https:\/\/likemetkovic.hr\/mimohod-gradske-glazbe-povodom-dana-domovinske-zahvalnosti\/\",\"name\":\"Mimohod Gradske glazbe povodom Dana domovinske zahvalnosti - likemetkovic.hr\",\"isPartOf\":{\"@id\":\"https:\/\/likemetkovic.hr\/#website\"},\"primaryImageOfPage\":{\"@id\":\"https:\/\/likemetkovic.hr\/mimohod-gradske-glazbe-povodom-dana-domovinske-zahvalnosti\/#primaryimage\"},\"image\":{\"@id\":\"https:\/\/likemetkovic.hr\/mimohod-gradske-glazbe-povodom-dana-domovinske-zahvalnosti\/#primaryimage\"},\"thumbnailUrl\":\"https:\/\/likemetkovic.hr\/portal\/wp-content\/uploads\/2016\/08\/Gradska-glazba-Metkovi\u0107-Dan-pobjede-2016.-08439.jpg\",\"datePublished\":\"2016-08-05T13:19:38+00:00\",\"author\":{\"@id\":\"https:\/\/likemetkovic.hr\/#\/schema\/person\/a42711f3385a0e2be6f7e0443bfb28f0\"},\"breadcrumb\":{\"@id\":\"https:\/\/likemetkovic.hr\/mimohod-gradske-glazbe-povodom-dana-domovinske-zahvalnosti\/#breadcrumb\"},\"inLanguage\":\"hr\",\"potentialAction\":[{\"@type\":\"ReadAction\",\"target\":[\"https:\/\/likemetkovic.hr\/mimohod-gradske-glazbe-povodom-dana-domovinske-zahvalnosti\/\"]}]},{\"@type\":\"ImageObject\",\"inLanguage\":\"hr\",\"@id\":\"https:\/\/likemetkovic.hr\/mimohod-gradske-glazbe-povodom-dana-domovinske-zahvalnosti\/#primaryimage\",\"url\":\"https:\/\/likemetkovic.hr\/portal\/wp-content\/uploads\/2016\/08\/Gradska-glazba-Metkovi\u0107-Dan-pobjede-2016.-08439.jpg\",\"contentUrl\":\"https:\/\/likemetkovic.hr\/portal\/wp-content\/uploads\/2016\/08\/Gradska-glazba-Metkovi\u0107-Dan-pobjede-2016.-08439.jpg\",\"width\":900,\"height\":600,\"caption\":\"Foto: Zoran Mateljak\"},{\"@type\":\"BreadcrumbList\",\"@id\":\"https:\/\/likemetkovic.hr\/mimohod-gradske-glazbe-povodom-dana-domovinske-zahvalnosti\/#breadcrumb\",\"itemListElement\":[{\"@type\":\"ListItem\",\"position\":1,\"name\":\"Po\u010detna stranica\",\"item\":\"https:\/\/likemetkovic.hr\/portal\/\"},{\"@type\":\"ListItem\",\"position\":2,\"name\":\"Mimohod Gradske glazbe povodom Dana domovinske zahvalnosti\"}]},{\"@type\":\"WebSite\",\"@id\":\"https:\/\/likemetkovic.hr\/#website\",\"url\":\"https:\/\/likemetkovic.hr\/\",\"name\":\"likemetkovic.hr\",\"description\":\"Misli pozitivno... \u010ditaj LIKE\",\"potentialAction\":[{\"@type\":\"SearchAction\",\"target\":{\"@type\":\"EntryPoint\",\"urlTemplate\":\"https:\/\/likemetkovic.hr\/?s={search_term_string}\"},\"query-input\":{\"@type\":\"PropertyValueSpecification\",\"valueRequired\":true,\"valueName\":\"search_term_string\"}}],\"inLanguage\":\"hr\"},{\"@type\":\"Person\",\"@id\":\"https:\/\/likemetkovic.hr\/#\/schema\/person\/a42711f3385a0e2be6f7e0443bfb28f0\",\"name\":\"LIKEmetkovic.hr\",\"sameAs\":[\"http:\/\/likemetkovic.hr\"],\"url\":\"https:\/\/likemetkovic.hr\/portal\/author\/likemetkovic-hr\/\"}]}<\/script>\n<!-- \/ Yoast SEO plugin. -->","yoast_head_json":{"title":"Mimohod Gradske glazbe povodom Dana domovinske zahvalnosti - likemetkovic.hr","robots":{"index":"index","follow":"follow","max-snippet":"max-snippet:-1","max-image-preview":"max-image-preview:large","max-video-preview":"max-video-preview:-1"},"canonical":"https:\/\/likemetkovic.hr\/mimohod-gradske-glazbe-povodom-dana-domovinske-zahvalnosti\/","og_locale":"hr_HR","og_type":"article","og_title":"Mimohod Gradske glazbe povodom Dana domovinske zahvalnosti - likemetkovic.hr","og_description":"Jutros je Gradska glazba Metkovi\u0107 pod ravnanjem kapelnika Stipana Krmi\u0107a mimohodom gradskim ulicama grada obilje\u017eila\u00a0Dan pobjede i domovinske zahvalnosti i \u00a0i Dan hrvatskih branitelja. Mimohod je zavr\u0161io na Trgu kralja Tomislava, na kojemu je Gradska glazba\u00a0odsvirala jo\u0161 nekoliko kora\u010dnica.","og_url":"https:\/\/likemetkovic.hr\/mimohod-gradske-glazbe-povodom-dana-domovinske-zahvalnosti\/","og_site_name":"likemetkovic.hr","article_publisher":"https:\/\/www.facebook.com\/likemetkovic.hr\/","article_published_time":"2016-08-05T13:19:38+00:00","og_image":[{"width":900,"height":600,"url":"https:\/\/likemetkovic.hr\/wp-content\/uploads\/2016\/08\/Gradska-glazba-Metkovi\u0107-Dan-pobjede-2016.-08439.jpg","type":"image\/jpeg"}],"author":"LIKEmetkovic.hr","twitter_card":"summary_large_image","twitter_misc":{"Napisao\/la":"LIKEmetkovic.hr"},"schema":{"@context":"https:\/\/schema.org","@graph":[{"@type":"WebPage","@id":"https:\/\/likemetkovic.hr\/mimohod-gradske-glazbe-povodom-dana-domovinske-zahvalnosti\/","url":"https:\/\/likemetkovic.hr\/mimohod-gradske-glazbe-povodom-dana-domovinske-zahvalnosti\/","name":"Mimohod Gradske glazbe povodom Dana domovinske zahvalnosti - likemetkovic.hr","isPartOf":{"@id":"https:\/\/likemetkovic.hr\/#website"},"primaryImageOfPage":{"@id":"https:\/\/likemetkovic.hr\/mimohod-gradske-glazbe-povodom-dana-domovinske-zahvalnosti\/#primaryimage"},"image":{"@id":"https:\/\/likemetkovic.hr\/mimohod-gradske-glazbe-povodom-dana-domovinske-zahvalnosti\/#primaryimage"},"thumbnailUrl":"https:\/\/likemetkovic.hr\/portal\/wp-content\/uploads\/2016\/08\/Gradska-glazba-Metkovi\u0107-Dan-pobjede-2016.-08439.jpg","datePublished":"2016-08-05T13:19:38+00:00","author":{"@id":"https:\/\/likemetkovic.hr\/#\/schema\/person\/a42711f3385a0e2be6f7e0443bfb28f0"},"breadcrumb":{"@id":"https:\/\/likemetkovic.hr\/mimohod-gradske-glazbe-povodom-dana-domovinske-zahvalnosti\/#breadcrumb"},"inLanguage":"hr","potentialAction":[{"@type":"ReadAction","target":["https:\/\/likemetkovic.hr\/mimohod-gradske-glazbe-povodom-dana-domovinske-zahvalnosti\/"]}]},{"@type":"ImageObject","inLanguage":"hr","@id":"https:\/\/likemetkovic.hr\/mimohod-gradske-glazbe-povodom-dana-domovinske-zahvalnosti\/#primaryimage","url":"https:\/\/likemetkovic.hr\/portal\/wp-content\/uploads\/2016\/08\/Gradska-glazba-Metkovi\u0107-Dan-pobjede-2016.-08439.jpg","contentUrl":"https:\/\/likemetkovic.hr\/portal\/wp-content\/uploads\/2016\/08\/Gradska-glazba-Metkovi\u0107-Dan-pobjede-2016.-08439.jpg","width":900,"height":600,"caption":"Foto: Zoran Mateljak"},{"@type":"BreadcrumbList","@id":"https:\/\/likemetkovic.hr\/mimohod-gradske-glazbe-povodom-dana-domovinske-zahvalnosti\/#breadcrumb","itemListElement":[{"@type":"ListItem","position":1,"name":"Po\u010detna stranica","item":"https:\/\/likemetkovic.hr\/portal\/"},{"@type":"ListItem","position":2,"name":"Mimohod Gradske glazbe povodom Dana domovinske zahvalnosti"}]},{"@type":"WebSite","@id":"https:\/\/likemetkovic.hr\/#website","url":"https:\/\/likemetkovic.hr\/","name":"likemetkovic.hr","description":"Misli pozitivno... \u010ditaj LIKE","potentialAction":[{"@type":"SearchAction","target":{"@type":"EntryPoint","urlTemplate":"https:\/\/likemetkovic.hr\/?s={search_term_string}"},"query-input":{"@type":"PropertyValueSpecification","valueRequired":true,"valueName":"search_term_string"}}],"inLanguage":"hr"},{"@type":"Person","@id":"https:\/\/likemetkovic.hr\/#\/schema\/person\/a42711f3385a0e2be6f7e0443bfb28f0","name":"LIKEmetkovic.hr","sameAs":["http:\/\/likemetkovic.hr"],"url":"https:\/\/likemetkovic.hr\/portal\/author\/likemetkovic-hr\/"}]}},"_links":{"self":[{"href":"https:\/\/likemetkovic.hr\/portal\/wp-json\/wp\/v2\/posts\/24935","targetHints":{"allow":["GET"]}}],"collection":[{"href":"https:\/\/likemetkovic.hr\/portal\/wp-json\/wp\/v2\/posts"}],"about":[{"href":"https:\/\/likemetkovic.hr\/portal\/wp-json\/wp\/v2\/types\/post"}],"author":[{"embeddable":true,"href":"https:\/\/likemetkovic.hr\/portal\/wp-json\/wp\/v2\/users\/7"}],"replies":[{"embeddable":true,"href":"https:\/\/likemetkovic.hr\/portal\/wp-json\/wp\/v2\/comments?post=24935"}],"version-history":[{"count":0,"href":"https:\/\/likemetkovic.hr\/portal\/wp-json\/wp\/v2\/posts\/24935\/revisions"}],"wp:featuredmedia":[{"embeddable":true,"href":"https:\/\/likemetkovic.hr\/portal\/wp-json\/wp\/v2\/media\/24943"}],"wp:attachment":[{"href":"https:\/\/likemetkovic.hr\/portal\/wp-json\/wp\/v2\/media?parent=24935"}],"wp:term":[{"taxonomy":"category","embeddable":true,"href":"https:\/\/likemetkovic.hr\/portal\/wp-json\/wp\/v2\/categories?post=24935"},{"taxonomy":"post_tag","embeddable":true,"href":"https:\/\/likemetkovic.hr\/portal\/wp-json\/wp\/v2\/tags?post=24935"}],"curies":[{"name":"wp","href":"https:\/\/api.w.org\/{rel}","templated":true}]}}